{"id":97408,"date":"2025-03-11T09:40:27","date_gmt":"2025-03-11T08:40:27","guid":{"rendered":"https:\/\/www.sestogrado.it\/?p=97408"},"modified":"2025-03-11T13:21:31","modified_gmt":"2025-03-11T12:21:31","slug":"via-degli-dei-trekking-indimenticabile-di-piu-giorni","status":"publish","type":"post","link":"https:\/\/www.sestogrado.it\/it\/via-degli-dei-trekking-indimenticabile-di-piu-giorni\/","title":{"rendered":"Via degli Dei: trekking indimenticabile di pi\u00f9 giorni."},"content":{"rendered":"<p><span style=\"font-weight: 400;\">La Via degli Dei \u00e8 un itinerario di trekking, percorribile a piedi o in mountain bike, che attraversa l\u2019<strong>Appennino<\/strong> da nord est a sud ovest. Prende il nome dai monti che si salgono, i quali ricordano i nomi di <strong>antiche divinit\u00e0 pagane, adorate nella zona<\/strong>: Monte Adone, Monte Venere, Monzuno (Mons Iovis, monte di Giove) Monte Luario (Lua era la dea romana dell&#8217;espiazione) etc. E\u2019 stato riscoperto negli anni \u201890 da alcuni camminatori e <em>golosi<\/em> delle pietanze tipiche tra <strong>Bologna e Firenze<\/strong>, il che lo rende uno dei cammini pi\u00f9 attrezzati, apprezzati e praticati negli ultimi anni!<\/span><\/p>\n<p><span style=\"font-weight: 400;\">Un\u2019altra particolarit\u00e0 del percorso \u00e8 la partenza e l\u2019arrivo in due luoghi, simbolo del potere del rinascimento e della storia italiana: si parte precisamente dalla Piazza Maggiore di Bologna e si arriva a destinazione alla Piazza della Signoria di Firenze.<\/span><\/p>\n<p><span style=\"font-weight: 400;\">Noi di Sestogrado abbiamo intrapreso il percorso a settembre 2019, giungendo in 5-6 giorni a destinazione, soddisfatti e con il cuore ricco di nuove amicizie, paesaggi ed esperienze.<\/span><\/p>\n<p><span style=\"font-weight: 400;\">Online si trovano guide, mappe, proposte di suddivisione delle tappe, recensioni degli alloggi, osterie o ristoranti del pellegrino in cui potersi fermare, quindi abbiamo pensato di stilare qualcosa di diverso: una lista dei <strong>10 motivi per cui cui affrontare la via degli dei<\/strong> a piedi o in mtb.<\/span><\/p>\n<p><em><span style=\"font-weight: 400;\">Iniziamo!<\/span><\/em><\/p>\n<h3><strong>1. Riscoprire l&#8217;Italia con modalit\u00e0 slow e sentirsi esploratori di una zona famosa principalmente per le citt\u00e0 d&#8217;arte ma che presenta panorami, borghi, sentieri ed una storia unica al mondo, ad esempio camminando sull&#8217;antico selciato romano<\/strong><\/h3>\n<p>In particolare in un periodo di restrizioni legate al Covid e di problematiche legate ai viaggi internazionali, riscoprire l&#8217;Italia nei borghi e nelle destinazioni legate al mondo dell&#8217;outdoor \u00e8 una fortuna ed un piacere nuovo. L&#8217;Italia, terra d&#8217;arte, di storia ma anche di siti naturalistici tutelati dall&#8217;UNESCO, come parti delle Dolomiti ad esempio, \u00e8 interessante e unica anche nei borghi, paesini, sentieri dimenticati e zone meno frequentate. La via degli dei si trova a cavallo tra due citt\u00e0 d&#8217;arte visitate da viaggiatori di tutto il mondo, tuttavia la sua bellezza sta proprio nel mezzo. Il viaggio che conduce da Bologna a Firenze attraverso l&#8217;Appennino \u00e8 l&#8217;occasione per riconnettersi con la natura, attraverso una <strong>vita slow per una settimana<\/strong>, in cui riscoprire i piccoli piaceri del quotidiano e riempirsi gli occhi di faggete, boschi di querce millenarie e respirare la stessa aria che respiravano gli antichi romani quando svilupparono il &#8220;selciato romano&#8221; proprio l\u00ec.<\/p>\n<p><img decoding=\"async\" class=\"img-fluid alignnone wp-image-97782 size-full\" src=\"https:\/\/www.sestogrado.it\/wp-content\/uploads\/2022\/03\/IMG_20190917_102333.jpg\" alt=\"Via degli Dei\" width=\"800\" height=\"600\" srcset=\"https:\/\/www.sestogrado.it\/wp-content\/uploads\/2022\/03\/IMG_20190917_102333.jpg 800w, https:\/\/www.sestogrado.it\/wp-content\/uploads\/2022\/03\/IMG_20190917_102333-750x563.jpg 750w, https:\/\/www.sestogrado.it\/wp-content\/uploads\/2022\/03\/IMG_20190917_102333-300x225.jpg 300w, https:\/\/www.sestogrado.it\/wp-content\/uploads\/2022\/03\/IMG_20190917_102333-768x576.jpg 768w, https:\/\/www.sestogrado.it\/wp-content\/uploads\/2022\/03\/IMG_20190917_102333-600x450.jpg 600w, https:\/\/www.sestogrado.it\/wp-content\/uploads\/2022\/03\/IMG_20190917_102333-635x476.jpg 635w, https:\/\/www.sestogrado.it\/wp-content\/uploads\/2022\/03\/IMG_20190917_102333-107x80.jpg 107w, https:\/\/www.sestogrado.it\/wp-content\/uploads\/2022\/03\/IMG_20190917_102333-80x60.jpg 80w, https:\/\/www.sestogrado.it\/wp-content\/uploads\/2022\/03\/IMG_20190917_102333-120x90.jpg 120w\" sizes=\"(max-width: 800px) 100vw, 800px\" \/><\/p>\n<p><img decoding=\"async\" class=\"img-fluid alignnone wp-image-97773 size-full\" src=\"https:\/\/www.sestogrado.it\/wp-content\/uploads\/2022\/03\/IMG_20190917_121039.jpg\" alt=\"Via degli Dei\" width=\"600\" height=\"800\" srcset=\"https:\/\/www.sestogrado.it\/wp-content\/uploads\/2022\/03\/IMG_20190917_121039.jpg 600w, https:\/\/www.sestogrado.it\/wp-content\/uploads\/2022\/03\/IMG_20190917_121039-225x300.jpg 225w, https:\/\/www.sestogrado.it\/wp-content\/uploads\/2022\/03\/IMG_20190917_121039-60x80.jpg 60w, https:\/\/www.sestogrado.it\/wp-content\/uploads\/2022\/03\/IMG_20190917_121039-45x60.jpg 45w, https:\/\/www.sestogrado.it\/wp-content\/uploads\/2022\/03\/IMG_20190917_121039-68x90.jpg 68w\" sizes=\"(max-width: 600px) 100vw, 600px\" \/><\/p>\n<p><em>Un tratto della Via degli Dei in cui si cammina sull&#8217;antico selciato romano, nella <strong>Flaminia militare<\/strong>, una via militare fatta costruire dal console Caio Flaminio intorno al 187 a. C. e che serv\u00ec all&#8217;impero per sconfiggere le\u00a0trib\u00f9 dei liguri. Questa strada era scomparsa a causa dell\u2019incuria e dello scorrere del tempo, <strong>conservandosi solo dove la millenaria sedimentazione l\u2019aveva coperta. <\/strong>Studiata, ricercata e riportata alla luce da due appassionati come Cesare Agostini e Franco Santi negli anni &#8217;70 del Novecento, la via \u00e8 ora percorribile ed \u00e8 un&#8217;emozione unica passeggiarci sopra&#8230;<\/em><\/p>\n<h3>2. E&#8217; meno conosciuta rispetto a cammini come la Via Francigena o Santiago, per cui \u00e8 meno praticato e hai pi\u00f9 contatto con la natura.<\/h3>\n<p>Apprezzerai i tesori d&#8217;arte e d&#8217;architettura dei piccoli borghi che attraverserai, avrai l&#8217;occasione per immergerti in silenzio nelle tipiche faggete e godrai di un contesto italiano, storico, naturalistico&#8230; <strong>in pace<\/strong>!<\/p>\n<p><img decoding=\"async\" class=\"img-fluid alignnone wp-image-97772 size-full\" src=\"https:\/\/www.sestogrado.it\/wp-content\/uploads\/2022\/03\/IMG_20190919_122900.jpg\" alt=\"Via degli Dei\" width=\"900\" height=\"675\" srcset=\"https:\/\/www.sestogrado.it\/wp-content\/uploads\/2022\/03\/IMG_20190919_122900.jpg 900w, https:\/\/www.sestogrado.it\/wp-content\/uploads\/2022\/03\/IMG_20190919_122900-750x563.jpg 750w, https:\/\/www.sestogrado.it\/wp-content\/uploads\/2022\/03\/IMG_20190919_122900-300x225.jpg 300w, https:\/\/www.sestogrado.it\/wp-content\/uploads\/2022\/03\/IMG_20190919_122900-768x576.jpg 768w, https:\/\/www.sestogrado.it\/wp-content\/uploads\/2022\/03\/IMG_20190919_122900-600x450.jpg 600w, https:\/\/www.sestogrado.it\/wp-content\/uploads\/2022\/03\/IMG_20190919_122900-635x476.jpg 635w, https:\/\/www.sestogrado.it\/wp-content\/uploads\/2022\/03\/IMG_20190919_122900-107x80.jpg 107w, https:\/\/www.sestogrado.it\/wp-content\/uploads\/2022\/03\/IMG_20190919_122900-80x60.jpg 80w, https:\/\/www.sestogrado.it\/wp-content\/uploads\/2022\/03\/IMG_20190919_122900-120x90.jpg 120w\" sizes=\"(max-width: 900px) 100vw, 900px\" \/><\/p>\n<h3>3. Le pietanze locali in viaggio saranno formidabili per ripristinare le energie consumate e ogni giorno diversissime, vietato essere a dieta<\/h3>\n<p>Tra Toscana ed Emilia Romagna non avrai difficolt\u00e0 ad assaporare pietanze gustose anche adatte ad un viaggio come questo, che richiede principalmente zuccheri complessi che danno energia a lento rilascio col passare delle ore, ideale per non incorrere in picchi glicemici con conseguente calo di zuccheri. Senza esagerare con i sughi o con il sale, assaggerai pietanze come la lasagna alla bolognese, le tagliatelle con rag\u00f9, passando da un panino mortadella e crescione a pranzo ai tortellini in brodo alla sera, dalla schiacciata toscana (non eccedere con i salumi per via del sale contenuto) ai bici con sugo di cinghiale, dalla fiorentina dopo una tappa particolarmente stancante alla colazione con torte e fette biscottate con marmellate locali, dalla ribollita per scaldarsi e reidratarsi dopo scampagnate intense ai fagioli con l&#8217;uccelletto&#8230;<em> No, non morirai di fame!<\/em><\/p>\n<h3>4. L&#8217;accoglienza \u00e8 unica, l&#8217;Emilia Romagna \u00e8 famosa per questo e la Toscana idem<\/h3>\n<p>Non ti sentirai n\u00e9 solo n\u00e9 abbandonato, i gestori di ostelli, b&amp;b, campeggi, i ristoratori e tutte le persone che incontrerai nel tuo percorso ti accoglieranno a braccia aperte, perch\u00e9 \u00e8 questa la prassi dell&#8217;Italia ed in particolare del centro Italia.<\/p>\n<h3>5. Conoscerai camminatori come te da tutto il mondo e continuerai a coltivarne l&#8217;amicizia anno dopo anno<\/h3>\n<p>Le conoscenze che si instaurano in viaggio durano <em>all life long<\/em>. Non vi vedrete per anni perch\u00e9 abitate in zone diverse, ma il supporto avuto durante il cammino, le gioie e le fatiche condivise, le avventure nei boschi e soprattutto i pasti condivisi in larghe tavolate dopo le scarpinate, creeranno un legame solido e duraturo.<\/p>\n<p>Se l&#8217;idea \u00e8 quella di intraprendere il cammino da solo, per mancanza di compagni di viaggio o per decisione personale, sappi che n0n rimarrai solo facilmente.<\/p>\n<p>Provare per credere!<\/p>\n<h3>6. Ti metti <em>davvero<\/em> alla prova: non \u00e8 un percorso per tutti<\/h3>\n<p>A differenza di altri cammini, come la via Francigena o il Cammino di Santiago, che (valico alpino di pochi giorni a parte) sono prevalentemente in piano, per cui \u00e8 necessaria resistenza fisica, ma non ci sono particolari doti atletiche richieste, la Via degli Dei consiste in<strong> salite e discese continue lungo l&#8217;Appennino<\/strong>. Ogni giorno affronti un certo dislivello, che dipendentemente dalla tua personale suddivisione delle tappe, pu\u00f2 essere intenso o meno. In media la via prevede 700 metri di salita e discesa al giorno, il che richiede <strong>fiato, gamba e ginocchia in buono stato<\/strong>.<\/p>\n<p><img decoding=\"async\" class=\"img-fluid alignnone wp-image-97219 size-full\" src=\"https:\/\/www.sestogrado.it\/wp-content\/uploads\/2022\/03\/04.jpg\" alt=\"bastoncini slide\" width=\"1200\" height=\"400\" srcset=\"https:\/\/www.sestogrado.it\/wp-content\/uploads\/2022\/03\/04.jpg 1200w, https:\/\/www.sestogrado.it\/wp-content\/uploads\/2022\/03\/04-750x250.jpg 750w, https:\/\/www.sestogrado.it\/wp-content\/uploads\/2022\/03\/04-300x100.jpg 300w, https:\/\/www.sestogrado.it\/wp-content\/uploads\/2022\/03\/04-1024x341.jpg 1024w, https:\/\/www.sestogrado.it\/wp-content\/uploads\/2022\/03\/04-768x256.jpg 768w, https:\/\/www.sestogrado.it\/wp-content\/uploads\/2022\/03\/04-635x212.jpg 635w, https:\/\/www.sestogrado.it\/wp-content\/uploads\/2022\/03\/04-160x53.jpg 160w, https:\/\/www.sestogrado.it\/wp-content\/uploads\/2022\/03\/04-180x60.jpg 180w, https:\/\/www.sestogrado.it\/wp-content\/uploads\/2022\/03\/04-270x90.jpg 270w\" sizes=\"(max-width: 1200px) 100vw, 1200px\" \/><\/p>\n<p>Per superare senza troppa fatica il saliscendi quotidiano e <strong>per non gravare troppo sulle ginocchia<\/strong>, ti consigliamo di procurarti dei buoni bastoncini da trekking, resistenti e duraturi, come i <a href=\"https:\/\/www.sestogrado.it\/it\/prodotto\/leki-legacy-lite-bastoncini-da-trekking\/\" target=\"_blank\" rel=\"noopener\">Leki Legacy Lite<\/a> o i <a href=\"https:\/\/www.sestogrado.it\/it\/prodotto\/camp-backcountry-3-0-bastoncini-telescopici-da-trekking\/\" target=\"_blank\" rel=\"noopener\">Camp Backcountry 3.0<\/a>. Se oltre a robustezza e affidabilit\u00e0, cerchi un prodotto ripiegabile nello zaino in soli 40 cm ti consiglio i <a href=\"https:\/\/www.sestogrado.it\/it\/prodotto\/ferrino-spantik-bastoncini-da-trekking\/\" target=\"_blank\" rel=\"noopener\">Ferrino Spantik<\/a>. Le tue ginocchia ringrazieranno.<\/p>\n<p>Tra i camminatori conosciuti in viaggio, coloro che hanno percorso oltre alla Via degli dei, cammini famosi e lunghi come Santiago e la via Francigena, hanno riscontrato maggior difficolt\u00e0 in un percorso misto tra asfalto e monti come questo. I ragazzi conosciuti in viaggio che hanno abbandonato la via tra il secondo ed il terzo giorno, hanno dovuto farlo sia per impreparazione fisica, ma soprattutto per scarpe consumate e inadatte al suolo e per ginocchia messe alla dura prova, senza l&#8217;utilizzo di bastoni da trekking e fasce restringenti. Un altra ragazza era invece in difficolt\u00e0 per via di un fastidioso male alla spalla, dovuto ad uno zaino enorme di litraggio e forma, totalmente inadatto alla sua fisicit\u00e0 ed al suo peso. Gli spallacci dello zaino che porterai con te devono essere larghi e comodi, con un certo spessore in modo da non premere su un punto ristretto, ma redistribuire il peso. Lo zaino deve avere schienale aerato, per non farti sudare oltremisura e per non lasciarti la schiena bagnata. Fondamentale \u00e8 il cinturone che aiuta a ripartire il peso nel bacino e nella parte bassa della schiena, in modo da alleggerire le spalle che devono potersi muovere liberamente.<\/p>\n<p>Insomma, la scelta dello zaino \u00e8 FONDAMENTALE per tornare a casa integro e con le spalle pienamente <em>funzionanti<\/em>. Lo zaino dovrebbe pesare massimo il 10% del tuo peso, per cui se pesi 60 chili, il tuo zaino con l&#8217;attrezzatura necessaria, kit pronto soccorso, lampada frontale, cambio di abbigliamento tecnico, felpa, razione d&#8217;acqua quotidiana, barrette e poco altro, dovrebbe risultare massimo 6 chili. Missione dura ma possibile, con la giusta selezione degli oggetti da viaggio e con gli zaini moderni, comodi e leggeri.<\/p>\n<p>Il modello classico, rinnovato da poco, \u00e8 il Ferrino <a href=\"https:\/\/www.sestogrado.it\/it\/prodotto\/ferrino-finisterre-28-zaino-arrampicata-alpinismo\/\" target=\"_blank\" rel=\"noopener\">Finisterre 28<\/a> litri per i pi\u00f9 minimalisti (complimenti a voi!) e <a href=\"https:\/\/www.sestogrado.it\/it\/prodotto\/ferrino-finisterre-38-zaino-arrampicata-alpinismo\/\" target=\"_blank\" rel=\"noopener\">38<\/a> per chi vuole portare qualcosa di pi\u00f9 con s\u00e8: uno zaino polivalente, comodissimo e pieno di tasche per ritrovare subito ci\u00f2 che si cerca. Noi abbiamo usato il modello di Finisterre precedente e ci siamo trovati benissimo, con un Finisterre a passeggio non sbagli!<\/p>\n<p><img decoding=\"async\" class=\"img-fluid alignnone wp-image-97787 size-large\" src=\"https:\/\/www.sestogrado.it\/wp-content\/uploads\/2022\/03\/Screenshot_20220323_123739-768x1024.jpg\" alt=\"Via degli Dei\" width=\"768\" height=\"1024\" srcset=\"https:\/\/www.sestogrado.it\/wp-content\/uploads\/2022\/03\/Screenshot_20220323_123739-768x1024.jpg 768w, https:\/\/www.sestogrado.it\/wp-content\/uploads\/2022\/03\/Screenshot_20220323_123739-750x1000.jpg 750w, https:\/\/www.sestogrado.it\/wp-content\/uploads\/2022\/03\/Screenshot_20220323_123739-225x300.jpg 225w, https:\/\/www.sestogrado.it\/wp-content\/uploads\/2022\/03\/Screenshot_20220323_123739-635x847.jpg 635w, https:\/\/www.sestogrado.it\/wp-content\/uploads\/2022\/03\/Screenshot_20220323_123739-60x80.jpg 60w, https:\/\/www.sestogrado.it\/wp-content\/uploads\/2022\/03\/Screenshot_20220323_123739-45x60.jpg 45w, https:\/\/www.sestogrado.it\/wp-content\/uploads\/2022\/03\/Screenshot_20220323_123739-67x90.jpg 67w, https:\/\/www.sestogrado.it\/wp-content\/uploads\/2022\/03\/Screenshot_20220323_123739.jpg 800w\" sizes=\"(max-width: 768px) 100vw, 768px\" \/><\/p>\n<p><em>Il tuo zaino diverr\u00e0 il tuo migliore amico per una settimana di cammino e per tutte le avventure successive&#8230; Sceglilo con cura e trattalo con altrettanta attenzione!<\/em><\/p>\n<p>Se vuoi uno zaino modulabile e con tante tasche porta accessori, il Millet Peuterey nella versione <a href=\"https:\/\/www.sestogrado.it\/it\/prodotto\/millet-peuterey-integrale-3510-zaino-arrampicata\/\" target=\"_blank\" rel=\"noopener\">35+10<\/a> o <a href=\"https:\/\/www.sestogrado.it\/it\/prodotto\/millet-peuterey-integrale-4510-zaino-arrampicata\/\" target=\"_blank\" rel=\"noopener\">45+10<\/a> litri fa al caso tuo. Ideale per percorrere la via <strong>anche in autunno-inverno<\/strong>, quando le temperature sono pi\u00f9 rigide e occorre una felpa in pi\u00f9; o nel litraggio superiore anche <strong>per portare tenda, sacco a pelo e materassino<\/strong>. Il Peuterey offre tante tasche porta oggetti, versatili e comode, come lo scomparto frontale <strong>porta ramponi<\/strong> (attenzione che da novembre alcuni tratti della via possono essere innevati o ghiacciati es. Passo della Futa o Madonna dei Fornelli) che si presta ottimamente a porta fotocamera tipo Reflex.<\/p>\n<h3>7. Puoi usarlo come &#8220;banco di prova&#8221; per trekking di pi\u00f9 giorni pi\u00f9 impegnativi, ad esempio nelle Dolomiti o Alpi<\/h3>\n<p>Se intendi prepararti ad affrontare una pi\u00f9 lunga altavia delle Dolomiti, ad esempio, la Via degli Dei ti pu\u00f2 aiutare a misurarti con stanchezza, chilometri, dislivello e adattamento. In questo modo, potrai capire il tuo livello di preparazione fisica e mentale e tarare in maniera pi\u00f9 corretta il tuo prossimo trekking!<\/p>\n<h3><img decoding=\"async\" class=\"img-fluid alignnone wp-image-97489 size-full\" style=\"font-size: 16px;\" src=\"https:\/\/www.sestogrado.it\/wp-content\/uploads\/2022\/03\/IMG_20190916_161719.jpg\" alt=\"Via degli Dei\" width=\"800\" height=\"600\" srcset=\"https:\/\/www.sestogrado.it\/wp-content\/uploads\/2022\/03\/IMG_20190916_161719.jpg 800w, https:\/\/www.sestogrado.it\/wp-content\/uploads\/2022\/03\/IMG_20190916_161719-750x563.jpg 750w, https:\/\/www.sestogrado.it\/wp-content\/uploads\/2022\/03\/IMG_20190916_161719-300x225.jpg 300w, https:\/\/www.sestogrado.it\/wp-content\/uploads\/2022\/03\/IMG_20190916_161719-768x576.jpg 768w, https:\/\/www.sestogrado.it\/wp-content\/uploads\/2022\/03\/IMG_20190916_161719-600x450.jpg 600w, https:\/\/www.sestogrado.it\/wp-content\/uploads\/2022\/03\/IMG_20190916_161719-635x476.jpg 635w, https:\/\/www.sestogrado.it\/wp-content\/uploads\/2022\/03\/IMG_20190916_161719-107x80.jpg 107w, https:\/\/www.sestogrado.it\/wp-content\/uploads\/2022\/03\/IMG_20190916_161719-80x60.jpg 80w, https:\/\/www.sestogrado.it\/wp-content\/uploads\/2022\/03\/IMG_20190916_161719-120x90.jpg 120w\" sizes=\"(max-width: 800px) 100vw, 800px\" \/><\/h3>\n<h3>8. Non hai mai provato l&#8217;esperienza di dormire in tenda e vorresti cogliere l&#8217;occasione senza superare i 2000 metri di quota, appoggiandoti ai B&amp;B e ostelli che permettono di sostare l\u00ec con il servizio doccia incluso<\/h3>\n<p>La Via degli Dei si presta anche a questo: vivere l&#8217;esperienza di viaggio itinerante <strong>con la casa sulle spalle<\/strong>! Per ogni tappa troverai B&amp;B, ostelli e campeggi che ti offriranno la possibilit\u00e0 di piantare la tenda, indisturbato e senza recare disturbo. Hai inoltre possibilit\u00e0 di farti una doccia a fine giornata e di disporre di un bagno, in modo da &#8220;testare&#8221; l&#8217;esperienza tenda senza ritrovarti senza appoggio alcuno, lontano dalla civilt\u00e0 in vette alte e sperdute. L&#8217;unica cosa di cui stare attento sar\u00e0 la presenza della fauna locale: cinghiali, cervi, cerbiatti, volpi. Riponi sempre i resti degli alimenti in appositi sacchi chiusi, in modo da non attirare amici inaspettati e per il resto goditi l&#8217;avventura.<\/p>\n<p>P.S.: se la prima notte, giunto a Badolo, <strong>sognerai ruggiti di animali esotici<\/strong> e inizierai a temere per la tua sorte&#8230; tranquillo, non hai cenato pesante. Nei pressi c&#8217;\u00e8 davvero uno zoo con leoni e leonesse, ma non preoccuparti, sei al sicuro!<\/p>\n<p><img decoding=\"async\" class=\"img-fluid alignnone wp-image-97783 size-full\" src=\"https:\/\/www.sestogrado.it\/wp-content\/uploads\/2022\/03\/IMG_20190918_131613.jpg\" alt=\"Via degli Dei\" width=\"750\" height=\"563\" srcset=\"https:\/\/www.sestogrado.it\/wp-content\/uploads\/2022\/03\/IMG_20190918_131613.jpg 750w, https:\/\/www.sestogrado.it\/wp-content\/uploads\/2022\/03\/IMG_20190918_131613-300x225.jpg 300w, https:\/\/www.sestogrado.it\/wp-content\/uploads\/2022\/03\/IMG_20190918_131613-600x450.jpg 600w, https:\/\/www.sestogrado.it\/wp-content\/uploads\/2022\/03\/IMG_20190918_131613-635x477.jpg 635w, https:\/\/www.sestogrado.it\/wp-content\/uploads\/2022\/03\/IMG_20190918_131613-107x80.jpg 107w, https:\/\/www.sestogrado.it\/wp-content\/uploads\/2022\/03\/IMG_20190918_131613-80x60.jpg 80w, https:\/\/www.sestogrado.it\/wp-content\/uploads\/2022\/03\/IMG_20190918_131613-120x90.jpg 120w\" sizes=\"(max-width: 750px) 100vw, 750px\" \/><\/p>\n<p><em>Una delle faggete pi\u00f9 antiche che si incontrano nel cammino.<\/em><\/p>\n<h3>9. Quando stai per arrivare a Firenze e inizi a scorgere il cupolone del duomo da Fiesole, \u00e8 un&#8217;emozione unica<\/h3>\n<p>Camminare giorno per giorno in un contesto &#8220;lento&#8221;, con i suoi tempi e le sue mete giornaliere, ti riporta a vivere in una condizione di &#8220;giorno per giorno&#8221;. Dimentichi la frenesia e la fretta della routine a casa e ti riconnetti con la natura, con i compagni di viaggio e con <em>il tuo ritmo<\/em>. Apprezzi le piccole cose, come una doccia a fine giornata ed una buona colazione prima di partire. Quando ti trovi a Fiesole e inizi a scorgere il cupolone del Duomo di Firenze, inizierai a sentire <strong>adrenalina e gioia incontenibili<\/strong>. Dopo 4, 5 o 6 giorni di lento ma incessante procedere sei finalmente a <em>pochi passi<\/em> dall&#8217;arrivo. Ancora una volta, provare per credere&#8230;<\/p>\n<p><img decoding=\"async\" class=\"img-fluid alignnone wp-image-97774 size-full\" src=\"https:\/\/www.sestogrado.it\/wp-content\/uploads\/2022\/03\/IMG_20190920_123210.jpg\" alt=\"Via degli Dei\" width=\"800\" height=\"600\" srcset=\"https:\/\/www.sestogrado.it\/wp-content\/uploads\/2022\/03\/IMG_20190920_123210.jpg 800w, https:\/\/www.sestogrado.it\/wp-content\/uploads\/2022\/03\/IMG_20190920_123210-750x563.jpg 750w, https:\/\/www.sestogrado.it\/wp-content\/uploads\/2022\/03\/IMG_20190920_123210-300x225.jpg 300w, https:\/\/www.sestogrado.it\/wp-content\/uploads\/2022\/03\/IMG_20190920_123210-768x576.jpg 768w, https:\/\/www.sestogrado.it\/wp-content\/uploads\/2022\/03\/IMG_20190920_123210-600x450.jpg 600w, https:\/\/www.sestogrado.it\/wp-content\/uploads\/2022\/03\/IMG_20190920_123210-635x476.jpg 635w, https:\/\/www.sestogrado.it\/wp-content\/uploads\/2022\/03\/IMG_20190920_123210-107x80.jpg 107w, https:\/\/www.sestogrado.it\/wp-content\/uploads\/2022\/03\/IMG_20190920_123210-80x60.jpg 80w, https:\/\/www.sestogrado.it\/wp-content\/uploads\/2022\/03\/IMG_20190920_123210-120x90.jpg 120w\" sizes=\"(max-width: 800px) 100vw, 800px\" \/><\/p>\n<p><em>La vista da Fiesole sul cupolone del Brunelleschi di Santa Maria del Fiore, nel centro storico di Firenze.<\/em><\/p>\n<h3>10. Quando arrivi a Firenze, e dopo le foto e gli abbracci con i compagni incontrati nel viaggio, inizi a sentire il languorino&#8230; Bh\u00e8, sei nel posto giusto per un gustoso lampredotto!<\/h3>\n<p><img decoding=\"async\" class=\"img-fluid alignnone wp-image-97490 size-large\" src=\"https:\/\/www.sestogrado.it\/wp-content\/uploads\/2022\/03\/IMG_20190921_140254-768x1024.jpg\" alt=\"Via degli Dei\" width=\"768\" height=\"1024\" srcset=\"https:\/\/www.sestogrado.it\/wp-content\/uploads\/2022\/03\/IMG_20190921_140254-768x1024.jpg 768w, https:\/\/www.sestogrado.it\/wp-content\/uploads\/2022\/03\/IMG_20190921_140254-750x1000.jpg 750w, https:\/\/www.sestogrado.it\/wp-content\/uploads\/2022\/03\/IMG_20190921_140254-225x300.jpg 225w, https:\/\/www.sestogrado.it\/wp-content\/uploads\/2022\/03\/IMG_20190921_140254-635x847.jpg 635w, https:\/\/www.sestogrado.it\/wp-content\/uploads\/2022\/03\/IMG_20190921_140254-60x80.jpg 60w, https:\/\/www.sestogrado.it\/wp-content\/uploads\/2022\/03\/IMG_20190921_140254-45x60.jpg 45w, https:\/\/www.sestogrado.it\/wp-content\/uploads\/2022\/03\/IMG_20190921_140254-68x90.jpg 68w, https:\/\/www.sestogrado.it\/wp-content\/uploads\/2022\/03\/IMG_20190921_140254.jpg 900w\" sizes=\"(max-width: 768px) 100vw, 768px\" \/><\/p>","protected":false},"excerpt":{"rendered":"<p>Da Bologna a Firenze lungo i sentieri dell\u2019Appennino.<\/p>\n","protected":false},"author":8325,"featured_media":97409,"comment_status":"open","ping_status":"open","sticky":false,"template":"","format":"standard","meta":{"_acf_changed":false,"footnotes":""},"categories":[79],"tags":[],"class_list":["post-97408","post","type-post","status-publish","format-standard","has-post-thumbnail","hentry","category-libro-di-vetta"],"acf":[],"yoast_head":"<!-- This site is optimized with the Yoast SEO plugin v26.4 - https:\/\/yoast.com\/wordpress\/plugins\/seo\/ -->\n<title>Via degli Dei: trekking indimenticabile di pi\u00f9 giorni. - Sestogrado<\/title>\n<meta name=\"description\" content=\"Da Bologna a Firenze camminando lungo i sentieri dell\u2019Appennino. La Via degli Dei \u00e8 un itinerario di trekking, percorribile a piedi o in mountain bike, che attraversa l\u2019Appennino da nord est a sud ovest. Prende il nome dai monti che si salgono, i quali ricordano i nomi di antiche divinit\u00e0 pagane, adorate nella zona: Monte Adone, Monte Venere, Monzuno (Mons Iovis, monte di Giove) Monte Luario (Lua era la dea romana dell&#039;espiazione) etc. E\u2019 stato riscoperto negli anni \u201890 da alcuni camminatori e golosi delle pietanze tipiche tra Bologna e Firenze, il che lo rende uno dei cammini pi\u00f9 attrezzati, apprezzati e praticati negli ultimi anni! Un\u2019altra particolarit\u00e0 del percorso \u00e8 la partenza e l\u2019arrivo in due luoghi, simbolo del potere del rinascimento e della storia italiana: si parte precisamente dalla Piazza Maggiore di Bologna e si arriva a destinazione alla Piazza della Signoria di Firenze. Noi di Sestogrado abbiamo intrapreso il percorso a settembre 2019, giungendo in 5-6 giorni a destinazione, soddisfatti e con il cuore ricco di nuove amicizie, paesaggi ed esperienze. Online si trovano guide, mappe, proposte di suddivisione delle tappe, recensioni degli alloggi, osterie o ristoranti del pellegrino in cui potersi fermare, quindi abbiamo pensato di stilare una lista dei 10 motivi per cui cui affrontare la via degli dei a piedi o in mtb.\" \/>\n<meta name=\"robots\" content=\"index, follow, max-snippet:-1, max-image-preview:large, max-video-preview:-1\" \/>\n<link rel=\"canonical\" href=\"https:\/\/www.sestogrado.it\/it\/via-degli-dei-trekking-indimenticabile-di-piu-giorni\/\" \/>\n<meta property=\"og:locale\" content=\"it_IT\" \/>\n<meta property=\"og:type\" content=\"article\" \/>\n<meta property=\"og:title\" content=\"Via degli Dei: trekking indimenticabile di pi\u00f9 giorni. - Sestogrado\" \/>\n<meta property=\"og:description\" content=\"Da Bologna a Firenze camminando lungo i sentieri dell\u2019Appennino. La Via degli Dei \u00e8 un itinerario di trekking, percorribile a piedi o in mountain bike, che attraversa l\u2019Appennino da nord est a sud ovest. Prende il nome dai monti che si salgono, i quali ricordano i nomi di antiche divinit\u00e0 pagane, adorate nella zona: Monte Adone, Monte Venere, Monzuno (Mons Iovis, monte di Giove) Monte Luario (Lua era la dea romana dell&#039;espiazione) etc. E\u2019 stato riscoperto negli anni \u201890 da alcuni camminatori e golosi delle pietanze tipiche tra Bologna e Firenze, il che lo rende uno dei cammini pi\u00f9 attrezzati, apprezzati e praticati negli ultimi anni! Un\u2019altra particolarit\u00e0 del percorso \u00e8 la partenza e l\u2019arrivo in due luoghi, simbolo del potere del rinascimento e della storia italiana: si parte precisamente dalla Piazza Maggiore di Bologna e si arriva a destinazione alla Piazza della Signoria di Firenze. Noi di Sestogrado abbiamo intrapreso il percorso a settembre 2019, giungendo in 5-6 giorni a destinazione, soddisfatti e con il cuore ricco di nuove amicizie, paesaggi ed esperienze. Online si trovano guide, mappe, proposte di suddivisione delle tappe, recensioni degli alloggi, osterie o ristoranti del pellegrino in cui potersi fermare, quindi abbiamo pensato di stilare una lista dei 10 motivi per cui cui affrontare la via degli dei a piedi o in mtb.\" \/>\n<meta property=\"og:url\" content=\"https:\/\/www.sestogrado.it\/it\/via-degli-dei-trekking-indimenticabile-di-piu-giorni\/\" \/>\n<meta property=\"og:site_name\" content=\"Sestogrado\" \/>\n<meta property=\"article:publisher\" content=\"https:\/\/www.facebook.com\/pages\/Sestogrado\/1542635979353017?ref=bookmarks\" \/>\n<meta property=\"article:published_time\" content=\"2025-03-11T08:40:27+00:00\" \/>\n<meta property=\"article:modified_time\" content=\"2025-03-11T12:21:31+00:00\" \/>\n<meta property=\"og:image\" content=\"https:\/\/www.sestogrado.it\/wp-content\/uploads\/2022\/03\/IMG_20190916_085421.jpg\" \/>\n\t<meta property=\"og:image:width\" content=\"900\" \/>\n\t<meta property=\"og:image:height\" content=\"675\" \/>\n\t<meta property=\"og:image:type\" content=\"image\/jpeg\" \/>\n<meta name=\"author\" content=\"Marketing One\" \/>\n<meta name=\"twitter:label1\" content=\"Scritto da\" \/>\n\t<meta name=\"twitter:data1\" content=\"Marketing One\" \/>\n\t<meta name=\"twitter:label2\" content=\"Tempo di lettura stimato\" \/>\n\t<meta name=\"twitter:data2\" content=\"13 minuti\" \/>\n<script type=\"application\/ld+json\" class=\"yoast-schema-graph\">{\"@context\":\"https:\/\/schema.org\",\"@graph\":[{\"@type\":\"Article\",\"@id\":\"https:\/\/www.sestogrado.it\/via-degli-dei-trekking-indimenticabile-di-piu-giorni\/#article\",\"isPartOf\":{\"@id\":\"https:\/\/www.sestogrado.it\/via-degli-dei-trekking-indimenticabile-di-piu-giorni\/\"},\"author\":{\"name\":\"Marketing One\",\"@id\":\"https:\/\/www.sestogrado.it\/en\/#\/schema\/person\/87f2f398301094837f98f7dac608b6e6\"},\"headline\":\"Via degli Dei: trekking indimenticabile di pi\u00f9 giorni.\",\"datePublished\":\"2025-03-11T08:40:27+00:00\",\"dateModified\":\"2025-03-11T12:21:31+00:00\",\"mainEntityOfPage\":{\"@id\":\"https:\/\/www.sestogrado.it\/via-degli-dei-trekking-indimenticabile-di-piu-giorni\/\"},\"wordCount\":1976,\"commentCount\":0,\"publisher\":{\"@id\":\"https:\/\/www.sestogrado.it\/en\/#organization\"},\"image\":{\"@id\":\"https:\/\/www.sestogrado.it\/via-degli-dei-trekking-indimenticabile-di-piu-giorni\/#primaryimage\"},\"thumbnailUrl\":\"https:\/\/www.sestogrado.it\/wp-content\/uploads\/2022\/03\/IMG_20190916_085421.jpg\",\"articleSection\":[\"Libro di vetta\"],\"inLanguage\":\"it-IT\",\"potentialAction\":[{\"@type\":\"CommentAction\",\"name\":\"Comment\",\"target\":[\"https:\/\/www.sestogrado.it\/via-degli-dei-trekking-indimenticabile-di-piu-giorni\/#respond\"]}]},{\"@type\":\"WebPage\",\"@id\":\"https:\/\/www.sestogrado.it\/it\/via-degli-dei-trekking-indimenticabile-di-piu-giorni\/\",\"url\":\"https:\/\/www.sestogrado.it\/it\/via-degli-dei-trekking-indimenticabile-di-piu-giorni\/\",\"name\":\"Via degli Dei: trekking indimenticabile di pi\u00f9 giorni. - Sestogrado\",\"isPartOf\":{\"@id\":\"https:\/\/www.sestogrado.it\/it\/#website\"},\"primaryImageOfPage\":{\"@id\":\"https:\/\/www.sestogrado.it\/it\/via-degli-dei-trekking-indimenticabile-di-piu-giorni\/#primaryimage\"},\"image\":{\"@id\":\"https:\/\/www.sestogrado.it\/via-degli-dei-trekking-indimenticabile-di-piu-giorni\/#primaryimage\"},\"thumbnailUrl\":\"https:\/\/www.sestogrado.it\/wp-content\/uploads\/2022\/03\/IMG_20190916_085421.jpg\",\"datePublished\":\"2025-03-11T08:40:27+00:00\",\"dateModified\":\"2025-03-11T12:21:31+00:00\",\"description\":\"Da Bologna a Firenze camminando lungo i sentieri dell\u2019Appennino. La Via degli Dei \u00e8 un itinerario di trekking, percorribile a piedi o in mountain bike, che attraversa l\u2019Appennino da nord est a sud ovest. Prende il nome dai monti che si salgono, i quali ricordano i nomi di antiche divinit\u00e0 pagane, adorate nella zona: Monte Adone, Monte Venere, Monzuno (Mons Iovis, monte di Giove) Monte Luario (Lua era la dea romana dell'espiazione) etc. E\u2019 stato riscoperto negli anni \u201890 da alcuni camminatori e golosi delle pietanze tipiche tra Bologna e Firenze, il che lo rende uno dei cammini pi\u00f9 attrezzati, apprezzati e praticati negli ultimi anni! Un\u2019altra particolarit\u00e0 del percorso \u00e8 la partenza e l\u2019arrivo in due luoghi, simbolo del potere del rinascimento e della storia italiana: si parte precisamente dalla Piazza Maggiore di Bologna e si arriva a destinazione alla Piazza della Signoria di Firenze. Noi di Sestogrado abbiamo intrapreso il percorso a settembre 2019, giungendo in 5-6 giorni a destinazione, soddisfatti e con il cuore ricco di nuove amicizie, paesaggi ed esperienze. Online si trovano guide, mappe, proposte di suddivisione delle tappe, recensioni degli alloggi, osterie o ristoranti del pellegrino in cui potersi fermare, quindi abbiamo pensato di stilare una lista dei 10 motivi per cui cui affrontare la via degli dei a piedi o in mtb.\",\"breadcrumb\":{\"@id\":\"https:\/\/www.sestogrado.it\/it\/via-degli-dei-trekking-indimenticabile-di-piu-giorni\/#breadcrumb\"},\"inLanguage\":\"it-IT\",\"potentialAction\":[{\"@type\":\"ReadAction\",\"target\":[[\"https:\/\/www.sestogrado.it\/it\/via-degli-dei-trekking-indimenticabile-di-piu-giorni\/\"]]}]},{\"@type\":\"ImageObject\",\"inLanguage\":\"it-IT\",\"@id\":\"https:\/\/www.sestogrado.it\/it\/via-degli-dei-trekking-indimenticabile-di-piu-giorni\/#primaryimage\",\"url\":\"https:\/\/www.sestogrado.it\/wp-content\/uploads\/2022\/03\/IMG_20190916_085421.jpg\",\"contentUrl\":\"https:\/\/www.sestogrado.it\/wp-content\/uploads\/2022\/03\/IMG_20190916_085421.jpg\",\"width\":900,\"height\":675,\"caption\":\"Via degli Dei\"},{\"@type\":\"BreadcrumbList\",\"@id\":\"https:\/\/www.sestogrado.it\/it\/via-degli-dei-trekking-indimenticabile-di-piu-giorni\/#breadcrumb\",\"itemListElement\":[{\"@type\":\"ListItem\",\"position\":1,\"name\":\"Home\",\"item\":\"https:\/\/www.sestogrado.it\/it\/\"},{\"@type\":\"ListItem\",\"position\":2,\"name\":\"Via degli Dei: trekking indimenticabile di pi\u00f9 giorni.\"}]},{\"@type\":\"WebSite\",\"@id\":\"https:\/\/www.sestogrado.it\/it\/#website\",\"url\":\"https:\/\/www.sestogrado.it\/it\/\",\"name\":\"Sestogrado\",\"description\":\"yes we climb\",\"publisher\":{\"@id\":\"https:\/\/www.sestogrado.it\/it\/#organization\"},\"potentialAction\":[{\"@type\":\"SearchAction\",\"target\":{\"@type\":\"EntryPoint\",\"urlTemplate\":\"https:\/\/www.sestogrado.it\/it\/?s={search_term_string}\"},\"query-input\":{\"@type\":\"PropertyValueSpecification\",\"valueRequired\":true,\"valueName\":\"search_term_string\"}}],\"inLanguage\":\"it-IT\"},{\"@type\":\"Organization\",\"@id\":\"https:\/\/www.sestogrado.it\/it\/#organization\",\"name\":\"Sestogrado\",\"url\":\"https:\/\/www.sestogrado.it\/it\/\",\"logo\":{\"@type\":\"ImageObject\",\"inLanguage\":\"it-IT\",\"@id\":\"https:\/\/www.sestogrado.it\/it\/#\/schema\/logo\/image\/\",\"url\":\"https:\/\/www.sestogrado.it\/wp-content\/uploads\/2015\/03\/sestogrado-favicon.png\",\"contentUrl\":\"https:\/\/www.sestogrado.it\/wp-content\/uploads\/2015\/03\/sestogrado-favicon.png\",\"width\":260,\"height\":260,\"caption\":\"Sestogrado\"},\"image\":{\"@id\":\"https:\/\/www.sestogrado.it\/it\/#\/schema\/logo\/image\/\"},\"sameAs\":[\"https:\/\/www.facebook.com\/pages\/Sestogrado\/1542635979353017?ref=bookmarks\",\"https:\/\/www.youtube.com\/channel\/UC847kAfTkaJsWpc1jtQwr3Q\"],\"hasMerchantReturnPolicy\":{\"@type\":\"MerchantReturnPolicy\",\"merchantReturnLink\":\"https:\/\/www.sestogrado.it\/it\/termini-e-condizioni\/\"}},{\"@type\":\"Person\",\"@id\":\"https:\/\/www.sestogrado.it\/en\/#\/schema\/person\/87f2f398301094837f98f7dac608b6e6\",\"name\":\"Marketing One\"}]}<\/script>\n<!-- \/ Yoast SEO plugin. -->","yoast_head_json":{"title":"Via degli Dei: trekking indimenticabile di pi\u00f9 giorni. - Sestogrado","description":"Da Bologna a Firenze camminando lungo i sentieri dell\u2019Appennino. La Via degli Dei \u00e8 un itinerario di trekking, percorribile a piedi o in mountain bike, che attraversa l\u2019Appennino da nord est a sud ovest. Prende il nome dai monti che si salgono, i quali ricordano i nomi di antiche divinit\u00e0 pagane, adorate nella zona: Monte Adone, Monte Venere, Monzuno (Mons Iovis, monte di Giove) Monte Luario (Lua era la dea romana dell'espiazione) etc. E\u2019 stato riscoperto negli anni \u201890 da alcuni camminatori e golosi delle pietanze tipiche tra Bologna e Firenze, il che lo rende uno dei cammini pi\u00f9 attrezzati, apprezzati e praticati negli ultimi anni! Un\u2019altra particolarit\u00e0 del percorso \u00e8 la partenza e l\u2019arrivo in due luoghi, simbolo del potere del rinascimento e della storia italiana: si parte precisamente dalla Piazza Maggiore di Bologna e si arriva a destinazione alla Piazza della Signoria di Firenze. Noi di Sestogrado abbiamo intrapreso il percorso a settembre 2019, giungendo in 5-6 giorni a destinazione, soddisfatti e con il cuore ricco di nuove amicizie, paesaggi ed esperienze. Online si trovano guide, mappe, proposte di suddivisione delle tappe, recensioni degli alloggi, osterie o ristoranti del pellegrino in cui potersi fermare, quindi abbiamo pensato di stilare una lista dei 10 motivi per cui cui affrontare la via degli dei a piedi o in mtb.","robots":{"index":"index","follow":"follow","max-snippet":"max-snippet:-1","max-image-preview":"max-image-preview:large","max-video-preview":"max-video-preview:-1"},"canonical":"https:\/\/www.sestogrado.it\/it\/via-degli-dei-trekking-indimenticabile-di-piu-giorni\/","og_locale":"it_IT","og_type":"article","og_title":"Via degli Dei: trekking indimenticabile di pi\u00f9 giorni. - Sestogrado","og_description":"Da Bologna a Firenze camminando lungo i sentieri dell\u2019Appennino. La Via degli Dei \u00e8 un itinerario di trekking, percorribile a piedi o in mountain bike, che attraversa l\u2019Appennino da nord est a sud ovest. Prende il nome dai monti che si salgono, i quali ricordano i nomi di antiche divinit\u00e0 pagane, adorate nella zona: Monte Adone, Monte Venere, Monzuno (Mons Iovis, monte di Giove) Monte Luario (Lua era la dea romana dell'espiazione) etc. E\u2019 stato riscoperto negli anni \u201890 da alcuni camminatori e golosi delle pietanze tipiche tra Bologna e Firenze, il che lo rende uno dei cammini pi\u00f9 attrezzati, apprezzati e praticati negli ultimi anni! Un\u2019altra particolarit\u00e0 del percorso \u00e8 la partenza e l\u2019arrivo in due luoghi, simbolo del potere del rinascimento e della storia italiana: si parte precisamente dalla Piazza Maggiore di Bologna e si arriva a destinazione alla Piazza della Signoria di Firenze. Noi di Sestogrado abbiamo intrapreso il percorso a settembre 2019, giungendo in 5-6 giorni a destinazione, soddisfatti e con il cuore ricco di nuove amicizie, paesaggi ed esperienze. Online si trovano guide, mappe, proposte di suddivisione delle tappe, recensioni degli alloggi, osterie o ristoranti del pellegrino in cui potersi fermare, quindi abbiamo pensato di stilare una lista dei 10 motivi per cui cui affrontare la via degli dei a piedi o in mtb.","og_url":"https:\/\/www.sestogrado.it\/it\/via-degli-dei-trekking-indimenticabile-di-piu-giorni\/","og_site_name":"Sestogrado","article_publisher":"https:\/\/www.facebook.com\/pages\/Sestogrado\/1542635979353017?ref=bookmarks","article_published_time":"2025-03-11T08:40:27+00:00","article_modified_time":"2025-03-11T12:21:31+00:00","og_image":[{"width":900,"height":675,"url":"https:\/\/www.sestogrado.it\/wp-content\/uploads\/2022\/03\/IMG_20190916_085421.jpg","type":"image\/jpeg"}],"author":"Marketing One","twitter_misc":{"Scritto da":"Marketing One","Tempo di lettura stimato":"13 minuti"},"schema":{"@context":"https:\/\/schema.org","@graph":[{"@type":"Article","@id":"https:\/\/www.sestogrado.it\/via-degli-dei-trekking-indimenticabile-di-piu-giorni\/#article","isPartOf":{"@id":"https:\/\/www.sestogrado.it\/via-degli-dei-trekking-indimenticabile-di-piu-giorni\/"},"author":{"name":"Marketing One","@id":"https:\/\/www.sestogrado.it\/en\/#\/schema\/person\/87f2f398301094837f98f7dac608b6e6"},"headline":"Via degli Dei: trekking indimenticabile di pi\u00f9 giorni.","datePublished":"2025-03-11T08:40:27+00:00","dateModified":"2025-03-11T12:21:31+00:00","mainEntityOfPage":{"@id":"https:\/\/www.sestogrado.it\/via-degli-dei-trekking-indimenticabile-di-piu-giorni\/"},"wordCount":1976,"commentCount":0,"publisher":{"@id":"https:\/\/www.sestogrado.it\/en\/#organization"},"image":{"@id":"https:\/\/www.sestogrado.it\/via-degli-dei-trekking-indimenticabile-di-piu-giorni\/#primaryimage"},"thumbnailUrl":"https:\/\/www.sestogrado.it\/wp-content\/uploads\/2022\/03\/IMG_20190916_085421.jpg","articleSection":["Libro di vetta"],"inLanguage":"it-IT","potentialAction":[{"@type":"CommentAction","name":"Comment","target":["https:\/\/www.sestogrado.it\/via-degli-dei-trekking-indimenticabile-di-piu-giorni\/#respond"]}]},{"@type":"WebPage","@id":"https:\/\/www.sestogrado.it\/it\/via-degli-dei-trekking-indimenticabile-di-piu-giorni\/","url":"https:\/\/www.sestogrado.it\/it\/via-degli-dei-trekking-indimenticabile-di-piu-giorni\/","name":"Via degli Dei: trekking indimenticabile di pi\u00f9 giorni. - Sestogrado","isPartOf":{"@id":"https:\/\/www.sestogrado.it\/it\/#website"},"primaryImageOfPage":{"@id":"https:\/\/www.sestogrado.it\/it\/via-degli-dei-trekking-indimenticabile-di-piu-giorni\/#primaryimage"},"image":{"@id":"https:\/\/www.sestogrado.it\/via-degli-dei-trekking-indimenticabile-di-piu-giorni\/#primaryimage"},"thumbnailUrl":"https:\/\/www.sestogrado.it\/wp-content\/uploads\/2022\/03\/IMG_20190916_085421.jpg","datePublished":"2025-03-11T08:40:27+00:00","dateModified":"2025-03-11T12:21:31+00:00","description":"Da Bologna a Firenze camminando lungo i sentieri dell\u2019Appennino. La Via degli Dei \u00e8 un itinerario di trekking, percorribile a piedi o in mountain bike, che attraversa l\u2019Appennino da nord est a sud ovest. Prende il nome dai monti che si salgono, i quali ricordano i nomi di antiche divinit\u00e0 pagane, adorate nella zona: Monte Adone, Monte Venere, Monzuno (Mons Iovis, monte di Giove) Monte Luario (Lua era la dea romana dell'espiazione) etc. E\u2019 stato riscoperto negli anni \u201890 da alcuni camminatori e golosi delle pietanze tipiche tra Bologna e Firenze, il che lo rende uno dei cammini pi\u00f9 attrezzati, apprezzati e praticati negli ultimi anni! Un\u2019altra particolarit\u00e0 del percorso \u00e8 la partenza e l\u2019arrivo in due luoghi, simbolo del potere del rinascimento e della storia italiana: si parte precisamente dalla Piazza Maggiore di Bologna e si arriva a destinazione alla Piazza della Signoria di Firenze. Noi di Sestogrado abbiamo intrapreso il percorso a settembre 2019, giungendo in 5-6 giorni a destinazione, soddisfatti e con il cuore ricco di nuove amicizie, paesaggi ed esperienze. Online si trovano guide, mappe, proposte di suddivisione delle tappe, recensioni degli alloggi, osterie o ristoranti del pellegrino in cui potersi fermare, quindi abbiamo pensato di stilare una lista dei 10 motivi per cui cui affrontare la via degli dei a piedi o in mtb.","breadcrumb":{"@id":"https:\/\/www.sestogrado.it\/it\/via-degli-dei-trekking-indimenticabile-di-piu-giorni\/#breadcrumb"},"inLanguage":"it-IT","potentialAction":[{"@type":"ReadAction","target":[["https:\/\/www.sestogrado.it\/it\/via-degli-dei-trekking-indimenticabile-di-piu-giorni\/"]]}]},{"@type":"ImageObject","inLanguage":"it-IT","@id":"https:\/\/www.sestogrado.it\/it\/via-degli-dei-trekking-indimenticabile-di-piu-giorni\/#primaryimage","url":"https:\/\/www.sestogrado.it\/wp-content\/uploads\/2022\/03\/IMG_20190916_085421.jpg","contentUrl":"https:\/\/www.sestogrado.it\/wp-content\/uploads\/2022\/03\/IMG_20190916_085421.jpg","width":900,"height":675,"caption":"Via degli Dei"},{"@type":"BreadcrumbList","@id":"https:\/\/www.sestogrado.it\/it\/via-degli-dei-trekking-indimenticabile-di-piu-giorni\/#breadcrumb","itemListElement":[{"@type":"ListItem","position":1,"name":"Home","item":"https:\/\/www.sestogrado.it\/it\/"},{"@type":"ListItem","position":2,"name":"Via degli Dei: trekking indimenticabile di pi\u00f9 giorni."}]},{"@type":"WebSite","@id":"https:\/\/www.sestogrado.it\/it\/#website","url":"https:\/\/www.sestogrado.it\/it\/","name":"Sestogrado","description":"yes we climb","publisher":{"@id":"https:\/\/www.sestogrado.it\/it\/#organization"},"potentialAction":[{"@type":"SearchAction","target":{"@type":"EntryPoint","urlTemplate":"https:\/\/www.sestogrado.it\/it\/?s={search_term_string}"},"query-input":{"@type":"PropertyValueSpecification","valueRequired":true,"valueName":"search_term_string"}}],"inLanguage":"it-IT"},{"@type":"Organization","@id":"https:\/\/www.sestogrado.it\/it\/#organization","name":"Sestogrado","url":"https:\/\/www.sestogrado.it\/it\/","logo":{"@type":"ImageObject","inLanguage":"it-IT","@id":"https:\/\/www.sestogrado.it\/it\/#\/schema\/logo\/image\/","url":"https:\/\/www.sestogrado.it\/wp-content\/uploads\/2015\/03\/sestogrado-favicon.png","contentUrl":"https:\/\/www.sestogrado.it\/wp-content\/uploads\/2015\/03\/sestogrado-favicon.png","width":260,"height":260,"caption":"Sestogrado"},"image":{"@id":"https:\/\/www.sestogrado.it\/it\/#\/schema\/logo\/image\/"},"sameAs":["https:\/\/www.facebook.com\/pages\/Sestogrado\/1542635979353017?ref=bookmarks","https:\/\/www.youtube.com\/channel\/UC847kAfTkaJsWpc1jtQwr3Q"],"hasMerchantReturnPolicy":{"@type":"MerchantReturnPolicy","merchantReturnLink":"https:\/\/www.sestogrado.it\/it\/termini-e-condizioni\/"}},{"@type":"Person","@id":"https:\/\/www.sestogrado.it\/en\/#\/schema\/person\/87f2f398301094837f98f7dac608b6e6","name":"Marketing One"}]}},"_links":{"self":[{"href":"https:\/\/www.sestogrado.it\/it\/wp-json\/wp\/v2\/posts\/97408","targetHints":{"allow":["GET"]}}],"collection":[{"href":"https:\/\/www.sestogrado.it\/it\/wp-json\/wp\/v2\/posts"}],"about":[{"href":"https:\/\/www.sestogrado.it\/it\/wp-json\/wp\/v2\/types\/post"}],"author":[{"embeddable":true,"href":"https:\/\/www.sestogrado.it\/it\/wp-json\/wp\/v2\/users\/8325"}],"replies":[{"embeddable":true,"href":"https:\/\/www.sestogrado.it\/it\/wp-json\/wp\/v2\/comments?post=97408"}],"version-history":[{"count":1,"href":"https:\/\/www.sestogrado.it\/it\/wp-json\/wp\/v2\/posts\/97408\/revisions"}],"predecessor-version":[{"id":185527,"href":"https:\/\/www.sestogrado.it\/it\/wp-json\/wp\/v2\/posts\/97408\/revisions\/185527"}],"wp:featuredmedia":[{"embeddable":true,"href":"https:\/\/www.sestogrado.it\/it\/wp-json\/wp\/v2\/media\/97409"}],"wp:attachment":[{"href":"https:\/\/www.sestogrado.it\/it\/wp-json\/wp\/v2\/media?parent=97408"}],"wp:term":[{"taxonomy":"category","embeddable":true,"href":"https:\/\/www.sestogrado.it\/it\/wp-json\/wp\/v2\/categories?post=97408"},{"taxonomy":"post_tag","embeddable":true,"href":"https:\/\/www.sestogrado.it\/it\/wp-json\/wp\/v2\/tags?post=97408"}],"curies":[{"name":"wp","href":"https:\/\/api.w.org\/{rel}","templated":true}]}}