{"id":9720,"date":"2025-09-09T09:00:39","date_gmt":"2025-09-09T07:00:39","guid":{"rendered":"http:\/\/www.sestogrado.it\/?p=9720"},"modified":"2025-09-09T14:18:41","modified_gmt":"2025-09-09T12:18:41","slug":"accorciamento-della-corda","status":"publish","type":"post","link":"https:\/\/www.sestogrado.it\/it\/accorciamento-della-corda\/","title":{"rendered":"Accorciamento fisiologico della corda"},"content":{"rendered":"<p>Solita falesia, solita via. Ogni anno prima che cambi del tutto la stagione mi piace tornare sulla mia falesia preferita, quella che conosco meglio e dove ho fatto i miei progressi arrampicatori. Le vie le conosco a memoria, come quella via l\u00ec che vado a fare oggi: un monotiro di 32m, il mio primo amore. Il compagno \u00e8 pronto a far sicura, controllo il nodo e parto. La mia corda da 70m \u00e8 perfetta per effettuare la via, cos\u00ec scalo, arrivo in sosta, mi faccio calare e&#8230; nel migliore dei casi il compagno mi blocca e mi dice che \u201c\u00e8 finita la corda\u201d, nel peggiore, cio\u00e8 nel caso non sia stato fatto il nodo in fondo alla corda ed il compagno non si sia accorto che la corda stava finendo&#8230; beh, sapete come va a finire.<\/p>\n<p>Ma perch\u00e8 \u00e8 successo? ho una corda da 70m che per fare una via da 32m va benissimo.<\/p>\n<p>E\u2019 successo che si \u00e8 verificato un fenomeno a cui sono soggette tutte, e ripetiamo, tutte le corde, un fenomeno forse fino ad ora non sufficientemente evidenziato e divulgato: <strong>le corde, con l\u2019utilizzo, si accorciano fino anche al 10% della loro lunghezza iniziale<\/strong>.<\/p>\n<p><strong>I motivi per cui una corda si accorcia sono due:<\/strong><\/p>\n<p><strong>1<\/strong> \u2013 <strong>taglio di una o due estremit\u00e0 della corda<\/strong> perch\u00e8 erano rovinate. In questo caso il potenziale errore\/incidente \u00e8 di carattere soggettivo: se avete provveduto voi stessi a tagliare le estremit\u00e0 della corda dovete tenerlo ben presente quando vi accingete a valutare la lunghezza di corda necessaria ad effettuare una via. Attenzione inoltre ad arrampicare con corde prestate da altri, sincerarsi che non si abbia provveduto a tagliare i rami.<\/p>\n<p><strong>2<\/strong> \u2013 <strong>la corda si \u00e8 ritirata<\/strong>. Invecchiando, la corda si gonfia e si ritira. Tutte le corde sono soggette a questo fenomeno anche se in misura diversa l\u2019una dalle altre. La diminuzione va da un 2-3% fino ad un 10% a seconda della corda.<\/p>\n<p><strong>L\u2019accorciamento non \u00e8 simmetrico su entrambe i lati<\/strong>, ci\u00f2 significa che una prima met\u00e0 della corda si pu\u00f2 ritirare del 5% e l\u2019altra met\u00e0 del 10%. In questo caso, ove sia presente, la marcatura di met\u00e0 corda non si trova pi\u00f9 nel punto giusto.<\/p>\n<p><img decoding=\"async\" class=\" wp-image-9722 aligncenter\" src=\"https:\/\/www.sestogrado.it\/wp-content\/uploads\/2017\/01\/CORDES-evolution-de-la-longeur-de-ma-corde_06.png\" alt=\"accorciamento corda\" width=\"253\" height=\"259\" srcset=\"https:\/\/www.sestogrado.it\/wp-content\/uploads\/2017\/01\/CORDES-evolution-de-la-longeur-de-ma-corde_06.png 223w, https:\/\/www.sestogrado.it\/wp-content\/uploads\/2017\/01\/CORDES-evolution-de-la-longeur-de-ma-corde_06-45x45.png 45w, https:\/\/www.sestogrado.it\/wp-content\/uploads\/2017\/01\/CORDES-evolution-de-la-longeur-de-ma-corde_06-62x64.png 62w\" sizes=\"(max-width: 253px) 100vw, 253px\" \/><\/p>\n<p>&nbsp;<\/p>\n<p><strong>Suggerimenti:<\/strong><\/p>\n<p>Per non incorrere nel problema ed i rischi derivanti per la vostra sicurezza, suggeriamo di alternare regolarmente l&#8217;utilizzo delle due estremit\u00e0 della corda (girare la corda), in modo tale da generare un consumo quanto pi\u00f9 equo possibile su entrambe i rami e quindi evitare di \u201cscentrare\u201d il segno di met\u00e0 corda.<\/p>\n<p>Verificare il posizionamento della met\u00e0 corda: prendere insieme le due estremit\u00e0 della corda, quindi far sfilare i due capi simultaneamente tra le mani fino a raggiungere la met\u00e0-corda.<\/p>\n<p><img decoding=\"async\" class=\"size-full wp-image-9723 aligncenter\" src=\"https:\/\/www.sestogrado.it\/wp-content\/uploads\/2017\/01\/CORDES-evolution-de-la-longeur-de-ma-corde_14.png\" alt=\"accorciamento corda\" width=\"701\" height=\"296\" srcset=\"https:\/\/www.sestogrado.it\/wp-content\/uploads\/2017\/01\/CORDES-evolution-de-la-longeur-de-ma-corde_14.png 701w, https:\/\/www.sestogrado.it\/wp-content\/uploads\/2017\/01\/CORDES-evolution-de-la-longeur-de-ma-corde_14-635x268.png 635w, https:\/\/www.sestogrado.it\/wp-content\/uploads\/2017\/01\/CORDES-evolution-de-la-longeur-de-ma-corde_14-300x127.png 300w, https:\/\/www.sestogrado.it\/wp-content\/uploads\/2017\/01\/CORDES-evolution-de-la-longeur-de-ma-corde_14-152x64.png 152w\" sizes=\"(max-width: 701px) 100vw, 701px\" \/><\/p>\n<p>Ispezionare regolarmente la propria corda, eseguire sistematicamente controlli visivi e tattili per tutta la lunghezza della corda alla ricerca di segni di alterazione, controllando periodicamente la lunghezza. Ricordarsi di non utilizzare la stessa corda per l\u2019arrampicata sportiva e per la pratica alpinistica in montagna: i danni arrecati alla corda nella pratica dell\u2019arrampicata sportiva, conseguenti alla moulinette ed ai piccoli voli, potrebbero risultare determinanti in seguito al primo volo serio in montagna.<\/p>\n<p>Infine un consiglio valido su tutti per tutelare la vostra sicurezza sia da errori soggettivi sia da fattori oggettivi, come\u00a0l\u2019accorciamento naturale: fare sempre il nodo in fondo alla corda!<\/p>\n<p>&nbsp;<\/p>\n<p>Climb safe<\/p>","protected":false},"excerpt":{"rendered":"<p>Le corde, con l\u2019utilizzo, si accorciano fino anche al 10% della loro lunghezza iniziale.<\/p>\n","protected":false},"author":1,"featured_media":9728,"comment_status":"open","ping_status":"open","sticky":false,"template":"","format":"standard","meta":{"_acf_changed":false,"footnotes":""},"categories":[79],"tags":[],"class_list":["post-9720","post","type-post","status-publish","format-standard","has-post-thumbnail","hentry","category-libro-di-vetta"],"acf":[],"yoast_head":"<!-- This site is optimized with the Yoast SEO plugin v26.4 - https:\/\/yoast.com\/wordpress\/plugins\/seo\/ -->\n<title>Accorciamento fisiologico della corda - Sestogrado<\/title>\n<meta name=\"description\" content=\"Le corde, con l\u2019utilizzo, si accorciano fino anche al 10% della loro lunghezza iniziale. I motivi per cui una corda si accorcia sono due:1 \u2013 taglio di una o due estremit\u00e0 della corda perch\u00e8 erano rovinate. In questo caso il potenziale errore\/incidente \u00e8 di carattere soggettivo: se avete provveduto voi stessi a tagliare le estremit\u00e0 della corda dovete tenerlo ben presente quando vi accingete a valutare la lunghezza di corda necessaria ad effettuare una via. Attenzione inoltre ad arrampicare con corde prestate da altri, sincerarsi che non si abbia provveduto a tagliare i rami.2 \u2013 la corda si \u00e8 ritirata. Invecchiando, la corda si gonfia e si ritira. Tutte le corde sono soggette a questo fenomeno anche se in misura diversa l\u2019una dalle altre. La diminuzione va da un 2-3% fino ad un 10% a seconda della corda.L\u2019accorciamento non \u00e8 simmetrico su entrambe i lati, ci\u00f2 significa che una prima met\u00e0 della corda si pu\u00f2 ritirare del 5% e l\u2019altra met\u00e0 del 10%. In questo caso, ove sia presente, la marcatura di met\u00e0 corda non si trova pi\u00f9 nel punto giusto.\" \/>\n<meta name=\"robots\" content=\"index, follow, max-snippet:-1, max-image-preview:large, max-video-preview:-1\" \/>\n<link rel=\"canonical\" href=\"https:\/\/www.sestogrado.it\/it\/accorciamento-della-corda\/\" \/>\n<meta property=\"og:locale\" content=\"it_IT\" \/>\n<meta property=\"og:type\" content=\"article\" \/>\n<meta property=\"og:title\" content=\"Accorciamento fisiologico della corda - Sestogrado\" \/>\n<meta property=\"og:description\" content=\"Le corde, con l\u2019utilizzo, si accorciano fino anche al 10% della loro lunghezza iniziale. I motivi per cui una corda si accorcia sono due:1 \u2013 taglio di una o due estremit\u00e0 della corda perch\u00e8 erano rovinate. In questo caso il potenziale errore\/incidente \u00e8 di carattere soggettivo: se avete provveduto voi stessi a tagliare le estremit\u00e0 della corda dovete tenerlo ben presente quando vi accingete a valutare la lunghezza di corda necessaria ad effettuare una via. Attenzione inoltre ad arrampicare con corde prestate da altri, sincerarsi che non si abbia provveduto a tagliare i rami.2 \u2013 la corda si \u00e8 ritirata. Invecchiando, la corda si gonfia e si ritira. Tutte le corde sono soggette a questo fenomeno anche se in misura diversa l\u2019una dalle altre. La diminuzione va da un 2-3% fino ad un 10% a seconda della corda.L\u2019accorciamento non \u00e8 simmetrico su entrambe i lati, ci\u00f2 significa che una prima met\u00e0 della corda si pu\u00f2 ritirare del 5% e l\u2019altra met\u00e0 del 10%. In questo caso, ove sia presente, la marcatura di met\u00e0 corda non si trova pi\u00f9 nel punto giusto.\" \/>\n<meta property=\"og:url\" content=\"https:\/\/www.sestogrado.it\/it\/accorciamento-della-corda\/\" \/>\n<meta property=\"og:site_name\" content=\"Sestogrado\" \/>\n<meta property=\"article:publisher\" content=\"https:\/\/www.facebook.com\/pages\/Sestogrado\/1542635979353017?ref=bookmarks\" \/>\n<meta property=\"article:published_time\" content=\"2025-09-09T07:00:39+00:00\" \/>\n<meta property=\"article:modified_time\" content=\"2025-09-09T12:18:41+00:00\" \/>\n<meta property=\"og:image\" content=\"https:\/\/www.sestogrado.it\/wp-content\/uploads\/2017\/01\/01-1.jpg\" \/>\n\t<meta property=\"og:image:width\" content=\"800\" \/>\n\t<meta property=\"og:image:height\" content=\"533\" \/>\n\t<meta property=\"og:image:type\" content=\"image\/jpeg\" \/>\n<meta name=\"author\" content=\"admin\" \/>\n<meta name=\"twitter:label1\" content=\"Scritto da\" \/>\n\t<meta name=\"twitter:data1\" content=\"admin\" \/>\n\t<meta name=\"twitter:label2\" content=\"Tempo di lettura stimato\" \/>\n\t<meta name=\"twitter:data2\" content=\"4 minuti\" \/>\n<script type=\"application\/ld+json\" class=\"yoast-schema-graph\">{\"@context\":\"https:\/\/schema.org\",\"@graph\":[{\"@type\":\"Article\",\"@id\":\"https:\/\/www.sestogrado.it\/accorciamento-della-corda\/#article\",\"isPartOf\":{\"@id\":\"https:\/\/www.sestogrado.it\/accorciamento-della-corda\/\"},\"author\":{\"name\":\"admin\",\"@id\":\"https:\/\/www.sestogrado.it\/en\/#\/schema\/person\/79f414dc6904c7d2eef9d047c045f445\"},\"headline\":\"Accorciamento fisiologico della corda\",\"datePublished\":\"2025-09-09T07:00:39+00:00\",\"dateModified\":\"2025-09-09T12:18:41+00:00\",\"mainEntityOfPage\":{\"@id\":\"https:\/\/www.sestogrado.it\/accorciamento-della-corda\/\"},\"wordCount\":1100,\"commentCount\":1,\"publisher\":{\"@id\":\"https:\/\/www.sestogrado.it\/en\/#organization\"},\"image\":{\"@id\":\"https:\/\/www.sestogrado.it\/accorciamento-della-corda\/#primaryimage\"},\"thumbnailUrl\":\"https:\/\/www.sestogrado.it\/wp-content\/uploads\/2017\/01\/01-1.jpg\",\"articleSection\":[\"Libro di vetta\"],\"inLanguage\":\"it-IT\",\"potentialAction\":[{\"@type\":\"CommentAction\",\"name\":\"Comment\",\"target\":[\"https:\/\/www.sestogrado.it\/accorciamento-della-corda\/#respond\"]}]},{\"@type\":\"WebPage\",\"@id\":\"https:\/\/www.sestogrado.it\/it\/accorciamento-della-corda\/\",\"url\":\"https:\/\/www.sestogrado.it\/it\/accorciamento-della-corda\/\",\"name\":\"Accorciamento fisiologico della corda - Sestogrado\",\"isPartOf\":{\"@id\":\"https:\/\/www.sestogrado.it\/it\/#website\"},\"primaryImageOfPage\":{\"@id\":\"https:\/\/www.sestogrado.it\/it\/accorciamento-della-corda\/#primaryimage\"},\"image\":{\"@id\":\"https:\/\/www.sestogrado.it\/accorciamento-della-corda\/#primaryimage\"},\"thumbnailUrl\":\"https:\/\/www.sestogrado.it\/wp-content\/uploads\/2017\/01\/01-1.jpg\",\"datePublished\":\"2025-09-09T07:00:39+00:00\",\"dateModified\":\"2025-09-09T12:18:41+00:00\",\"description\":\"Le corde, con l\u2019utilizzo, si accorciano fino anche al 10% della loro lunghezza iniziale. I motivi per cui una corda si accorcia sono due:1 \u2013 taglio di una o due estremit\u00e0 della corda perch\u00e8 erano rovinate. In questo caso il potenziale errore\/incidente \u00e8 di carattere soggettivo: se avete provveduto voi stessi a tagliare le estremit\u00e0 della corda dovete tenerlo ben presente quando vi accingete a valutare la lunghezza di corda necessaria ad effettuare una via. Attenzione inoltre ad arrampicare con corde prestate da altri, sincerarsi che non si abbia provveduto a tagliare i rami.2 \u2013 la corda si \u00e8 ritirata. Invecchiando, la corda si gonfia e si ritira. Tutte le corde sono soggette a questo fenomeno anche se in misura diversa l\u2019una dalle altre. La diminuzione va da un 2-3% fino ad un 10% a seconda della corda.L\u2019accorciamento non \u00e8 simmetrico su entrambe i lati, ci\u00f2 significa che una prima met\u00e0 della corda si pu\u00f2 ritirare del 5% e l\u2019altra met\u00e0 del 10%. In questo caso, ove sia presente, la marcatura di met\u00e0 corda non si trova pi\u00f9 nel punto giusto.\",\"breadcrumb\":{\"@id\":\"https:\/\/www.sestogrado.it\/it\/accorciamento-della-corda\/#breadcrumb\"},\"inLanguage\":\"it-IT\",\"potentialAction\":[{\"@type\":\"ReadAction\",\"target\":[[\"https:\/\/www.sestogrado.it\/it\/accorciamento-della-corda\/\"]]}]},{\"@type\":\"ImageObject\",\"inLanguage\":\"it-IT\",\"@id\":\"https:\/\/www.sestogrado.it\/it\/accorciamento-della-corda\/#primaryimage\",\"url\":\"https:\/\/www.sestogrado.it\/wp-content\/uploads\/2017\/01\/01-1.jpg\",\"contentUrl\":\"https:\/\/www.sestogrado.it\/wp-content\/uploads\/2017\/01\/01-1.jpg\",\"width\":800,\"height\":533,\"caption\":\"accorciamento corda\"},{\"@type\":\"BreadcrumbList\",\"@id\":\"https:\/\/www.sestogrado.it\/it\/accorciamento-della-corda\/#breadcrumb\",\"itemListElement\":[{\"@type\":\"ListItem\",\"position\":1,\"name\":\"Home\",\"item\":\"https:\/\/www.sestogrado.it\/it\/\"},{\"@type\":\"ListItem\",\"position\":2,\"name\":\"Accorciamento fisiologico della corda\"}]},{\"@type\":\"WebSite\",\"@id\":\"https:\/\/www.sestogrado.it\/it\/#website\",\"url\":\"https:\/\/www.sestogrado.it\/it\/\",\"name\":\"Sestogrado\",\"description\":\"yes we climb\",\"publisher\":{\"@id\":\"https:\/\/www.sestogrado.it\/it\/#organization\"},\"potentialAction\":[{\"@type\":\"SearchAction\",\"target\":{\"@type\":\"EntryPoint\",\"urlTemplate\":\"https:\/\/www.sestogrado.it\/it\/?s={search_term_string}\"},\"query-input\":{\"@type\":\"PropertyValueSpecification\",\"valueRequired\":true,\"valueName\":\"search_term_string\"}}],\"inLanguage\":\"it-IT\"},{\"@type\":\"Organization\",\"@id\":\"https:\/\/www.sestogrado.it\/it\/#organization\",\"name\":\"Sestogrado\",\"url\":\"https:\/\/www.sestogrado.it\/it\/\",\"logo\":{\"@type\":\"ImageObject\",\"inLanguage\":\"it-IT\",\"@id\":\"https:\/\/www.sestogrado.it\/it\/#\/schema\/logo\/image\/\",\"url\":\"https:\/\/www.sestogrado.it\/wp-content\/uploads\/2015\/03\/sestogrado-favicon.png\",\"contentUrl\":\"https:\/\/www.sestogrado.it\/wp-content\/uploads\/2015\/03\/sestogrado-favicon.png\",\"width\":260,\"height\":260,\"caption\":\"Sestogrado\"},\"image\":{\"@id\":\"https:\/\/www.sestogrado.it\/it\/#\/schema\/logo\/image\/\"},\"sameAs\":[\"https:\/\/www.facebook.com\/pages\/Sestogrado\/1542635979353017?ref=bookmarks\",\"https:\/\/www.youtube.com\/channel\/UC847kAfTkaJsWpc1jtQwr3Q\"],\"hasMerchantReturnPolicy\":{\"@type\":\"MerchantReturnPolicy\",\"merchantReturnLink\":\"https:\/\/www.sestogrado.it\/it\/termini-e-condizioni\/\"}},{\"@type\":\"Person\",\"@id\":\"https:\/\/www.sestogrado.it\/en\/#\/schema\/person\/79f414dc6904c7d2eef9d047c045f445\",\"name\":\"admin\"}]}<\/script>\n<!-- \/ Yoast SEO plugin. -->","yoast_head_json":{"title":"Accorciamento fisiologico della corda - Sestogrado","description":"Le corde, con l\u2019utilizzo, si accorciano fino anche al 10% della loro lunghezza iniziale. I motivi per cui una corda si accorcia sono due:1 \u2013 taglio di una o due estremit\u00e0 della corda perch\u00e8 erano rovinate. In questo caso il potenziale errore\/incidente \u00e8 di carattere soggettivo: se avete provveduto voi stessi a tagliare le estremit\u00e0 della corda dovete tenerlo ben presente quando vi accingete a valutare la lunghezza di corda necessaria ad effettuare una via. Attenzione inoltre ad arrampicare con corde prestate da altri, sincerarsi che non si abbia provveduto a tagliare i rami.2 \u2013 la corda si \u00e8 ritirata. Invecchiando, la corda si gonfia e si ritira. Tutte le corde sono soggette a questo fenomeno anche se in misura diversa l\u2019una dalle altre. La diminuzione va da un 2-3% fino ad un 10% a seconda della corda.L\u2019accorciamento non \u00e8 simmetrico su entrambe i lati, ci\u00f2 significa che una prima met\u00e0 della corda si pu\u00f2 ritirare del 5% e l\u2019altra met\u00e0 del 10%. In questo caso, ove sia presente, la marcatura di met\u00e0 corda non si trova pi\u00f9 nel punto giusto.","robots":{"index":"index","follow":"follow","max-snippet":"max-snippet:-1","max-image-preview":"max-image-preview:large","max-video-preview":"max-video-preview:-1"},"canonical":"https:\/\/www.sestogrado.it\/it\/accorciamento-della-corda\/","og_locale":"it_IT","og_type":"article","og_title":"Accorciamento fisiologico della corda - Sestogrado","og_description":"Le corde, con l\u2019utilizzo, si accorciano fino anche al 10% della loro lunghezza iniziale. I motivi per cui una corda si accorcia sono due:1 \u2013 taglio di una o due estremit\u00e0 della corda perch\u00e8 erano rovinate. In questo caso il potenziale errore\/incidente \u00e8 di carattere soggettivo: se avete provveduto voi stessi a tagliare le estremit\u00e0 della corda dovete tenerlo ben presente quando vi accingete a valutare la lunghezza di corda necessaria ad effettuare una via. Attenzione inoltre ad arrampicare con corde prestate da altri, sincerarsi che non si abbia provveduto a tagliare i rami.2 \u2013 la corda si \u00e8 ritirata. Invecchiando, la corda si gonfia e si ritira. Tutte le corde sono soggette a questo fenomeno anche se in misura diversa l\u2019una dalle altre. La diminuzione va da un 2-3% fino ad un 10% a seconda della corda.L\u2019accorciamento non \u00e8 simmetrico su entrambe i lati, ci\u00f2 significa che una prima met\u00e0 della corda si pu\u00f2 ritirare del 5% e l\u2019altra met\u00e0 del 10%. In questo caso, ove sia presente, la marcatura di met\u00e0 corda non si trova pi\u00f9 nel punto giusto.","og_url":"https:\/\/www.sestogrado.it\/it\/accorciamento-della-corda\/","og_site_name":"Sestogrado","article_publisher":"https:\/\/www.facebook.com\/pages\/Sestogrado\/1542635979353017?ref=bookmarks","article_published_time":"2025-09-09T07:00:39+00:00","article_modified_time":"2025-09-09T12:18:41+00:00","og_image":[{"width":800,"height":533,"url":"https:\/\/www.sestogrado.it\/wp-content\/uploads\/2017\/01\/01-1.jpg","type":"image\/jpeg"}],"author":"admin","twitter_misc":{"Scritto da":"admin","Tempo di lettura stimato":"4 minuti"},"schema":{"@context":"https:\/\/schema.org","@graph":[{"@type":"Article","@id":"https:\/\/www.sestogrado.it\/accorciamento-della-corda\/#article","isPartOf":{"@id":"https:\/\/www.sestogrado.it\/accorciamento-della-corda\/"},"author":{"name":"admin","@id":"https:\/\/www.sestogrado.it\/en\/#\/schema\/person\/79f414dc6904c7d2eef9d047c045f445"},"headline":"Accorciamento fisiologico della corda","datePublished":"2025-09-09T07:00:39+00:00","dateModified":"2025-09-09T12:18:41+00:00","mainEntityOfPage":{"@id":"https:\/\/www.sestogrado.it\/accorciamento-della-corda\/"},"wordCount":1100,"commentCount":1,"publisher":{"@id":"https:\/\/www.sestogrado.it\/en\/#organization"},"image":{"@id":"https:\/\/www.sestogrado.it\/accorciamento-della-corda\/#primaryimage"},"thumbnailUrl":"https:\/\/www.sestogrado.it\/wp-content\/uploads\/2017\/01\/01-1.jpg","articleSection":["Libro di vetta"],"inLanguage":"it-IT","potentialAction":[{"@type":"CommentAction","name":"Comment","target":["https:\/\/www.sestogrado.it\/accorciamento-della-corda\/#respond"]}]},{"@type":"WebPage","@id":"https:\/\/www.sestogrado.it\/it\/accorciamento-della-corda\/","url":"https:\/\/www.sestogrado.it\/it\/accorciamento-della-corda\/","name":"Accorciamento fisiologico della corda - Sestogrado","isPartOf":{"@id":"https:\/\/www.sestogrado.it\/it\/#website"},"primaryImageOfPage":{"@id":"https:\/\/www.sestogrado.it\/it\/accorciamento-della-corda\/#primaryimage"},"image":{"@id":"https:\/\/www.sestogrado.it\/accorciamento-della-corda\/#primaryimage"},"thumbnailUrl":"https:\/\/www.sestogrado.it\/wp-content\/uploads\/2017\/01\/01-1.jpg","datePublished":"2025-09-09T07:00:39+00:00","dateModified":"2025-09-09T12:18:41+00:00","description":"Le corde, con l\u2019utilizzo, si accorciano fino anche al 10% della loro lunghezza iniziale. I motivi per cui una corda si accorcia sono due:1 \u2013 taglio di una o due estremit\u00e0 della corda perch\u00e8 erano rovinate. In questo caso il potenziale errore\/incidente \u00e8 di carattere soggettivo: se avete provveduto voi stessi a tagliare le estremit\u00e0 della corda dovete tenerlo ben presente quando vi accingete a valutare la lunghezza di corda necessaria ad effettuare una via. Attenzione inoltre ad arrampicare con corde prestate da altri, sincerarsi che non si abbia provveduto a tagliare i rami.2 \u2013 la corda si \u00e8 ritirata. Invecchiando, la corda si gonfia e si ritira. Tutte le corde sono soggette a questo fenomeno anche se in misura diversa l\u2019una dalle altre. La diminuzione va da un 2-3% fino ad un 10% a seconda della corda.L\u2019accorciamento non \u00e8 simmetrico su entrambe i lati, ci\u00f2 significa che una prima met\u00e0 della corda si pu\u00f2 ritirare del 5% e l\u2019altra met\u00e0 del 10%. In questo caso, ove sia presente, la marcatura di met\u00e0 corda non si trova pi\u00f9 nel punto giusto.","breadcrumb":{"@id":"https:\/\/www.sestogrado.it\/it\/accorciamento-della-corda\/#breadcrumb"},"inLanguage":"it-IT","potentialAction":[{"@type":"ReadAction","target":[["https:\/\/www.sestogrado.it\/it\/accorciamento-della-corda\/"]]}]},{"@type":"ImageObject","inLanguage":"it-IT","@id":"https:\/\/www.sestogrado.it\/it\/accorciamento-della-corda\/#primaryimage","url":"https:\/\/www.sestogrado.it\/wp-content\/uploads\/2017\/01\/01-1.jpg","contentUrl":"https:\/\/www.sestogrado.it\/wp-content\/uploads\/2017\/01\/01-1.jpg","width":800,"height":533,"caption":"accorciamento corda"},{"@type":"BreadcrumbList","@id":"https:\/\/www.sestogrado.it\/it\/accorciamento-della-corda\/#breadcrumb","itemListElement":[{"@type":"ListItem","position":1,"name":"Home","item":"https:\/\/www.sestogrado.it\/it\/"},{"@type":"ListItem","position":2,"name":"Accorciamento fisiologico della corda"}]},{"@type":"WebSite","@id":"https:\/\/www.sestogrado.it\/it\/#website","url":"https:\/\/www.sestogrado.it\/it\/","name":"Sestogrado","description":"yes we climb","publisher":{"@id":"https:\/\/www.sestogrado.it\/it\/#organization"},"potentialAction":[{"@type":"SearchAction","target":{"@type":"EntryPoint","urlTemplate":"https:\/\/www.sestogrado.it\/it\/?s={search_term_string}"},"query-input":{"@type":"PropertyValueSpecification","valueRequired":true,"valueName":"search_term_string"}}],"inLanguage":"it-IT"},{"@type":"Organization","@id":"https:\/\/www.sestogrado.it\/it\/#organization","name":"Sestogrado","url":"https:\/\/www.sestogrado.it\/it\/","logo":{"@type":"ImageObject","inLanguage":"it-IT","@id":"https:\/\/www.sestogrado.it\/it\/#\/schema\/logo\/image\/","url":"https:\/\/www.sestogrado.it\/wp-content\/uploads\/2015\/03\/sestogrado-favicon.png","contentUrl":"https:\/\/www.sestogrado.it\/wp-content\/uploads\/2015\/03\/sestogrado-favicon.png","width":260,"height":260,"caption":"Sestogrado"},"image":{"@id":"https:\/\/www.sestogrado.it\/it\/#\/schema\/logo\/image\/"},"sameAs":["https:\/\/www.facebook.com\/pages\/Sestogrado\/1542635979353017?ref=bookmarks","https:\/\/www.youtube.com\/channel\/UC847kAfTkaJsWpc1jtQwr3Q"],"hasMerchantReturnPolicy":{"@type":"MerchantReturnPolicy","merchantReturnLink":"https:\/\/www.sestogrado.it\/it\/termini-e-condizioni\/"}},{"@type":"Person","@id":"https:\/\/www.sestogrado.it\/en\/#\/schema\/person\/79f414dc6904c7d2eef9d047c045f445","name":"admin"}]}},"_links":{"self":[{"href":"https:\/\/www.sestogrado.it\/it\/wp-json\/wp\/v2\/posts\/9720","targetHints":{"allow":["GET"]}}],"collection":[{"href":"https:\/\/www.sestogrado.it\/it\/wp-json\/wp\/v2\/posts"}],"about":[{"href":"https:\/\/www.sestogrado.it\/it\/wp-json\/wp\/v2\/types\/post"}],"author":[{"embeddable":true,"href":"https:\/\/www.sestogrado.it\/it\/wp-json\/wp\/v2\/users\/1"}],"replies":[{"embeddable":true,"href":"https:\/\/www.sestogrado.it\/it\/wp-json\/wp\/v2\/comments?post=9720"}],"version-history":[{"count":1,"href":"https:\/\/www.sestogrado.it\/it\/wp-json\/wp\/v2\/posts\/9720\/revisions"}],"predecessor-version":[{"id":201186,"href":"https:\/\/www.sestogrado.it\/it\/wp-json\/wp\/v2\/posts\/9720\/revisions\/201186"}],"wp:featuredmedia":[{"embeddable":true,"href":"https:\/\/www.sestogrado.it\/it\/wp-json\/wp\/v2\/media\/9728"}],"wp:attachment":[{"href":"https:\/\/www.sestogrado.it\/it\/wp-json\/wp\/v2\/media?parent=9720"}],"wp:term":[{"taxonomy":"category","embeddable":true,"href":"https:\/\/www.sestogrado.it\/it\/wp-json\/wp\/v2\/categories?post=9720"},{"taxonomy":"post_tag","embeddable":true,"href":"https:\/\/www.sestogrado.it\/it\/wp-json\/wp\/v2\/tags?post=9720"}],"curies":[{"name":"wp","href":"https:\/\/api.w.org\/{rel}","templated":true}]}}