{"id":96842,"date":"2025-10-01T07:00:51","date_gmt":"2025-10-01T05:00:51","guid":{"rendered":"https:\/\/www.sestogrado.it\/?p=96842"},"modified":"2025-10-01T10:26:37","modified_gmt":"2025-10-01T08:26:37","slug":"chi-e-marc-andre-leclerc-e-perche-se-ne-e-parlato-tanto","status":"publish","type":"post","link":"https:\/\/www.sestogrado.it\/it\/chi-e-marc-andre-leclerc-e-perche-se-ne-e-parlato-tanto\/","title":{"rendered":"Chi \u00e8 Marc-Andr\u00e8 Leclerc e perch\u00e8 se ne \u00e8 parlato tanto"},"content":{"rendered":"<p><b>Marc-Andr\u00e9 Leclerc<\/b> (10 ottobre 1992 \u2013 5 marzo 2018) \u00e8 stato un alpinista canadese, <strong>eccezionale per il controllo mostrato in difficili pareti<\/strong> affrontate spesso in solitaria e free solo, su terreno misto roccia e ghiaccio, morto in giovane et\u00e0 in una circostanza tutt&#8217;oggi non chiarita.<\/p>\n<h3><em>Perch\u00e9 se ne \u00e8 parlato tanto<\/em>?<\/h3>\n<p>In Italia \u00e8 uscito tra il 7 ed il 9 marzo del 2022 il film che ne documenta la vita e le imprese, <em><strong>The Alpinist.<\/strong><\/em><\/p>\n<p><iframe src=\"\/\/www.youtube.com\/embed\/SRpVyzagXLQ\" width=\"560\" height=\"314\" allowfullscreen=\"allowfullscreen\"><\/iframe><\/p>\n<p>Chi ha visto il film ha capito che Marc-Andr\u00e9 \u00e8 un personaggio particolare, un po&#8217; fuori dal prototipo (ammesso che ce ne sia uno&#8230;) dell&#8217;alpinista contemporaneo, slegato da sponsorizzazioni o spedizioni commerciali, fuori dagli schemi e <em>dagli schermi<\/em>. Infatti, il film-documentario<strong><i>\u00a0<\/i><\/strong>mostra per lo pi\u00f9 riprese di un film sulla sua vita che si era iniziato a girare, ma che non fu mai finalizzato, perch\u00e9 Marc soffriva lo stare di fronte ad una telecamera. Affrontare vie in free solo con gli addetti alle riprese attorno per lui non era pi\u00f9 una salita in solitaria. Per Marc- Andr\u00e9 l&#8217;affrontare vie in freesolo non richiedeva solo il ridotto uso di materiali, ma anche l&#8217;<strong>assoluta armonia con il contesto<\/strong> e con la roccia o ghiaccio in parete. Per questo, il film sulla sua vita non \u00e8 mai stato terminato: Marc ogni tanto spariva per mesi, senza far sapere dove si trovasse, lasciando detto solo a impresa compiuta cosa avesse fatto.<\/p>\n<p><img decoding=\"async\" class=\"img-fluid alignnone wp-image-96865 size-full\" src=\"https:\/\/www.sestogrado.it\/wp-content\/uploads\/2022\/03\/marc-andre-leclerc-griffith2_h.jpg\" alt=\"marc-andr\u00e8 leclerc\" width=\"1000\" height=\"667\" srcset=\"https:\/\/www.sestogrado.it\/wp-content\/uploads\/2022\/03\/marc-andre-leclerc-griffith2_h.jpg 1000w, https:\/\/www.sestogrado.it\/wp-content\/uploads\/2022\/03\/marc-andre-leclerc-griffith2_h-750x500.jpg 750w, https:\/\/www.sestogrado.it\/wp-content\/uploads\/2022\/03\/marc-andre-leclerc-griffith2_h-300x200.jpg 300w, https:\/\/www.sestogrado.it\/wp-content\/uploads\/2022\/03\/marc-andre-leclerc-griffith2_h-768x512.jpg 768w, https:\/\/www.sestogrado.it\/wp-content\/uploads\/2022\/03\/marc-andre-leclerc-griffith2_h-635x424.jpg 635w, https:\/\/www.sestogrado.it\/wp-content\/uploads\/2022\/03\/marc-andre-leclerc-griffith2_h-120x80.jpg 120w, https:\/\/www.sestogrado.it\/wp-content\/uploads\/2022\/03\/marc-andre-leclerc-griffith2_h-90x60.jpg 90w, https:\/\/www.sestogrado.it\/wp-content\/uploads\/2022\/03\/marc-andre-leclerc-griffith2_h-135x90.jpg 135w\" sizes=\"(max-width: 1000px) 100vw, 1000px\" \/><\/p>\n<p>Leclerc \u00e8 stato descritto nel docu-film e da ci\u00f2 che la sua ragazza e amici hanno riportato di lui, come un personaggio<em> slegato<\/em> dalla societ\u00e0 contemporanea. Alpinista forte, mentalmente e fisicamente, appare come un ricercatore di se stesso e dei propri valori in circostanze montane e isolate. Marc sembra essere distante dai record e dai cronometri, relegando invece pi\u00f9 valore alla <strong>spiritualit\u00e0<\/strong>, alla <strong>scoperta di s\u00e9 <\/strong>ed alla ricerca di un suo stile di vita, come <em>esploratore<\/em>, allontanandosi dalla competitivit\u00e0 alpinistica dei giorni nostri.<\/p>\n<p>&nbsp;<\/p>\n<p>Per questi motivi, e probabilmente anche per la sua prematura morte a soli 26 anni, la sua vita a qualcuno ricorda quella dell&#8217;esploratore solitario, che aveva fatto perdere le tracce di s\u00e9 eliminando documenti di riconoscimento, vivendo con lavori saltuari e dando prova di grande adattamento della vita all&#8217;aria aperta, <strong>Christopher\u00a0Johnson\u00a0McCandless<\/strong> (alias <em>Alexander Supertramp, <\/em>quello del libro e film <em>Into the wild<\/em>).<\/p>\n<p><img decoding=\"async\" class=\"img-fluid alignnone wp-image-96876 size-full\" src=\"https:\/\/www.sestogrado.it\/wp-content\/uploads\/2022\/03\/Christopher-McCandless-00.jpg\" alt=\"Christopher McCandless\" width=\"1000\" height=\"667\" srcset=\"https:\/\/www.sestogrado.it\/wp-content\/uploads\/2022\/03\/Christopher-McCandless-00.jpg 1000w, https:\/\/www.sestogrado.it\/wp-content\/uploads\/2022\/03\/Christopher-McCandless-00-750x500.jpg 750w, https:\/\/www.sestogrado.it\/wp-content\/uploads\/2022\/03\/Christopher-McCandless-00-300x200.jpg 300w, https:\/\/www.sestogrado.it\/wp-content\/uploads\/2022\/03\/Christopher-McCandless-00-768x512.jpg 768w, https:\/\/www.sestogrado.it\/wp-content\/uploads\/2022\/03\/Christopher-McCandless-00-635x424.jpg 635w, https:\/\/www.sestogrado.it\/wp-content\/uploads\/2022\/03\/Christopher-McCandless-00-120x80.jpg 120w, https:\/\/www.sestogrado.it\/wp-content\/uploads\/2022\/03\/Christopher-McCandless-00-90x60.jpg 90w, https:\/\/www.sestogrado.it\/wp-content\/uploads\/2022\/03\/Christopher-McCandless-00-135x90.jpg 135w\" sizes=\"(max-width: 1000px) 100vw, 1000px\" \/><\/p>\n<p>Noto per le sue numerose e varie ascese in solitaria attraverso le pi\u00f9 maestose pareti e vette del mondo, affrontando arrampicate complesse, su roccia, ghiaccio e misto; tra le pi\u00f9 epiche ascese di Marc si possono ricordare le <strong>prime salite solitarie invernali della Torre Egger<\/strong> in Patagonia e della <strong>parete Emperor<\/strong> del Monte Robson, fino ad allora inviolate con questo stile di salita pi\u00f9 che essenziale.<\/p>\n<p>Rolando Garibotti, tra i massimi esperti delle montagne patagoniche, disse \u201c<em>Non esiste assolutamente nessun altro alpinista che faccia salite di questa difficolt\u00e0 senza protezioni o quasi, in solitaria, come fa Marc Andr\u00e9 Leclerc<\/em>\u201d.<\/p>\n<h3><em>Come \u00e8 cresciuto Marc?<\/em><\/h3>\n<p>Cresciuto con la madre nella Columbia Britannica, si innamora dell&#8217;arrampicata a soli 8 anni. Da quel momento \u00e8 un crescendo di pratica, esperienze e passione. Prima con l&#8217;indoor nella palestra vicino casa, poi sulle montagne, spesso anche passando la notte all&#8217;addiaccio da solo.<\/p>\n<p>Quando Leclerc scopr\u00ec la sua passione per le salite in solitaria, la tranquillit\u00e0 e l&#8217;equilibrio richiesti, l&#8217;isolamento e l&#8217;essenzialit\u00e0 dello stile di vita, non smise pi\u00f9 di farle. Anzi, quando conosce la sua ragazza <strong>Brette Harrington<\/strong>, scalano assieme numerose nuove vie in libera e anche in free solo. <em>Gripped Magazine<\/em> ha affermato che nel 2016 Brette \u00e8 stata \u201c<em>uno dei migliori alpinisti al mondo<\/em>\u201d e nel 2017 la rivista\u00a0<em>Forbes\u00a0<\/em>l\u2019ha nominata una delle migliori sportive da tenere d\u2019occhio; insomma, una forte coppia nella &#8220;non scena&#8221; dell&#8217;alpinismo volutamente nascosto del mondo di Leclerc.<\/p>\n<p><img decoding=\"async\" class=\"img-fluid alignnone wp-image-96880 size-large\" src=\"https:\/\/www.sestogrado.it\/wp-content\/uploads\/2022\/03\/download-1024x682.jpg\" alt=\"marc-andr\u00e8 leclerc brette harrington\" width=\"1024\" height=\"682\" srcset=\"https:\/\/www.sestogrado.it\/wp-content\/uploads\/2022\/03\/download-1024x682.jpg 1024w, https:\/\/www.sestogrado.it\/wp-content\/uploads\/2022\/03\/download-750x500.jpg 750w, https:\/\/www.sestogrado.it\/wp-content\/uploads\/2022\/03\/download-300x200.jpg 300w, https:\/\/www.sestogrado.it\/wp-content\/uploads\/2022\/03\/download-768x512.jpg 768w, https:\/\/www.sestogrado.it\/wp-content\/uploads\/2022\/03\/download-1536x1024.jpg 1536w, https:\/\/www.sestogrado.it\/wp-content\/uploads\/2022\/03\/download-635x423.jpg 635w, https:\/\/www.sestogrado.it\/wp-content\/uploads\/2022\/03\/download-120x80.jpg 120w, https:\/\/www.sestogrado.it\/wp-content\/uploads\/2022\/03\/download-90x60.jpg 90w, https:\/\/www.sestogrado.it\/wp-content\/uploads\/2022\/03\/download-135x90.jpg 135w, https:\/\/www.sestogrado.it\/wp-content\/uploads\/2022\/03\/download.jpg 2000w\" sizes=\"(max-width: 1024px) 100vw, 1024px\" \/><\/p>\n<p><em>Marc-Andr\u00e9 Leclerc e la compagna Brette Harrington<\/em><\/p>\n<p>&nbsp;<\/p>\n<p>Leclerc trascorse molto del 2015 nel sud della\u00a0Patagonia\u00a0argentina. Il 21 febbraio realizz\u00f2 la sua prima salita in solitaria di\u00a0<strong><i>The Corkscrew<\/i><\/strong> (VII+ A1) sul Cerro Torre. Sul suo social scrisse che questa ascesa &#8220;sembrava un piccolo &#8216;passo nel futuro&#8217; per cos\u00ec dire&#8230;&#8221; nel tentativo di realizzare il sogno di diventare un <em>esploratore<\/em>. Nello stesso anno, Leclerc realizz\u00f2 la seconda salita in free solo della via <strong><i>Tomahawk \/ Exocet Link Up<\/i><\/strong>\u00a0sull&#8217;Aguja Standhardt in Patagonia,<sup id=\"cite_ref-7\" class=\"reference\"><\/sup>\u00a0per poi proseguire con la conquista della\u00a0<strong>Torre Egger<\/strong>, completando la sua &#8220;Torres trifecta&#8221; in solitaria.<\/p>\n<p><img decoding=\"async\" class=\"img-fluid alignnone wp-image-96866 size-full\" src=\"https:\/\/www.sestogrado.it\/wp-content\/uploads\/2022\/03\/the_alpinist_leclerc.jpg\" alt=\"marc-andr\u00e8 leclerc\" width=\"1000\" height=\"667\" srcset=\"https:\/\/www.sestogrado.it\/wp-content\/uploads\/2022\/03\/the_alpinist_leclerc.jpg 1000w, https:\/\/www.sestogrado.it\/wp-content\/uploads\/2022\/03\/the_alpinist_leclerc-750x500.jpg 750w, https:\/\/www.sestogrado.it\/wp-content\/uploads\/2022\/03\/the_alpinist_leclerc-300x200.jpg 300w, https:\/\/www.sestogrado.it\/wp-content\/uploads\/2022\/03\/the_alpinist_leclerc-768x512.jpg 768w, https:\/\/www.sestogrado.it\/wp-content\/uploads\/2022\/03\/the_alpinist_leclerc-635x424.jpg 635w, https:\/\/www.sestogrado.it\/wp-content\/uploads\/2022\/03\/the_alpinist_leclerc-120x80.jpg 120w, https:\/\/www.sestogrado.it\/wp-content\/uploads\/2022\/03\/the_alpinist_leclerc-90x60.jpg 90w, https:\/\/www.sestogrado.it\/wp-content\/uploads\/2022\/03\/the_alpinist_leclerc-135x90.jpg 135w\" sizes=\"(max-width: 1000px) 100vw, 1000px\" \/><\/p>\n<p>Nel 2016 fu il primo a salire in solitaria la via <strong><i>Infinite Patience<\/i><\/strong> sull&#8217;Emperor Face del Mt. Robson. Dopo aver completato questa scalata, ha scritto:<\/p>\n<p style=\"text-align: center;\"><em> &#8220;sono stato intimorito dalla forte aura (dell&#8217;Emperor), ma alla fine siamo diventati amici e il re ha voluto condividere generosamente le sue fortune, lasciandomi davvero una persona molto pi\u00f9 ricca&#8221;.<\/em><\/p>\n<p><img decoding=\"async\" class=\"img-fluid alignnone wp-image-96864 size-large\" src=\"https:\/\/www.sestogrado.it\/wp-content\/uploads\/2022\/03\/Marc-Andre-Leclerc-740x1024.jpg\" alt=\"marc-andr\u00e8 leclerc\" width=\"740\" height=\"1024\" srcset=\"https:\/\/www.sestogrado.it\/wp-content\/uploads\/2022\/03\/Marc-Andre-Leclerc-740x1024.jpg 740w, https:\/\/www.sestogrado.it\/wp-content\/uploads\/2022\/03\/Marc-Andre-Leclerc-750x1038.jpg 750w, https:\/\/www.sestogrado.it\/wp-content\/uploads\/2022\/03\/Marc-Andre-Leclerc-217x300.jpg 217w, https:\/\/www.sestogrado.it\/wp-content\/uploads\/2022\/03\/Marc-Andre-Leclerc-768x1062.jpg 768w, https:\/\/www.sestogrado.it\/wp-content\/uploads\/2022\/03\/Marc-Andre-Leclerc-1110x1536.jpg 1110w, https:\/\/www.sestogrado.it\/wp-content\/uploads\/2022\/03\/Marc-Andre-Leclerc-635x878.jpg 635w, https:\/\/www.sestogrado.it\/wp-content\/uploads\/2022\/03\/Marc-Andre-Leclerc-58x80.jpg 58w, https:\/\/www.sestogrado.it\/wp-content\/uploads\/2022\/03\/Marc-Andre-Leclerc-43x60.jpg 43w, https:\/\/www.sestogrado.it\/wp-content\/uploads\/2022\/03\/Marc-Andre-Leclerc-65x90.jpg 65w, https:\/\/www.sestogrado.it\/wp-content\/uploads\/2022\/03\/Marc-Andre-Leclerc.jpg 1200w\" sizes=\"(max-width: 740px) 100vw, 740px\" \/><\/p>\n<h3><em>L&#8217;incidente:<\/em><\/h3>\n<p>Il 5 marzo 2018, Marc-Andr\u00e9 Leclerc e il suo compagno di cordata, Ryan Johnson, attraverso una nuova via sulla parete nord delle <strong>Mendenhall Towers<\/strong> (a nord di Juneau, Alaska), raggiungono la fragile ed esposta vetta. In cima, riescono a mandare messaggi tranquillizzanti alle rispettive compagne, soddisfatti della salita. E&#8217; tuttavia Brette, che si trovava in un viaggio in Tasmania, a lanciare l&#8217;allarme, dopo diverse ore dall&#8217;orario di arrivo previsto al campo base, quando oltre il tempo limite non ha pi\u00f9 ricevuto notizie da Laclerc. Le operazioni di soccorso iniziano, ma presto vengono interrotte a causa delle cattive condizioni meteorologiche. Quando queste riprendono, vengono ritrovate alcune corde, probabilmente utilizzate per la discesa, sotto diversi metri di neve. Ci\u00f2 sugger\u00ec che gli scalatori fossero rimasti vittime di una valanga, di una caduta di roccia o di ghiaccio staccatosi sopra di loro. Gli sci, per\u00f2, vengono per\u00f2 rinvenuti in un&#8217;altra zona, il che non ha aiutato a comprendere la dinamica dell&#8217;incidente o della salita.<\/p>\n<p>I corpi dei due alpinisti non furono mai rinvenuti, anche se si suppone si trovino sotto un largo crepaccio con segni ben visibili di un importante distacco a forma di V rovesciata, in direzione dei resti delle corde rinvenute.<\/p>\n<p>&nbsp;<\/p>\n<p>Il film, da vedere per chi non l&#8217;ha visto, vede la partecipazione straordinaria dell&#8217;alpinista e compagna Brette Harrington, Alex Honnold, Reinhold Messner, Barry Blanchard.<\/p>\n<p>&nbsp;<\/p>\n<p style=\"text-align: center;\"><em>\u201c<\/em><strong><em>Quando arrampico \u00e8 difficile spiegare quale sia l\u2019ingrediente magico \u2026 \u00e8 quasi come se fosse una specie di innocenza e curiosit\u00e0 nell\u2019ispirazione per l\u2019avventura, che determina uno stato mentale aperto e ricettivo. \u00c8 terribilmente difficile da spiegare. Un po \u2018come \u00e8 difficile ricordare l\u2019esatta sensazione di essere un bambino che scopre qualcosa di meraviglioso e nuovo, perch\u00e9 \u00e8 una sensazione troppo lontana dal nostro stato mentale \u201cadulto\u201d per coglierla davvero in modo tangibile<\/em><\/strong><em>.\u201d &#8211; <\/em>Marc-Andr\u00e8 Leclerc<\/p>\n<p>&nbsp;<\/p>\n<p><img decoding=\"async\" class=\"img-fluid alignnone wp-image-96863 size-full\" src=\"https:\/\/www.sestogrado.it\/wp-content\/uploads\/2022\/03\/Marc-Andre-Leclerc.-Foto-@-Mt.-Waddingtons-Outdoors.jpg\" alt=\"marc-andr\u00e8 leclerc\" width=\"1000\" height=\"667\" srcset=\"https:\/\/www.sestogrado.it\/wp-content\/uploads\/2022\/03\/Marc-Andre-Leclerc.-Foto-@-Mt.-Waddingtons-Outdoors.jpg 1000w, https:\/\/www.sestogrado.it\/wp-content\/uploads\/2022\/03\/Marc-Andre-Leclerc.-Foto-@-Mt.-Waddingtons-Outdoors-750x500.jpg 750w, https:\/\/www.sestogrado.it\/wp-content\/uploads\/2022\/03\/Marc-Andre-Leclerc.-Foto-@-Mt.-Waddingtons-Outdoors-300x200.jpg 300w, https:\/\/www.sestogrado.it\/wp-content\/uploads\/2022\/03\/Marc-Andre-Leclerc.-Foto-@-Mt.-Waddingtons-Outdoors-768x512.jpg 768w, https:\/\/www.sestogrado.it\/wp-content\/uploads\/2022\/03\/Marc-Andre-Leclerc.-Foto-@-Mt.-Waddingtons-Outdoors-635x424.jpg 635w, https:\/\/www.sestogrado.it\/wp-content\/uploads\/2022\/03\/Marc-Andre-Leclerc.-Foto-@-Mt.-Waddingtons-Outdoors-120x80.jpg 120w, https:\/\/www.sestogrado.it\/wp-content\/uploads\/2022\/03\/Marc-Andre-Leclerc.-Foto-@-Mt.-Waddingtons-Outdoors-90x60.jpg 90w, https:\/\/www.sestogrado.it\/wp-content\/uploads\/2022\/03\/Marc-Andre-Leclerc.-Foto-@-Mt.-Waddingtons-Outdoors-135x90.jpg 135w\" sizes=\"(max-width: 1000px) 100vw, 1000px\" \/><\/p>","protected":false},"excerpt":{"rendered":"<p>Un alpinista fortissimo e fuori dai riflettori.<\/p>\n","protected":false},"author":8325,"featured_media":96862,"comment_status":"open","ping_status":"open","sticky":false,"template":"","format":"standard","meta":{"_acf_changed":false,"footnotes":""},"categories":[79],"tags":[],"class_list":["post-96842","post","type-post","status-publish","format-standard","has-post-thumbnail","hentry","category-libro-di-vetta"],"acf":[],"yoast_head":"<!-- This site is optimized with the Yoast SEO plugin v26.4 - https:\/\/yoast.com\/wordpress\/plugins\/seo\/ -->\n<title>Chi \u00e8 Marc-Andr\u00e8 Leclerc e perch\u00e8 se ne \u00e8 parlato tanto - Sestogrado<\/title>\n<meta name=\"description\" content=\"Un alpinista fortissimo e fuori dai riflettori. Perch\u00e9 ora se ne parla tanto. Marc-Andr\u00e9 Leclerc (10 ottobre 1992 \u2013 5 marzo 2018) \u00e8 stato un alpinista canadese, eccezionale per il controllo mostrato in pareti difficili affrontate spesso in solitaria e free solo, su terreno misto roccia e ghiaccio, morto in giovane et\u00e0 in una circostanza tutt&#039;oggi non chiarita. Cosa ha di diverso da tanti altri alpinisti free soloist e perch\u00e9 se ne parla tanto? Innanzitutto, nel 2021 \u00e8 uscito al cinema un documentario intitolato The Alpinist sulla vita e le sue imprese, uscito in Italia il 7-8-9 marzo 2022 nei cinema aderenti. Marc-Andr\u00e9 \u00e8 un personaggio particolare, un po&#039; fuori dal prototipo (se se ne pu\u00f2 definire uno...) dell&#039;alpinista contemporaneo, slegato da sponsorizzazioni o spedizioni commerciali, fuori dagli schemi e dagli schermi. Infatti, il film-documentario The Alpinist\u00a0mostra per lo pi\u00f9 riprese di un film sulla sua vita che si era iniziato a girare, ma che non fu mai finalizzato, perch\u00e9 Marc-Andr\u00e9 soffriva lo stare di fronte ad una telecamera, la vita ordinaria che delle riprese richiedevano per un periodo, il parlare di s\u00e9, e soprattutto, il mostrarsi ad affrontare vie in free solo con gli addetti alle riprese attorno. Per lui, quello non era pi\u00f9 free solo. Per Marc- Andr\u00e9 l&#039;affrontare vie in solitaria non richiedeva solo il ridotto uso di materiali, ma anche l&#039;assoluta armonia con il contesto e con la roccia o ghiaccio in parete. Per questo, il film sulla sua vita non \u00e8 mai stato terminato: Marc ogni tanto spariva per mesi, senza far sapere dove si trovasse, lasciando detto solo a impresa compiuta cosa avesse fatto.\" \/>\n<meta name=\"robots\" content=\"index, follow, max-snippet:-1, max-image-preview:large, max-video-preview:-1\" \/>\n<link rel=\"canonical\" href=\"https:\/\/www.sestogrado.it\/it\/chi-e-marc-andre-leclerc-e-perche-se-ne-e-parlato-tanto\/\" \/>\n<meta property=\"og:locale\" content=\"it_IT\" \/>\n<meta property=\"og:type\" content=\"article\" \/>\n<meta property=\"og:title\" content=\"Chi \u00e8 Marc-Andr\u00e8 Leclerc e perch\u00e8 se ne \u00e8 parlato tanto - Sestogrado\" \/>\n<meta property=\"og:description\" content=\"Un alpinista fortissimo e fuori dai riflettori. Perch\u00e9 ora se ne parla tanto. Marc-Andr\u00e9 Leclerc (10 ottobre 1992 \u2013 5 marzo 2018) \u00e8 stato un alpinista canadese, eccezionale per il controllo mostrato in pareti difficili affrontate spesso in solitaria e free solo, su terreno misto roccia e ghiaccio, morto in giovane et\u00e0 in una circostanza tutt&#039;oggi non chiarita. Cosa ha di diverso da tanti altri alpinisti free soloist e perch\u00e9 se ne parla tanto? Innanzitutto, nel 2021 \u00e8 uscito al cinema un documentario intitolato The Alpinist sulla vita e le sue imprese, uscito in Italia il 7-8-9 marzo 2022 nei cinema aderenti. Marc-Andr\u00e9 \u00e8 un personaggio particolare, un po&#039; fuori dal prototipo (se se ne pu\u00f2 definire uno...) dell&#039;alpinista contemporaneo, slegato da sponsorizzazioni o spedizioni commerciali, fuori dagli schemi e dagli schermi. Infatti, il film-documentario The Alpinist\u00a0mostra per lo pi\u00f9 riprese di un film sulla sua vita che si era iniziato a girare, ma che non fu mai finalizzato, perch\u00e9 Marc-Andr\u00e9 soffriva lo stare di fronte ad una telecamera, la vita ordinaria che delle riprese richiedevano per un periodo, il parlare di s\u00e9, e soprattutto, il mostrarsi ad affrontare vie in free solo con gli addetti alle riprese attorno. Per lui, quello non era pi\u00f9 free solo. Per Marc- Andr\u00e9 l&#039;affrontare vie in solitaria non richiedeva solo il ridotto uso di materiali, ma anche l&#039;assoluta armonia con il contesto e con la roccia o ghiaccio in parete. Per questo, il film sulla sua vita non \u00e8 mai stato terminato: Marc ogni tanto spariva per mesi, senza far sapere dove si trovasse, lasciando detto solo a impresa compiuta cosa avesse fatto.\" \/>\n<meta property=\"og:url\" content=\"https:\/\/www.sestogrado.it\/it\/chi-e-marc-andre-leclerc-e-perche-se-ne-e-parlato-tanto\/\" \/>\n<meta property=\"og:site_name\" content=\"Sestogrado\" \/>\n<meta property=\"article:publisher\" content=\"https:\/\/www.facebook.com\/pages\/Sestogrado\/1542635979353017?ref=bookmarks\" \/>\n<meta property=\"article:published_time\" content=\"2025-10-01T05:00:51+00:00\" \/>\n<meta property=\"article:modified_time\" content=\"2025-10-01T08:26:37+00:00\" \/>\n<meta property=\"og:image\" content=\"https:\/\/www.sestogrado.it\/wp-content\/uploads\/2022\/03\/aaj-13201215134-1566675273.jpg\" \/>\n\t<meta property=\"og:image:width\" content=\"1657\" \/>\n\t<meta property=\"og:image:height\" content=\"1105\" \/>\n\t<meta property=\"og:image:type\" content=\"image\/jpeg\" \/>\n<meta name=\"author\" content=\"Marketing One\" \/>\n<meta name=\"twitter:label1\" content=\"Scritto da\" \/>\n\t<meta name=\"twitter:data1\" content=\"Marketing One\" \/>\n\t<meta name=\"twitter:label2\" content=\"Tempo di lettura stimato\" \/>\n\t<meta name=\"twitter:data2\" content=\"8 minuti\" \/>\n<script type=\"application\/ld+json\" class=\"yoast-schema-graph\">{\"@context\":\"https:\/\/schema.org\",\"@graph\":[{\"@type\":\"Article\",\"@id\":\"https:\/\/www.sestogrado.it\/chi-e-marc-andre-leclerc-e-perche-se-ne-e-parlato-tanto\/#article\",\"isPartOf\":{\"@id\":\"https:\/\/www.sestogrado.it\/chi-e-marc-andre-leclerc-e-perche-se-ne-e-parlato-tanto\/\"},\"author\":{\"name\":\"Marketing One\",\"@id\":\"https:\/\/www.sestogrado.it\/en\/#\/schema\/person\/87f2f398301094837f98f7dac608b6e6\"},\"headline\":\"Chi \u00e8 Marc-Andr\u00e8 Leclerc e perch\u00e8 se ne \u00e8 parlato tanto\",\"datePublished\":\"2025-10-01T05:00:51+00:00\",\"dateModified\":\"2025-10-01T08:26:37+00:00\",\"mainEntityOfPage\":{\"@id\":\"https:\/\/www.sestogrado.it\/chi-e-marc-andre-leclerc-e-perche-se-ne-e-parlato-tanto\/\"},\"wordCount\":1087,\"commentCount\":0,\"publisher\":{\"@id\":\"https:\/\/www.sestogrado.it\/en\/#organization\"},\"image\":{\"@id\":\"https:\/\/www.sestogrado.it\/chi-e-marc-andre-leclerc-e-perche-se-ne-e-parlato-tanto\/#primaryimage\"},\"thumbnailUrl\":\"https:\/\/www.sestogrado.it\/wp-content\/uploads\/2022\/03\/aaj-13201215134-1566675273.jpg\",\"articleSection\":[\"Libro di vetta\"],\"inLanguage\":\"it-IT\",\"potentialAction\":[{\"@type\":\"CommentAction\",\"name\":\"Comment\",\"target\":[\"https:\/\/www.sestogrado.it\/chi-e-marc-andre-leclerc-e-perche-se-ne-e-parlato-tanto\/#respond\"]}]},{\"@type\":\"WebPage\",\"@id\":\"https:\/\/www.sestogrado.it\/it\/chi-e-marc-andre-leclerc-e-perche-se-ne-e-parlato-tanto\/\",\"url\":\"https:\/\/www.sestogrado.it\/it\/chi-e-marc-andre-leclerc-e-perche-se-ne-e-parlato-tanto\/\",\"name\":\"Chi \u00e8 Marc-Andr\u00e8 Leclerc e perch\u00e8 se ne \u00e8 parlato tanto - Sestogrado\",\"isPartOf\":{\"@id\":\"https:\/\/www.sestogrado.it\/it\/#website\"},\"primaryImageOfPage\":{\"@id\":\"https:\/\/www.sestogrado.it\/it\/chi-e-marc-andre-leclerc-e-perche-se-ne-e-parlato-tanto\/#primaryimage\"},\"image\":{\"@id\":\"https:\/\/www.sestogrado.it\/chi-e-marc-andre-leclerc-e-perche-se-ne-e-parlato-tanto\/#primaryimage\"},\"thumbnailUrl\":\"https:\/\/www.sestogrado.it\/wp-content\/uploads\/2022\/03\/aaj-13201215134-1566675273.jpg\",\"datePublished\":\"2025-10-01T05:00:51+00:00\",\"dateModified\":\"2025-10-01T08:26:37+00:00\",\"description\":\"Un alpinista fortissimo e fuori dai riflettori. Perch\u00e9 ora se ne parla tanto. Marc-Andr\u00e9 Leclerc (10 ottobre 1992 \u2013 5 marzo 2018) \u00e8 stato un alpinista canadese, eccezionale per il controllo mostrato in pareti difficili affrontate spesso in solitaria e free solo, su terreno misto roccia e ghiaccio, morto in giovane et\u00e0 in una circostanza tutt'oggi non chiarita. Cosa ha di diverso da tanti altri alpinisti free soloist e perch\u00e9 se ne parla tanto? Innanzitutto, nel 2021 \u00e8 uscito al cinema un documentario intitolato The Alpinist sulla vita e le sue imprese, uscito in Italia il 7-8-9 marzo 2022 nei cinema aderenti. Marc-Andr\u00e9 \u00e8 un personaggio particolare, un po' fuori dal prototipo (se se ne pu\u00f2 definire uno...) dell'alpinista contemporaneo, slegato da sponsorizzazioni o spedizioni commerciali, fuori dagli schemi e dagli schermi. Infatti, il film-documentario The Alpinist\u00a0mostra per lo pi\u00f9 riprese di un film sulla sua vita che si era iniziato a girare, ma che non fu mai finalizzato, perch\u00e9 Marc-Andr\u00e9 soffriva lo stare di fronte ad una telecamera, la vita ordinaria che delle riprese richiedevano per un periodo, il parlare di s\u00e9, e soprattutto, il mostrarsi ad affrontare vie in free solo con gli addetti alle riprese attorno. Per lui, quello non era pi\u00f9 free solo. Per Marc- Andr\u00e9 l'affrontare vie in solitaria non richiedeva solo il ridotto uso di materiali, ma anche l'assoluta armonia con il contesto e con la roccia o ghiaccio in parete. Per questo, il film sulla sua vita non \u00e8 mai stato terminato: Marc ogni tanto spariva per mesi, senza far sapere dove si trovasse, lasciando detto solo a impresa compiuta cosa avesse fatto.\",\"breadcrumb\":{\"@id\":\"https:\/\/www.sestogrado.it\/it\/chi-e-marc-andre-leclerc-e-perche-se-ne-e-parlato-tanto\/#breadcrumb\"},\"inLanguage\":\"it-IT\",\"potentialAction\":[{\"@type\":\"ReadAction\",\"target\":[[\"https:\/\/www.sestogrado.it\/it\/chi-e-marc-andre-leclerc-e-perche-se-ne-e-parlato-tanto\/\"]]}]},{\"@type\":\"ImageObject\",\"inLanguage\":\"it-IT\",\"@id\":\"https:\/\/www.sestogrado.it\/it\/chi-e-marc-andre-leclerc-e-perche-se-ne-e-parlato-tanto\/#primaryimage\",\"url\":\"https:\/\/www.sestogrado.it\/wp-content\/uploads\/2022\/03\/aaj-13201215134-1566675273.jpg\",\"contentUrl\":\"https:\/\/www.sestogrado.it\/wp-content\/uploads\/2022\/03\/aaj-13201215134-1566675273.jpg\",\"width\":1657,\"height\":1105,\"caption\":\"marc-andr\u00e8 leclerc\"},{\"@type\":\"BreadcrumbList\",\"@id\":\"https:\/\/www.sestogrado.it\/it\/chi-e-marc-andre-leclerc-e-perche-se-ne-e-parlato-tanto\/#breadcrumb\",\"itemListElement\":[{\"@type\":\"ListItem\",\"position\":1,\"name\":\"Home\",\"item\":\"https:\/\/www.sestogrado.it\/it\/\"},{\"@type\":\"ListItem\",\"position\":2,\"name\":\"Chi \u00e8 Marc-Andr\u00e8 Leclerc e perch\u00e8 se ne \u00e8 parlato tanto\"}]},{\"@type\":\"WebSite\",\"@id\":\"https:\/\/www.sestogrado.it\/it\/#website\",\"url\":\"https:\/\/www.sestogrado.it\/it\/\",\"name\":\"Sestogrado\",\"description\":\"yes we climb\",\"publisher\":{\"@id\":\"https:\/\/www.sestogrado.it\/it\/#organization\"},\"potentialAction\":[{\"@type\":\"SearchAction\",\"target\":{\"@type\":\"EntryPoint\",\"urlTemplate\":\"https:\/\/www.sestogrado.it\/it\/?s={search_term_string}\"},\"query-input\":{\"@type\":\"PropertyValueSpecification\",\"valueRequired\":true,\"valueName\":\"search_term_string\"}}],\"inLanguage\":\"it-IT\"},{\"@type\":\"Organization\",\"@id\":\"https:\/\/www.sestogrado.it\/it\/#organization\",\"name\":\"Sestogrado\",\"url\":\"https:\/\/www.sestogrado.it\/it\/\",\"logo\":{\"@type\":\"ImageObject\",\"inLanguage\":\"it-IT\",\"@id\":\"https:\/\/www.sestogrado.it\/it\/#\/schema\/logo\/image\/\",\"url\":\"https:\/\/www.sestogrado.it\/wp-content\/uploads\/2015\/03\/sestogrado-favicon.png\",\"contentUrl\":\"https:\/\/www.sestogrado.it\/wp-content\/uploads\/2015\/03\/sestogrado-favicon.png\",\"width\":260,\"height\":260,\"caption\":\"Sestogrado\"},\"image\":{\"@id\":\"https:\/\/www.sestogrado.it\/it\/#\/schema\/logo\/image\/\"},\"sameAs\":[\"https:\/\/www.facebook.com\/pages\/Sestogrado\/1542635979353017?ref=bookmarks\",\"https:\/\/www.youtube.com\/channel\/UC847kAfTkaJsWpc1jtQwr3Q\"],\"hasMerchantReturnPolicy\":{\"@type\":\"MerchantReturnPolicy\",\"merchantReturnLink\":\"https:\/\/www.sestogrado.it\/it\/termini-e-condizioni\/\"}},{\"@type\":\"Person\",\"@id\":\"https:\/\/www.sestogrado.it\/en\/#\/schema\/person\/87f2f398301094837f98f7dac608b6e6\",\"name\":\"Marketing One\"}]}<\/script>\n<!-- \/ Yoast SEO plugin. -->","yoast_head_json":{"title":"Chi \u00e8 Marc-Andr\u00e8 Leclerc e perch\u00e8 se ne \u00e8 parlato tanto - Sestogrado","description":"Un alpinista fortissimo e fuori dai riflettori. Perch\u00e9 ora se ne parla tanto. Marc-Andr\u00e9 Leclerc (10 ottobre 1992 \u2013 5 marzo 2018) \u00e8 stato un alpinista canadese, eccezionale per il controllo mostrato in pareti difficili affrontate spesso in solitaria e free solo, su terreno misto roccia e ghiaccio, morto in giovane et\u00e0 in una circostanza tutt'oggi non chiarita. Cosa ha di diverso da tanti altri alpinisti free soloist e perch\u00e9 se ne parla tanto? Innanzitutto, nel 2021 \u00e8 uscito al cinema un documentario intitolato The Alpinist sulla vita e le sue imprese, uscito in Italia il 7-8-9 marzo 2022 nei cinema aderenti. Marc-Andr\u00e9 \u00e8 un personaggio particolare, un po' fuori dal prototipo (se se ne pu\u00f2 definire uno...) dell'alpinista contemporaneo, slegato da sponsorizzazioni o spedizioni commerciali, fuori dagli schemi e dagli schermi. Infatti, il film-documentario The Alpinist\u00a0mostra per lo pi\u00f9 riprese di un film sulla sua vita che si era iniziato a girare, ma che non fu mai finalizzato, perch\u00e9 Marc-Andr\u00e9 soffriva lo stare di fronte ad una telecamera, la vita ordinaria che delle riprese richiedevano per un periodo, il parlare di s\u00e9, e soprattutto, il mostrarsi ad affrontare vie in free solo con gli addetti alle riprese attorno. Per lui, quello non era pi\u00f9 free solo. Per Marc- Andr\u00e9 l'affrontare vie in solitaria non richiedeva solo il ridotto uso di materiali, ma anche l'assoluta armonia con il contesto e con la roccia o ghiaccio in parete. Per questo, il film sulla sua vita non \u00e8 mai stato terminato: Marc ogni tanto spariva per mesi, senza far sapere dove si trovasse, lasciando detto solo a impresa compiuta cosa avesse fatto.","robots":{"index":"index","follow":"follow","max-snippet":"max-snippet:-1","max-image-preview":"max-image-preview:large","max-video-preview":"max-video-preview:-1"},"canonical":"https:\/\/www.sestogrado.it\/it\/chi-e-marc-andre-leclerc-e-perche-se-ne-e-parlato-tanto\/","og_locale":"it_IT","og_type":"article","og_title":"Chi \u00e8 Marc-Andr\u00e8 Leclerc e perch\u00e8 se ne \u00e8 parlato tanto - Sestogrado","og_description":"Un alpinista fortissimo e fuori dai riflettori. Perch\u00e9 ora se ne parla tanto. Marc-Andr\u00e9 Leclerc (10 ottobre 1992 \u2013 5 marzo 2018) \u00e8 stato un alpinista canadese, eccezionale per il controllo mostrato in pareti difficili affrontate spesso in solitaria e free solo, su terreno misto roccia e ghiaccio, morto in giovane et\u00e0 in una circostanza tutt'oggi non chiarita. Cosa ha di diverso da tanti altri alpinisti free soloist e perch\u00e9 se ne parla tanto? Innanzitutto, nel 2021 \u00e8 uscito al cinema un documentario intitolato The Alpinist sulla vita e le sue imprese, uscito in Italia il 7-8-9 marzo 2022 nei cinema aderenti. Marc-Andr\u00e9 \u00e8 un personaggio particolare, un po' fuori dal prototipo (se se ne pu\u00f2 definire uno...) dell'alpinista contemporaneo, slegato da sponsorizzazioni o spedizioni commerciali, fuori dagli schemi e dagli schermi. Infatti, il film-documentario The Alpinist\u00a0mostra per lo pi\u00f9 riprese di un film sulla sua vita che si era iniziato a girare, ma che non fu mai finalizzato, perch\u00e9 Marc-Andr\u00e9 soffriva lo stare di fronte ad una telecamera, la vita ordinaria che delle riprese richiedevano per un periodo, il parlare di s\u00e9, e soprattutto, il mostrarsi ad affrontare vie in free solo con gli addetti alle riprese attorno. Per lui, quello non era pi\u00f9 free solo. Per Marc- Andr\u00e9 l'affrontare vie in solitaria non richiedeva solo il ridotto uso di materiali, ma anche l'assoluta armonia con il contesto e con la roccia o ghiaccio in parete. Per questo, il film sulla sua vita non \u00e8 mai stato terminato: Marc ogni tanto spariva per mesi, senza far sapere dove si trovasse, lasciando detto solo a impresa compiuta cosa avesse fatto.","og_url":"https:\/\/www.sestogrado.it\/it\/chi-e-marc-andre-leclerc-e-perche-se-ne-e-parlato-tanto\/","og_site_name":"Sestogrado","article_publisher":"https:\/\/www.facebook.com\/pages\/Sestogrado\/1542635979353017?ref=bookmarks","article_published_time":"2025-10-01T05:00:51+00:00","article_modified_time":"2025-10-01T08:26:37+00:00","og_image":[{"width":1657,"height":1105,"url":"https:\/\/www.sestogrado.it\/wp-content\/uploads\/2022\/03\/aaj-13201215134-1566675273.jpg","type":"image\/jpeg"}],"author":"Marketing One","twitter_misc":{"Scritto da":"Marketing One","Tempo di lettura stimato":"8 minuti"},"schema":{"@context":"https:\/\/schema.org","@graph":[{"@type":"Article","@id":"https:\/\/www.sestogrado.it\/chi-e-marc-andre-leclerc-e-perche-se-ne-e-parlato-tanto\/#article","isPartOf":{"@id":"https:\/\/www.sestogrado.it\/chi-e-marc-andre-leclerc-e-perche-se-ne-e-parlato-tanto\/"},"author":{"name":"Marketing One","@id":"https:\/\/www.sestogrado.it\/en\/#\/schema\/person\/87f2f398301094837f98f7dac608b6e6"},"headline":"Chi \u00e8 Marc-Andr\u00e8 Leclerc e perch\u00e8 se ne \u00e8 parlato tanto","datePublished":"2025-10-01T05:00:51+00:00","dateModified":"2025-10-01T08:26:37+00:00","mainEntityOfPage":{"@id":"https:\/\/www.sestogrado.it\/chi-e-marc-andre-leclerc-e-perche-se-ne-e-parlato-tanto\/"},"wordCount":1087,"commentCount":0,"publisher":{"@id":"https:\/\/www.sestogrado.it\/en\/#organization"},"image":{"@id":"https:\/\/www.sestogrado.it\/chi-e-marc-andre-leclerc-e-perche-se-ne-e-parlato-tanto\/#primaryimage"},"thumbnailUrl":"https:\/\/www.sestogrado.it\/wp-content\/uploads\/2022\/03\/aaj-13201215134-1566675273.jpg","articleSection":["Libro di vetta"],"inLanguage":"it-IT","potentialAction":[{"@type":"CommentAction","name":"Comment","target":["https:\/\/www.sestogrado.it\/chi-e-marc-andre-leclerc-e-perche-se-ne-e-parlato-tanto\/#respond"]}]},{"@type":"WebPage","@id":"https:\/\/www.sestogrado.it\/it\/chi-e-marc-andre-leclerc-e-perche-se-ne-e-parlato-tanto\/","url":"https:\/\/www.sestogrado.it\/it\/chi-e-marc-andre-leclerc-e-perche-se-ne-e-parlato-tanto\/","name":"Chi \u00e8 Marc-Andr\u00e8 Leclerc e perch\u00e8 se ne \u00e8 parlato tanto - Sestogrado","isPartOf":{"@id":"https:\/\/www.sestogrado.it\/it\/#website"},"primaryImageOfPage":{"@id":"https:\/\/www.sestogrado.it\/it\/chi-e-marc-andre-leclerc-e-perche-se-ne-e-parlato-tanto\/#primaryimage"},"image":{"@id":"https:\/\/www.sestogrado.it\/chi-e-marc-andre-leclerc-e-perche-se-ne-e-parlato-tanto\/#primaryimage"},"thumbnailUrl":"https:\/\/www.sestogrado.it\/wp-content\/uploads\/2022\/03\/aaj-13201215134-1566675273.jpg","datePublished":"2025-10-01T05:00:51+00:00","dateModified":"2025-10-01T08:26:37+00:00","description":"Un alpinista fortissimo e fuori dai riflettori. Perch\u00e9 ora se ne parla tanto. Marc-Andr\u00e9 Leclerc (10 ottobre 1992 \u2013 5 marzo 2018) \u00e8 stato un alpinista canadese, eccezionale per il controllo mostrato in pareti difficili affrontate spesso in solitaria e free solo, su terreno misto roccia e ghiaccio, morto in giovane et\u00e0 in una circostanza tutt'oggi non chiarita. Cosa ha di diverso da tanti altri alpinisti free soloist e perch\u00e9 se ne parla tanto? Innanzitutto, nel 2021 \u00e8 uscito al cinema un documentario intitolato The Alpinist sulla vita e le sue imprese, uscito in Italia il 7-8-9 marzo 2022 nei cinema aderenti. Marc-Andr\u00e9 \u00e8 un personaggio particolare, un po' fuori dal prototipo (se se ne pu\u00f2 definire uno...) dell'alpinista contemporaneo, slegato da sponsorizzazioni o spedizioni commerciali, fuori dagli schemi e dagli schermi. Infatti, il film-documentario The Alpinist\u00a0mostra per lo pi\u00f9 riprese di un film sulla sua vita che si era iniziato a girare, ma che non fu mai finalizzato, perch\u00e9 Marc-Andr\u00e9 soffriva lo stare di fronte ad una telecamera, la vita ordinaria che delle riprese richiedevano per un periodo, il parlare di s\u00e9, e soprattutto, il mostrarsi ad affrontare vie in free solo con gli addetti alle riprese attorno. Per lui, quello non era pi\u00f9 free solo. Per Marc- Andr\u00e9 l'affrontare vie in solitaria non richiedeva solo il ridotto uso di materiali, ma anche l'assoluta armonia con il contesto e con la roccia o ghiaccio in parete. Per questo, il film sulla sua vita non \u00e8 mai stato terminato: Marc ogni tanto spariva per mesi, senza far sapere dove si trovasse, lasciando detto solo a impresa compiuta cosa avesse fatto.","breadcrumb":{"@id":"https:\/\/www.sestogrado.it\/it\/chi-e-marc-andre-leclerc-e-perche-se-ne-e-parlato-tanto\/#breadcrumb"},"inLanguage":"it-IT","potentialAction":[{"@type":"ReadAction","target":[["https:\/\/www.sestogrado.it\/it\/chi-e-marc-andre-leclerc-e-perche-se-ne-e-parlato-tanto\/"]]}]},{"@type":"ImageObject","inLanguage":"it-IT","@id":"https:\/\/www.sestogrado.it\/it\/chi-e-marc-andre-leclerc-e-perche-se-ne-e-parlato-tanto\/#primaryimage","url":"https:\/\/www.sestogrado.it\/wp-content\/uploads\/2022\/03\/aaj-13201215134-1566675273.jpg","contentUrl":"https:\/\/www.sestogrado.it\/wp-content\/uploads\/2022\/03\/aaj-13201215134-1566675273.jpg","width":1657,"height":1105,"caption":"marc-andr\u00e8 leclerc"},{"@type":"BreadcrumbList","@id":"https:\/\/www.sestogrado.it\/it\/chi-e-marc-andre-leclerc-e-perche-se-ne-e-parlato-tanto\/#breadcrumb","itemListElement":[{"@type":"ListItem","position":1,"name":"Home","item":"https:\/\/www.sestogrado.it\/it\/"},{"@type":"ListItem","position":2,"name":"Chi \u00e8 Marc-Andr\u00e8 Leclerc e perch\u00e8 se ne \u00e8 parlato tanto"}]},{"@type":"WebSite","@id":"https:\/\/www.sestogrado.it\/it\/#website","url":"https:\/\/www.sestogrado.it\/it\/","name":"Sestogrado","description":"yes we climb","publisher":{"@id":"https:\/\/www.sestogrado.it\/it\/#organization"},"potentialAction":[{"@type":"SearchAction","target":{"@type":"EntryPoint","urlTemplate":"https:\/\/www.sestogrado.it\/it\/?s={search_term_string}"},"query-input":{"@type":"PropertyValueSpecification","valueRequired":true,"valueName":"search_term_string"}}],"inLanguage":"it-IT"},{"@type":"Organization","@id":"https:\/\/www.sestogrado.it\/it\/#organization","name":"Sestogrado","url":"https:\/\/www.sestogrado.it\/it\/","logo":{"@type":"ImageObject","inLanguage":"it-IT","@id":"https:\/\/www.sestogrado.it\/it\/#\/schema\/logo\/image\/","url":"https:\/\/www.sestogrado.it\/wp-content\/uploads\/2015\/03\/sestogrado-favicon.png","contentUrl":"https:\/\/www.sestogrado.it\/wp-content\/uploads\/2015\/03\/sestogrado-favicon.png","width":260,"height":260,"caption":"Sestogrado"},"image":{"@id":"https:\/\/www.sestogrado.it\/it\/#\/schema\/logo\/image\/"},"sameAs":["https:\/\/www.facebook.com\/pages\/Sestogrado\/1542635979353017?ref=bookmarks","https:\/\/www.youtube.com\/channel\/UC847kAfTkaJsWpc1jtQwr3Q"],"hasMerchantReturnPolicy":{"@type":"MerchantReturnPolicy","merchantReturnLink":"https:\/\/www.sestogrado.it\/it\/termini-e-condizioni\/"}},{"@type":"Person","@id":"https:\/\/www.sestogrado.it\/en\/#\/schema\/person\/87f2f398301094837f98f7dac608b6e6","name":"Marketing One"}]}},"_links":{"self":[{"href":"https:\/\/www.sestogrado.it\/it\/wp-json\/wp\/v2\/posts\/96842","targetHints":{"allow":["GET"]}}],"collection":[{"href":"https:\/\/www.sestogrado.it\/it\/wp-json\/wp\/v2\/posts"}],"about":[{"href":"https:\/\/www.sestogrado.it\/it\/wp-json\/wp\/v2\/types\/post"}],"author":[{"embeddable":true,"href":"https:\/\/www.sestogrado.it\/it\/wp-json\/wp\/v2\/users\/8325"}],"replies":[{"embeddable":true,"href":"https:\/\/www.sestogrado.it\/it\/wp-json\/wp\/v2\/comments?post=96842"}],"version-history":[{"count":1,"href":"https:\/\/www.sestogrado.it\/it\/wp-json\/wp\/v2\/posts\/96842\/revisions"}],"predecessor-version":[{"id":201689,"href":"https:\/\/www.sestogrado.it\/it\/wp-json\/wp\/v2\/posts\/96842\/revisions\/201689"}],"wp:featuredmedia":[{"embeddable":true,"href":"https:\/\/www.sestogrado.it\/it\/wp-json\/wp\/v2\/media\/96862"}],"wp:attachment":[{"href":"https:\/\/www.sestogrado.it\/it\/wp-json\/wp\/v2\/media?parent=96842"}],"wp:term":[{"taxonomy":"category","embeddable":true,"href":"https:\/\/www.sestogrado.it\/it\/wp-json\/wp\/v2\/categories?post=96842"},{"taxonomy":"post_tag","embeddable":true,"href":"https:\/\/www.sestogrado.it\/it\/wp-json\/wp\/v2\/tags?post=96842"}],"curies":[{"name":"wp","href":"https:\/\/api.w.org\/{rel}","templated":true}]}}