{"id":85605,"date":"2026-03-05T06:00:20","date_gmt":"2026-03-05T05:00:20","guid":{"rendered":"https:\/\/www.sestogrado.it\/?p=85605"},"modified":"2026-03-05T09:23:22","modified_gmt":"2026-03-05T08:23:22","slug":"vie-ferrate-a-bassa-quota","status":"publish","type":"post","link":"https:\/\/www.sestogrado.it\/it\/vie-ferrate-a-bassa-quota\/","title":{"rendered":"Vie Ferrate a bassa quota"},"content":{"rendered":"<p>Per gli irriducibili delle vie ferrate che vogliono continuare a percorrerle anche nei mesi invernali, ci sono diversi itinerari da compiere a bassa quota, evitando il rischio di trovare percorsi innevati, inagibili e quindi pericolosi. Ci sono numerose ferrate scalabili anche nei mesi &#8220;freddi&#8221;, perch\u00e8 situate a bassa quota e con esposizione favorevole al sole.<\/p>\n<p>Si tratta prevalentemente di vie ferrate di recente realizzazione, con una <strong>concezione di tipo moderno<\/strong>, quindi particolarmente attenta alla sicurezza e talvolta ingaggianti dal punto di vista atletico.<\/p>\n<p>&nbsp;<\/p>\n<h3>Vie ferrate tradizionali e moderne<\/h3>\n<p>Le vie ferrate sono nate per <strong>aiutare la progressione su pareti rocciose<\/strong> tramite l&#8217;ausilio di attrezzi artificiali, quali staffe, cambre, ponti, chiodi, scale e altri strumenti di metallo. L&#8217;assicurazione su cavo d&#8217;acciaio conferisce passo fermo e sicuro e consente di superare anche barriere psicologiche legate al senso di vuoto, sebbene nelle primissime vie ferrate, il cavo faceva da corrimano pi\u00f9 che da punto di assicurazione. Le ferrate tradizionali, di stampo alpinistico e dolomitico, per esempio, percorrono tutt&#8217;oggi<strong> le vie di guerra, trincee ed i tunnel<\/strong> frequentati dagli alpini o<strong> le vie di salita dei primi apritori<\/strong>.<\/p>\n<p>In seguito, la tendenza \u00e8 stata quella di crearne di nuove, servendosi dei punti pi\u00f9 deboli della parete, per salire in vetta <strong>anche senza nozioni d&#8217;arrampicata o alpinistiche<\/strong>, proponendo scalate &#8220;turistiche&#8221; (ma molto intense) immerse in un panorama spettacolare altrimenti precluso ai pi\u00f9. Se ti manca il set, puoi trovare diversi kit in offerta <a href=\"https:\/\/www.sestogrado.it\/it\/categoria-prodotto\/via-ferrata\/\" target=\"_blank\" rel=\"noopener\">qui<\/a>.<\/p>\n<p>Le ferrate nate negli ultimi anni si distinguono da quelle di vecchia concezione per la <strong>maggior difficolt\u00e0 tecnica e fisica di salita<\/strong>. Le ferrate moderne, spesso, non seguono obbligatoriamente una logica alpinista di salita nella parte pi\u00f9 debole della montagna, anzi, procedono come una linea retta nel versante scelto con l&#8217;aggiunta di gradini, paletti, scalette e ferri vari per aiutare la progressione.<\/p>\n<figure id=\"attachment_85944\" aria-describedby=\"caption-attachment-85944\" style=\"width: 721px\" class=\"wp-caption alignnone\"><img decoding=\"async\" class=\"img-fluid wp-image-85944\" src=\"https:\/\/www.sestogrado.it\/wp-content\/uploads\/2021\/11\/image3.jpeg\" alt=\"Via ferrata moderna\" width=\"721\" height=\"541\" srcset=\"https:\/\/www.sestogrado.it\/wp-content\/uploads\/2021\/11\/image3.jpeg 640w, https:\/\/www.sestogrado.it\/wp-content\/uploads\/2021\/11\/image3-300x225.jpeg 300w, https:\/\/www.sestogrado.it\/wp-content\/uploads\/2021\/11\/image3-600x450.jpeg 600w, https:\/\/www.sestogrado.it\/wp-content\/uploads\/2021\/11\/image3-635x476.jpeg 635w, https:\/\/www.sestogrado.it\/wp-content\/uploads\/2021\/11\/image3-107x80.jpeg 107w, https:\/\/www.sestogrado.it\/wp-content\/uploads\/2021\/11\/image3-80x60.jpeg 80w, https:\/\/www.sestogrado.it\/wp-content\/uploads\/2021\/11\/image3-120x90.jpeg 120w\" sizes=\"(max-width: 721px) 100vw, 721px\" \/><figcaption id=\"caption-attachment-85944\" class=\"wp-caption-text\">Via Ferrata della memoria, sul Vajont. Stile moderno di progressione e praticabile fino a met\u00e0 novembre, nevischio escluso<\/figcaption><\/figure>\n<p>&nbsp;<\/p>\n<p>Altre caratteristiche che denotano le ferrate moderne sportive sono l&#8217;avvicinamento quasi inesistente e\/o la via di rientro semplice e corta e la presenza di impianti di risalita o di punti di appoggio quali rifugi, bivacchi etc; quindi una situazione geografica che garantisce un certo grado di sicurezza.<\/p>\n<p>Il dislivello, spesso contenuto entro i 400 metri, richiede <strong>atletici<\/strong>, con uno stile di arrampicata molto fisico e di <strong>forza nelle braccia<\/strong>. Infatti, in queste ferrate si percepisce una sostenuta <strong>esposizione e verticalit\u00e0<\/strong>, con passaggi anche strapiombanti, in cui \u00e8 fondamentale conoscere le basi del caricamento laterale in arrampicata o contare su braccia resistenti e potenti.<\/p>\n<p>Infine, l&#8217;ultima caratteristica che caratterizza questa tipologia di ferrate \u00e8 spesso l&#8217;assenza di un punto di arrivo come una cima vera e propria.<\/p>\n<p>Infatti, mentre una volta le ferrate erano considerate un &#8220;aiuto&#8221; per salire pareti e monti altrimenti inaccessibili a chi non possedeva attrezzatura e conoscenze alpinistiche per giungere in vetta, ora sono viste come un viaggio emozionante e duro, breve ma intenso, senza attribuire un valore alla vetta in s\u00e9. Insomma, conta pi\u00f9 il viaggio della meta!<\/p>\n<figure id=\"attachment_85983\" aria-describedby=\"caption-attachment-85983\" style=\"width: 900px\" class=\"wp-caption alignnone\"><img decoding=\"async\" class=\"img-fluid wp-image-85983\" src=\"https:\/\/www.sestogrado.it\/wp-content\/uploads\/2021\/11\/03_via-ferrata-cima-capi-lake-garda-gardasee.jpg\" alt=\"vie ferrate Alto Garda\" width=\"900\" height=\"675\" srcset=\"https:\/\/www.sestogrado.it\/wp-content\/uploads\/2021\/11\/03_via-ferrata-cima-capi-lake-garda-gardasee.jpg 1100w, https:\/\/www.sestogrado.it\/wp-content\/uploads\/2021\/11\/03_via-ferrata-cima-capi-lake-garda-gardasee-750x563.jpg 750w, https:\/\/www.sestogrado.it\/wp-content\/uploads\/2021\/11\/03_via-ferrata-cima-capi-lake-garda-gardasee-300x225.jpg 300w, https:\/\/www.sestogrado.it\/wp-content\/uploads\/2021\/11\/03_via-ferrata-cima-capi-lake-garda-gardasee-1024x768.jpg 1024w, https:\/\/www.sestogrado.it\/wp-content\/uploads\/2021\/11\/03_via-ferrata-cima-capi-lake-garda-gardasee-768x576.jpg 768w, https:\/\/www.sestogrado.it\/wp-content\/uploads\/2021\/11\/03_via-ferrata-cima-capi-lake-garda-gardasee-600x450.jpg 600w, https:\/\/www.sestogrado.it\/wp-content\/uploads\/2021\/11\/03_via-ferrata-cima-capi-lake-garda-gardasee-635x476.jpg 635w, https:\/\/www.sestogrado.it\/wp-content\/uploads\/2021\/11\/03_via-ferrata-cima-capi-lake-garda-gardasee-107x80.jpg 107w, https:\/\/www.sestogrado.it\/wp-content\/uploads\/2021\/11\/03_via-ferrata-cima-capi-lake-garda-gardasee-80x60.jpg 80w, https:\/\/www.sestogrado.it\/wp-content\/uploads\/2021\/11\/03_via-ferrata-cima-capi-lake-garda-gardasee-120x90.jpg 120w\" sizes=\"(max-width: 900px) 100vw, 900px\" \/><figcaption id=\"caption-attachment-85983\" class=\"wp-caption-text\">Via Ferrata Cima Capi nell&#8217;Alto Garda<\/figcaption><\/figure>\n<h3>Vie Ferrate Moderne Invernali<\/h3>\n<p>La maggior parte delle ferrate invernali sono di tipo moderno e sportivo, con le caratteristiche sopra menzionate, quali la verticalit\u00e0, l&#8217;esposizione ma anche il comfort di avere punti di appoggio vicini.<\/p>\n<p>Un esempio di Vie Ferrate moderne invernali molto apprezzate sono quelle dell&#8217;Alto Garda, praticabili dalla sponda lombarda, trentina e veneta del lago.<\/p>\n<p>Immerse in un paesaggio unico, tra l&#8217;azzurro del cielo e quello del lago, regalano emozioni intense soprattutto a chi le scopre fuori stagione, in tranquillit\u00e0 e silenzio.<\/p>\n<p>L\u2019alta frequentazione riguarda i pochi e conosciuti itinerari, mentre altre opportunit\u00e0 pi\u00f9 selvagge ed esposte vengono quasi escluse, in quanto meno conosciute. Con <a href=\"https:\/\/www.sestogrado.it\/it\/prodotto\/idea-montagna-ferrate-dellalto-garda\/\" target=\"_blank\" rel=\"noopener\">questa guida<\/a> puoi immergerti nei panorami dell&#8217;Alto Garda e rimanere allenato tutto l&#8217;anno, anche con temperature rigide!<\/p>\n<p>Un altro esempio di via ferrata di concezione moderna, invernale e a bassa quota \u00e8 la <a href=\"https:\/\/www.sestogrado.it\/it\/prodotto\/idea-montagna-ferrate-moderne-e-sportive\/\" target=\"_blank\" rel=\"noopener\">Ferrata Anelli delle Anguane<\/a>, nella zona di Val d&#8217;Astico, non lontana dalla citt\u00e0 di Vicenza.<\/p>\n<p><img decoding=\"async\" class=\"img-fluid alignnone wp-image-85976\" src=\"https:\/\/www.sestogrado.it\/wp-content\/uploads\/2021\/11\/66480.jpg\" alt=\"via ferrata anelli anguane\" width=\"900\" height=\"675\" srcset=\"https:\/\/www.sestogrado.it\/wp-content\/uploads\/2021\/11\/66480.jpg 848w, https:\/\/www.sestogrado.it\/wp-content\/uploads\/2021\/11\/66480-750x563.jpg 750w, https:\/\/www.sestogrado.it\/wp-content\/uploads\/2021\/11\/66480-300x225.jpg 300w, https:\/\/www.sestogrado.it\/wp-content\/uploads\/2021\/11\/66480-768x576.jpg 768w, https:\/\/www.sestogrado.it\/wp-content\/uploads\/2021\/11\/66480-600x450.jpg 600w, https:\/\/www.sestogrado.it\/wp-content\/uploads\/2021\/11\/66480-635x476.jpg 635w, https:\/\/www.sestogrado.it\/wp-content\/uploads\/2021\/11\/66480-107x80.jpg 107w, https:\/\/www.sestogrado.it\/wp-content\/uploads\/2021\/11\/66480-80x60.jpg 80w, https:\/\/www.sestogrado.it\/wp-content\/uploads\/2021\/11\/66480-120x90.jpg 120w\" sizes=\"(max-width: 900px) 100vw, 900px\" \/><\/p>\n<h3>Via Ferrata Anelli delle Anguane: un parco giochi per cimentarsi in prove atletiche su roccia<\/h3>\n<p>In realt\u00e0 non si tratta di una sola ferrata, bens\u00ec di una <strong>rete di vie ferrate<\/strong> che si incrociano in vari punti in parete, riconoscibili per il colore e differenziate per difficolt\u00e0.<\/p>\n<p>La zona del Sojo di Mezzogiorno, sopra la Val d&#8217;Astico, in cui le ferrate sono disposte \u00e8 facilmente raggiungibile con l&#8217;auto e con 25 minuti di avvicinamento.<\/p>\n<p>I diversi percorsi si dividono in diversi colori e si sviluppano in 300 metri, tra ferrate vere e proprie, cenge, terrazzamenti e tratti escursionistici.<\/p>\n<p>L&#8217;ampia presenza di staffe e cambre, alterna tratti facili con tratti estremamente difficili, tra salti verticali, cenge esposte, traversi, ponti tibetani, e rende varia e alternativa la ferrata fino al totale completamento, anche in pi\u00f9 turni, del giro totale di tutte le 11 vie attrezzate.<\/p>\n<p>Praticabile in inverno per via della bassa quota di partenza e arrivo in cui \u00e8 situata (massimo 750mt), per i pi\u00f9 freddolosi \u00e8 consigliata dopo mezzogiorno, considerata l&#8217;esposizione ovest.<\/p>\n<figure id=\"attachment_85977\" aria-describedby=\"caption-attachment-85977\" style=\"width: 1000px\" class=\"wp-caption alignnone\"><img decoding=\"async\" class=\"img-fluid wp-image-85977\" src=\"https:\/\/www.sestogrado.it\/wp-content\/uploads\/2021\/11\/pannello_paese_.jpg\" alt=\"via ferrata anelli anguane\" width=\"1000\" height=\"555\" srcset=\"https:\/\/www.sestogrado.it\/wp-content\/uploads\/2021\/11\/pannello_paese_.jpg 1200w, https:\/\/www.sestogrado.it\/wp-content\/uploads\/2021\/11\/pannello_paese_-750x416.jpg 750w, https:\/\/www.sestogrado.it\/wp-content\/uploads\/2021\/11\/pannello_paese_-300x167.jpg 300w, https:\/\/www.sestogrado.it\/wp-content\/uploads\/2021\/11\/pannello_paese_-1024x568.jpg 1024w, https:\/\/www.sestogrado.it\/wp-content\/uploads\/2021\/11\/pannello_paese_-768x426.jpg 768w, https:\/\/www.sestogrado.it\/wp-content\/uploads\/2021\/11\/pannello_paese_-635x352.jpg 635w, https:\/\/www.sestogrado.it\/wp-content\/uploads\/2021\/11\/pannello_paese_-144x80.jpg 144w, https:\/\/www.sestogrado.it\/wp-content\/uploads\/2021\/11\/pannello_paese_-108x60.jpg 108w, https:\/\/www.sestogrado.it\/wp-content\/uploads\/2021\/11\/pannello_paese_-162x90.jpg 162w\" sizes=\"(max-width: 1000px) 100vw, 1000px\" \/><figcaption id=\"caption-attachment-85977\" class=\"wp-caption-text\">Mappatura via ferrata con i vari sentieri<\/figcaption><\/figure>\n<h3>Tra le pi\u00f9 dure ferrate di concezione &#8220;moderna&#8221;<\/h3>\n<p>Nel percorso nero, la ferrata Anelli delle Anguane si presenta come molto selettiva. Banco di prova per l&#8217;esposizione, ma anche per il gesto atletico e la forza nelle braccia richiesta per superare i tratti strapiombanti, non \u00e8 adatta a tutti. Andando per gradi, invece, passando dal percorso blu al nero, risulta una proposta graduale per adattarsi alla scalata su roccia esposta, rimanendo per\u00f2 in un ambiente rassicurante grazie al cavo d&#8217;assicurazione sempre presente. Interessante anche la possibilit\u00e0 di scappatoia ravvicinata ai primi metri, utile come &#8220;auto-selezione&#8221; per comprendere se quel tipo di percorso possa fare al caso nostro, se alle prime armi, o addirittura alla prima ferrata.<\/p>\n<p>Goditi il video della Via ferrata del Varmost (Forni di Sopra-UD), sportiva e richiedente passo atletico e resistenza di braccia, con ponte tibetano sospeso nel vuoto:<\/p>\n<p><iframe src=\"\/\/www.youtube.com\/embed\/6utiysY97lg\" width=\"560\" height=\"314\" allowfullscreen=\"allowfullscreen\"><\/iframe><\/p>\n<p>&nbsp;<\/p>\n<p>&nbsp;<\/p>\n<p>Sestogrado &#8211; yes, we climb.<\/p>","protected":false},"excerpt":{"rendered":"<p>Ferrate sportive praticabili nei mesi freddi.<\/p>\n","protected":false},"author":8325,"featured_media":86736,"comment_status":"open","ping_status":"open","sticky":false,"template":"","format":"standard","meta":{"_acf_changed":false,"footnotes":""},"categories":[79],"tags":[997,999,1011,1009,1008,1010,1004,1002,1012,1007,1005,1006,1001,998,1000,1003],"class_list":["post-85605","post","type-post","status-publish","format-standard","has-post-thumbnail","hentry","category-libro-di-vetta","tag-ferrata","tag-ferrata-anguane","tag-ferrata-cima-capi","tag-ferrata-memoria","tag-ferrata-vajont","tag-ferrata-varmost","tag-ferrate-alto-garda","tag-ferrate-atletiche","tag-ferrate-da-fare-in-inverno","tag-ferrate-dicembre","tag-ferrate-invernali","tag-ferrate-mesi-freddi","tag-ferrate-moderne","tag-via-ferrata","tag-via-ferrata-anguane","tag-vie-ferrate-garda"],"acf":[],"yoast_head":"<!-- This site is optimized with the Yoast SEO plugin v26.4 - https:\/\/yoast.com\/wordpress\/plugins\/seo\/ -->\n<title>Vie Ferrate a bassa quota - Sestogrado<\/title>\n<meta name=\"description\" content=\"Per gli irriducibili delle vie ferrate che vogliono continuare a percorrerle anche nei mesi autunnali ed invernali, ci sono diversi itinerari da compiere a bassa quota, evitando il rischio di trovare percorsi innevati, inagibili e quindi pericolosi. Ci sono numerose ferrate scalabili anche nei mesi &quot;freddi&quot;, perch\u00e8 situate a bassa quota e con esposizione favorevole al sole.Si tratta prevalentemente di vie ferrate di recente realizzazione, con una concezione di tipo moderno, quindi particolarmente attenta alla sicurezza e talvolta ingaggianti dal punto di vista atletico.\" \/>\n<meta name=\"robots\" content=\"index, follow, max-snippet:-1, max-image-preview:large, max-video-preview:-1\" \/>\n<link rel=\"canonical\" href=\"https:\/\/www.sestogrado.it\/it\/vie-ferrate-a-bassa-quota\/\" \/>\n<meta property=\"og:locale\" content=\"it_IT\" \/>\n<meta property=\"og:type\" content=\"article\" \/>\n<meta property=\"og:title\" content=\"Vie Ferrate a bassa quota - Sestogrado\" \/>\n<meta property=\"og:description\" content=\"Per gli irriducibili delle vie ferrate che vogliono continuare a percorrerle anche nei mesi autunnali ed invernali, ci sono diversi itinerari da compiere a bassa quota, evitando il rischio di trovare percorsi innevati, inagibili e quindi pericolosi. Ci sono numerose ferrate scalabili anche nei mesi &quot;freddi&quot;, perch\u00e8 situate a bassa quota e con esposizione favorevole al sole.Si tratta prevalentemente di vie ferrate di recente realizzazione, con una concezione di tipo moderno, quindi particolarmente attenta alla sicurezza e talvolta ingaggianti dal punto di vista atletico.\" \/>\n<meta property=\"og:url\" content=\"https:\/\/www.sestogrado.it\/it\/vie-ferrate-a-bassa-quota\/\" \/>\n<meta property=\"og:site_name\" content=\"Sestogrado\" \/>\n<meta property=\"article:publisher\" content=\"https:\/\/www.facebook.com\/pages\/Sestogrado\/1542635979353017?ref=bookmarks\" \/>\n<meta property=\"article:published_time\" content=\"2026-03-05T05:00:20+00:00\" \/>\n<meta property=\"article:modified_time\" content=\"2026-03-05T08:23:22+00:00\" \/>\n<meta property=\"og:image\" content=\"https:\/\/www.sestogrado.it\/wp-content\/uploads\/2021\/11\/cop-1.jpg\" \/>\n\t<meta property=\"og:image:width\" content=\"1200\" \/>\n\t<meta property=\"og:image:height\" content=\"900\" \/>\n\t<meta property=\"og:image:type\" content=\"image\/jpeg\" \/>\n<meta name=\"author\" content=\"Marketing One\" \/>\n<meta name=\"twitter:label1\" content=\"Scritto da\" \/>\n\t<meta name=\"twitter:data1\" content=\"Marketing One\" \/>\n\t<meta name=\"twitter:label2\" content=\"Tempo di lettura stimato\" \/>\n\t<meta name=\"twitter:data2\" content=\"7 minuti\" \/>\n<script type=\"application\/ld+json\" class=\"yoast-schema-graph\">{\"@context\":\"https:\/\/schema.org\",\"@graph\":[{\"@type\":\"Article\",\"@id\":\"https:\/\/www.sestogrado.it\/vie-ferrate-a-bassa-quota\/#article\",\"isPartOf\":{\"@id\":\"https:\/\/www.sestogrado.it\/vie-ferrate-a-bassa-quota\/\"},\"author\":{\"name\":\"Marketing One\",\"@id\":\"https:\/\/www.sestogrado.it\/en\/#\/schema\/person\/87f2f398301094837f98f7dac608b6e6\"},\"headline\":\"Vie Ferrate a bassa quota\",\"datePublished\":\"2026-03-05T05:00:20+00:00\",\"dateModified\":\"2026-03-05T08:23:22+00:00\",\"mainEntityOfPage\":{\"@id\":\"https:\/\/www.sestogrado.it\/vie-ferrate-a-bassa-quota\/\"},\"wordCount\":1031,\"commentCount\":0,\"publisher\":{\"@id\":\"https:\/\/www.sestogrado.it\/en\/#organization\"},\"image\":{\"@id\":\"https:\/\/www.sestogrado.it\/vie-ferrate-a-bassa-quota\/#primaryimage\"},\"thumbnailUrl\":\"https:\/\/www.sestogrado.it\/wp-content\/uploads\/2021\/11\/cop-1.jpg\",\"keywords\":[\"ferrata\",\"ferrata anguane\",\"ferrata cima capi\",\"ferrata memoria\",\"ferrata vajont\",\"ferrata varmost\",\"ferrate alto garda\",\"ferrate atletiche\",\"ferrate da fare in inverno\",\"ferrate dicembre\",\"ferrate invernali\",\"ferrate mesi freddi\",\"ferrate moderne\",\"via ferrata\",\"via ferrata anguane\",\"vie ferrate garda\"],\"articleSection\":[\"Libro di vetta\"],\"inLanguage\":\"it-IT\",\"potentialAction\":[{\"@type\":\"CommentAction\",\"name\":\"Comment\",\"target\":[\"https:\/\/www.sestogrado.it\/vie-ferrate-a-bassa-quota\/#respond\"]}]},{\"@type\":\"WebPage\",\"@id\":\"https:\/\/www.sestogrado.it\/it\/vie-ferrate-a-bassa-quota\/\",\"url\":\"https:\/\/www.sestogrado.it\/it\/vie-ferrate-a-bassa-quota\/\",\"name\":\"Vie Ferrate a bassa quota - Sestogrado\",\"isPartOf\":{\"@id\":\"https:\/\/www.sestogrado.it\/it\/#website\"},\"primaryImageOfPage\":{\"@id\":\"https:\/\/www.sestogrado.it\/it\/vie-ferrate-a-bassa-quota\/#primaryimage\"},\"image\":{\"@id\":\"https:\/\/www.sestogrado.it\/vie-ferrate-a-bassa-quota\/#primaryimage\"},\"thumbnailUrl\":\"https:\/\/www.sestogrado.it\/wp-content\/uploads\/2021\/11\/cop-1.jpg\",\"datePublished\":\"2026-03-05T05:00:20+00:00\",\"dateModified\":\"2026-03-05T08:23:22+00:00\",\"description\":\"Per gli irriducibili delle vie ferrate che vogliono continuare a percorrerle anche nei mesi autunnali ed invernali, ci sono diversi itinerari da compiere a bassa quota, evitando il rischio di trovare percorsi innevati, inagibili e quindi pericolosi. Ci sono numerose ferrate scalabili anche nei mesi \\\"freddi\\\", perch\u00e8 situate a bassa quota e con esposizione favorevole al sole.Si tratta prevalentemente di vie ferrate di recente realizzazione, con una concezione di tipo moderno, quindi particolarmente attenta alla sicurezza e talvolta ingaggianti dal punto di vista atletico.\",\"breadcrumb\":{\"@id\":\"https:\/\/www.sestogrado.it\/it\/vie-ferrate-a-bassa-quota\/#breadcrumb\"},\"inLanguage\":\"it-IT\",\"potentialAction\":[{\"@type\":\"ReadAction\",\"target\":[[\"https:\/\/www.sestogrado.it\/it\/vie-ferrate-a-bassa-quota\/\"]]}]},{\"@type\":\"ImageObject\",\"inLanguage\":\"it-IT\",\"@id\":\"https:\/\/www.sestogrado.it\/it\/vie-ferrate-a-bassa-quota\/#primaryimage\",\"url\":\"https:\/\/www.sestogrado.it\/wp-content\/uploads\/2021\/11\/cop-1.jpg\",\"contentUrl\":\"https:\/\/www.sestogrado.it\/wp-content\/uploads\/2021\/11\/cop-1.jpg\",\"width\":1200,\"height\":900,\"caption\":\"ferrate invernali\"},{\"@type\":\"BreadcrumbList\",\"@id\":\"https:\/\/www.sestogrado.it\/it\/vie-ferrate-a-bassa-quota\/#breadcrumb\",\"itemListElement\":[{\"@type\":\"ListItem\",\"position\":1,\"name\":\"Home\",\"item\":\"https:\/\/www.sestogrado.it\/it\/\"},{\"@type\":\"ListItem\",\"position\":2,\"name\":\"Vie Ferrate a bassa quota\"}]},{\"@type\":\"WebSite\",\"@id\":\"https:\/\/www.sestogrado.it\/it\/#website\",\"url\":\"https:\/\/www.sestogrado.it\/it\/\",\"name\":\"Sestogrado\",\"description\":\"yes we climb\",\"publisher\":{\"@id\":\"https:\/\/www.sestogrado.it\/it\/#organization\"},\"potentialAction\":[{\"@type\":\"SearchAction\",\"target\":{\"@type\":\"EntryPoint\",\"urlTemplate\":\"https:\/\/www.sestogrado.it\/it\/?s={search_term_string}\"},\"query-input\":{\"@type\":\"PropertyValueSpecification\",\"valueRequired\":true,\"valueName\":\"search_term_string\"}}],\"inLanguage\":\"it-IT\"},{\"@type\":\"Organization\",\"@id\":\"https:\/\/www.sestogrado.it\/it\/#organization\",\"name\":\"Sestogrado\",\"url\":\"https:\/\/www.sestogrado.it\/it\/\",\"logo\":{\"@type\":\"ImageObject\",\"inLanguage\":\"it-IT\",\"@id\":\"https:\/\/www.sestogrado.it\/it\/#\/schema\/logo\/image\/\",\"url\":\"https:\/\/www.sestogrado.it\/wp-content\/uploads\/2015\/03\/sestogrado-favicon.png\",\"contentUrl\":\"https:\/\/www.sestogrado.it\/wp-content\/uploads\/2015\/03\/sestogrado-favicon.png\",\"width\":260,\"height\":260,\"caption\":\"Sestogrado\"},\"image\":{\"@id\":\"https:\/\/www.sestogrado.it\/it\/#\/schema\/logo\/image\/\"},\"sameAs\":[\"https:\/\/www.facebook.com\/pages\/Sestogrado\/1542635979353017?ref=bookmarks\",\"https:\/\/www.youtube.com\/channel\/UC847kAfTkaJsWpc1jtQwr3Q\"],\"hasMerchantReturnPolicy\":{\"@type\":\"MerchantReturnPolicy\",\"merchantReturnLink\":\"https:\/\/www.sestogrado.it\/it\/termini-e-condizioni\/\"}},{\"@type\":\"Person\",\"@id\":\"https:\/\/www.sestogrado.it\/en\/#\/schema\/person\/87f2f398301094837f98f7dac608b6e6\",\"name\":\"Marketing One\"}]}<\/script>\n<!-- \/ Yoast SEO plugin. -->","yoast_head_json":{"title":"Vie Ferrate a bassa quota - Sestogrado","description":"Per gli irriducibili delle vie ferrate che vogliono continuare a percorrerle anche nei mesi autunnali ed invernali, ci sono diversi itinerari da compiere a bassa quota, evitando il rischio di trovare percorsi innevati, inagibili e quindi pericolosi. Ci sono numerose ferrate scalabili anche nei mesi \"freddi\", perch\u00e8 situate a bassa quota e con esposizione favorevole al sole.Si tratta prevalentemente di vie ferrate di recente realizzazione, con una concezione di tipo moderno, quindi particolarmente attenta alla sicurezza e talvolta ingaggianti dal punto di vista atletico.","robots":{"index":"index","follow":"follow","max-snippet":"max-snippet:-1","max-image-preview":"max-image-preview:large","max-video-preview":"max-video-preview:-1"},"canonical":"https:\/\/www.sestogrado.it\/it\/vie-ferrate-a-bassa-quota\/","og_locale":"it_IT","og_type":"article","og_title":"Vie Ferrate a bassa quota - Sestogrado","og_description":"Per gli irriducibili delle vie ferrate che vogliono continuare a percorrerle anche nei mesi autunnali ed invernali, ci sono diversi itinerari da compiere a bassa quota, evitando il rischio di trovare percorsi innevati, inagibili e quindi pericolosi. Ci sono numerose ferrate scalabili anche nei mesi \"freddi\", perch\u00e8 situate a bassa quota e con esposizione favorevole al sole.Si tratta prevalentemente di vie ferrate di recente realizzazione, con una concezione di tipo moderno, quindi particolarmente attenta alla sicurezza e talvolta ingaggianti dal punto di vista atletico.","og_url":"https:\/\/www.sestogrado.it\/it\/vie-ferrate-a-bassa-quota\/","og_site_name":"Sestogrado","article_publisher":"https:\/\/www.facebook.com\/pages\/Sestogrado\/1542635979353017?ref=bookmarks","article_published_time":"2026-03-05T05:00:20+00:00","article_modified_time":"2026-03-05T08:23:22+00:00","og_image":[{"width":1200,"height":900,"url":"https:\/\/www.sestogrado.it\/wp-content\/uploads\/2021\/11\/cop-1.jpg","type":"image\/jpeg"}],"author":"Marketing One","twitter_misc":{"Scritto da":"Marketing One","Tempo di lettura stimato":"7 minuti"},"schema":{"@context":"https:\/\/schema.org","@graph":[{"@type":"Article","@id":"https:\/\/www.sestogrado.it\/vie-ferrate-a-bassa-quota\/#article","isPartOf":{"@id":"https:\/\/www.sestogrado.it\/vie-ferrate-a-bassa-quota\/"},"author":{"name":"Marketing One","@id":"https:\/\/www.sestogrado.it\/en\/#\/schema\/person\/87f2f398301094837f98f7dac608b6e6"},"headline":"Vie Ferrate a bassa quota","datePublished":"2026-03-05T05:00:20+00:00","dateModified":"2026-03-05T08:23:22+00:00","mainEntityOfPage":{"@id":"https:\/\/www.sestogrado.it\/vie-ferrate-a-bassa-quota\/"},"wordCount":1031,"commentCount":0,"publisher":{"@id":"https:\/\/www.sestogrado.it\/en\/#organization"},"image":{"@id":"https:\/\/www.sestogrado.it\/vie-ferrate-a-bassa-quota\/#primaryimage"},"thumbnailUrl":"https:\/\/www.sestogrado.it\/wp-content\/uploads\/2021\/11\/cop-1.jpg","keywords":["ferrata","ferrata anguane","ferrata cima capi","ferrata memoria","ferrata vajont","ferrata varmost","ferrate alto garda","ferrate atletiche","ferrate da fare in inverno","ferrate dicembre","ferrate invernali","ferrate mesi freddi","ferrate moderne","via ferrata","via ferrata anguane","vie ferrate garda"],"articleSection":["Libro di vetta"],"inLanguage":"it-IT","potentialAction":[{"@type":"CommentAction","name":"Comment","target":["https:\/\/www.sestogrado.it\/vie-ferrate-a-bassa-quota\/#respond"]}]},{"@type":"WebPage","@id":"https:\/\/www.sestogrado.it\/it\/vie-ferrate-a-bassa-quota\/","url":"https:\/\/www.sestogrado.it\/it\/vie-ferrate-a-bassa-quota\/","name":"Vie Ferrate a bassa quota - Sestogrado","isPartOf":{"@id":"https:\/\/www.sestogrado.it\/it\/#website"},"primaryImageOfPage":{"@id":"https:\/\/www.sestogrado.it\/it\/vie-ferrate-a-bassa-quota\/#primaryimage"},"image":{"@id":"https:\/\/www.sestogrado.it\/vie-ferrate-a-bassa-quota\/#primaryimage"},"thumbnailUrl":"https:\/\/www.sestogrado.it\/wp-content\/uploads\/2021\/11\/cop-1.jpg","datePublished":"2026-03-05T05:00:20+00:00","dateModified":"2026-03-05T08:23:22+00:00","description":"Per gli irriducibili delle vie ferrate che vogliono continuare a percorrerle anche nei mesi autunnali ed invernali, ci sono diversi itinerari da compiere a bassa quota, evitando il rischio di trovare percorsi innevati, inagibili e quindi pericolosi. Ci sono numerose ferrate scalabili anche nei mesi \"freddi\", perch\u00e8 situate a bassa quota e con esposizione favorevole al sole.Si tratta prevalentemente di vie ferrate di recente realizzazione, con una concezione di tipo moderno, quindi particolarmente attenta alla sicurezza e talvolta ingaggianti dal punto di vista atletico.","breadcrumb":{"@id":"https:\/\/www.sestogrado.it\/it\/vie-ferrate-a-bassa-quota\/#breadcrumb"},"inLanguage":"it-IT","potentialAction":[{"@type":"ReadAction","target":[["https:\/\/www.sestogrado.it\/it\/vie-ferrate-a-bassa-quota\/"]]}]},{"@type":"ImageObject","inLanguage":"it-IT","@id":"https:\/\/www.sestogrado.it\/it\/vie-ferrate-a-bassa-quota\/#primaryimage","url":"https:\/\/www.sestogrado.it\/wp-content\/uploads\/2021\/11\/cop-1.jpg","contentUrl":"https:\/\/www.sestogrado.it\/wp-content\/uploads\/2021\/11\/cop-1.jpg","width":1200,"height":900,"caption":"ferrate invernali"},{"@type":"BreadcrumbList","@id":"https:\/\/www.sestogrado.it\/it\/vie-ferrate-a-bassa-quota\/#breadcrumb","itemListElement":[{"@type":"ListItem","position":1,"name":"Home","item":"https:\/\/www.sestogrado.it\/it\/"},{"@type":"ListItem","position":2,"name":"Vie Ferrate a bassa quota"}]},{"@type":"WebSite","@id":"https:\/\/www.sestogrado.it\/it\/#website","url":"https:\/\/www.sestogrado.it\/it\/","name":"Sestogrado","description":"yes we climb","publisher":{"@id":"https:\/\/www.sestogrado.it\/it\/#organization"},"potentialAction":[{"@type":"SearchAction","target":{"@type":"EntryPoint","urlTemplate":"https:\/\/www.sestogrado.it\/it\/?s={search_term_string}"},"query-input":{"@type":"PropertyValueSpecification","valueRequired":true,"valueName":"search_term_string"}}],"inLanguage":"it-IT"},{"@type":"Organization","@id":"https:\/\/www.sestogrado.it\/it\/#organization","name":"Sestogrado","url":"https:\/\/www.sestogrado.it\/it\/","logo":{"@type":"ImageObject","inLanguage":"it-IT","@id":"https:\/\/www.sestogrado.it\/it\/#\/schema\/logo\/image\/","url":"https:\/\/www.sestogrado.it\/wp-content\/uploads\/2015\/03\/sestogrado-favicon.png","contentUrl":"https:\/\/www.sestogrado.it\/wp-content\/uploads\/2015\/03\/sestogrado-favicon.png","width":260,"height":260,"caption":"Sestogrado"},"image":{"@id":"https:\/\/www.sestogrado.it\/it\/#\/schema\/logo\/image\/"},"sameAs":["https:\/\/www.facebook.com\/pages\/Sestogrado\/1542635979353017?ref=bookmarks","https:\/\/www.youtube.com\/channel\/UC847kAfTkaJsWpc1jtQwr3Q"],"hasMerchantReturnPolicy":{"@type":"MerchantReturnPolicy","merchantReturnLink":"https:\/\/www.sestogrado.it\/it\/termini-e-condizioni\/"}},{"@type":"Person","@id":"https:\/\/www.sestogrado.it\/en\/#\/schema\/person\/87f2f398301094837f98f7dac608b6e6","name":"Marketing One"}]}},"_links":{"self":[{"href":"https:\/\/www.sestogrado.it\/it\/wp-json\/wp\/v2\/posts\/85605","targetHints":{"allow":["GET"]}}],"collection":[{"href":"https:\/\/www.sestogrado.it\/it\/wp-json\/wp\/v2\/posts"}],"about":[{"href":"https:\/\/www.sestogrado.it\/it\/wp-json\/wp\/v2\/types\/post"}],"author":[{"embeddable":true,"href":"https:\/\/www.sestogrado.it\/it\/wp-json\/wp\/v2\/users\/8325"}],"replies":[{"embeddable":true,"href":"https:\/\/www.sestogrado.it\/it\/wp-json\/wp\/v2\/comments?post=85605"}],"version-history":[{"count":4,"href":"https:\/\/www.sestogrado.it\/it\/wp-json\/wp\/v2\/posts\/85605\/revisions"}],"predecessor-version":[{"id":212729,"href":"https:\/\/www.sestogrado.it\/it\/wp-json\/wp\/v2\/posts\/85605\/revisions\/212729"}],"wp:featuredmedia":[{"embeddable":true,"href":"https:\/\/www.sestogrado.it\/it\/wp-json\/wp\/v2\/media\/86736"}],"wp:attachment":[{"href":"https:\/\/www.sestogrado.it\/it\/wp-json\/wp\/v2\/media?parent=85605"}],"wp:term":[{"taxonomy":"category","embeddable":true,"href":"https:\/\/www.sestogrado.it\/it\/wp-json\/wp\/v2\/categories?post=85605"},{"taxonomy":"post_tag","embeddable":true,"href":"https:\/\/www.sestogrado.it\/it\/wp-json\/wp\/v2\/tags?post=85605"}],"curies":[{"name":"wp","href":"https:\/\/api.w.org\/{rel}","templated":true}]}}