{"id":60881,"date":"2021-06-23T10:14:43","date_gmt":"2021-06-23T08:14:43","guid":{"rendered":"https:\/\/www.sestogrado.it\/?p=60881"},"modified":"2021-06-23T10:16:25","modified_gmt":"2021-06-23T08:16:25","slug":"come-siamo-messi-con-le-olimpiadi-di-tokyo-e-larrampicata","status":"publish","type":"post","link":"https:\/\/www.sestogrado.it\/it\/come-siamo-messi-con-le-olimpiadi-di-tokyo-e-larrampicata\/","title":{"rendered":"Come siamo messi con le Olimpiadi di Tokyo e l\u2019arrampicata"},"content":{"rendered":"<p>Ecco, ormai ci siamo. Rimandate al 2021 per i ben noti motivi, le Olimpiadi di Tokyo 2020 prenderanno il via il 21 luglio con le prime partite di calcio e badminton (s\u00ec, che Olimpiadi sarebbero senza badminton?). Si inizier\u00e0 gi\u00e0 dal giorno dopo l&#8217;inizio ad assegnare le medaglie. La cerimonia di chiusura \u00e8 programmata per l&#8217;8 agosto.<\/p>\n<p>Dopo anni di attese e tribolazioni l\u2019Arrampicata Sportiva \u00e8 riuscita, per la prima volta nella sua storia, a far parte del programma olimpico delle XXXII Olimpiadi di Tokyo, qualificando tre atleti italiani, due nel maschile, una nel femminile: <strong>Laura Rogora<\/strong>, <strong>Michael Piccolruaz<\/strong> e <strong>Ludovico Fossali<\/strong>.<\/p>\n<p><img decoding=\"async\" class=\"img-fluid wp-image-60889 size-full alignnone\" src=\"https:\/\/www.sestogrado.it\/wp-content\/uploads\/2021\/06\/02-6.jpg\" alt=\"olimpiadi tokyo\" width=\"900\" height=\"601\" srcset=\"https:\/\/www.sestogrado.it\/wp-content\/uploads\/2021\/06\/02-6.jpg 900w, https:\/\/www.sestogrado.it\/wp-content\/uploads\/2021\/06\/02-6-750x501.jpg 750w, https:\/\/www.sestogrado.it\/wp-content\/uploads\/2021\/06\/02-6-300x200.jpg 300w, https:\/\/www.sestogrado.it\/wp-content\/uploads\/2021\/06\/02-6-768x513.jpg 768w, https:\/\/www.sestogrado.it\/wp-content\/uploads\/2021\/06\/02-6-635x424.jpg 635w, https:\/\/www.sestogrado.it\/wp-content\/uploads\/2021\/06\/02-6-120x80.jpg 120w, https:\/\/www.sestogrado.it\/wp-content\/uploads\/2021\/06\/02-6-90x60.jpg 90w, https:\/\/www.sestogrado.it\/wp-content\/uploads\/2021\/06\/02-6-135x90.jpg 135w\" sizes=\"(max-width: 900px) 100vw, 900px\" \/><\/p>\n<p>Qui la lista completa degli atleti qualificati in ordine alfabetico:<\/p>\n<div class=\"table-responsive\"><table class=\"table\" width=\"307\">\n<tbody>\n<tr>\n<td width=\"158\"><strong>FEMMINILE<\/strong><\/td>\n<td width=\"149\"><strong>MASCHILE<\/strong><\/td>\n<\/tr>\n<tr>\n<td>Julia Chanourdie FRA<\/td>\n<td>Jongwon Chon KOR<\/td>\n<\/tr>\n<tr>\n<td>Kyra Condie USA<\/td>\n<td>Nathaniel Coleman USA<\/td>\n<\/tr>\n<tr>\n<td>Shauna Coxsey GBR<\/td>\n<td>Christopher Cosser RSA<\/td>\n<\/tr>\n<tr>\n<td>Janja Garnbret SLO<\/td>\n<td>Colin Duffy USA<\/td>\n<\/tr>\n<tr>\n<td>Anouck Jaubert FRA<\/td>\n<td>Ludovico Fossali ITA<\/td>\n<\/tr>\n<tr>\n<td>Iuliia Kaplina RUS<\/td>\n<td>Alberto Gin\u00e9s L\u00f3pez ESP<\/td>\n<\/tr>\n<tr>\n<td>Petra Klingler SUI<\/td>\n<td>Kai Harada JPN<\/td>\n<\/tr>\n<tr>\n<td>Mia Krampl SLO<\/td>\n<td>Jan Hojer GER<\/td>\n<\/tr>\n<tr>\n<td>Oceania Mackenzie AUS<\/td>\n<td>Rishat Khaibullin KAZ<\/td>\n<\/tr>\n<tr>\n<td>Viktoriia Meshkova RUS<\/td>\n<td>Bassa Mawem FRA<\/td>\n<\/tr>\n<tr>\n<td>Aleksandra Miroslaw POL<\/td>\n<td>Mickael Mawem FRA<\/td>\n<\/tr>\n<tr>\n<td>Akiyo Noguchi JPN<\/td>\n<td>Alexander Megos GER<\/td>\n<\/tr>\n<tr>\n<td>Miho Nonaka JPN<\/td>\n<td>Sean McColl CAN<\/td>\n<\/tr>\n<tr>\n<td>Jessica Pilz AUT<\/td>\n<td>Tomoa Narasaki JPN<\/td>\n<\/tr>\n<tr>\n<td>Brooke Raboutou USA<\/td>\n<td>Adam Ondra CZE<\/td>\n<\/tr>\n<tr>\n<td>Laura Rogora ITA<\/td>\n<td>Tom O&#8217;Halloran AUS<\/td>\n<\/tr>\n<tr>\n<td>Chaehyun Seo KOR<\/td>\n<td>Yufei Pan CHN<\/td>\n<\/tr>\n<tr>\n<td>Yiling Song CHN<\/td>\n<td>Michael Piccolruaz ITA<\/td>\n<\/tr>\n<tr>\n<td>Erin Sterkenburg RSA<\/td>\n<td>Aleksei Rubtsov RUS<\/td>\n<\/tr>\n<tr>\n<td>Alannah Yip CAN<\/td>\n<td>Jakob Schubert AUT<\/td>\n<\/tr>\n<\/tbody>\n<\/table><\/div>\n<p>&nbsp;<\/p>\n<p>Molte speranze azzurre vengono riposte in <strong>Laura Rogora<\/strong>, la fortissima climber romana, negli ultimi anni ci ha abituati a diversi exploit sulla roccia dal 9a in su:<\/p>\n<p><iframe src=\"\/\/www.youtube.com\/embed\/mopkryUJ9qM\" width=\"560\" height=\"314\" allowfullscreen=\"allowfullscreen\"><\/iframe><\/p>\n<p>&nbsp;<\/p>\n<p><img decoding=\"async\" class=\"img-fluid wp-image-60882 size-full alignnone\" src=\"https:\/\/www.sestogrado.it\/wp-content\/uploads\/2021\/06\/ludovico-fossali-c-matteo-pavana2_2.jpg\" alt=\"ludovico fossali\" width=\"640\" height=\"640\" srcset=\"https:\/\/www.sestogrado.it\/wp-content\/uploads\/2021\/06\/ludovico-fossali-c-matteo-pavana2_2.jpg 640w, https:\/\/www.sestogrado.it\/wp-content\/uploads\/2021\/06\/ludovico-fossali-c-matteo-pavana2_2-300x300.jpg 300w, https:\/\/www.sestogrado.it\/wp-content\/uploads\/2021\/06\/ludovico-fossali-c-matteo-pavana2_2-100x100.jpg 100w, https:\/\/www.sestogrado.it\/wp-content\/uploads\/2021\/06\/ludovico-fossali-c-matteo-pavana2_2-150x150.jpg 150w, https:\/\/www.sestogrado.it\/wp-content\/uploads\/2021\/06\/ludovico-fossali-c-matteo-pavana2_2-45x45.jpg 45w, https:\/\/www.sestogrado.it\/wp-content\/uploads\/2021\/06\/ludovico-fossali-c-matteo-pavana2_2-635x635.jpg 635w, https:\/\/www.sestogrado.it\/wp-content\/uploads\/2021\/06\/ludovico-fossali-c-matteo-pavana2_2-220x220.jpg 220w, https:\/\/www.sestogrado.it\/wp-content\/uploads\/2021\/06\/ludovico-fossali-c-matteo-pavana2_2-80x80.jpg 80w, https:\/\/www.sestogrado.it\/wp-content\/uploads\/2021\/06\/ludovico-fossali-c-matteo-pavana2_2-60x60.jpg 60w, https:\/\/www.sestogrado.it\/wp-content\/uploads\/2021\/06\/ludovico-fossali-c-matteo-pavana2_2-90x90.jpg 90w\" sizes=\"(max-width: 640px) 100vw, 640px\" \/><\/p>\n<p><strong>Ludovico Fossali<\/strong> \u00e8 specializzato nella speed. Pratica anche boulder, lead e l&#8217;arrampicata in falesia. \u00c9 detentore del record italiano nella speed di 5.73 secondi effettuato a Wujiang, in Cina durante la Coppa del Mondo 2019.<\/p>\n<p>&nbsp;<\/p>\n<p>&nbsp;<\/p>\n<p><img decoding=\"async\" class=\"img-fluid wp-image-60883 size-full alignnone\" src=\"https:\/\/www.sestogrado.it\/wp-content\/uploads\/2021\/06\/michael-piccolruaz-pf-vladek-zumr_2.jpg\" alt=\"michael-piccolruaz\" width=\"640\" height=\"640\" srcset=\"https:\/\/www.sestogrado.it\/wp-content\/uploads\/2021\/06\/michael-piccolruaz-pf-vladek-zumr_2.jpg 640w, https:\/\/www.sestogrado.it\/wp-content\/uploads\/2021\/06\/michael-piccolruaz-pf-vladek-zumr_2-300x300.jpg 300w, https:\/\/www.sestogrado.it\/wp-content\/uploads\/2021\/06\/michael-piccolruaz-pf-vladek-zumr_2-100x100.jpg 100w, https:\/\/www.sestogrado.it\/wp-content\/uploads\/2021\/06\/michael-piccolruaz-pf-vladek-zumr_2-150x150.jpg 150w, https:\/\/www.sestogrado.it\/wp-content\/uploads\/2021\/06\/michael-piccolruaz-pf-vladek-zumr_2-45x45.jpg 45w, https:\/\/www.sestogrado.it\/wp-content\/uploads\/2021\/06\/michael-piccolruaz-pf-vladek-zumr_2-635x635.jpg 635w, https:\/\/www.sestogrado.it\/wp-content\/uploads\/2021\/06\/michael-piccolruaz-pf-vladek-zumr_2-220x220.jpg 220w, https:\/\/www.sestogrado.it\/wp-content\/uploads\/2021\/06\/michael-piccolruaz-pf-vladek-zumr_2-80x80.jpg 80w, https:\/\/www.sestogrado.it\/wp-content\/uploads\/2021\/06\/michael-piccolruaz-pf-vladek-zumr_2-60x60.jpg 60w, https:\/\/www.sestogrado.it\/wp-content\/uploads\/2021\/06\/michael-piccolruaz-pf-vladek-zumr_2-90x90.jpg 90w\" sizes=\"(max-width: 640px) 100vw, 640px\" \/><\/p>\n<p><strong>Michael Piccolruaz<\/strong>, gardenese classe 1995, \u00e8 la forza trainante della nazionale italiana di boulder e vincitore della Coppa Italia Boulder nel 2013. Ha iniziato la stagione 2014 vincendo la 18 \u00b0 edizione del campionato altoatesino &#8220;Boulder ClimBo&#8221; e conquistando la medaglia d&#8217;argento al Campionato Europeo Giovanile Boulder 2014 ad Arco, nella categoria under 20.<\/p>\n<p>&nbsp;<\/p>\n<p><strong>Come si svolgeranno le gare<\/strong>:<\/p>\n<p>La competizione ai Giochi si svolger\u00e0 su 3 discipline: <strong>lead<\/strong> (classica salita su parete da primo da 15-25 metri), <strong>speed<\/strong> (se non lo avete mai visto, ecco <a href=\"https:\/\/www.youtube.com\/watch?v=RQlTHOUrN6Q\" target=\"_blank\" rel=\"noopener noreferrer\">qui<\/a> Ludovico Fossali in azione) e <strong>boulder<\/strong>.<\/p>\n<p>La medaglia viene assegnata a chi realizza i migliori risultati possibili nelle tre discipline, secondo quello che in gergo olimpionico si definisce \u201ccombinata\u201d e sar\u00e0 ovviamente assegnata una per gli uomini e una per le donne.<\/p>\n<p>&nbsp;<\/p>\n<p><strong>Calendario<\/strong>:<\/p>\n<p>Ad oggi, il calendario, suscettibile di variazioni, prevede che le competizioni di arrampicata di svolgeranno nei giorni tra il 3 ed il 6 agosto all&#8217; Aomi Urban Sports Park.<\/p>\n<p>E precisamente:<\/p>\n<ul>\n<li>marted\u00ec 3 agosto 10:00-15:40<\/li>\n<li>mercoled\u00ec 4 agosto 10:00-15:40<\/li>\n<li>gioved\u00ec 5 agosto 10:30-15:20<\/li>\n<li>venerd\u00ec 6 agosto 10:30-15:20<\/li>\n<\/ul>\n<p>&nbsp;<\/p>","protected":false},"excerpt":{"rendered":"<p>atleti italiani in gara, discipline e calendario<\/p>\n","protected":false},"author":1,"featured_media":60888,"comment_status":"open","ping_status":"open","sticky":false,"template":"","format":"standard","meta":{"_acf_changed":false,"footnotes":""},"categories":[79],"tags":[],"class_list":["post-60881","post","type-post","status-publish","format-standard","has-post-thumbnail","hentry","category-libro-di-vetta"],"acf":[],"yoast_head":"<!-- This site is optimized with the Yoast SEO plugin v26.4 - https:\/\/yoast.com\/wordpress\/plugins\/seo\/ -->\n<title>Come siamo messi con le Olimpiadi di Tokyo e l\u2019arrampicata - Sestogrado<\/title>\n<meta name=\"description\" content=\"atleti italiani in gara, discipline e calendario. Ecco, ormai ci siamo. Rimandate al 2021 per i ben noti motivi, le Olimpiadi di Tokyo 2020 prenderanno il via il 21 luglio con le prime partite di calcio e badminton (s\u00ec, che Olimpiadi sarebbero senza badminton?). Si inizier\u00e0 gi\u00e0 dal giorno dopo l&#039;inizio ad assegnare le medaglie. La cerimonia di chiusura \u00e8 programmata per l&#039;8 agosto.Dopo anni di attese e tribolazioni l\u2019Arrampicata Sportiva \u00e8 riuscita, per la prima volta nella sua storia, a far parte del programma olimpico delle XXXII Olimpiadi di Tokyo, qualificando tre atleti italiani, due nel maschile, una nel femminile: Laura Rogora, Michael Piccolruaz e Ludovico Fossali.\" \/>\n<meta name=\"robots\" content=\"index, follow, max-snippet:-1, max-image-preview:large, max-video-preview:-1\" \/>\n<link rel=\"canonical\" href=\"https:\/\/www.sestogrado.it\/it\/come-siamo-messi-con-le-olimpiadi-di-tokyo-e-larrampicata\/\" \/>\n<meta property=\"og:locale\" content=\"it_IT\" \/>\n<meta property=\"og:type\" content=\"article\" \/>\n<meta property=\"og:title\" content=\"Come siamo messi con le Olimpiadi di Tokyo e l\u2019arrampicata - Sestogrado\" \/>\n<meta property=\"og:description\" content=\"atleti italiani in gara, discipline e calendario. Ecco, ormai ci siamo. Rimandate al 2021 per i ben noti motivi, le Olimpiadi di Tokyo 2020 prenderanno il via il 21 luglio con le prime partite di calcio e badminton (s\u00ec, che Olimpiadi sarebbero senza badminton?). Si inizier\u00e0 gi\u00e0 dal giorno dopo l&#039;inizio ad assegnare le medaglie. La cerimonia di chiusura \u00e8 programmata per l&#039;8 agosto.Dopo anni di attese e tribolazioni l\u2019Arrampicata Sportiva \u00e8 riuscita, per la prima volta nella sua storia, a far parte del programma olimpico delle XXXII Olimpiadi di Tokyo, qualificando tre atleti italiani, due nel maschile, una nel femminile: Laura Rogora, Michael Piccolruaz e Ludovico Fossali.\" \/>\n<meta property=\"og:url\" content=\"https:\/\/www.sestogrado.it\/it\/come-siamo-messi-con-le-olimpiadi-di-tokyo-e-larrampicata\/\" \/>\n<meta property=\"og:site_name\" content=\"Sestogrado\" \/>\n<meta property=\"article:publisher\" content=\"https:\/\/www.facebook.com\/pages\/Sestogrado\/1542635979353017?ref=bookmarks\" \/>\n<meta property=\"article:published_time\" content=\"2021-06-23T08:14:43+00:00\" \/>\n<meta property=\"article:modified_time\" content=\"2021-06-23T08:16:25+00:00\" \/>\n<meta property=\"og:image\" content=\"https:\/\/www.sestogrado.it\/wp-content\/uploads\/2021\/06\/01-6.jpg\" \/>\n\t<meta property=\"og:image:width\" content=\"900\" \/>\n\t<meta property=\"og:image:height\" content=\"675\" \/>\n\t<meta property=\"og:image:type\" content=\"image\/jpeg\" \/>\n<meta name=\"author\" content=\"admin\" \/>\n<meta name=\"twitter:label1\" content=\"Scritto da\" \/>\n\t<meta name=\"twitter:data1\" content=\"admin\" \/>\n\t<meta name=\"twitter:label2\" content=\"Tempo di lettura stimato\" \/>\n\t<meta name=\"twitter:data2\" content=\"3 minuti\" \/>\n<script type=\"application\/ld+json\" class=\"yoast-schema-graph\">{\"@context\":\"https:\/\/schema.org\",\"@graph\":[{\"@type\":\"Article\",\"@id\":\"https:\/\/www.sestogrado.it\/come-siamo-messi-con-le-olimpiadi-di-tokyo-e-larrampicata\/#article\",\"isPartOf\":{\"@id\":\"https:\/\/www.sestogrado.it\/come-siamo-messi-con-le-olimpiadi-di-tokyo-e-larrampicata\/\"},\"author\":{\"name\":\"admin\",\"@id\":\"https:\/\/www.sestogrado.it\/en\/#\/schema\/person\/79f414dc6904c7d2eef9d047c045f445\"},\"headline\":\"Come siamo messi con le Olimpiadi di Tokyo e l\u2019arrampicata\",\"datePublished\":\"2021-06-23T08:14:43+00:00\",\"dateModified\":\"2021-06-23T08:16:25+00:00\",\"mainEntityOfPage\":{\"@id\":\"https:\/\/www.sestogrado.it\/come-siamo-messi-con-le-olimpiadi-di-tokyo-e-larrampicata\/\"},\"wordCount\":477,\"commentCount\":0,\"publisher\":{\"@id\":\"https:\/\/www.sestogrado.it\/en\/#organization\"},\"image\":{\"@id\":\"https:\/\/www.sestogrado.it\/come-siamo-messi-con-le-olimpiadi-di-tokyo-e-larrampicata\/#primaryimage\"},\"thumbnailUrl\":\"https:\/\/www.sestogrado.it\/wp-content\/uploads\/2021\/06\/01-6.jpg\",\"articleSection\":[\"Libro di vetta\"],\"inLanguage\":\"it-IT\",\"potentialAction\":[{\"@type\":\"CommentAction\",\"name\":\"Comment\",\"target\":[\"https:\/\/www.sestogrado.it\/come-siamo-messi-con-le-olimpiadi-di-tokyo-e-larrampicata\/#respond\"]}]},{\"@type\":\"WebPage\",\"@id\":\"https:\/\/www.sestogrado.it\/it\/come-siamo-messi-con-le-olimpiadi-di-tokyo-e-larrampicata\/\",\"url\":\"https:\/\/www.sestogrado.it\/it\/come-siamo-messi-con-le-olimpiadi-di-tokyo-e-larrampicata\/\",\"name\":\"Come siamo messi con le Olimpiadi di Tokyo e l\u2019arrampicata - Sestogrado\",\"isPartOf\":{\"@id\":\"https:\/\/www.sestogrado.it\/it\/#website\"},\"primaryImageOfPage\":{\"@id\":\"https:\/\/www.sestogrado.it\/it\/come-siamo-messi-con-le-olimpiadi-di-tokyo-e-larrampicata\/#primaryimage\"},\"image\":{\"@id\":\"https:\/\/www.sestogrado.it\/come-siamo-messi-con-le-olimpiadi-di-tokyo-e-larrampicata\/#primaryimage\"},\"thumbnailUrl\":\"https:\/\/www.sestogrado.it\/wp-content\/uploads\/2021\/06\/01-6.jpg\",\"datePublished\":\"2021-06-23T08:14:43+00:00\",\"dateModified\":\"2021-06-23T08:16:25+00:00\",\"description\":\"atleti italiani in gara, discipline e calendario. Ecco, ormai ci siamo. Rimandate al 2021 per i ben noti motivi, le Olimpiadi di Tokyo 2020 prenderanno il via il 21 luglio con le prime partite di calcio e badminton (s\u00ec, che Olimpiadi sarebbero senza badminton?). Si inizier\u00e0 gi\u00e0 dal giorno dopo l'inizio ad assegnare le medaglie. La cerimonia di chiusura \u00e8 programmata per l'8 agosto.Dopo anni di attese e tribolazioni l\u2019Arrampicata Sportiva \u00e8 riuscita, per la prima volta nella sua storia, a far parte del programma olimpico delle XXXII Olimpiadi di Tokyo, qualificando tre atleti italiani, due nel maschile, una nel femminile: Laura Rogora, Michael Piccolruaz e Ludovico Fossali.\",\"breadcrumb\":{\"@id\":\"https:\/\/www.sestogrado.it\/it\/come-siamo-messi-con-le-olimpiadi-di-tokyo-e-larrampicata\/#breadcrumb\"},\"inLanguage\":\"it-IT\",\"potentialAction\":[{\"@type\":\"ReadAction\",\"target\":[[\"https:\/\/www.sestogrado.it\/it\/come-siamo-messi-con-le-olimpiadi-di-tokyo-e-larrampicata\/\"]]}]},{\"@type\":\"ImageObject\",\"inLanguage\":\"it-IT\",\"@id\":\"https:\/\/www.sestogrado.it\/it\/come-siamo-messi-con-le-olimpiadi-di-tokyo-e-larrampicata\/#primaryimage\",\"url\":\"https:\/\/www.sestogrado.it\/wp-content\/uploads\/2021\/06\/01-6.jpg\",\"contentUrl\":\"https:\/\/www.sestogrado.it\/wp-content\/uploads\/2021\/06\/01-6.jpg\",\"width\":900,\"height\":675,\"caption\":\"olimpiadi tokyo\"},{\"@type\":\"BreadcrumbList\",\"@id\":\"https:\/\/www.sestogrado.it\/it\/come-siamo-messi-con-le-olimpiadi-di-tokyo-e-larrampicata\/#breadcrumb\",\"itemListElement\":[{\"@type\":\"ListItem\",\"position\":1,\"name\":\"Home\",\"item\":\"https:\/\/www.sestogrado.it\/it\/\"},{\"@type\":\"ListItem\",\"position\":2,\"name\":\"Come siamo messi con le Olimpiadi di Tokyo e l\u2019arrampicata\"}]},{\"@type\":\"WebSite\",\"@id\":\"https:\/\/www.sestogrado.it\/it\/#website\",\"url\":\"https:\/\/www.sestogrado.it\/it\/\",\"name\":\"Sestogrado\",\"description\":\"yes we climb\",\"publisher\":{\"@id\":\"https:\/\/www.sestogrado.it\/it\/#organization\"},\"potentialAction\":[{\"@type\":\"SearchAction\",\"target\":{\"@type\":\"EntryPoint\",\"urlTemplate\":\"https:\/\/www.sestogrado.it\/it\/?s={search_term_string}\"},\"query-input\":{\"@type\":\"PropertyValueSpecification\",\"valueRequired\":true,\"valueName\":\"search_term_string\"}}],\"inLanguage\":\"it-IT\"},{\"@type\":\"Organization\",\"@id\":\"https:\/\/www.sestogrado.it\/it\/#organization\",\"name\":\"Sestogrado\",\"url\":\"https:\/\/www.sestogrado.it\/it\/\",\"logo\":{\"@type\":\"ImageObject\",\"inLanguage\":\"it-IT\",\"@id\":\"https:\/\/www.sestogrado.it\/it\/#\/schema\/logo\/image\/\",\"url\":\"https:\/\/www.sestogrado.it\/wp-content\/uploads\/2015\/03\/sestogrado-favicon.png\",\"contentUrl\":\"https:\/\/www.sestogrado.it\/wp-content\/uploads\/2015\/03\/sestogrado-favicon.png\",\"width\":260,\"height\":260,\"caption\":\"Sestogrado\"},\"image\":{\"@id\":\"https:\/\/www.sestogrado.it\/it\/#\/schema\/logo\/image\/\"},\"sameAs\":[\"https:\/\/www.facebook.com\/pages\/Sestogrado\/1542635979353017?ref=bookmarks\",\"https:\/\/www.youtube.com\/channel\/UC847kAfTkaJsWpc1jtQwr3Q\"],\"hasMerchantReturnPolicy\":{\"@type\":\"MerchantReturnPolicy\",\"merchantReturnLink\":\"https:\/\/www.sestogrado.it\/it\/termini-e-condizioni\/\"}},{\"@type\":\"Person\",\"@id\":\"https:\/\/www.sestogrado.it\/en\/#\/schema\/person\/79f414dc6904c7d2eef9d047c045f445\",\"name\":\"admin\"}]}<\/script>\n<!-- \/ Yoast SEO plugin. -->","yoast_head_json":{"title":"Come siamo messi con le Olimpiadi di Tokyo e l\u2019arrampicata - Sestogrado","description":"atleti italiani in gara, discipline e calendario. Ecco, ormai ci siamo. Rimandate al 2021 per i ben noti motivi, le Olimpiadi di Tokyo 2020 prenderanno il via il 21 luglio con le prime partite di calcio e badminton (s\u00ec, che Olimpiadi sarebbero senza badminton?). Si inizier\u00e0 gi\u00e0 dal giorno dopo l'inizio ad assegnare le medaglie. La cerimonia di chiusura \u00e8 programmata per l'8 agosto.Dopo anni di attese e tribolazioni l\u2019Arrampicata Sportiva \u00e8 riuscita, per la prima volta nella sua storia, a far parte del programma olimpico delle XXXII Olimpiadi di Tokyo, qualificando tre atleti italiani, due nel maschile, una nel femminile: Laura Rogora, Michael Piccolruaz e Ludovico Fossali.","robots":{"index":"index","follow":"follow","max-snippet":"max-snippet:-1","max-image-preview":"max-image-preview:large","max-video-preview":"max-video-preview:-1"},"canonical":"https:\/\/www.sestogrado.it\/it\/come-siamo-messi-con-le-olimpiadi-di-tokyo-e-larrampicata\/","og_locale":"it_IT","og_type":"article","og_title":"Come siamo messi con le Olimpiadi di Tokyo e l\u2019arrampicata - Sestogrado","og_description":"atleti italiani in gara, discipline e calendario. Ecco, ormai ci siamo. Rimandate al 2021 per i ben noti motivi, le Olimpiadi di Tokyo 2020 prenderanno il via il 21 luglio con le prime partite di calcio e badminton (s\u00ec, che Olimpiadi sarebbero senza badminton?). Si inizier\u00e0 gi\u00e0 dal giorno dopo l'inizio ad assegnare le medaglie. La cerimonia di chiusura \u00e8 programmata per l'8 agosto.Dopo anni di attese e tribolazioni l\u2019Arrampicata Sportiva \u00e8 riuscita, per la prima volta nella sua storia, a far parte del programma olimpico delle XXXII Olimpiadi di Tokyo, qualificando tre atleti italiani, due nel maschile, una nel femminile: Laura Rogora, Michael Piccolruaz e Ludovico Fossali.","og_url":"https:\/\/www.sestogrado.it\/it\/come-siamo-messi-con-le-olimpiadi-di-tokyo-e-larrampicata\/","og_site_name":"Sestogrado","article_publisher":"https:\/\/www.facebook.com\/pages\/Sestogrado\/1542635979353017?ref=bookmarks","article_published_time":"2021-06-23T08:14:43+00:00","article_modified_time":"2021-06-23T08:16:25+00:00","og_image":[{"width":900,"height":675,"url":"https:\/\/www.sestogrado.it\/wp-content\/uploads\/2021\/06\/01-6.jpg","type":"image\/jpeg"}],"author":"admin","twitter_misc":{"Scritto da":"admin","Tempo di lettura stimato":"3 minuti"},"schema":{"@context":"https:\/\/schema.org","@graph":[{"@type":"Article","@id":"https:\/\/www.sestogrado.it\/come-siamo-messi-con-le-olimpiadi-di-tokyo-e-larrampicata\/#article","isPartOf":{"@id":"https:\/\/www.sestogrado.it\/come-siamo-messi-con-le-olimpiadi-di-tokyo-e-larrampicata\/"},"author":{"name":"admin","@id":"https:\/\/www.sestogrado.it\/en\/#\/schema\/person\/79f414dc6904c7d2eef9d047c045f445"},"headline":"Come siamo messi con le Olimpiadi di Tokyo e l\u2019arrampicata","datePublished":"2021-06-23T08:14:43+00:00","dateModified":"2021-06-23T08:16:25+00:00","mainEntityOfPage":{"@id":"https:\/\/www.sestogrado.it\/come-siamo-messi-con-le-olimpiadi-di-tokyo-e-larrampicata\/"},"wordCount":477,"commentCount":0,"publisher":{"@id":"https:\/\/www.sestogrado.it\/en\/#organization"},"image":{"@id":"https:\/\/www.sestogrado.it\/come-siamo-messi-con-le-olimpiadi-di-tokyo-e-larrampicata\/#primaryimage"},"thumbnailUrl":"https:\/\/www.sestogrado.it\/wp-content\/uploads\/2021\/06\/01-6.jpg","articleSection":["Libro di vetta"],"inLanguage":"it-IT","potentialAction":[{"@type":"CommentAction","name":"Comment","target":["https:\/\/www.sestogrado.it\/come-siamo-messi-con-le-olimpiadi-di-tokyo-e-larrampicata\/#respond"]}]},{"@type":"WebPage","@id":"https:\/\/www.sestogrado.it\/it\/come-siamo-messi-con-le-olimpiadi-di-tokyo-e-larrampicata\/","url":"https:\/\/www.sestogrado.it\/it\/come-siamo-messi-con-le-olimpiadi-di-tokyo-e-larrampicata\/","name":"Come siamo messi con le Olimpiadi di Tokyo e l\u2019arrampicata - Sestogrado","isPartOf":{"@id":"https:\/\/www.sestogrado.it\/it\/#website"},"primaryImageOfPage":{"@id":"https:\/\/www.sestogrado.it\/it\/come-siamo-messi-con-le-olimpiadi-di-tokyo-e-larrampicata\/#primaryimage"},"image":{"@id":"https:\/\/www.sestogrado.it\/come-siamo-messi-con-le-olimpiadi-di-tokyo-e-larrampicata\/#primaryimage"},"thumbnailUrl":"https:\/\/www.sestogrado.it\/wp-content\/uploads\/2021\/06\/01-6.jpg","datePublished":"2021-06-23T08:14:43+00:00","dateModified":"2021-06-23T08:16:25+00:00","description":"atleti italiani in gara, discipline e calendario. Ecco, ormai ci siamo. Rimandate al 2021 per i ben noti motivi, le Olimpiadi di Tokyo 2020 prenderanno il via il 21 luglio con le prime partite di calcio e badminton (s\u00ec, che Olimpiadi sarebbero senza badminton?). Si inizier\u00e0 gi\u00e0 dal giorno dopo l'inizio ad assegnare le medaglie. La cerimonia di chiusura \u00e8 programmata per l'8 agosto.Dopo anni di attese e tribolazioni l\u2019Arrampicata Sportiva \u00e8 riuscita, per la prima volta nella sua storia, a far parte del programma olimpico delle XXXII Olimpiadi di Tokyo, qualificando tre atleti italiani, due nel maschile, una nel femminile: Laura Rogora, Michael Piccolruaz e Ludovico Fossali.","breadcrumb":{"@id":"https:\/\/www.sestogrado.it\/it\/come-siamo-messi-con-le-olimpiadi-di-tokyo-e-larrampicata\/#breadcrumb"},"inLanguage":"it-IT","potentialAction":[{"@type":"ReadAction","target":[["https:\/\/www.sestogrado.it\/it\/come-siamo-messi-con-le-olimpiadi-di-tokyo-e-larrampicata\/"]]}]},{"@type":"ImageObject","inLanguage":"it-IT","@id":"https:\/\/www.sestogrado.it\/it\/come-siamo-messi-con-le-olimpiadi-di-tokyo-e-larrampicata\/#primaryimage","url":"https:\/\/www.sestogrado.it\/wp-content\/uploads\/2021\/06\/01-6.jpg","contentUrl":"https:\/\/www.sestogrado.it\/wp-content\/uploads\/2021\/06\/01-6.jpg","width":900,"height":675,"caption":"olimpiadi tokyo"},{"@type":"BreadcrumbList","@id":"https:\/\/www.sestogrado.it\/it\/come-siamo-messi-con-le-olimpiadi-di-tokyo-e-larrampicata\/#breadcrumb","itemListElement":[{"@type":"ListItem","position":1,"name":"Home","item":"https:\/\/www.sestogrado.it\/it\/"},{"@type":"ListItem","position":2,"name":"Come siamo messi con le Olimpiadi di Tokyo e l\u2019arrampicata"}]},{"@type":"WebSite","@id":"https:\/\/www.sestogrado.it\/it\/#website","url":"https:\/\/www.sestogrado.it\/it\/","name":"Sestogrado","description":"yes we climb","publisher":{"@id":"https:\/\/www.sestogrado.it\/it\/#organization"},"potentialAction":[{"@type":"SearchAction","target":{"@type":"EntryPoint","urlTemplate":"https:\/\/www.sestogrado.it\/it\/?s={search_term_string}"},"query-input":{"@type":"PropertyValueSpecification","valueRequired":true,"valueName":"search_term_string"}}],"inLanguage":"it-IT"},{"@type":"Organization","@id":"https:\/\/www.sestogrado.it\/it\/#organization","name":"Sestogrado","url":"https:\/\/www.sestogrado.it\/it\/","logo":{"@type":"ImageObject","inLanguage":"it-IT","@id":"https:\/\/www.sestogrado.it\/it\/#\/schema\/logo\/image\/","url":"https:\/\/www.sestogrado.it\/wp-content\/uploads\/2015\/03\/sestogrado-favicon.png","contentUrl":"https:\/\/www.sestogrado.it\/wp-content\/uploads\/2015\/03\/sestogrado-favicon.png","width":260,"height":260,"caption":"Sestogrado"},"image":{"@id":"https:\/\/www.sestogrado.it\/it\/#\/schema\/logo\/image\/"},"sameAs":["https:\/\/www.facebook.com\/pages\/Sestogrado\/1542635979353017?ref=bookmarks","https:\/\/www.youtube.com\/channel\/UC847kAfTkaJsWpc1jtQwr3Q"],"hasMerchantReturnPolicy":{"@type":"MerchantReturnPolicy","merchantReturnLink":"https:\/\/www.sestogrado.it\/it\/termini-e-condizioni\/"}},{"@type":"Person","@id":"https:\/\/www.sestogrado.it\/en\/#\/schema\/person\/79f414dc6904c7d2eef9d047c045f445","name":"admin"}]}},"_links":{"self":[{"href":"https:\/\/www.sestogrado.it\/it\/wp-json\/wp\/v2\/posts\/60881","targetHints":{"allow":["GET"]}}],"collection":[{"href":"https:\/\/www.sestogrado.it\/it\/wp-json\/wp\/v2\/posts"}],"about":[{"href":"https:\/\/www.sestogrado.it\/it\/wp-json\/wp\/v2\/types\/post"}],"author":[{"embeddable":true,"href":"https:\/\/www.sestogrado.it\/it\/wp-json\/wp\/v2\/users\/1"}],"replies":[{"embeddable":true,"href":"https:\/\/www.sestogrado.it\/it\/wp-json\/wp\/v2\/comments?post=60881"}],"version-history":[{"count":0,"href":"https:\/\/www.sestogrado.it\/it\/wp-json\/wp\/v2\/posts\/60881\/revisions"}],"wp:featuredmedia":[{"embeddable":true,"href":"https:\/\/www.sestogrado.it\/it\/wp-json\/wp\/v2\/media\/60888"}],"wp:attachment":[{"href":"https:\/\/www.sestogrado.it\/it\/wp-json\/wp\/v2\/media?parent=60881"}],"wp:term":[{"taxonomy":"category","embeddable":true,"href":"https:\/\/www.sestogrado.it\/it\/wp-json\/wp\/v2\/categories?post=60881"},{"taxonomy":"post_tag","embeddable":true,"href":"https:\/\/www.sestogrado.it\/it\/wp-json\/wp\/v2\/tags?post=60881"}],"curies":[{"name":"wp","href":"https:\/\/api.w.org\/{rel}","templated":true}]}}