{"id":28611,"date":"2025-06-13T07:28:11","date_gmt":"2025-06-13T05:28:11","guid":{"rendered":"https:\/\/www.sestogrado.it\/?p=28611"},"modified":"2025-06-13T14:07:11","modified_gmt":"2025-06-13T12:07:11","slug":"i-bambini-e-larrampicata","status":"publish","type":"post","link":"https:\/\/www.sestogrado.it\/it\/i-bambini-e-larrampicata\/","title":{"rendered":"I bambini e l&#8217;arrampicata"},"content":{"rendered":"<p><strong>Avremmo voluto cominciare da piccoli<\/strong>. Quante volte abbiamo pensato che sarebbe stato fantastico se qualcuno, allora, ci avesse portato a scalare? Ecco perch\u00e9 ora guardiamo con una punta di invidia i bambini che hanno la fortuna di indossare imbrago e scarpette. Ecco perch\u00e9, se avessimo dei figli, gli faremmo provare questo gioco speciale. Ecco perch\u00e9, avendoceli, speriamo di riuscire a trasmettergli la nostra passione. E li portiamo ad arrampicare.<\/p>\n<p>Uno dei falsi miti da sfatare \u00e8 che i bambini non abbiano paura di nulla. Pu\u00f2 certo accadere che siano i genitori o gli adulti in genere a inculcare i pi\u00f9 svariati timori sulla base delle loro ansie; tuttavia alcune paure legate all&#8217;arrampicata sono assolutamente istintive e non hanno a che fare con paranoie genitoriali. La paura del vuoto per esempio. Se un bambino si appresta a fare la sua prima scalata, appenderlo senza preamboli a una corda non \u00e8 sempre la mossa migliore. Pu\u00f2 convenire infatti, laddove ce ne sia la possibilit\u00e0, fargli fare dei piccoli traversi alla base della falesia o in palestra, senza farlo salire troppo, per permettergli di sperimentare la sensazione di non avere pi\u00f9 i piedi poggiati per terra.<\/p>\n<p>Una volta imbragato, ugualmente \u00e8 meglio andare per gradi e non insistere troppo se\u00a0 dopo pochi passi, vuole tornare gi\u00f9. Non c&#8217;\u00e8 niente di pi\u00f9 sbagliato di forzarlo, soprattutto se \u00e8 la sua prima esperienza. Non \u00e8 detto che una volta a terra non voglia immediatamente riprovarci!<\/p>\n<p><img decoding=\"async\" class=\"size-full wp-image-28741 img-fluid alignnone\" src=\"https:\/\/www.sestogrado.it\/wp-content\/uploads\/2020\/02\/immagine-3-bambini.jpg\" alt=\"arrampicata bambini\" width=\"960\" height=\"540\" srcset=\"https:\/\/www.sestogrado.it\/wp-content\/uploads\/2020\/02\/immagine-3-bambini.jpg 960w, https:\/\/www.sestogrado.it\/wp-content\/uploads\/2020\/02\/immagine-3-bambini-750x422.jpg 750w, https:\/\/www.sestogrado.it\/wp-content\/uploads\/2020\/02\/immagine-3-bambini-300x169.jpg 300w, https:\/\/www.sestogrado.it\/wp-content\/uploads\/2020\/02\/immagine-3-bambini-768x432.jpg 768w, https:\/\/www.sestogrado.it\/wp-content\/uploads\/2020\/02\/immagine-3-bambini-635x357.jpg 635w, https:\/\/www.sestogrado.it\/wp-content\/uploads\/2020\/02\/immagine-3-bambini-64x36.jpg 64w, https:\/\/www.sestogrado.it\/wp-content\/uploads\/2020\/02\/immagine-3-bambini-142x80.jpg 142w\" sizes=\"(max-width: 960px) 100vw, 960px\" \/><\/p>\n<p>\u00c9 importante prestare attenzione anche alla <strong>calata<\/strong>. Alcuni bambini infatti possono essere particolarmente spigliati nel salire, ma farsi prendere dall&#8217;agitazione durante la discesa. Una situazione tipica vede il bambino appeso in cima alla parete (che ha arrampicato in tutta tranquillit\u00e0), attaccato con entrambe le mani agli appigli, spaventato, talvolta in lacrime, totalmente sordo all&#8217;adulto che gli dice di mollare le prese per poter essere calato. \u00c9 vero, la calata pu\u00f2 creare ansia anche ai grandi, ma il bambino, soprattutto se molto piccolo, difficilmente potr\u00e0 essere convinto in modo razionale che lasciando le prese non gli accadr\u00e0 niente. Un suggerimento efficace \u00e8 di <strong>fargli provare la calata quando ancora \u00e8 molto in basso<\/strong>, a portata di mano di chi sta a terra che potr\u00e0 rassicurarlo e aiutarlo a mettersi nella posizione corretta per la discesa. Utile pu\u00f2 essere dirgli di tenere la sua corda o il nodo, cosa che gli dar\u00e0 l&#8217;impressione di essere aggrappato a qualcosa mentre scende.<\/p>\n<p><img decoding=\"async\" class=\"size-full wp-image-28742 img-fluid alignnone\" src=\"https:\/\/www.sestogrado.it\/wp-content\/uploads\/2020\/02\/16561.jpg\" alt=\"calata bambini\" width=\"900\" height=\"600\" srcset=\"https:\/\/www.sestogrado.it\/wp-content\/uploads\/2020\/02\/16561.jpg 900w, https:\/\/www.sestogrado.it\/wp-content\/uploads\/2020\/02\/16561-750x500.jpg 750w, https:\/\/www.sestogrado.it\/wp-content\/uploads\/2020\/02\/16561-300x200.jpg 300w, https:\/\/www.sestogrado.it\/wp-content\/uploads\/2020\/02\/16561-768x512.jpg 768w, https:\/\/www.sestogrado.it\/wp-content\/uploads\/2020\/02\/16561-635x423.jpg 635w, https:\/\/www.sestogrado.it\/wp-content\/uploads\/2020\/02\/16561-64x43.jpg 64w, https:\/\/www.sestogrado.it\/wp-content\/uploads\/2020\/02\/16561-120x80.jpg 120w\" sizes=\"(max-width: 900px) 100vw, 900px\" \/><\/p>\n<p>Se il bambino inizier\u00e0 regolarmente a scalare avr\u00e0 il suo percorso a seconda che frequenti una palestra o faccia pratica su roccia Nel primo caso verosimilmente sar\u00e0 inserito in un gruppo e seguito da un istruttore. \u00c9 importante tenere presente che l&#8217;allenamento dei bambini differisce da quello degli adulti. Ogni attivit\u00e0, dal riscaldamento in poi pu\u00f2 essere presentata in maniera ludica, come un gioco (una semplice &#8220;carriola&#8221; \u00e8 un ottimo modo per scaldare polsi e spalle). Inoltre l&#8217;allenamento dovr\u00e0 essere il pi\u00f9 possibile a tutto tondo e non concentrarsi solo sui muscoli adibiti alla scalata (cosa fra l&#8217;altro valida anche per gli adulti!). Adattissime tutte le attivit\u00e0 e i giochi di coordinazione ed equilibrio. Banditi tutti gli esercizi con sovraccarico!<\/p>\n<p>&nbsp;<\/p>\n<p>Per quanto riguarda le tecniche specifiche di arrampicata, le possibili attivit\u00e0 variano naturalmente a seconda dell&#8217;et\u00e0, ma in ogni caso \u00e8 meglio stimolare il loro apprendimento attraverso la <strong>scoperta<\/strong> pi\u00f9 che con un insegnamento &#8220;diretto&#8221;; il bambino che scopre che tenendo le braccia tese si fatica di meno, lo metter\u00e0 pi\u00f9 facilmente in pratica. I nomi stessi delle tecniche possono essere adattati: la ben nota &#8220;rana&#8221;, il &#8220;granchio&#8221;, il &#8220;canguro&#8221; rendono pi\u00f9 visualizzabile il movimento.<\/p>\n<p>Il discorso fondamentalmente non cambia se il bambino viene portato sulla roccia: si deve divertire e stare bene. In questo senso vanno anche rispettati i suoi gusti. \u00c9 possibile che un bambino si diverta di pi\u00f9 sulle vie che hanno grosse prese e apprezzi di meno le placche povere di appigli. Avr\u00e0 tempo in futuro per diventare, se vorr\u00e0, uno scalatore poliedrico.<\/p>\n<p>&nbsp;<\/p>\n<p>A fronte degli sforzi e dell&#8217;entusiasmo di genitori appassionati, pu\u00f2 comunque accadere che il pargolo non voglia seguire le loro orme e sarebbe un gran peccato. C&#8217;\u00e8 sempre bisogno di qualcuno di pi\u00f9 giovane che monti le vie.<\/p>","protected":false},"excerpt":{"rendered":"<p>Primo approccio alla parete.<\/p>\n","protected":false},"author":1,"featured_media":33690,"comment_status":"open","ping_status":"open","sticky":false,"template":"","format":"standard","meta":{"_acf_changed":false,"footnotes":""},"categories":[79],"tags":[],"class_list":["post-28611","post","type-post","status-publish","format-standard","has-post-thumbnail","hentry","category-libro-di-vetta"],"acf":[],"yoast_head":"<!-- This site is optimized with the Yoast SEO plugin v26.4 - https:\/\/yoast.com\/wordpress\/plugins\/seo\/ -->\n<title>I bambini e l&#039;arrampicata - Sestogrado<\/title>\n<meta name=\"description\" content=\"Primo approccio alla parete. Avremmo voluto cominciare da piccoli. Quante volte abbiamo pensato che sarebbe stato fantastico se qualcuno, allora, ci avesse portato a scalare? Ecco perch\u00e9 ora guardiamo con una punta di invidia i bambini che hanno la fortuna di indossare imbrago e scarpette. Ecco perch\u00e9, se avessimo dei figli, gli faremmo provare questo gioco speciale. Ecco perch\u00e9, avendoceli, speriamo di riuscire a trasmettergli la nostra passione. E li portiamo ad arrampicare.Uno dei falsi miti da sfatare \u00e8 che i bambini non abbiano paura di nulla. Pu\u00f2 certo accadere che siano i genitori o gli adulti in genere a inculcare i pi\u00f9 svariati timori sulla base delle loro ansie; tuttavia alcune paure legate all&#039;arrampicata sono assolutamente istintive e non hanno a che fare con paranoie genitoriali. La paura del vuoto per esempio. Se un bambino si appresta a fare la sua prima scalata, appenderlo senza preamboli a una corda non \u00e8 sempre la mossa migliore. Pu\u00f2 convenire infatti, laddove ce ne sia la possibilit\u00e0, fargli fare dei piccoli traversi alla base della falesia o in palestra, senza farlo salire troppo, per permettergli di sperimentare la sensazione di non avere pi\u00f9 i piedi poggiati per terra.Una volta imbragato, ugualmente \u00e8 meglio andare per gradi e non insistere troppo se\u00a0 dopo pochi passi, vuole tornare gi\u00f9. Non c&#039;\u00e8 niente di pi\u00f9 sbagliato di forzarlo, soprattutto se \u00e8 la sua prima esperienza. Non \u00e8 detto che una volta a terra non voglia immediatamente riprovarci!\" \/>\n<meta name=\"robots\" content=\"index, follow, max-snippet:-1, max-image-preview:large, max-video-preview:-1\" \/>\n<link rel=\"canonical\" href=\"https:\/\/www.sestogrado.it\/it\/i-bambini-e-larrampicata\/\" \/>\n<meta property=\"og:locale\" content=\"it_IT\" \/>\n<meta property=\"og:type\" content=\"article\" \/>\n<meta property=\"og:title\" content=\"I bambini e l&#039;arrampicata - Sestogrado\" \/>\n<meta property=\"og:description\" content=\"Primo approccio alla parete. Avremmo voluto cominciare da piccoli. Quante volte abbiamo pensato che sarebbe stato fantastico se qualcuno, allora, ci avesse portato a scalare? Ecco perch\u00e9 ora guardiamo con una punta di invidia i bambini che hanno la fortuna di indossare imbrago e scarpette. Ecco perch\u00e9, se avessimo dei figli, gli faremmo provare questo gioco speciale. Ecco perch\u00e9, avendoceli, speriamo di riuscire a trasmettergli la nostra passione. E li portiamo ad arrampicare.Uno dei falsi miti da sfatare \u00e8 che i bambini non abbiano paura di nulla. Pu\u00f2 certo accadere che siano i genitori o gli adulti in genere a inculcare i pi\u00f9 svariati timori sulla base delle loro ansie; tuttavia alcune paure legate all&#039;arrampicata sono assolutamente istintive e non hanno a che fare con paranoie genitoriali. La paura del vuoto per esempio. Se un bambino si appresta a fare la sua prima scalata, appenderlo senza preamboli a una corda non \u00e8 sempre la mossa migliore. Pu\u00f2 convenire infatti, laddove ce ne sia la possibilit\u00e0, fargli fare dei piccoli traversi alla base della falesia o in palestra, senza farlo salire troppo, per permettergli di sperimentare la sensazione di non avere pi\u00f9 i piedi poggiati per terra.Una volta imbragato, ugualmente \u00e8 meglio andare per gradi e non insistere troppo se\u00a0 dopo pochi passi, vuole tornare gi\u00f9. Non c&#039;\u00e8 niente di pi\u00f9 sbagliato di forzarlo, soprattutto se \u00e8 la sua prima esperienza. Non \u00e8 detto che una volta a terra non voglia immediatamente riprovarci!\" \/>\n<meta property=\"og:url\" content=\"https:\/\/www.sestogrado.it\/it\/i-bambini-e-larrampicata\/\" \/>\n<meta property=\"og:site_name\" content=\"Sestogrado\" \/>\n<meta property=\"article:publisher\" content=\"https:\/\/www.facebook.com\/pages\/Sestogrado\/1542635979353017?ref=bookmarks\" \/>\n<meta property=\"article:published_time\" content=\"2025-06-13T05:28:11+00:00\" \/>\n<meta property=\"article:modified_time\" content=\"2025-06-13T12:07:11+00:00\" \/>\n<meta property=\"og:image\" content=\"https:\/\/www.sestogrado.it\/wp-content\/uploads\/2020\/03\/baby-climber.jpg\" \/>\n\t<meta property=\"og:image:width\" content=\"1200\" \/>\n\t<meta property=\"og:image:height\" content=\"900\" \/>\n\t<meta property=\"og:image:type\" content=\"image\/jpeg\" \/>\n<meta name=\"author\" content=\"admin\" \/>\n<meta name=\"twitter:label1\" content=\"Scritto da\" \/>\n\t<meta name=\"twitter:data1\" content=\"admin\" \/>\n\t<meta name=\"twitter:label2\" content=\"Tempo di lettura stimato\" \/>\n\t<meta name=\"twitter:data2\" content=\"5 minuti\" \/>\n<script type=\"application\/ld+json\" class=\"yoast-schema-graph\">{\"@context\":\"https:\/\/schema.org\",\"@graph\":[{\"@type\":\"Article\",\"@id\":\"https:\/\/www.sestogrado.it\/i-bambini-e-larrampicata\/#article\",\"isPartOf\":{\"@id\":\"https:\/\/www.sestogrado.it\/i-bambini-e-larrampicata\/\"},\"author\":{\"name\":\"admin\",\"@id\":\"https:\/\/www.sestogrado.it\/en\/#\/schema\/person\/79f414dc6904c7d2eef9d047c045f445\"},\"headline\":\"I bambini e l&#8217;arrampicata\",\"datePublished\":\"2025-06-13T05:28:11+00:00\",\"dateModified\":\"2025-06-13T12:07:11+00:00\",\"mainEntityOfPage\":{\"@id\":\"https:\/\/www.sestogrado.it\/i-bambini-e-larrampicata\/\"},\"wordCount\":698,\"commentCount\":0,\"publisher\":{\"@id\":\"https:\/\/www.sestogrado.it\/en\/#organization\"},\"image\":{\"@id\":\"https:\/\/www.sestogrado.it\/i-bambini-e-larrampicata\/#primaryimage\"},\"thumbnailUrl\":\"https:\/\/www.sestogrado.it\/wp-content\/uploads\/2020\/03\/baby-climber.jpg\",\"articleSection\":[\"Libro di vetta\"],\"inLanguage\":\"it-IT\",\"potentialAction\":[{\"@type\":\"CommentAction\",\"name\":\"Comment\",\"target\":[\"https:\/\/www.sestogrado.it\/i-bambini-e-larrampicata\/#respond\"]}]},{\"@type\":\"WebPage\",\"@id\":\"https:\/\/www.sestogrado.it\/it\/i-bambini-e-larrampicata\/\",\"url\":\"https:\/\/www.sestogrado.it\/it\/i-bambini-e-larrampicata\/\",\"name\":\"I bambini e l'arrampicata - Sestogrado\",\"isPartOf\":{\"@id\":\"https:\/\/www.sestogrado.it\/it\/#website\"},\"primaryImageOfPage\":{\"@id\":\"https:\/\/www.sestogrado.it\/it\/i-bambini-e-larrampicata\/#primaryimage\"},\"image\":{\"@id\":\"https:\/\/www.sestogrado.it\/i-bambini-e-larrampicata\/#primaryimage\"},\"thumbnailUrl\":\"https:\/\/www.sestogrado.it\/wp-content\/uploads\/2020\/03\/baby-climber.jpg\",\"datePublished\":\"2025-06-13T05:28:11+00:00\",\"dateModified\":\"2025-06-13T12:07:11+00:00\",\"description\":\"Primo approccio alla parete. Avremmo voluto cominciare da piccoli. Quante volte abbiamo pensato che sarebbe stato fantastico se qualcuno, allora, ci avesse portato a scalare? Ecco perch\u00e9 ora guardiamo con una punta di invidia i bambini che hanno la fortuna di indossare imbrago e scarpette. Ecco perch\u00e9, se avessimo dei figli, gli faremmo provare questo gioco speciale. Ecco perch\u00e9, avendoceli, speriamo di riuscire a trasmettergli la nostra passione. E li portiamo ad arrampicare.Uno dei falsi miti da sfatare \u00e8 che i bambini non abbiano paura di nulla. Pu\u00f2 certo accadere che siano i genitori o gli adulti in genere a inculcare i pi\u00f9 svariati timori sulla base delle loro ansie; tuttavia alcune paure legate all'arrampicata sono assolutamente istintive e non hanno a che fare con paranoie genitoriali. La paura del vuoto per esempio. Se un bambino si appresta a fare la sua prima scalata, appenderlo senza preamboli a una corda non \u00e8 sempre la mossa migliore. Pu\u00f2 convenire infatti, laddove ce ne sia la possibilit\u00e0, fargli fare dei piccoli traversi alla base della falesia o in palestra, senza farlo salire troppo, per permettergli di sperimentare la sensazione di non avere pi\u00f9 i piedi poggiati per terra.Una volta imbragato, ugualmente \u00e8 meglio andare per gradi e non insistere troppo se\u00a0 dopo pochi passi, vuole tornare gi\u00f9. Non c'\u00e8 niente di pi\u00f9 sbagliato di forzarlo, soprattutto se \u00e8 la sua prima esperienza. Non \u00e8 detto che una volta a terra non voglia immediatamente riprovarci!\",\"breadcrumb\":{\"@id\":\"https:\/\/www.sestogrado.it\/it\/i-bambini-e-larrampicata\/#breadcrumb\"},\"inLanguage\":\"it-IT\",\"potentialAction\":[{\"@type\":\"ReadAction\",\"target\":[[\"https:\/\/www.sestogrado.it\/it\/i-bambini-e-larrampicata\/\"]]}]},{\"@type\":\"ImageObject\",\"inLanguage\":\"it-IT\",\"@id\":\"https:\/\/www.sestogrado.it\/it\/i-bambini-e-larrampicata\/#primaryimage\",\"url\":\"https:\/\/www.sestogrado.it\/wp-content\/uploads\/2020\/03\/baby-climber.jpg\",\"contentUrl\":\"https:\/\/www.sestogrado.it\/wp-content\/uploads\/2020\/03\/baby-climber.jpg\",\"width\":1200,\"height\":900,\"caption\":\"bambini e arrampicata\"},{\"@type\":\"BreadcrumbList\",\"@id\":\"https:\/\/www.sestogrado.it\/it\/i-bambini-e-larrampicata\/#breadcrumb\",\"itemListElement\":[{\"@type\":\"ListItem\",\"position\":1,\"name\":\"Home\",\"item\":\"https:\/\/www.sestogrado.it\/it\/\"},{\"@type\":\"ListItem\",\"position\":2,\"name\":\"I bambini e l&#8217;arrampicata\"}]},{\"@type\":\"WebSite\",\"@id\":\"https:\/\/www.sestogrado.it\/it\/#website\",\"url\":\"https:\/\/www.sestogrado.it\/it\/\",\"name\":\"Sestogrado\",\"description\":\"yes we climb\",\"publisher\":{\"@id\":\"https:\/\/www.sestogrado.it\/it\/#organization\"},\"potentialAction\":[{\"@type\":\"SearchAction\",\"target\":{\"@type\":\"EntryPoint\",\"urlTemplate\":\"https:\/\/www.sestogrado.it\/it\/?s={search_term_string}\"},\"query-input\":{\"@type\":\"PropertyValueSpecification\",\"valueRequired\":true,\"valueName\":\"search_term_string\"}}],\"inLanguage\":\"it-IT\"},{\"@type\":\"Organization\",\"@id\":\"https:\/\/www.sestogrado.it\/it\/#organization\",\"name\":\"Sestogrado\",\"url\":\"https:\/\/www.sestogrado.it\/it\/\",\"logo\":{\"@type\":\"ImageObject\",\"inLanguage\":\"it-IT\",\"@id\":\"https:\/\/www.sestogrado.it\/it\/#\/schema\/logo\/image\/\",\"url\":\"https:\/\/www.sestogrado.it\/wp-content\/uploads\/2015\/03\/sestogrado-favicon.png\",\"contentUrl\":\"https:\/\/www.sestogrado.it\/wp-content\/uploads\/2015\/03\/sestogrado-favicon.png\",\"width\":260,\"height\":260,\"caption\":\"Sestogrado\"},\"image\":{\"@id\":\"https:\/\/www.sestogrado.it\/it\/#\/schema\/logo\/image\/\"},\"sameAs\":[\"https:\/\/www.facebook.com\/pages\/Sestogrado\/1542635979353017?ref=bookmarks\",\"https:\/\/www.youtube.com\/channel\/UC847kAfTkaJsWpc1jtQwr3Q\"],\"hasMerchantReturnPolicy\":{\"@type\":\"MerchantReturnPolicy\",\"merchantReturnLink\":\"https:\/\/www.sestogrado.it\/it\/termini-e-condizioni\/\"}},{\"@type\":\"Person\",\"@id\":\"https:\/\/www.sestogrado.it\/en\/#\/schema\/person\/79f414dc6904c7d2eef9d047c045f445\",\"name\":\"admin\"}]}<\/script>\n<!-- \/ Yoast SEO plugin. -->","yoast_head_json":{"title":"I bambini e l'arrampicata - Sestogrado","description":"Primo approccio alla parete. Avremmo voluto cominciare da piccoli. Quante volte abbiamo pensato che sarebbe stato fantastico se qualcuno, allora, ci avesse portato a scalare? Ecco perch\u00e9 ora guardiamo con una punta di invidia i bambini che hanno la fortuna di indossare imbrago e scarpette. Ecco perch\u00e9, se avessimo dei figli, gli faremmo provare questo gioco speciale. Ecco perch\u00e9, avendoceli, speriamo di riuscire a trasmettergli la nostra passione. E li portiamo ad arrampicare.Uno dei falsi miti da sfatare \u00e8 che i bambini non abbiano paura di nulla. Pu\u00f2 certo accadere che siano i genitori o gli adulti in genere a inculcare i pi\u00f9 svariati timori sulla base delle loro ansie; tuttavia alcune paure legate all'arrampicata sono assolutamente istintive e non hanno a che fare con paranoie genitoriali. La paura del vuoto per esempio. Se un bambino si appresta a fare la sua prima scalata, appenderlo senza preamboli a una corda non \u00e8 sempre la mossa migliore. Pu\u00f2 convenire infatti, laddove ce ne sia la possibilit\u00e0, fargli fare dei piccoli traversi alla base della falesia o in palestra, senza farlo salire troppo, per permettergli di sperimentare la sensazione di non avere pi\u00f9 i piedi poggiati per terra.Una volta imbragato, ugualmente \u00e8 meglio andare per gradi e non insistere troppo se\u00a0 dopo pochi passi, vuole tornare gi\u00f9. Non c'\u00e8 niente di pi\u00f9 sbagliato di forzarlo, soprattutto se \u00e8 la sua prima esperienza. Non \u00e8 detto che una volta a terra non voglia immediatamente riprovarci!","robots":{"index":"index","follow":"follow","max-snippet":"max-snippet:-1","max-image-preview":"max-image-preview:large","max-video-preview":"max-video-preview:-1"},"canonical":"https:\/\/www.sestogrado.it\/it\/i-bambini-e-larrampicata\/","og_locale":"it_IT","og_type":"article","og_title":"I bambini e l'arrampicata - Sestogrado","og_description":"Primo approccio alla parete. Avremmo voluto cominciare da piccoli. Quante volte abbiamo pensato che sarebbe stato fantastico se qualcuno, allora, ci avesse portato a scalare? Ecco perch\u00e9 ora guardiamo con una punta di invidia i bambini che hanno la fortuna di indossare imbrago e scarpette. Ecco perch\u00e9, se avessimo dei figli, gli faremmo provare questo gioco speciale. Ecco perch\u00e9, avendoceli, speriamo di riuscire a trasmettergli la nostra passione. E li portiamo ad arrampicare.Uno dei falsi miti da sfatare \u00e8 che i bambini non abbiano paura di nulla. Pu\u00f2 certo accadere che siano i genitori o gli adulti in genere a inculcare i pi\u00f9 svariati timori sulla base delle loro ansie; tuttavia alcune paure legate all'arrampicata sono assolutamente istintive e non hanno a che fare con paranoie genitoriali. La paura del vuoto per esempio. Se un bambino si appresta a fare la sua prima scalata, appenderlo senza preamboli a una corda non \u00e8 sempre la mossa migliore. Pu\u00f2 convenire infatti, laddove ce ne sia la possibilit\u00e0, fargli fare dei piccoli traversi alla base della falesia o in palestra, senza farlo salire troppo, per permettergli di sperimentare la sensazione di non avere pi\u00f9 i piedi poggiati per terra.Una volta imbragato, ugualmente \u00e8 meglio andare per gradi e non insistere troppo se\u00a0 dopo pochi passi, vuole tornare gi\u00f9. Non c'\u00e8 niente di pi\u00f9 sbagliato di forzarlo, soprattutto se \u00e8 la sua prima esperienza. Non \u00e8 detto che una volta a terra non voglia immediatamente riprovarci!","og_url":"https:\/\/www.sestogrado.it\/it\/i-bambini-e-larrampicata\/","og_site_name":"Sestogrado","article_publisher":"https:\/\/www.facebook.com\/pages\/Sestogrado\/1542635979353017?ref=bookmarks","article_published_time":"2025-06-13T05:28:11+00:00","article_modified_time":"2025-06-13T12:07:11+00:00","og_image":[{"width":1200,"height":900,"url":"https:\/\/www.sestogrado.it\/wp-content\/uploads\/2020\/03\/baby-climber.jpg","type":"image\/jpeg"}],"author":"admin","twitter_misc":{"Scritto da":"admin","Tempo di lettura stimato":"5 minuti"},"schema":{"@context":"https:\/\/schema.org","@graph":[{"@type":"Article","@id":"https:\/\/www.sestogrado.it\/i-bambini-e-larrampicata\/#article","isPartOf":{"@id":"https:\/\/www.sestogrado.it\/i-bambini-e-larrampicata\/"},"author":{"name":"admin","@id":"https:\/\/www.sestogrado.it\/en\/#\/schema\/person\/79f414dc6904c7d2eef9d047c045f445"},"headline":"I bambini e l&#8217;arrampicata","datePublished":"2025-06-13T05:28:11+00:00","dateModified":"2025-06-13T12:07:11+00:00","mainEntityOfPage":{"@id":"https:\/\/www.sestogrado.it\/i-bambini-e-larrampicata\/"},"wordCount":698,"commentCount":0,"publisher":{"@id":"https:\/\/www.sestogrado.it\/en\/#organization"},"image":{"@id":"https:\/\/www.sestogrado.it\/i-bambini-e-larrampicata\/#primaryimage"},"thumbnailUrl":"https:\/\/www.sestogrado.it\/wp-content\/uploads\/2020\/03\/baby-climber.jpg","articleSection":["Libro di vetta"],"inLanguage":"it-IT","potentialAction":[{"@type":"CommentAction","name":"Comment","target":["https:\/\/www.sestogrado.it\/i-bambini-e-larrampicata\/#respond"]}]},{"@type":"WebPage","@id":"https:\/\/www.sestogrado.it\/it\/i-bambini-e-larrampicata\/","url":"https:\/\/www.sestogrado.it\/it\/i-bambini-e-larrampicata\/","name":"I bambini e l'arrampicata - Sestogrado","isPartOf":{"@id":"https:\/\/www.sestogrado.it\/it\/#website"},"primaryImageOfPage":{"@id":"https:\/\/www.sestogrado.it\/it\/i-bambini-e-larrampicata\/#primaryimage"},"image":{"@id":"https:\/\/www.sestogrado.it\/i-bambini-e-larrampicata\/#primaryimage"},"thumbnailUrl":"https:\/\/www.sestogrado.it\/wp-content\/uploads\/2020\/03\/baby-climber.jpg","datePublished":"2025-06-13T05:28:11+00:00","dateModified":"2025-06-13T12:07:11+00:00","description":"Primo approccio alla parete. Avremmo voluto cominciare da piccoli. Quante volte abbiamo pensato che sarebbe stato fantastico se qualcuno, allora, ci avesse portato a scalare? Ecco perch\u00e9 ora guardiamo con una punta di invidia i bambini che hanno la fortuna di indossare imbrago e scarpette. Ecco perch\u00e9, se avessimo dei figli, gli faremmo provare questo gioco speciale. Ecco perch\u00e9, avendoceli, speriamo di riuscire a trasmettergli la nostra passione. E li portiamo ad arrampicare.Uno dei falsi miti da sfatare \u00e8 che i bambini non abbiano paura di nulla. Pu\u00f2 certo accadere che siano i genitori o gli adulti in genere a inculcare i pi\u00f9 svariati timori sulla base delle loro ansie; tuttavia alcune paure legate all'arrampicata sono assolutamente istintive e non hanno a che fare con paranoie genitoriali. La paura del vuoto per esempio. Se un bambino si appresta a fare la sua prima scalata, appenderlo senza preamboli a una corda non \u00e8 sempre la mossa migliore. Pu\u00f2 convenire infatti, laddove ce ne sia la possibilit\u00e0, fargli fare dei piccoli traversi alla base della falesia o in palestra, senza farlo salire troppo, per permettergli di sperimentare la sensazione di non avere pi\u00f9 i piedi poggiati per terra.Una volta imbragato, ugualmente \u00e8 meglio andare per gradi e non insistere troppo se\u00a0 dopo pochi passi, vuole tornare gi\u00f9. Non c'\u00e8 niente di pi\u00f9 sbagliato di forzarlo, soprattutto se \u00e8 la sua prima esperienza. Non \u00e8 detto che una volta a terra non voglia immediatamente riprovarci!","breadcrumb":{"@id":"https:\/\/www.sestogrado.it\/it\/i-bambini-e-larrampicata\/#breadcrumb"},"inLanguage":"it-IT","potentialAction":[{"@type":"ReadAction","target":[["https:\/\/www.sestogrado.it\/it\/i-bambini-e-larrampicata\/"]]}]},{"@type":"ImageObject","inLanguage":"it-IT","@id":"https:\/\/www.sestogrado.it\/it\/i-bambini-e-larrampicata\/#primaryimage","url":"https:\/\/www.sestogrado.it\/wp-content\/uploads\/2020\/03\/baby-climber.jpg","contentUrl":"https:\/\/www.sestogrado.it\/wp-content\/uploads\/2020\/03\/baby-climber.jpg","width":1200,"height":900,"caption":"bambini e arrampicata"},{"@type":"BreadcrumbList","@id":"https:\/\/www.sestogrado.it\/it\/i-bambini-e-larrampicata\/#breadcrumb","itemListElement":[{"@type":"ListItem","position":1,"name":"Home","item":"https:\/\/www.sestogrado.it\/it\/"},{"@type":"ListItem","position":2,"name":"I bambini e l&#8217;arrampicata"}]},{"@type":"WebSite","@id":"https:\/\/www.sestogrado.it\/it\/#website","url":"https:\/\/www.sestogrado.it\/it\/","name":"Sestogrado","description":"yes we climb","publisher":{"@id":"https:\/\/www.sestogrado.it\/it\/#organization"},"potentialAction":[{"@type":"SearchAction","target":{"@type":"EntryPoint","urlTemplate":"https:\/\/www.sestogrado.it\/it\/?s={search_term_string}"},"query-input":{"@type":"PropertyValueSpecification","valueRequired":true,"valueName":"search_term_string"}}],"inLanguage":"it-IT"},{"@type":"Organization","@id":"https:\/\/www.sestogrado.it\/it\/#organization","name":"Sestogrado","url":"https:\/\/www.sestogrado.it\/it\/","logo":{"@type":"ImageObject","inLanguage":"it-IT","@id":"https:\/\/www.sestogrado.it\/it\/#\/schema\/logo\/image\/","url":"https:\/\/www.sestogrado.it\/wp-content\/uploads\/2015\/03\/sestogrado-favicon.png","contentUrl":"https:\/\/www.sestogrado.it\/wp-content\/uploads\/2015\/03\/sestogrado-favicon.png","width":260,"height":260,"caption":"Sestogrado"},"image":{"@id":"https:\/\/www.sestogrado.it\/it\/#\/schema\/logo\/image\/"},"sameAs":["https:\/\/www.facebook.com\/pages\/Sestogrado\/1542635979353017?ref=bookmarks","https:\/\/www.youtube.com\/channel\/UC847kAfTkaJsWpc1jtQwr3Q"],"hasMerchantReturnPolicy":{"@type":"MerchantReturnPolicy","merchantReturnLink":"https:\/\/www.sestogrado.it\/it\/termini-e-condizioni\/"}},{"@type":"Person","@id":"https:\/\/www.sestogrado.it\/en\/#\/schema\/person\/79f414dc6904c7d2eef9d047c045f445","name":"admin"}]}},"_links":{"self":[{"href":"https:\/\/www.sestogrado.it\/it\/wp-json\/wp\/v2\/posts\/28611","targetHints":{"allow":["GET"]}}],"collection":[{"href":"https:\/\/www.sestogrado.it\/it\/wp-json\/wp\/v2\/posts"}],"about":[{"href":"https:\/\/www.sestogrado.it\/it\/wp-json\/wp\/v2\/types\/post"}],"author":[{"embeddable":true,"href":"https:\/\/www.sestogrado.it\/it\/wp-json\/wp\/v2\/users\/1"}],"replies":[{"embeddable":true,"href":"https:\/\/www.sestogrado.it\/it\/wp-json\/wp\/v2\/comments?post=28611"}],"version-history":[{"count":1,"href":"https:\/\/www.sestogrado.it\/it\/wp-json\/wp\/v2\/posts\/28611\/revisions"}],"predecessor-version":[{"id":193809,"href":"https:\/\/www.sestogrado.it\/it\/wp-json\/wp\/v2\/posts\/28611\/revisions\/193809"}],"wp:featuredmedia":[{"embeddable":true,"href":"https:\/\/www.sestogrado.it\/it\/wp-json\/wp\/v2\/media\/33690"}],"wp:attachment":[{"href":"https:\/\/www.sestogrado.it\/it\/wp-json\/wp\/v2\/media?parent=28611"}],"wp:term":[{"taxonomy":"category","embeddable":true,"href":"https:\/\/www.sestogrado.it\/it\/wp-json\/wp\/v2\/categories?post=28611"},{"taxonomy":"post_tag","embeddable":true,"href":"https:\/\/www.sestogrado.it\/it\/wp-json\/wp\/v2\/tags?post=28611"}],"curies":[{"name":"wp","href":"https:\/\/api.w.org\/{rel}","templated":true}]}}