{"id":202601,"date":"2025-11-07T11:29:25","date_gmt":"2025-11-07T10:29:25","guid":{"rendered":"https:\/\/www.sestogrado.it\/?p=202601"},"modified":"2025-11-07T11:29:25","modified_gmt":"2025-11-07T10:29:25","slug":"k2-chasing-shadows-il-lato-umano-dellalpinismo-estremo","status":"publish","type":"post","link":"https:\/\/www.sestogrado.it\/it\/k2-chasing-shadows-il-lato-umano-dellalpinismo-estremo\/","title":{"rendered":"K2 \u2013 Chasing Shadows: il lato umano dell\u2019alpinismo estremo"},"content":{"rendered":"<p><\/p>\n<p data-start=\"421\" data-end=\"848\"><strong data-start=\"421\" data-end=\"447\">\u201cK2 \u2013 Chasing Shadows\u201d<\/strong> \u00e8 un documentario che va ben oltre la cronaca di una spedizione in alta quota. Diretto da <strong data-start=\"538\" data-end=\"554\">David Arnaud<\/strong> e <strong data-start=\"557\" data-end=\"574\">Hugo Clouzeau<\/strong>, racconta l\u2019impresa di <strong data-start=\"598\" data-end=\"619\">Benjamin V\u00e9drines<\/strong>, alpinista e pilota di parapendio francese, che nel 2023 tenta di salire il <strong data-start=\"696\" data-end=\"712\">K2 (8.611 m)<\/strong> \u2014 la seconda montagna pi\u00f9 alta del mondo \u2014 in modo rapido, <strong data-start=\"772\" data-end=\"804\">senza ossigeno supplementare<\/strong>, e di scendere <strong data-start=\"820\" data-end=\"845\">volando in parapendio<\/strong>.<\/p>\n<p data-start=\"850\" data-end=\"1256\">Girato tra le pareti e i cieli del Karakorum, il film mescola <strong data-start=\"912\" data-end=\"963\">riprese spettacolari e momenti di introspezione<\/strong>. V\u00e9drines non cerca soltanto la performance sportiva, ma anche una forma di riconciliazione con se stesso dopo un\u2019esperienza passata segnata dal trauma. \u201cChasing Shadows\u201d \u2014 \u201cinseguire ombre\u201d \u2014 diventa cos\u00ec un titolo dal doppio significato: l\u2019ombra della montagna, ma anche quella interiore.<\/p>\n<p data-start=\"850\" data-end=\"1256\"><iframe src=\"\/\/www.youtube.com\/embed\/7eAqhMR3dyQ\" width=\"560\" height=\"314\" allowfullscreen=\"allowfullscreen\"><\/iframe><\/p>\n<h3 data-start=\"1258\" data-end=\"1303\">Tra tecnica e filosofia dell\u2019alta quota<\/h3>\n<p data-start=\"1304\" data-end=\"1635\">Il documentario mostra da vicino la preparazione, la salita e la discesa, con <strong data-start=\"1382\" data-end=\"1416\">sequenze reali girate in quota<\/strong>, spesso in prima persona. La regia di Arnaud e Clouzeau alterna immagini potenti e silenzi, restituendo al pubblico la dimensione autentica dell\u2019alpinismo moderno: una miscela di <strong data-start=\"1596\" data-end=\"1632\">lucidit\u00e0, paura e contemplazione<\/strong>.<\/p>\n<p data-start=\"1637\" data-end=\"1978\">Un aspetto curioso \u00e8 l\u2019uso del <strong data-start=\"1668\" data-end=\"1708\">parapendio come strumento di discesa<\/strong>: una tecnica sempre pi\u00f9 esplorata nell\u2019alpinismo contemporaneo, ma qui portata all\u2019estremo. V\u00e9drines, gi\u00e0 noto per record sul Broad Peak e nel massiccio del Monte Bianco, riesce a coniugare velocit\u00e0, leggerezza e libert\u00e0 in una delle montagne pi\u00f9 pericolose al mondo.<\/p>\n<p data-start=\"1637\" data-end=\"1978\"><img decoding=\"async\" class=\"img-fluid alignnone wp-image-202603 \" src=\"https:\/\/www.sestogrado.it\/wp-content\/uploads\/2025\/11\/K2ChasingShadows_H.jpg\" alt=\"k2\" width=\"1019\" height=\"573\" srcset=\"https:\/\/www.sestogrado.it\/wp-content\/uploads\/2025\/11\/K2ChasingShadows_H.jpg 1920w, https:\/\/www.sestogrado.it\/wp-content\/uploads\/2025\/11\/K2ChasingShadows_H-300x169.jpg 300w, https:\/\/www.sestogrado.it\/wp-content\/uploads\/2025\/11\/K2ChasingShadows_H-1024x576.jpg 1024w, https:\/\/www.sestogrado.it\/wp-content\/uploads\/2025\/11\/K2ChasingShadows_H-768x432.jpg 768w, https:\/\/www.sestogrado.it\/wp-content\/uploads\/2025\/11\/K2ChasingShadows_H-1536x864.jpg 1536w, https:\/\/www.sestogrado.it\/wp-content\/uploads\/2025\/11\/K2ChasingShadows_H-142x80.jpg 142w, https:\/\/www.sestogrado.it\/wp-content\/uploads\/2025\/11\/K2ChasingShadows_H-750x422.jpg 750w, https:\/\/www.sestogrado.it\/wp-content\/uploads\/2025\/11\/K2ChasingShadows_H-107x60.jpg 107w, https:\/\/www.sestogrado.it\/wp-content\/uploads\/2025\/11\/K2ChasingShadows_H-160x90.jpg 160w\" sizes=\"(max-width: 1019px) 100vw, 1019px\" \/><\/p>\n<h3 data-start=\"1980\" data-end=\"2029\">Un viaggio interiore sotto forma di impresa<\/h3>\n<p data-start=\"2030\" data-end=\"2266\">\u201cK2 \u2013 Chasing Shadows\u201d non \u00e8 solo un racconto d\u2019azione: \u00e8 una riflessione sulla <strong data-start=\"2110\" data-end=\"2141\">ricerca di senso e identit\u00e0<\/strong>. L\u2019alpinismo, in questo film, diventa un modo per guardarsi dentro, per accettare i propri limiti e trasformarli in forza.<\/p>\n<p data-start=\"2268\" data-end=\"2525\">L\u2019elemento umano emerge con sincerit\u00e0: la paura, la responsabilit\u00e0, la consapevolezza di affrontare una montagna che non perdona. Il K2, \u201cla montagna selvaggia\u201d, \u00e8 ancora una volta teatro di un confronto tra uomo e natura che non lascia spazio a finzioni.<\/p>\n<h3 data-start=\"2527\" data-end=\"2542\">Curiosit\u00e0<\/h3>\n<ul data-start=\"2543\" data-end=\"2914\">\n<li data-start=\"2543\" data-end=\"2643\">\n<p data-start=\"2545\" data-end=\"2643\">Il film \u00e8 stato presentato nel 2025 all\u2019interno del tour <strong data-start=\"2602\" data-end=\"2640\">Montagne en Sc\u00e8ne \u2013 Winter Edition<\/strong>.<\/p>\n<\/li>\n<li data-start=\"2644\" data-end=\"2742\">\n<p data-start=\"2646\" data-end=\"2742\">La durata \u00e8 di circa <strong data-start=\"2667\" data-end=\"2680\">66 minuti<\/strong>, e le riprese sono state realizzate tra Francia e Pakistan.<\/p>\n<\/li>\n<li data-start=\"2743\" data-end=\"2914\">\n<p data-start=\"2745\" data-end=\"2914\">Il titolo gioca con il significato di \u201cinseguire le ombre\u201d, un riferimento sia alla lotta interiore dell\u2019atleta sia alla corsa contro il tempo e le condizioni estreme.<\/p>\n<\/li>\n<\/ul>\n<h3 data-start=\"2916\" data-end=\"2933\"><\/h3>\n<p data-start=\"2934\" data-end=\"3196\"><em data-start=\"2934\" data-end=\"2956\">K2 \u2013 Chasing Shadows<\/em> \u00e8 un viaggio visivo e umano che parla agli appassionati di montagna ma anche a chi cerca nelle imprese estreme un riflesso delle sfide quotidiane.<br data-start=\"3103\" data-end=\"3106\" \/>Un documentario che <strong data-start=\"3126\" data-end=\"3155\">non celebra solo la vetta<\/strong>, ma il cammino \u2014 dentro e fuori di s\u00e9.<\/p>\n<p><\/p>","protected":false},"excerpt":{"rendered":"<p>Un film che racconta l\u2019alpinismo come non lo abbiamo mai visto: tra silenzio, coraggio e ombre interiori.<\/p>\n","protected":false},"author":1,"featured_media":202602,"comment_status":"open","ping_status":"open","sticky":false,"template":"","format":"standard","meta":{"_acf_changed":false,"footnotes":""},"categories":[79],"tags":[],"class_list":["post-202601","post","type-post","status-publish","format-standard","has-post-thumbnail","hentry","category-libro-di-vetta"],"acf":[],"yoast_head":"<!-- This site is optimized with the Yoast SEO plugin v26.4 - https:\/\/yoast.com\/wordpress\/plugins\/seo\/ -->\n<title>K2 \u2013 Chasing Shadows: il lato umano dell\u2019alpinismo estremo - Sestogrado<\/title>\n<meta name=\"description\" content=\"Un film che racconta l\u2019alpinismo come non lo abbiamo mai visto: tra silenzio, coraggio e ombre interiori. Scopri la storia di Benjamin V\u00e9drines sul K2. \u201cK2 \u2013 Chasing Shadows\u201d \u00e8 un documentario che va ben oltre la cronaca di una spedizione in alta quota. Diretto da David Arnaud e Hugo Clouzeau, racconta l\u2019impresa di Benjamin V\u00e9drines, alpinista e pilota di parapendio francese, che nel 2023 tenta di salire il K2 (8.611 m) \u2014 la seconda montagna pi\u00f9 alta del mondo \u2014 in modo rapido, senza ossigeno supplementare, e di scendere volando in parapendio.Girato tra le pareti e i cieli del Karakorum, il film mescola riprese spettacolari e momenti di introspezione. V\u00e9drines non cerca soltanto la performance sportiva, ma anche una forma di riconciliazione con se stesso dopo un\u2019esperienza passata segnata dal trauma. \u201cChasing Shadows\u201d \u2014 \u201cinseguire ombre\u201d \u2014 diventa cos\u00ec un titolo dal doppio significato: l\u2019ombra della montagna, ma anche quella interiore.\" \/>\n<meta name=\"robots\" content=\"index, follow, max-snippet:-1, max-image-preview:large, max-video-preview:-1\" \/>\n<link rel=\"canonical\" href=\"https:\/\/www.sestogrado.it\/it\/k2-chasing-shadows-il-lato-umano-dellalpinismo-estremo\/\" \/>\n<meta property=\"og:locale\" content=\"it_IT\" \/>\n<meta property=\"og:type\" content=\"article\" \/>\n<meta property=\"og:title\" content=\"K2 \u2013 Chasing Shadows: il lato umano dell\u2019alpinismo estremo - Sestogrado\" \/>\n<meta property=\"og:description\" content=\"Un film che racconta l\u2019alpinismo come non lo abbiamo mai visto: tra silenzio, coraggio e ombre interiori. Scopri la storia di Benjamin V\u00e9drines sul K2. \u201cK2 \u2013 Chasing Shadows\u201d \u00e8 un documentario che va ben oltre la cronaca di una spedizione in alta quota. Diretto da David Arnaud e Hugo Clouzeau, racconta l\u2019impresa di Benjamin V\u00e9drines, alpinista e pilota di parapendio francese, che nel 2023 tenta di salire il K2 (8.611 m) \u2014 la seconda montagna pi\u00f9 alta del mondo \u2014 in modo rapido, senza ossigeno supplementare, e di scendere volando in parapendio.Girato tra le pareti e i cieli del Karakorum, il film mescola riprese spettacolari e momenti di introspezione. V\u00e9drines non cerca soltanto la performance sportiva, ma anche una forma di riconciliazione con se stesso dopo un\u2019esperienza passata segnata dal trauma. \u201cChasing Shadows\u201d \u2014 \u201cinseguire ombre\u201d \u2014 diventa cos\u00ec un titolo dal doppio significato: l\u2019ombra della montagna, ma anche quella interiore.\" \/>\n<meta property=\"og:url\" content=\"https:\/\/www.sestogrado.it\/it\/k2-chasing-shadows-il-lato-umano-dellalpinismo-estremo\/\" \/>\n<meta property=\"og:site_name\" content=\"Sestogrado\" \/>\n<meta property=\"article:publisher\" content=\"https:\/\/www.facebook.com\/pages\/Sestogrado\/1542635979353017?ref=bookmarks\" \/>\n<meta property=\"article:published_time\" content=\"2025-11-07T10:29:25+00:00\" \/>\n<meta property=\"og:image\" content=\"https:\/\/www.sestogrado.it\/wp-content\/uploads\/2025\/11\/maxresdefault.jpg\" \/>\n\t<meta property=\"og:image:width\" content=\"1280\" \/>\n\t<meta property=\"og:image:height\" content=\"720\" \/>\n\t<meta property=\"og:image:type\" content=\"image\/jpeg\" \/>\n<meta name=\"author\" content=\"admin\" \/>\n<meta name=\"twitter:label1\" content=\"Scritto da\" \/>\n\t<meta name=\"twitter:data1\" content=\"admin\" \/>\n\t<meta name=\"twitter:label2\" content=\"Tempo di lettura stimato\" \/>\n\t<meta name=\"twitter:data2\" content=\"2 minuti\" \/>\n<script type=\"application\/ld+json\" class=\"yoast-schema-graph\">{\"@context\":\"https:\/\/schema.org\",\"@graph\":[{\"@type\":\"Article\",\"@id\":\"https:\/\/www.sestogrado.it\/k2-chasing-shadows-il-lato-umano-dellalpinismo-estremo\/#article\",\"isPartOf\":{\"@id\":\"https:\/\/www.sestogrado.it\/k2-chasing-shadows-il-lato-umano-dellalpinismo-estremo\/\"},\"author\":{\"name\":\"admin\",\"@id\":\"https:\/\/www.sestogrado.it\/en\/#\/schema\/person\/79f414dc6904c7d2eef9d047c045f445\"},\"headline\":\"K2 \u2013 Chasing Shadows: il lato umano dell\u2019alpinismo estremo\",\"datePublished\":\"2025-11-07T10:29:25+00:00\",\"mainEntityOfPage\":{\"@id\":\"https:\/\/www.sestogrado.it\/k2-chasing-shadows-il-lato-umano-dellalpinismo-estremo\/\"},\"wordCount\":433,\"commentCount\":0,\"publisher\":{\"@id\":\"https:\/\/www.sestogrado.it\/en\/#organization\"},\"image\":{\"@id\":\"https:\/\/www.sestogrado.it\/k2-chasing-shadows-il-lato-umano-dellalpinismo-estremo\/#primaryimage\"},\"thumbnailUrl\":\"https:\/\/www.sestogrado.it\/wp-content\/uploads\/2025\/11\/maxresdefault.jpg\",\"articleSection\":[\"Libro di vetta\"],\"inLanguage\":\"it-IT\",\"potentialAction\":[{\"@type\":\"CommentAction\",\"name\":\"Comment\",\"target\":[\"https:\/\/www.sestogrado.it\/k2-chasing-shadows-il-lato-umano-dellalpinismo-estremo\/#respond\"]}]},{\"@type\":\"WebPage\",\"@id\":\"https:\/\/www.sestogrado.it\/it\/k2-chasing-shadows-il-lato-umano-dellalpinismo-estremo\/\",\"url\":\"https:\/\/www.sestogrado.it\/it\/k2-chasing-shadows-il-lato-umano-dellalpinismo-estremo\/\",\"name\":\"K2 \u2013 Chasing Shadows: il lato umano dell\u2019alpinismo estremo - Sestogrado\",\"isPartOf\":{\"@id\":\"https:\/\/www.sestogrado.it\/it\/#website\"},\"primaryImageOfPage\":{\"@id\":\"https:\/\/www.sestogrado.it\/it\/k2-chasing-shadows-il-lato-umano-dellalpinismo-estremo\/#primaryimage\"},\"image\":{\"@id\":\"https:\/\/www.sestogrado.it\/k2-chasing-shadows-il-lato-umano-dellalpinismo-estremo\/#primaryimage\"},\"thumbnailUrl\":\"https:\/\/www.sestogrado.it\/wp-content\/uploads\/2025\/11\/maxresdefault.jpg\",\"datePublished\":\"2025-11-07T10:29:25+00:00\",\"description\":\"Un film che racconta l\u2019alpinismo come non lo abbiamo mai visto: tra silenzio, coraggio e ombre interiori. Scopri la storia di Benjamin V\u00e9drines sul K2. \u201cK2 \u2013 Chasing Shadows\u201d \u00e8 un documentario che va ben oltre la cronaca di una spedizione in alta quota. Diretto da David Arnaud e Hugo Clouzeau, racconta l\u2019impresa di Benjamin V\u00e9drines, alpinista e pilota di parapendio francese, che nel 2023 tenta di salire il K2 (8.611 m) \u2014 la seconda montagna pi\u00f9 alta del mondo \u2014 in modo rapido, senza ossigeno supplementare, e di scendere volando in parapendio.Girato tra le pareti e i cieli del Karakorum, il film mescola riprese spettacolari e momenti di introspezione. V\u00e9drines non cerca soltanto la performance sportiva, ma anche una forma di riconciliazione con se stesso dopo un\u2019esperienza passata segnata dal trauma. \u201cChasing Shadows\u201d \u2014 \u201cinseguire ombre\u201d \u2014 diventa cos\u00ec un titolo dal doppio significato: l\u2019ombra della montagna, ma anche quella interiore.\",\"breadcrumb\":{\"@id\":\"https:\/\/www.sestogrado.it\/it\/k2-chasing-shadows-il-lato-umano-dellalpinismo-estremo\/#breadcrumb\"},\"inLanguage\":\"it-IT\",\"potentialAction\":[{\"@type\":\"ReadAction\",\"target\":[[\"https:\/\/www.sestogrado.it\/it\/k2-chasing-shadows-il-lato-umano-dellalpinismo-estremo\/\"]]}]},{\"@type\":\"ImageObject\",\"inLanguage\":\"it-IT\",\"@id\":\"https:\/\/www.sestogrado.it\/it\/k2-chasing-shadows-il-lato-umano-dellalpinismo-estremo\/#primaryimage\",\"url\":\"https:\/\/www.sestogrado.it\/wp-content\/uploads\/2025\/11\/maxresdefault.jpg\",\"contentUrl\":\"https:\/\/www.sestogrado.it\/wp-content\/uploads\/2025\/11\/maxresdefault.jpg\",\"width\":1280,\"height\":720,\"caption\":\"k2\"},{\"@type\":\"BreadcrumbList\",\"@id\":\"https:\/\/www.sestogrado.it\/it\/k2-chasing-shadows-il-lato-umano-dellalpinismo-estremo\/#breadcrumb\",\"itemListElement\":[{\"@type\":\"ListItem\",\"position\":1,\"name\":\"Home\",\"item\":\"https:\/\/www.sestogrado.it\/it\/\"},{\"@type\":\"ListItem\",\"position\":2,\"name\":\"K2 \u2013 Chasing Shadows: il lato umano dell\u2019alpinismo estremo\"}]},{\"@type\":\"WebSite\",\"@id\":\"https:\/\/www.sestogrado.it\/it\/#website\",\"url\":\"https:\/\/www.sestogrado.it\/it\/\",\"name\":\"Sestogrado\",\"description\":\"yes we climb\",\"publisher\":{\"@id\":\"https:\/\/www.sestogrado.it\/it\/#organization\"},\"potentialAction\":[{\"@type\":\"SearchAction\",\"target\":{\"@type\":\"EntryPoint\",\"urlTemplate\":\"https:\/\/www.sestogrado.it\/it\/?s={search_term_string}\"},\"query-input\":{\"@type\":\"PropertyValueSpecification\",\"valueRequired\":true,\"valueName\":\"search_term_string\"}}],\"inLanguage\":\"it-IT\"},{\"@type\":\"Organization\",\"@id\":\"https:\/\/www.sestogrado.it\/it\/#organization\",\"name\":\"Sestogrado\",\"url\":\"https:\/\/www.sestogrado.it\/it\/\",\"logo\":{\"@type\":\"ImageObject\",\"inLanguage\":\"it-IT\",\"@id\":\"https:\/\/www.sestogrado.it\/it\/#\/schema\/logo\/image\/\",\"url\":\"https:\/\/www.sestogrado.it\/wp-content\/uploads\/2015\/03\/sestogrado-favicon.png\",\"contentUrl\":\"https:\/\/www.sestogrado.it\/wp-content\/uploads\/2015\/03\/sestogrado-favicon.png\",\"width\":260,\"height\":260,\"caption\":\"Sestogrado\"},\"image\":{\"@id\":\"https:\/\/www.sestogrado.it\/it\/#\/schema\/logo\/image\/\"},\"sameAs\":[\"https:\/\/www.facebook.com\/pages\/Sestogrado\/1542635979353017?ref=bookmarks\",\"https:\/\/www.youtube.com\/channel\/UC847kAfTkaJsWpc1jtQwr3Q\"],\"hasMerchantReturnPolicy\":{\"@type\":\"MerchantReturnPolicy\",\"merchantReturnLink\":\"https:\/\/www.sestogrado.it\/it\/termini-e-condizioni\/\"}},{\"@type\":\"Person\",\"@id\":\"https:\/\/www.sestogrado.it\/en\/#\/schema\/person\/79f414dc6904c7d2eef9d047c045f445\",\"name\":\"admin\"}]}<\/script>\n<!-- \/ Yoast SEO plugin. -->","yoast_head_json":{"title":"K2 \u2013 Chasing Shadows: il lato umano dell\u2019alpinismo estremo - Sestogrado","description":"Un film che racconta l\u2019alpinismo come non lo abbiamo mai visto: tra silenzio, coraggio e ombre interiori. Scopri la storia di Benjamin V\u00e9drines sul K2. \u201cK2 \u2013 Chasing Shadows\u201d \u00e8 un documentario che va ben oltre la cronaca di una spedizione in alta quota. Diretto da David Arnaud e Hugo Clouzeau, racconta l\u2019impresa di Benjamin V\u00e9drines, alpinista e pilota di parapendio francese, che nel 2023 tenta di salire il K2 (8.611 m) \u2014 la seconda montagna pi\u00f9 alta del mondo \u2014 in modo rapido, senza ossigeno supplementare, e di scendere volando in parapendio.Girato tra le pareti e i cieli del Karakorum, il film mescola riprese spettacolari e momenti di introspezione. V\u00e9drines non cerca soltanto la performance sportiva, ma anche una forma di riconciliazione con se stesso dopo un\u2019esperienza passata segnata dal trauma. \u201cChasing Shadows\u201d \u2014 \u201cinseguire ombre\u201d \u2014 diventa cos\u00ec un titolo dal doppio significato: l\u2019ombra della montagna, ma anche quella interiore.","robots":{"index":"index","follow":"follow","max-snippet":"max-snippet:-1","max-image-preview":"max-image-preview:large","max-video-preview":"max-video-preview:-1"},"canonical":"https:\/\/www.sestogrado.it\/it\/k2-chasing-shadows-il-lato-umano-dellalpinismo-estremo\/","og_locale":"it_IT","og_type":"article","og_title":"K2 \u2013 Chasing Shadows: il lato umano dell\u2019alpinismo estremo - Sestogrado","og_description":"Un film che racconta l\u2019alpinismo come non lo abbiamo mai visto: tra silenzio, coraggio e ombre interiori. Scopri la storia di Benjamin V\u00e9drines sul K2. \u201cK2 \u2013 Chasing Shadows\u201d \u00e8 un documentario che va ben oltre la cronaca di una spedizione in alta quota. Diretto da David Arnaud e Hugo Clouzeau, racconta l\u2019impresa di Benjamin V\u00e9drines, alpinista e pilota di parapendio francese, che nel 2023 tenta di salire il K2 (8.611 m) \u2014 la seconda montagna pi\u00f9 alta del mondo \u2014 in modo rapido, senza ossigeno supplementare, e di scendere volando in parapendio.Girato tra le pareti e i cieli del Karakorum, il film mescola riprese spettacolari e momenti di introspezione. V\u00e9drines non cerca soltanto la performance sportiva, ma anche una forma di riconciliazione con se stesso dopo un\u2019esperienza passata segnata dal trauma. \u201cChasing Shadows\u201d \u2014 \u201cinseguire ombre\u201d \u2014 diventa cos\u00ec un titolo dal doppio significato: l\u2019ombra della montagna, ma anche quella interiore.","og_url":"https:\/\/www.sestogrado.it\/it\/k2-chasing-shadows-il-lato-umano-dellalpinismo-estremo\/","og_site_name":"Sestogrado","article_publisher":"https:\/\/www.facebook.com\/pages\/Sestogrado\/1542635979353017?ref=bookmarks","article_published_time":"2025-11-07T10:29:25+00:00","og_image":[{"width":1280,"height":720,"url":"https:\/\/www.sestogrado.it\/wp-content\/uploads\/2025\/11\/maxresdefault.jpg","type":"image\/jpeg"}],"author":"admin","twitter_misc":{"Scritto da":"admin","Tempo di lettura stimato":"2 minuti"},"schema":{"@context":"https:\/\/schema.org","@graph":[{"@type":"Article","@id":"https:\/\/www.sestogrado.it\/k2-chasing-shadows-il-lato-umano-dellalpinismo-estremo\/#article","isPartOf":{"@id":"https:\/\/www.sestogrado.it\/k2-chasing-shadows-il-lato-umano-dellalpinismo-estremo\/"},"author":{"name":"admin","@id":"https:\/\/www.sestogrado.it\/en\/#\/schema\/person\/79f414dc6904c7d2eef9d047c045f445"},"headline":"K2 \u2013 Chasing Shadows: il lato umano dell\u2019alpinismo estremo","datePublished":"2025-11-07T10:29:25+00:00","mainEntityOfPage":{"@id":"https:\/\/www.sestogrado.it\/k2-chasing-shadows-il-lato-umano-dellalpinismo-estremo\/"},"wordCount":433,"commentCount":0,"publisher":{"@id":"https:\/\/www.sestogrado.it\/en\/#organization"},"image":{"@id":"https:\/\/www.sestogrado.it\/k2-chasing-shadows-il-lato-umano-dellalpinismo-estremo\/#primaryimage"},"thumbnailUrl":"https:\/\/www.sestogrado.it\/wp-content\/uploads\/2025\/11\/maxresdefault.jpg","articleSection":["Libro di vetta"],"inLanguage":"it-IT","potentialAction":[{"@type":"CommentAction","name":"Comment","target":["https:\/\/www.sestogrado.it\/k2-chasing-shadows-il-lato-umano-dellalpinismo-estremo\/#respond"]}]},{"@type":"WebPage","@id":"https:\/\/www.sestogrado.it\/it\/k2-chasing-shadows-il-lato-umano-dellalpinismo-estremo\/","url":"https:\/\/www.sestogrado.it\/it\/k2-chasing-shadows-il-lato-umano-dellalpinismo-estremo\/","name":"K2 \u2013 Chasing Shadows: il lato umano dell\u2019alpinismo estremo - Sestogrado","isPartOf":{"@id":"https:\/\/www.sestogrado.it\/it\/#website"},"primaryImageOfPage":{"@id":"https:\/\/www.sestogrado.it\/it\/k2-chasing-shadows-il-lato-umano-dellalpinismo-estremo\/#primaryimage"},"image":{"@id":"https:\/\/www.sestogrado.it\/k2-chasing-shadows-il-lato-umano-dellalpinismo-estremo\/#primaryimage"},"thumbnailUrl":"https:\/\/www.sestogrado.it\/wp-content\/uploads\/2025\/11\/maxresdefault.jpg","datePublished":"2025-11-07T10:29:25+00:00","description":"Un film che racconta l\u2019alpinismo come non lo abbiamo mai visto: tra silenzio, coraggio e ombre interiori. Scopri la storia di Benjamin V\u00e9drines sul K2. \u201cK2 \u2013 Chasing Shadows\u201d \u00e8 un documentario che va ben oltre la cronaca di una spedizione in alta quota. Diretto da David Arnaud e Hugo Clouzeau, racconta l\u2019impresa di Benjamin V\u00e9drines, alpinista e pilota di parapendio francese, che nel 2023 tenta di salire il K2 (8.611 m) \u2014 la seconda montagna pi\u00f9 alta del mondo \u2014 in modo rapido, senza ossigeno supplementare, e di scendere volando in parapendio.Girato tra le pareti e i cieli del Karakorum, il film mescola riprese spettacolari e momenti di introspezione. V\u00e9drines non cerca soltanto la performance sportiva, ma anche una forma di riconciliazione con se stesso dopo un\u2019esperienza passata segnata dal trauma. \u201cChasing Shadows\u201d \u2014 \u201cinseguire ombre\u201d \u2014 diventa cos\u00ec un titolo dal doppio significato: l\u2019ombra della montagna, ma anche quella interiore.","breadcrumb":{"@id":"https:\/\/www.sestogrado.it\/it\/k2-chasing-shadows-il-lato-umano-dellalpinismo-estremo\/#breadcrumb"},"inLanguage":"it-IT","potentialAction":[{"@type":"ReadAction","target":[["https:\/\/www.sestogrado.it\/it\/k2-chasing-shadows-il-lato-umano-dellalpinismo-estremo\/"]]}]},{"@type":"ImageObject","inLanguage":"it-IT","@id":"https:\/\/www.sestogrado.it\/it\/k2-chasing-shadows-il-lato-umano-dellalpinismo-estremo\/#primaryimage","url":"https:\/\/www.sestogrado.it\/wp-content\/uploads\/2025\/11\/maxresdefault.jpg","contentUrl":"https:\/\/www.sestogrado.it\/wp-content\/uploads\/2025\/11\/maxresdefault.jpg","width":1280,"height":720,"caption":"k2"},{"@type":"BreadcrumbList","@id":"https:\/\/www.sestogrado.it\/it\/k2-chasing-shadows-il-lato-umano-dellalpinismo-estremo\/#breadcrumb","itemListElement":[{"@type":"ListItem","position":1,"name":"Home","item":"https:\/\/www.sestogrado.it\/it\/"},{"@type":"ListItem","position":2,"name":"K2 \u2013 Chasing Shadows: il lato umano dell\u2019alpinismo estremo"}]},{"@type":"WebSite","@id":"https:\/\/www.sestogrado.it\/it\/#website","url":"https:\/\/www.sestogrado.it\/it\/","name":"Sestogrado","description":"yes we climb","publisher":{"@id":"https:\/\/www.sestogrado.it\/it\/#organization"},"potentialAction":[{"@type":"SearchAction","target":{"@type":"EntryPoint","urlTemplate":"https:\/\/www.sestogrado.it\/it\/?s={search_term_string}"},"query-input":{"@type":"PropertyValueSpecification","valueRequired":true,"valueName":"search_term_string"}}],"inLanguage":"it-IT"},{"@type":"Organization","@id":"https:\/\/www.sestogrado.it\/it\/#organization","name":"Sestogrado","url":"https:\/\/www.sestogrado.it\/it\/","logo":{"@type":"ImageObject","inLanguage":"it-IT","@id":"https:\/\/www.sestogrado.it\/it\/#\/schema\/logo\/image\/","url":"https:\/\/www.sestogrado.it\/wp-content\/uploads\/2015\/03\/sestogrado-favicon.png","contentUrl":"https:\/\/www.sestogrado.it\/wp-content\/uploads\/2015\/03\/sestogrado-favicon.png","width":260,"height":260,"caption":"Sestogrado"},"image":{"@id":"https:\/\/www.sestogrado.it\/it\/#\/schema\/logo\/image\/"},"sameAs":["https:\/\/www.facebook.com\/pages\/Sestogrado\/1542635979353017?ref=bookmarks","https:\/\/www.youtube.com\/channel\/UC847kAfTkaJsWpc1jtQwr3Q"],"hasMerchantReturnPolicy":{"@type":"MerchantReturnPolicy","merchantReturnLink":"https:\/\/www.sestogrado.it\/it\/termini-e-condizioni\/"}},{"@type":"Person","@id":"https:\/\/www.sestogrado.it\/en\/#\/schema\/person\/79f414dc6904c7d2eef9d047c045f445","name":"admin"}]}},"_links":{"self":[{"href":"https:\/\/www.sestogrado.it\/it\/wp-json\/wp\/v2\/posts\/202601","targetHints":{"allow":["GET"]}}],"collection":[{"href":"https:\/\/www.sestogrado.it\/it\/wp-json\/wp\/v2\/posts"}],"about":[{"href":"https:\/\/www.sestogrado.it\/it\/wp-json\/wp\/v2\/types\/post"}],"author":[{"embeddable":true,"href":"https:\/\/www.sestogrado.it\/it\/wp-json\/wp\/v2\/users\/1"}],"replies":[{"embeddable":true,"href":"https:\/\/www.sestogrado.it\/it\/wp-json\/wp\/v2\/comments?post=202601"}],"version-history":[{"count":1,"href":"https:\/\/www.sestogrado.it\/it\/wp-json\/wp\/v2\/posts\/202601\/revisions"}],"predecessor-version":[{"id":202604,"href":"https:\/\/www.sestogrado.it\/it\/wp-json\/wp\/v2\/posts\/202601\/revisions\/202604"}],"wp:featuredmedia":[{"embeddable":true,"href":"https:\/\/www.sestogrado.it\/it\/wp-json\/wp\/v2\/media\/202602"}],"wp:attachment":[{"href":"https:\/\/www.sestogrado.it\/it\/wp-json\/wp\/v2\/media?parent=202601"}],"wp:term":[{"taxonomy":"category","embeddable":true,"href":"https:\/\/www.sestogrado.it\/it\/wp-json\/wp\/v2\/categories?post=202601"},{"taxonomy":"post_tag","embeddable":true,"href":"https:\/\/www.sestogrado.it\/it\/wp-json\/wp\/v2\/tags?post=202601"}],"curies":[{"name":"wp","href":"https:\/\/api.w.org\/{rel}","templated":true}]}}