{"id":202209,"date":"2025-10-19T08:30:05","date_gmt":"2025-10-19T06:30:05","guid":{"rendered":"https:\/\/www.sestogrado.it\/?p=202209"},"modified":"2026-01-19T09:03:48","modified_gmt":"2026-01-19T08:03:48","slug":"morto-a-92-anni-lultimo-eroe-delleverest-non-era-mai-arrivato-in-vetta","status":"publish","type":"post","link":"https:\/\/www.sestogrado.it\/it\/morto-a-92-anni-lultimo-eroe-delleverest-non-era-mai-arrivato-in-vetta\/","title":{"rendered":"Morto a 92 anni l\u2019ultimo eroe dell\u2019Everest: non era mai arrivato in vetta"},"content":{"rendered":"<p><\/p>\n<p data-start=\"194\" data-end=\"252\"><strong data-start=\"194\" data-end=\"252\">Un pioniere dell\u2019alpinismo e voce della cultura sherpa<\/strong><\/p>\n<p data-start=\"254\" data-end=\"589\">Figura di riferimento nell\u2019alpinismo himalayano e instancabile promotore della cultura sherpa, Kancha Sherpa si \u00e8 spento all\u2019et\u00e0 di 92 anni. \u00c8 stato l\u2019ultimo superstite della leggendaria spedizione del 1953, che vide l\u2019uomo raggiungere per la prima volta la vetta dell\u2019Everest \u2013 la montagna pi\u00f9 alta della Terra con i suoi 8.848 metri.<\/p>\n<p data-start=\"591\" data-end=\"1074\">Negli ultimi giorni di vita, le sue condizioni si erano progressivamente aggravate, come ha riferito uno dei suoi familiari. Il mondo dell\u2019alpinismo lo ricorda non solo per il ruolo storico che ha avuto, ma anche per la profonda umanit\u00e0 e l\u2019impegno verso la sua comunit\u00e0 d\u2019origine. \u201cHa rappresentato un simbolo per intere generazioni di scalatori. La sua scomparsa lascia un vuoto difficile da colmare\u201d, ha affermato il presidente di un\u2019importante associazione alpinistica del Nepal.<\/p>\n<p data-start=\"591\" data-end=\"1074\"><img decoding=\"async\" class=\"img-fluid alignnone wp-image-202210 \" src=\"https:\/\/www.sestogrado.it\/wp-content\/uploads\/2025\/10\/02aaa.jpg\" alt=\"everest\" width=\"780\" height=\"536\" srcset=\"https:\/\/www.sestogrado.it\/wp-content\/uploads\/2025\/10\/02aaa.jpg 1000w, https:\/\/www.sestogrado.it\/wp-content\/uploads\/2025\/10\/02aaa-300x206.jpg 300w, https:\/\/www.sestogrado.it\/wp-content\/uploads\/2025\/10\/02aaa-768x528.jpg 768w, https:\/\/www.sestogrado.it\/wp-content\/uploads\/2025\/10\/02aaa-116x80.jpg 116w, https:\/\/www.sestogrado.it\/wp-content\/uploads\/2025\/10\/02aaa-750x515.jpg 750w, https:\/\/www.sestogrado.it\/wp-content\/uploads\/2025\/10\/02aaa-87x60.jpg 87w, https:\/\/www.sestogrado.it\/wp-content\/uploads\/2025\/10\/02aaa-131x90.jpg 131w\" sizes=\"(max-width: 780px) 100vw, 780px\" \/><\/p>\n<p data-start=\"1076\" data-end=\"1102\"><strong data-start=\"1076\" data-end=\"1102\">La spedizione del 1953<\/strong><\/p>\n<p data-start=\"1104\" data-end=\"1596\">Classe 1933, Kancha lasci\u00f2 il suo villaggio in giovane et\u00e0 per cercare lavoro a Darjeeling, dove entr\u00f2 in contatto con Tenzing Norgay. Quest\u2019ultimo, riconoscendone la determinazione, lo sostenne affinch\u00e9 si unisse alla spedizione capitanata dall\u2019alpinista neozelandese Edmund Hillary. Fu cos\u00ec che, ancora inesperto e senza alcun passato da scalatore, Kancha raggiunse la cosiddetta &#8220;zona della morte&#8221; \u2013 oltre gli 8.000 metri \u2013 contribuendo al successo della storica ascesa del 29 maggio 1953.<\/p>\n<p data-start=\"1598\" data-end=\"1960\">A quei tempi, i partecipanti alla spedizione percorrevano a piedi intere settimane di cammino per raggiungere il campo base, affrontando sentieri impervi e trasportando personalmente le attrezzature necessarie alla missione. Un contrasto netto rispetto alle spedizioni moderne, che si avvalgono oggi di percorsi stabiliti e supporti logistici molto pi\u00f9 avanzati.<\/p>\n<p data-start=\"1962\" data-end=\"2132\">In una vecchia intervista, Kancha ricordava come l\u2019unica via fosse camminare, poich\u00e9 non esistevano n\u00e9 mezzi di trasporto n\u00e9 collegamenti aerei per raggiungere l\u2019Everest.<\/p>\n<p data-start=\"1962\" data-end=\"2132\"><img decoding=\"async\" class=\"img-fluid alignnone wp-image-202211 \" src=\"https:\/\/www.sestogrado.it\/wp-content\/uploads\/2025\/10\/01aa.jpg\" alt=\"everest\" width=\"767\" height=\"494\" srcset=\"https:\/\/www.sestogrado.it\/wp-content\/uploads\/2025\/10\/01aa.jpg 1000w, https:\/\/www.sestogrado.it\/wp-content\/uploads\/2025\/10\/01aa-300x193.jpg 300w, https:\/\/www.sestogrado.it\/wp-content\/uploads\/2025\/10\/01aa-768x494.jpg 768w, https:\/\/www.sestogrado.it\/wp-content\/uploads\/2025\/10\/01aa-124x80.jpg 124w, https:\/\/www.sestogrado.it\/wp-content\/uploads\/2025\/10\/01aa-750x482.jpg 750w, https:\/\/www.sestogrado.it\/wp-content\/uploads\/2025\/10\/01aa-93x60.jpg 93w, https:\/\/www.sestogrado.it\/wp-content\/uploads\/2025\/10\/01aa-140x90.jpg 140w\" sizes=\"(max-width: 767px) 100vw, 767px\" \/><\/p>\n<p data-start=\"2134\" data-end=\"2161\"><strong data-start=\"2134\" data-end=\"2161\">Una vita oltre le vette<\/strong><\/p>\n<p data-start=\"2163\" data-end=\"2666\">Dopo aver partecipato a numerose spedizioni nell\u2019arco di due decenni, decise di lasciare l\u2019alpinismo su richiesta della moglie, preoccupata per i rischi legati a quelle imprese. Negli anni successivi, si fece promotore della salvaguardia dell\u2019ambiente montano e critic\u00f2 il crescente turismo d\u2019alta quota, denunciando il degrado della cima dell\u2019Everest. In un\u2019intervista del 2024, sottoline\u00f2 la necessit\u00e0 di proteggere la montagna come fosse una divinit\u00e0, chiedendo una riduzione del numero di scalatori.<\/p>\n<p data-start=\"2668\" data-end=\"3017\">La sua biografia, pubblicata nel 2021, racconta non solo la sua vicenda personale, ma anche la storia della regione del Khumbu, nel Nepal settentrionale, dove ha vissuto gran parte della sua vita. Rimase sempre legato alla lingua e alle tradizioni sherpa, e fino alla fine invit\u00f2 le giovani generazioni a non dimenticare le proprie radici culturali.<\/p>\n<p data-start=\"3019\" data-end=\"3060\"><strong data-start=\"3019\" data-end=\"3060\">Oltre lo sport: educazione e comunit\u00e0<\/strong><\/p>\n<p data-start=\"3062\" data-end=\"3382\">Oltre alla carriera nell\u2019alpinismo, Kancha gest\u00ec un ostello a Namche, il suo villaggio natale, e in passato si era dedicato anche al commercio, trasportando merci tra India e Tibet. Parlava diverse lingue, ma si esprimeva con maggiore naturalezza nella lingua sherpa, che considerava parte essenziale della sua identit\u00e0.<\/p>\n<p data-start=\"3384\" data-end=\"3771\">Molto attivo anche in ambito sociale, fond\u00f2 un\u2019organizzazione che sostiene l\u2019istruzione per i bambini provenienti da famiglie svantaggiate. Credeva fortemente nel potere dell\u2019educazione come mezzo per costruire un futuro migliore. \u201cOra i nostri ragazzi possono studiare, diventare medici, ingegneri o scienziati. Cose che, ai miei tempi, sembravano impensabili\u201d, raccontava con orgoglio.<\/p>\n<p data-start=\"3384\" data-end=\"3771\">Sestogrado &#8211; yes, we climb.<\/p>\n<p><\/p>","protected":false},"excerpt":{"rendered":"<p>Kancha Sherpa era l\u2019ultimo sopravvissuto della prima spedizione sulla vetta pi\u00f9 alta del mondo<\/p>\n","protected":false},"author":1,"featured_media":202214,"comment_status":"open","ping_status":"open","sticky":false,"template":"","format":"standard","meta":{"_acf_changed":false,"footnotes":""},"categories":[79],"tags":[],"class_list":["post-202209","post","type-post","status-publish","format-standard","has-post-thumbnail","hentry","category-libro-di-vetta"],"acf":[],"yoast_head":"<!-- This site is optimized with the Yoast SEO plugin v26.4 - https:\/\/yoast.com\/wordpress\/plugins\/seo\/ -->\n<title>Morto a 92 anni l\u2019ultimo eroe dell\u2019Everest: non era mai arrivato in vetta - Sestogrado<\/title>\n<meta name=\"description\" content=\"Kancha Sherpa era l\u2019ultimo sopravvissuto della prima spedizione sulla vetta pi\u00f9 alta del mondo. Figura di riferimento nell\u2019alpinismo himalayano e instancabile promotore della cultura sherpa, Kancha Sherpa si \u00e8 spento all\u2019et\u00e0 di 92 anni. \u00c8 stato l\u2019ultimo superstite della leggendaria spedizione del 1953, che vide l\u2019uomo raggiungere per la prima volta la vetta dell\u2019Everest \u2013 la montagna pi\u00f9 alta della Terra con i suoi 8.848 metri.\" \/>\n<meta name=\"robots\" content=\"index, follow, max-snippet:-1, max-image-preview:large, max-video-preview:-1\" \/>\n<link rel=\"canonical\" href=\"https:\/\/www.sestogrado.it\/it\/morto-a-92-anni-lultimo-eroe-delleverest-non-era-mai-arrivato-in-vetta\/\" \/>\n<meta property=\"og:locale\" content=\"it_IT\" \/>\n<meta property=\"og:type\" content=\"article\" \/>\n<meta property=\"og:title\" content=\"Morto a 92 anni l\u2019ultimo eroe dell\u2019Everest: non era mai arrivato in vetta - Sestogrado\" \/>\n<meta property=\"og:description\" content=\"Kancha Sherpa era l\u2019ultimo sopravvissuto della prima spedizione sulla vetta pi\u00f9 alta del mondo. Figura di riferimento nell\u2019alpinismo himalayano e instancabile promotore della cultura sherpa, Kancha Sherpa si \u00e8 spento all\u2019et\u00e0 di 92 anni. \u00c8 stato l\u2019ultimo superstite della leggendaria spedizione del 1953, che vide l\u2019uomo raggiungere per la prima volta la vetta dell\u2019Everest \u2013 la montagna pi\u00f9 alta della Terra con i suoi 8.848 metri.\" \/>\n<meta property=\"og:url\" content=\"https:\/\/www.sestogrado.it\/it\/morto-a-92-anni-lultimo-eroe-delleverest-non-era-mai-arrivato-in-vetta\/\" \/>\n<meta property=\"og:site_name\" content=\"Sestogrado\" \/>\n<meta property=\"article:publisher\" content=\"https:\/\/www.facebook.com\/pages\/Sestogrado\/1542635979353017?ref=bookmarks\" \/>\n<meta property=\"article:published_time\" content=\"2025-10-19T06:30:05+00:00\" \/>\n<meta property=\"article:modified_time\" content=\"2026-01-19T08:03:48+00:00\" \/>\n<meta property=\"og:image\" content=\"https:\/\/www.sestogrado.it\/wp-content\/uploads\/2025\/10\/ggg.jpg\" \/>\n\t<meta property=\"og:image:width\" content=\"640\" \/>\n\t<meta property=\"og:image:height\" content=\"427\" \/>\n\t<meta property=\"og:image:type\" content=\"image\/jpeg\" \/>\n<meta name=\"author\" content=\"admin\" \/>\n<meta name=\"twitter:label1\" content=\"Scritto da\" \/>\n\t<meta name=\"twitter:data1\" content=\"admin\" \/>\n\t<meta name=\"twitter:label2\" content=\"Tempo di lettura stimato\" \/>\n\t<meta name=\"twitter:data2\" content=\"4 minuti\" \/>\n<script type=\"application\/ld+json\" class=\"yoast-schema-graph\">{\"@context\":\"https:\/\/schema.org\",\"@graph\":[{\"@type\":\"Article\",\"@id\":\"https:\/\/www.sestogrado.it\/morto-a-92-anni-lultimo-eroe-delleverest-non-era-mai-arrivato-in-vetta\/#article\",\"isPartOf\":{\"@id\":\"https:\/\/www.sestogrado.it\/morto-a-92-anni-lultimo-eroe-delleverest-non-era-mai-arrivato-in-vetta\/\"},\"author\":{\"name\":\"admin\",\"@id\":\"https:\/\/www.sestogrado.it\/en\/#\/schema\/person\/79f414dc6904c7d2eef9d047c045f445\"},\"headline\":\"Morto a 92 anni l\u2019ultimo eroe dell\u2019Everest: non era mai arrivato in vetta\",\"datePublished\":\"2025-10-19T06:30:05+00:00\",\"dateModified\":\"2026-01-19T08:03:48+00:00\",\"mainEntityOfPage\":{\"@id\":\"https:\/\/www.sestogrado.it\/morto-a-92-anni-lultimo-eroe-delleverest-non-era-mai-arrivato-in-vetta\/\"},\"wordCount\":551,\"commentCount\":0,\"publisher\":{\"@id\":\"https:\/\/www.sestogrado.it\/en\/#organization\"},\"image\":{\"@id\":\"https:\/\/www.sestogrado.it\/morto-a-92-anni-lultimo-eroe-delleverest-non-era-mai-arrivato-in-vetta\/#primaryimage\"},\"thumbnailUrl\":\"https:\/\/www.sestogrado.it\/wp-content\/uploads\/2025\/10\/ggg.jpg\",\"articleSection\":[\"Libro di vetta\"],\"inLanguage\":\"it-IT\",\"potentialAction\":[{\"@type\":\"CommentAction\",\"name\":\"Comment\",\"target\":[\"https:\/\/www.sestogrado.it\/morto-a-92-anni-lultimo-eroe-delleverest-non-era-mai-arrivato-in-vetta\/#respond\"]}]},{\"@type\":\"WebPage\",\"@id\":\"https:\/\/www.sestogrado.it\/it\/morto-a-92-anni-lultimo-eroe-delleverest-non-era-mai-arrivato-in-vetta\/\",\"url\":\"https:\/\/www.sestogrado.it\/it\/morto-a-92-anni-lultimo-eroe-delleverest-non-era-mai-arrivato-in-vetta\/\",\"name\":\"Morto a 92 anni l\u2019ultimo eroe dell\u2019Everest: non era mai arrivato in vetta - Sestogrado\",\"isPartOf\":{\"@id\":\"https:\/\/www.sestogrado.it\/it\/#website\"},\"primaryImageOfPage\":{\"@id\":\"https:\/\/www.sestogrado.it\/it\/morto-a-92-anni-lultimo-eroe-delleverest-non-era-mai-arrivato-in-vetta\/#primaryimage\"},\"image\":{\"@id\":\"https:\/\/www.sestogrado.it\/morto-a-92-anni-lultimo-eroe-delleverest-non-era-mai-arrivato-in-vetta\/#primaryimage\"},\"thumbnailUrl\":\"https:\/\/www.sestogrado.it\/wp-content\/uploads\/2025\/10\/ggg.jpg\",\"datePublished\":\"2025-10-19T06:30:05+00:00\",\"dateModified\":\"2026-01-19T08:03:48+00:00\",\"description\":\"Kancha Sherpa era l\u2019ultimo sopravvissuto della prima spedizione sulla vetta pi\u00f9 alta del mondo. Figura di riferimento nell\u2019alpinismo himalayano e instancabile promotore della cultura sherpa, Kancha Sherpa si \u00e8 spento all\u2019et\u00e0 di 92 anni. \u00c8 stato l\u2019ultimo superstite della leggendaria spedizione del 1953, che vide l\u2019uomo raggiungere per la prima volta la vetta dell\u2019Everest \u2013 la montagna pi\u00f9 alta della Terra con i suoi 8.848 metri.\",\"breadcrumb\":{\"@id\":\"https:\/\/www.sestogrado.it\/it\/morto-a-92-anni-lultimo-eroe-delleverest-non-era-mai-arrivato-in-vetta\/#breadcrumb\"},\"inLanguage\":\"it-IT\",\"potentialAction\":[{\"@type\":\"ReadAction\",\"target\":[[\"https:\/\/www.sestogrado.it\/it\/morto-a-92-anni-lultimo-eroe-delleverest-non-era-mai-arrivato-in-vetta\/\"]]}]},{\"@type\":\"ImageObject\",\"inLanguage\":\"it-IT\",\"@id\":\"https:\/\/www.sestogrado.it\/it\/morto-a-92-anni-lultimo-eroe-delleverest-non-era-mai-arrivato-in-vetta\/#primaryimage\",\"url\":\"https:\/\/www.sestogrado.it\/wp-content\/uploads\/2025\/10\/ggg.jpg\",\"contentUrl\":\"https:\/\/www.sestogrado.it\/wp-content\/uploads\/2025\/10\/ggg.jpg\",\"width\":640,\"height\":427,\"caption\":\"everest\"},{\"@type\":\"BreadcrumbList\",\"@id\":\"https:\/\/www.sestogrado.it\/it\/morto-a-92-anni-lultimo-eroe-delleverest-non-era-mai-arrivato-in-vetta\/#breadcrumb\",\"itemListElement\":[{\"@type\":\"ListItem\",\"position\":1,\"name\":\"Home\",\"item\":\"https:\/\/www.sestogrado.it\/it\/\"},{\"@type\":\"ListItem\",\"position\":2,\"name\":\"Morto a 92 anni l\u2019ultimo eroe dell\u2019Everest: non era mai arrivato in vetta\"}]},{\"@type\":\"WebSite\",\"@id\":\"https:\/\/www.sestogrado.it\/it\/#website\",\"url\":\"https:\/\/www.sestogrado.it\/it\/\",\"name\":\"Sestogrado\",\"description\":\"yes we climb\",\"publisher\":{\"@id\":\"https:\/\/www.sestogrado.it\/it\/#organization\"},\"potentialAction\":[{\"@type\":\"SearchAction\",\"target\":{\"@type\":\"EntryPoint\",\"urlTemplate\":\"https:\/\/www.sestogrado.it\/it\/?s={search_term_string}\"},\"query-input\":{\"@type\":\"PropertyValueSpecification\",\"valueRequired\":true,\"valueName\":\"search_term_string\"}}],\"inLanguage\":\"it-IT\"},{\"@type\":\"Organization\",\"@id\":\"https:\/\/www.sestogrado.it\/it\/#organization\",\"name\":\"Sestogrado\",\"url\":\"https:\/\/www.sestogrado.it\/it\/\",\"logo\":{\"@type\":\"ImageObject\",\"inLanguage\":\"it-IT\",\"@id\":\"https:\/\/www.sestogrado.it\/it\/#\/schema\/logo\/image\/\",\"url\":\"https:\/\/www.sestogrado.it\/wp-content\/uploads\/2015\/03\/sestogrado-favicon.png\",\"contentUrl\":\"https:\/\/www.sestogrado.it\/wp-content\/uploads\/2015\/03\/sestogrado-favicon.png\",\"width\":260,\"height\":260,\"caption\":\"Sestogrado\"},\"image\":{\"@id\":\"https:\/\/www.sestogrado.it\/it\/#\/schema\/logo\/image\/\"},\"sameAs\":[\"https:\/\/www.facebook.com\/pages\/Sestogrado\/1542635979353017?ref=bookmarks\",\"https:\/\/www.youtube.com\/channel\/UC847kAfTkaJsWpc1jtQwr3Q\"],\"hasMerchantReturnPolicy\":{\"@type\":\"MerchantReturnPolicy\",\"merchantReturnLink\":\"https:\/\/www.sestogrado.it\/it\/termini-e-condizioni\/\"}},{\"@type\":\"Person\",\"@id\":\"https:\/\/www.sestogrado.it\/en\/#\/schema\/person\/79f414dc6904c7d2eef9d047c045f445\",\"name\":\"admin\"}]}<\/script>\n<!-- \/ Yoast SEO plugin. -->","yoast_head_json":{"title":"Morto a 92 anni l\u2019ultimo eroe dell\u2019Everest: non era mai arrivato in vetta - Sestogrado","description":"Kancha Sherpa era l\u2019ultimo sopravvissuto della prima spedizione sulla vetta pi\u00f9 alta del mondo. Figura di riferimento nell\u2019alpinismo himalayano e instancabile promotore della cultura sherpa, Kancha Sherpa si \u00e8 spento all\u2019et\u00e0 di 92 anni. \u00c8 stato l\u2019ultimo superstite della leggendaria spedizione del 1953, che vide l\u2019uomo raggiungere per la prima volta la vetta dell\u2019Everest \u2013 la montagna pi\u00f9 alta della Terra con i suoi 8.848 metri.","robots":{"index":"index","follow":"follow","max-snippet":"max-snippet:-1","max-image-preview":"max-image-preview:large","max-video-preview":"max-video-preview:-1"},"canonical":"https:\/\/www.sestogrado.it\/it\/morto-a-92-anni-lultimo-eroe-delleverest-non-era-mai-arrivato-in-vetta\/","og_locale":"it_IT","og_type":"article","og_title":"Morto a 92 anni l\u2019ultimo eroe dell\u2019Everest: non era mai arrivato in vetta - Sestogrado","og_description":"Kancha Sherpa era l\u2019ultimo sopravvissuto della prima spedizione sulla vetta pi\u00f9 alta del mondo. Figura di riferimento nell\u2019alpinismo himalayano e instancabile promotore della cultura sherpa, Kancha Sherpa si \u00e8 spento all\u2019et\u00e0 di 92 anni. \u00c8 stato l\u2019ultimo superstite della leggendaria spedizione del 1953, che vide l\u2019uomo raggiungere per la prima volta la vetta dell\u2019Everest \u2013 la montagna pi\u00f9 alta della Terra con i suoi 8.848 metri.","og_url":"https:\/\/www.sestogrado.it\/it\/morto-a-92-anni-lultimo-eroe-delleverest-non-era-mai-arrivato-in-vetta\/","og_site_name":"Sestogrado","article_publisher":"https:\/\/www.facebook.com\/pages\/Sestogrado\/1542635979353017?ref=bookmarks","article_published_time":"2025-10-19T06:30:05+00:00","article_modified_time":"2026-01-19T08:03:48+00:00","og_image":[{"width":640,"height":427,"url":"https:\/\/www.sestogrado.it\/wp-content\/uploads\/2025\/10\/ggg.jpg","type":"image\/jpeg"}],"author":"admin","twitter_misc":{"Scritto da":"admin","Tempo di lettura stimato":"4 minuti"},"schema":{"@context":"https:\/\/schema.org","@graph":[{"@type":"Article","@id":"https:\/\/www.sestogrado.it\/morto-a-92-anni-lultimo-eroe-delleverest-non-era-mai-arrivato-in-vetta\/#article","isPartOf":{"@id":"https:\/\/www.sestogrado.it\/morto-a-92-anni-lultimo-eroe-delleverest-non-era-mai-arrivato-in-vetta\/"},"author":{"name":"admin","@id":"https:\/\/www.sestogrado.it\/en\/#\/schema\/person\/79f414dc6904c7d2eef9d047c045f445"},"headline":"Morto a 92 anni l\u2019ultimo eroe dell\u2019Everest: non era mai arrivato in vetta","datePublished":"2025-10-19T06:30:05+00:00","dateModified":"2026-01-19T08:03:48+00:00","mainEntityOfPage":{"@id":"https:\/\/www.sestogrado.it\/morto-a-92-anni-lultimo-eroe-delleverest-non-era-mai-arrivato-in-vetta\/"},"wordCount":551,"commentCount":0,"publisher":{"@id":"https:\/\/www.sestogrado.it\/en\/#organization"},"image":{"@id":"https:\/\/www.sestogrado.it\/morto-a-92-anni-lultimo-eroe-delleverest-non-era-mai-arrivato-in-vetta\/#primaryimage"},"thumbnailUrl":"https:\/\/www.sestogrado.it\/wp-content\/uploads\/2025\/10\/ggg.jpg","articleSection":["Libro di vetta"],"inLanguage":"it-IT","potentialAction":[{"@type":"CommentAction","name":"Comment","target":["https:\/\/www.sestogrado.it\/morto-a-92-anni-lultimo-eroe-delleverest-non-era-mai-arrivato-in-vetta\/#respond"]}]},{"@type":"WebPage","@id":"https:\/\/www.sestogrado.it\/it\/morto-a-92-anni-lultimo-eroe-delleverest-non-era-mai-arrivato-in-vetta\/","url":"https:\/\/www.sestogrado.it\/it\/morto-a-92-anni-lultimo-eroe-delleverest-non-era-mai-arrivato-in-vetta\/","name":"Morto a 92 anni l\u2019ultimo eroe dell\u2019Everest: non era mai arrivato in vetta - Sestogrado","isPartOf":{"@id":"https:\/\/www.sestogrado.it\/it\/#website"},"primaryImageOfPage":{"@id":"https:\/\/www.sestogrado.it\/it\/morto-a-92-anni-lultimo-eroe-delleverest-non-era-mai-arrivato-in-vetta\/#primaryimage"},"image":{"@id":"https:\/\/www.sestogrado.it\/morto-a-92-anni-lultimo-eroe-delleverest-non-era-mai-arrivato-in-vetta\/#primaryimage"},"thumbnailUrl":"https:\/\/www.sestogrado.it\/wp-content\/uploads\/2025\/10\/ggg.jpg","datePublished":"2025-10-19T06:30:05+00:00","dateModified":"2026-01-19T08:03:48+00:00","description":"Kancha Sherpa era l\u2019ultimo sopravvissuto della prima spedizione sulla vetta pi\u00f9 alta del mondo. Figura di riferimento nell\u2019alpinismo himalayano e instancabile promotore della cultura sherpa, Kancha Sherpa si \u00e8 spento all\u2019et\u00e0 di 92 anni. \u00c8 stato l\u2019ultimo superstite della leggendaria spedizione del 1953, che vide l\u2019uomo raggiungere per la prima volta la vetta dell\u2019Everest \u2013 la montagna pi\u00f9 alta della Terra con i suoi 8.848 metri.","breadcrumb":{"@id":"https:\/\/www.sestogrado.it\/it\/morto-a-92-anni-lultimo-eroe-delleverest-non-era-mai-arrivato-in-vetta\/#breadcrumb"},"inLanguage":"it-IT","potentialAction":[{"@type":"ReadAction","target":[["https:\/\/www.sestogrado.it\/it\/morto-a-92-anni-lultimo-eroe-delleverest-non-era-mai-arrivato-in-vetta\/"]]}]},{"@type":"ImageObject","inLanguage":"it-IT","@id":"https:\/\/www.sestogrado.it\/it\/morto-a-92-anni-lultimo-eroe-delleverest-non-era-mai-arrivato-in-vetta\/#primaryimage","url":"https:\/\/www.sestogrado.it\/wp-content\/uploads\/2025\/10\/ggg.jpg","contentUrl":"https:\/\/www.sestogrado.it\/wp-content\/uploads\/2025\/10\/ggg.jpg","width":640,"height":427,"caption":"everest"},{"@type":"BreadcrumbList","@id":"https:\/\/www.sestogrado.it\/it\/morto-a-92-anni-lultimo-eroe-delleverest-non-era-mai-arrivato-in-vetta\/#breadcrumb","itemListElement":[{"@type":"ListItem","position":1,"name":"Home","item":"https:\/\/www.sestogrado.it\/it\/"},{"@type":"ListItem","position":2,"name":"Morto a 92 anni l\u2019ultimo eroe dell\u2019Everest: non era mai arrivato in vetta"}]},{"@type":"WebSite","@id":"https:\/\/www.sestogrado.it\/it\/#website","url":"https:\/\/www.sestogrado.it\/it\/","name":"Sestogrado","description":"yes we climb","publisher":{"@id":"https:\/\/www.sestogrado.it\/it\/#organization"},"potentialAction":[{"@type":"SearchAction","target":{"@type":"EntryPoint","urlTemplate":"https:\/\/www.sestogrado.it\/it\/?s={search_term_string}"},"query-input":{"@type":"PropertyValueSpecification","valueRequired":true,"valueName":"search_term_string"}}],"inLanguage":"it-IT"},{"@type":"Organization","@id":"https:\/\/www.sestogrado.it\/it\/#organization","name":"Sestogrado","url":"https:\/\/www.sestogrado.it\/it\/","logo":{"@type":"ImageObject","inLanguage":"it-IT","@id":"https:\/\/www.sestogrado.it\/it\/#\/schema\/logo\/image\/","url":"https:\/\/www.sestogrado.it\/wp-content\/uploads\/2015\/03\/sestogrado-favicon.png","contentUrl":"https:\/\/www.sestogrado.it\/wp-content\/uploads\/2015\/03\/sestogrado-favicon.png","width":260,"height":260,"caption":"Sestogrado"},"image":{"@id":"https:\/\/www.sestogrado.it\/it\/#\/schema\/logo\/image\/"},"sameAs":["https:\/\/www.facebook.com\/pages\/Sestogrado\/1542635979353017?ref=bookmarks","https:\/\/www.youtube.com\/channel\/UC847kAfTkaJsWpc1jtQwr3Q"],"hasMerchantReturnPolicy":{"@type":"MerchantReturnPolicy","merchantReturnLink":"https:\/\/www.sestogrado.it\/it\/termini-e-condizioni\/"}},{"@type":"Person","@id":"https:\/\/www.sestogrado.it\/en\/#\/schema\/person\/79f414dc6904c7d2eef9d047c045f445","name":"admin"}]}},"_links":{"self":[{"href":"https:\/\/www.sestogrado.it\/it\/wp-json\/wp\/v2\/posts\/202209","targetHints":{"allow":["GET"]}}],"collection":[{"href":"https:\/\/www.sestogrado.it\/it\/wp-json\/wp\/v2\/posts"}],"about":[{"href":"https:\/\/www.sestogrado.it\/it\/wp-json\/wp\/v2\/types\/post"}],"author":[{"embeddable":true,"href":"https:\/\/www.sestogrado.it\/it\/wp-json\/wp\/v2\/users\/1"}],"replies":[{"embeddable":true,"href":"https:\/\/www.sestogrado.it\/it\/wp-json\/wp\/v2\/comments?post=202209"}],"version-history":[{"count":4,"href":"https:\/\/www.sestogrado.it\/it\/wp-json\/wp\/v2\/posts\/202209\/revisions"}],"predecessor-version":[{"id":208976,"href":"https:\/\/www.sestogrado.it\/it\/wp-json\/wp\/v2\/posts\/202209\/revisions\/208976"}],"wp:featuredmedia":[{"embeddable":true,"href":"https:\/\/www.sestogrado.it\/it\/wp-json\/wp\/v2\/media\/202214"}],"wp:attachment":[{"href":"https:\/\/www.sestogrado.it\/it\/wp-json\/wp\/v2\/media?parent=202209"}],"wp:term":[{"taxonomy":"category","embeddable":true,"href":"https:\/\/www.sestogrado.it\/it\/wp-json\/wp\/v2\/categories?post=202209"},{"taxonomy":"post_tag","embeddable":true,"href":"https:\/\/www.sestogrado.it\/it\/wp-json\/wp\/v2\/tags?post=202209"}],"curies":[{"name":"wp","href":"https:\/\/api.w.org\/{rel}","templated":true}]}}