{"id":201457,"date":"2025-09-19T09:41:49","date_gmt":"2025-09-19T07:41:49","guid":{"rendered":"https:\/\/www.sestogrado.it\/?p=201457"},"modified":"2025-09-19T09:46:54","modified_gmt":"2025-09-19T07:46:54","slug":"come-superare-la-paura-del-vuoto","status":"publish","type":"post","link":"https:\/\/www.sestogrado.it\/it\/come-superare-la-paura-del-vuoto\/","title":{"rendered":"Come superare la paura del vuoto"},"content":{"rendered":"<p>Ok, se la paura del vuoto ti terrorizza, l\u2019alpinismo forse non \u00e8 l\u2019attivit\u00e0 preferibile da compiere nella tua vita. Tuttavia ci sono moltissime persone che praticano escursionismo, ed anche arrampicatori che soprattutto nella \u201cfase iniziale\u201d della loro carriera da climber devono fare i conti con una paura, tanto irrazionale, quanto \u201cbloccante\u201d, la paura del vuoto.<\/p>\n<p>Spesso si tende a confondere la paura del vuoto, in termine medico \u201c<strong>Acrofobia<\/strong>\u201d, con un altro fenomeno ben diverso, soprattutto nelle cause, le cos\u00ec dette \u201c<strong>Vertigini<\/strong>\u201d.<\/p>\n<p><img decoding=\"async\" class=\"img-fluid alignnone wp-image-201460 size-full\" src=\"https:\/\/www.sestogrado.it\/wp-content\/uploads\/2025\/09\/labirintite.jpg\" alt=\"labirintite\" width=\"700\" height=\"531\" srcset=\"https:\/\/www.sestogrado.it\/wp-content\/uploads\/2025\/09\/labirintite.jpg 700w, https:\/\/www.sestogrado.it\/wp-content\/uploads\/2025\/09\/labirintite-300x228.jpg 300w, https:\/\/www.sestogrado.it\/wp-content\/uploads\/2025\/09\/labirintite-105x80.jpg 105w, https:\/\/www.sestogrado.it\/wp-content\/uploads\/2025\/09\/labirintite-79x60.jpg 79w, https:\/\/www.sestogrado.it\/wp-content\/uploads\/2025\/09\/labirintite-119x90.jpg 119w\" sizes=\"(max-width: 700px) 100vw, 700px\" \/><\/p>\n<p>La vertigine \u00e8 pi\u00f9 comunemente un sintomo di problemi all\u2019orecchio interno, ma pu\u00f2 anche derivare da disturbi cerebrali o da un\u2019infezione. La vertigine d\u00e0 la sensazione che tu, o tutto ci\u00f2 che ti circonda, stia girando \u2013 al punto da compromettere l\u2019equilibrio. In genere si tratta di un problema temporaneo e non sempre necessita di trattamento. Spesso viene menzionata da chi ha paura delle altezze, ma la vertigine non \u00e8 la stessa cosa dell\u2019acrofobia o della paura delle altezze.<\/p>\n<p>&nbsp;<\/p>\n<p><img decoding=\"async\" class=\"img-fluid alignnone wp-image-201461 \" src=\"https:\/\/www.sestogrado.it\/wp-content\/uploads\/2025\/09\/Paura-del-vuoto-cause-sintomi-e-soluzioni.jpg\" alt=\"paura del vuoto\" width=\"798\" height=\"449\" srcset=\"https:\/\/www.sestogrado.it\/wp-content\/uploads\/2025\/09\/Paura-del-vuoto-cause-sintomi-e-soluzioni.jpg 1000w, https:\/\/www.sestogrado.it\/wp-content\/uploads\/2025\/09\/Paura-del-vuoto-cause-sintomi-e-soluzioni-300x169.jpg 300w, https:\/\/www.sestogrado.it\/wp-content\/uploads\/2025\/09\/Paura-del-vuoto-cause-sintomi-e-soluzioni-768x432.jpg 768w, https:\/\/www.sestogrado.it\/wp-content\/uploads\/2025\/09\/Paura-del-vuoto-cause-sintomi-e-soluzioni-142x80.jpg 142w, https:\/\/www.sestogrado.it\/wp-content\/uploads\/2025\/09\/Paura-del-vuoto-cause-sintomi-e-soluzioni-750x422.jpg 750w, https:\/\/www.sestogrado.it\/wp-content\/uploads\/2025\/09\/Paura-del-vuoto-cause-sintomi-e-soluzioni-107x60.jpg 107w, https:\/\/www.sestogrado.it\/wp-content\/uploads\/2025\/09\/Paura-del-vuoto-cause-sintomi-e-soluzioni-160x90.jpg 160w\" sizes=\"(max-width: 798px) 100vw, 798px\" \/><\/p>\n<p><strong>L\u2019acrofobia<\/strong> \u00e8 la paura delle altezze. Pi\u00f9 precisamente, \u00e8 una paura <strong>irrazionale ed estrema<\/strong> delle altezze. Le persone che hanno attacchi di panico in ascensore o sulle passerelle nel vuoto non sono razionalmente spaventate dalle altezze, ma sono intrappolate nei limiti di una fobia estrema. Questa \u00e8 l\u2019acrofobia.<\/p>\n<p><strong>Cosa ci succede:<\/strong><\/p>\n<p>Quando ci sentiamo in pericolo, una piccola parte del nostro cervello chiamata <strong data-start=\"114\" data-end=\"126\">amigdala<\/strong> entra in azione. \u00c8 la parte del cervello che attiva il meccanismo di <strong data-start=\"196\" data-end=\"212\">lotta o fuga<\/strong>. Quando ci sentiamo minacciati, il nostro corpo si prepara all\u2019azione (combattere o scappare). I principali gruppi muscolari hanno bisogno di sangue ossigenato, di pi\u00f9 glucosio, e per evitare il surriscaldamento iniziamo a sudare.<br data-start=\"445\" data-end=\"448\" \/>Quindi ci\u00f2 che potremmo sperimentare\/osservare \u00e8:<\/p>\n<ul>\n<li data-start=\"502\" data-end=\"564\">aumento della frequenza cardiaca e della pressione sanguigna<\/li>\n<li data-start=\"567\" data-end=\"603\">respirazione rapida e superficiale<\/li>\n<li data-start=\"606\" data-end=\"642\">sudorazione \/ mani sudate e fredde<\/li>\n<li data-start=\"645\" data-end=\"719\">perdita della visione periferica e della consapevolezza della situazione<\/li>\n<li data-start=\"722\" data-end=\"760\">incapacit\u00e0 di elaborare informazioni<\/li>\n<\/ul>\n<p data-start=\"762\" data-end=\"876\">In breve: il nostro cervello viene <strong data-start=\"797\" data-end=\"824\">dirottato dall\u2019amigdala<\/strong>, e perdiamo la capacit\u00e0 di pensare razionalmente.<\/p>\n<p data-start=\"878\" data-end=\"1326\">Come specie abbiamo paura delle altezze perch\u00e9 questo ci ha mantenuto e ci mantiene in vita da migliaia di anni. Cos\u00ec come i nostri antenati, quando incontravano una tigre con i denti a sciabola, se la facevano addosso dalla paura e scappavano, cos\u00ec, di fronte ad un precipizio, il nostro cervello ci dice \u201cattenzione!\u201d. E\u2019 la nostra evoluzione e l\u2019amigdala esiste per una buona ragione,<\/p>\n<p>Il motivo per cui soffriamo di acrofobia o di una paura estrema delle altezze potrebbe essere che questo comportamento ci \u00e8 stato <strong data-start=\"1953\" data-end=\"1986\">modellato dai nostri genitori<\/strong>, oppure che abbiamo avuto un\u2019esperienza traumatica in passato che ci porta a sentirci cos\u00ec oggi.<\/p>\n<p>&nbsp;<\/p>\n<p><img decoding=\"async\" class=\"img-fluid alignnone wp-image-201462 \" src=\"https:\/\/www.sestogrado.it\/wp-content\/uploads\/2025\/09\/horror-vacui-e-potere-del-vuoto-1024x679.jpg\" alt=\"paura del vuoto\" width=\"766\" height=\"508\" srcset=\"https:\/\/www.sestogrado.it\/wp-content\/uploads\/2025\/09\/horror-vacui-e-potere-del-vuoto-1024x679.jpg 1024w, https:\/\/www.sestogrado.it\/wp-content\/uploads\/2025\/09\/horror-vacui-e-potere-del-vuoto-300x199.jpg 300w, https:\/\/www.sestogrado.it\/wp-content\/uploads\/2025\/09\/horror-vacui-e-potere-del-vuoto-768x510.jpg 768w, https:\/\/www.sestogrado.it\/wp-content\/uploads\/2025\/09\/horror-vacui-e-potere-del-vuoto-390x260.jpg 390w, https:\/\/www.sestogrado.it\/wp-content\/uploads\/2025\/09\/horror-vacui-e-potere-del-vuoto-121x80.jpg 121w, https:\/\/www.sestogrado.it\/wp-content\/uploads\/2025\/09\/horror-vacui-e-potere-del-vuoto-750x498.jpg 750w, https:\/\/www.sestogrado.it\/wp-content\/uploads\/2025\/09\/horror-vacui-e-potere-del-vuoto-90x60.jpg 90w, https:\/\/www.sestogrado.it\/wp-content\/uploads\/2025\/09\/horror-vacui-e-potere-del-vuoto-136x90.jpg 136w, https:\/\/www.sestogrado.it\/wp-content\/uploads\/2025\/09\/horror-vacui-e-potere-del-vuoto.jpg 1257w\" sizes=\"(max-width: 766px) 100vw, 766px\" \/><\/p>\n<p><strong>Esiste una cura per l\u2019acrofobia?<\/strong><\/p>\n<p>Ecco la domanda da un milione di dollari! Per curare la paura delle altezze, \u00e8 necessario esporre lentamente e in modo incrementale il cervello a nuove sfide. Questo si chiama <strong>espandere la propria zona di comfort<\/strong>. Comunemente questo processo \u00e8 definito <strong>tecnica cognitivo-comportamentale (CBT)<\/strong> o <strong>terapia dell\u2019esposizione<\/strong>.<\/p>\n<p>Affrontando piccole sfide usciamo dalla nostra zona di comfort, idealmente entrando in quella che viene chiamata <strong>zona di sviluppo prossimale<\/strong>. Se ci sfidiamo eccessivamente (\u201co la va o la spacca\u201d), vivremo un\u2019esperienza negativa e peggioreremo le cose. Se non usciamo mai dalla zona di comfort, diventeremo sempre pi\u00f9 bravi a rafforzare la narrativa attuale\u2026 e peggioreremo le cose. La chiave \u00e8 trovare una via di mezzo tra questi due estremi.<\/p>\n<p>Il cambiamento positivo \u00e8 pi\u00f9 facile a dirsi che a farsi. Dopotutto, hai paura delle altezze! Proprio come per la perdita di peso, dove tutti conosciamo la teoria ma possiamo avere difficolt\u00e0 nella pratica, affrontare la fobia delle altezze richiede uno sforzo consapevole. E, proprio come nelle tecniche per dimagrire, se vogliamo fare progressi, potremmo trarre beneficio dalla guida di uno specialista.<\/p>\n<p><img decoding=\"async\" class=\"img-fluid alignnone wp-image-201465 size-full\" src=\"https:\/\/www.sestogrado.it\/wp-content\/uploads\/2025\/09\/13904.jpg\" alt=\"paura del vuoto\" width=\"389\" height=\"299\" srcset=\"https:\/\/www.sestogrado.it\/wp-content\/uploads\/2025\/09\/13904.jpg 389w, https:\/\/www.sestogrado.it\/wp-content\/uploads\/2025\/09\/13904-300x231.jpg 300w, https:\/\/www.sestogrado.it\/wp-content\/uploads\/2025\/09\/13904-104x80.jpg 104w, https:\/\/www.sestogrado.it\/wp-content\/uploads\/2025\/09\/13904-78x60.jpg 78w, https:\/\/www.sestogrado.it\/wp-content\/uploads\/2025\/09\/13904-117x90.jpg 117w\" sizes=\"(max-width: 389px) 100vw, 389px\" \/><\/p>\n<p>Come arrampicatore mediocre, devo iniziare ogni stagione con vie facili. Costruisco gradualmente una riserva di esperienze positive e lentamente mi sento pronto ad affrontare itinerari pi\u00f9 difficili. Se per\u00f2 esagero troppo presto, rischio di cadere in un <strong>circolo vizioso<\/strong>. Ma non \u00e8 semplice trovare il giusto equilibrio, perch\u00e9 dobbiamo comunque spingerci un po\u2019 oltre man mano che andiamo avanti.<\/p>\n<p>In sintesi, devi identificare una serie di esercizi per dare al tuo cervello <strong>feedback positivi<\/strong>. E aumentare lentamente e in modo incrementale il livello della sfida, idealmente variando un elemento alla volta. Questo ti aiuter\u00e0 a cambiare la narrativa che, fino ad ora, si \u00e8 radicata nel tuo cervello.<\/p>","protected":false},"excerpt":{"rendered":"<p>cos&#8217;\u00e8 l&#8217;Acrofobia e come influenza il nostro comportamento<\/p>\n","protected":false},"author":1,"featured_media":201463,"comment_status":"open","ping_status":"open","sticky":false,"template":"","format":"standard","meta":{"_acf_changed":false,"footnotes":""},"categories":[79],"tags":[],"class_list":["post-201457","post","type-post","status-publish","format-standard","has-post-thumbnail","hentry","category-libro-di-vetta"],"acf":[],"yoast_head":"<!-- This site is optimized with the Yoast SEO plugin v26.4 - https:\/\/yoast.com\/wordpress\/plugins\/seo\/ -->\n<title>Come superare la paura del vuoto - Sestogrado<\/title>\n<meta name=\"description\" content=\"Cos&#039;\u00e8 l&#039;Acrofobia e come influenza il nostro comportamento. Ok, se la paura del vuoto ti terrorizza, l\u2019alpinismo forse non \u00e8 l\u2019attivit\u00e0 preferibile da compiere nella tua vita. Tuttavia ci sono moltissime persone che praticano escursionismo, ed anche arrampicatori che soprattutto nella \u201cfase iniziale\u201d della loro carriera da climber devono fare i conti con una paura, tanto irrazionale, quanto \u201cbloccante\u201d, la paura del vuoto.\" \/>\n<meta name=\"robots\" content=\"index, follow, max-snippet:-1, max-image-preview:large, max-video-preview:-1\" \/>\n<link rel=\"canonical\" href=\"https:\/\/www.sestogrado.it\/it\/come-superare-la-paura-del-vuoto\/\" \/>\n<meta property=\"og:locale\" content=\"it_IT\" \/>\n<meta property=\"og:type\" content=\"article\" \/>\n<meta property=\"og:title\" content=\"Come superare la paura del vuoto - Sestogrado\" \/>\n<meta property=\"og:description\" content=\"Cos&#039;\u00e8 l&#039;Acrofobia e come influenza il nostro comportamento. Ok, se la paura del vuoto ti terrorizza, l\u2019alpinismo forse non \u00e8 l\u2019attivit\u00e0 preferibile da compiere nella tua vita. Tuttavia ci sono moltissime persone che praticano escursionismo, ed anche arrampicatori che soprattutto nella \u201cfase iniziale\u201d della loro carriera da climber devono fare i conti con una paura, tanto irrazionale, quanto \u201cbloccante\u201d, la paura del vuoto.\" \/>\n<meta property=\"og:url\" content=\"https:\/\/www.sestogrado.it\/it\/come-superare-la-paura-del-vuoto\/\" \/>\n<meta property=\"og:site_name\" content=\"Sestogrado\" \/>\n<meta property=\"article:publisher\" content=\"https:\/\/www.facebook.com\/pages\/Sestogrado\/1542635979353017?ref=bookmarks\" \/>\n<meta property=\"article:published_time\" content=\"2025-09-19T07:41:49+00:00\" \/>\n<meta property=\"article:modified_time\" content=\"2025-09-19T07:46:54+00:00\" \/>\n<meta property=\"og:image\" content=\"https:\/\/www.sestogrado.it\/wp-content\/uploads\/2025\/09\/Overcome-your-Fear-of-Heights.jpeg\" \/>\n\t<meta property=\"og:image:width\" content=\"839\" \/>\n\t<meta property=\"og:image:height\" content=\"560\" \/>\n\t<meta property=\"og:image:type\" content=\"image\/jpeg\" \/>\n<meta name=\"author\" content=\"admin\" \/>\n<meta name=\"twitter:label1\" content=\"Scritto da\" \/>\n\t<meta name=\"twitter:data1\" content=\"admin\" \/>\n\t<meta name=\"twitter:label2\" content=\"Tempo di lettura stimato\" \/>\n\t<meta name=\"twitter:data2\" content=\"5 minuti\" \/>\n<script type=\"application\/ld+json\" class=\"yoast-schema-graph\">{\"@context\":\"https:\/\/schema.org\",\"@graph\":[{\"@type\":\"Article\",\"@id\":\"https:\/\/www.sestogrado.it\/come-superare-la-paura-del-vuoto\/#article\",\"isPartOf\":{\"@id\":\"https:\/\/www.sestogrado.it\/come-superare-la-paura-del-vuoto\/\"},\"author\":{\"name\":\"admin\",\"@id\":\"https:\/\/www.sestogrado.it\/en\/#\/schema\/person\/79f414dc6904c7d2eef9d047c045f445\"},\"headline\":\"Come superare la paura del vuoto\",\"datePublished\":\"2025-09-19T07:41:49+00:00\",\"dateModified\":\"2025-09-19T07:46:54+00:00\",\"mainEntityOfPage\":{\"@id\":\"https:\/\/www.sestogrado.it\/come-superare-la-paura-del-vuoto\/\"},\"wordCount\":732,\"commentCount\":0,\"publisher\":{\"@id\":\"https:\/\/www.sestogrado.it\/en\/#organization\"},\"image\":{\"@id\":\"https:\/\/www.sestogrado.it\/come-superare-la-paura-del-vuoto\/#primaryimage\"},\"thumbnailUrl\":\"https:\/\/www.sestogrado.it\/wp-content\/uploads\/2025\/09\/Overcome-your-Fear-of-Heights.jpeg\",\"articleSection\":[\"Libro di vetta\"],\"inLanguage\":\"it-IT\",\"potentialAction\":[{\"@type\":\"CommentAction\",\"name\":\"Comment\",\"target\":[\"https:\/\/www.sestogrado.it\/come-superare-la-paura-del-vuoto\/#respond\"]}]},{\"@type\":\"WebPage\",\"@id\":\"https:\/\/www.sestogrado.it\/it\/come-superare-la-paura-del-vuoto\/\",\"url\":\"https:\/\/www.sestogrado.it\/it\/come-superare-la-paura-del-vuoto\/\",\"name\":\"Come superare la paura del vuoto - Sestogrado\",\"isPartOf\":{\"@id\":\"https:\/\/www.sestogrado.it\/it\/#website\"},\"primaryImageOfPage\":{\"@id\":\"https:\/\/www.sestogrado.it\/it\/come-superare-la-paura-del-vuoto\/#primaryimage\"},\"image\":{\"@id\":\"https:\/\/www.sestogrado.it\/come-superare-la-paura-del-vuoto\/#primaryimage\"},\"thumbnailUrl\":\"https:\/\/www.sestogrado.it\/wp-content\/uploads\/2025\/09\/Overcome-your-Fear-of-Heights.jpeg\",\"datePublished\":\"2025-09-19T07:41:49+00:00\",\"dateModified\":\"2025-09-19T07:46:54+00:00\",\"description\":\"Cos'\u00e8 l'Acrofobia e come influenza il nostro comportamento. Ok, se la paura del vuoto ti terrorizza, l\u2019alpinismo forse non \u00e8 l\u2019attivit\u00e0 preferibile da compiere nella tua vita. Tuttavia ci sono moltissime persone che praticano escursionismo, ed anche arrampicatori che soprattutto nella \u201cfase iniziale\u201d della loro carriera da climber devono fare i conti con una paura, tanto irrazionale, quanto \u201cbloccante\u201d, la paura del vuoto.\",\"breadcrumb\":{\"@id\":\"https:\/\/www.sestogrado.it\/it\/come-superare-la-paura-del-vuoto\/#breadcrumb\"},\"inLanguage\":\"it-IT\",\"potentialAction\":[{\"@type\":\"ReadAction\",\"target\":[[\"https:\/\/www.sestogrado.it\/it\/come-superare-la-paura-del-vuoto\/\"]]}]},{\"@type\":\"ImageObject\",\"inLanguage\":\"it-IT\",\"@id\":\"https:\/\/www.sestogrado.it\/it\/come-superare-la-paura-del-vuoto\/#primaryimage\",\"url\":\"https:\/\/www.sestogrado.it\/wp-content\/uploads\/2025\/09\/Overcome-your-Fear-of-Heights.jpeg\",\"contentUrl\":\"https:\/\/www.sestogrado.it\/wp-content\/uploads\/2025\/09\/Overcome-your-Fear-of-Heights.jpeg\",\"width\":839,\"height\":560},{\"@type\":\"BreadcrumbList\",\"@id\":\"https:\/\/www.sestogrado.it\/it\/come-superare-la-paura-del-vuoto\/#breadcrumb\",\"itemListElement\":[{\"@type\":\"ListItem\",\"position\":1,\"name\":\"Home\",\"item\":\"https:\/\/www.sestogrado.it\/it\/\"},{\"@type\":\"ListItem\",\"position\":2,\"name\":\"Come superare la paura del vuoto\"}]},{\"@type\":\"WebSite\",\"@id\":\"https:\/\/www.sestogrado.it\/it\/#website\",\"url\":\"https:\/\/www.sestogrado.it\/it\/\",\"name\":\"Sestogrado\",\"description\":\"yes we climb\",\"publisher\":{\"@id\":\"https:\/\/www.sestogrado.it\/it\/#organization\"},\"potentialAction\":[{\"@type\":\"SearchAction\",\"target\":{\"@type\":\"EntryPoint\",\"urlTemplate\":\"https:\/\/www.sestogrado.it\/it\/?s={search_term_string}\"},\"query-input\":{\"@type\":\"PropertyValueSpecification\",\"valueRequired\":true,\"valueName\":\"search_term_string\"}}],\"inLanguage\":\"it-IT\"},{\"@type\":\"Organization\",\"@id\":\"https:\/\/www.sestogrado.it\/it\/#organization\",\"name\":\"Sestogrado\",\"url\":\"https:\/\/www.sestogrado.it\/it\/\",\"logo\":{\"@type\":\"ImageObject\",\"inLanguage\":\"it-IT\",\"@id\":\"https:\/\/www.sestogrado.it\/it\/#\/schema\/logo\/image\/\",\"url\":\"https:\/\/www.sestogrado.it\/wp-content\/uploads\/2015\/03\/sestogrado-favicon.png\",\"contentUrl\":\"https:\/\/www.sestogrado.it\/wp-content\/uploads\/2015\/03\/sestogrado-favicon.png\",\"width\":260,\"height\":260,\"caption\":\"Sestogrado\"},\"image\":{\"@id\":\"https:\/\/www.sestogrado.it\/it\/#\/schema\/logo\/image\/\"},\"sameAs\":[\"https:\/\/www.facebook.com\/pages\/Sestogrado\/1542635979353017?ref=bookmarks\",\"https:\/\/www.youtube.com\/channel\/UC847kAfTkaJsWpc1jtQwr3Q\"],\"hasMerchantReturnPolicy\":{\"@type\":\"MerchantReturnPolicy\",\"merchantReturnLink\":\"https:\/\/www.sestogrado.it\/it\/termini-e-condizioni\/\"}},{\"@type\":\"Person\",\"@id\":\"https:\/\/www.sestogrado.it\/en\/#\/schema\/person\/79f414dc6904c7d2eef9d047c045f445\",\"name\":\"admin\"}]}<\/script>\n<!-- \/ Yoast SEO plugin. -->","yoast_head_json":{"title":"Come superare la paura del vuoto - Sestogrado","description":"Cos'\u00e8 l'Acrofobia e come influenza il nostro comportamento. Ok, se la paura del vuoto ti terrorizza, l\u2019alpinismo forse non \u00e8 l\u2019attivit\u00e0 preferibile da compiere nella tua vita. Tuttavia ci sono moltissime persone che praticano escursionismo, ed anche arrampicatori che soprattutto nella \u201cfase iniziale\u201d della loro carriera da climber devono fare i conti con una paura, tanto irrazionale, quanto \u201cbloccante\u201d, la paura del vuoto.","robots":{"index":"index","follow":"follow","max-snippet":"max-snippet:-1","max-image-preview":"max-image-preview:large","max-video-preview":"max-video-preview:-1"},"canonical":"https:\/\/www.sestogrado.it\/it\/come-superare-la-paura-del-vuoto\/","og_locale":"it_IT","og_type":"article","og_title":"Come superare la paura del vuoto - Sestogrado","og_description":"Cos'\u00e8 l'Acrofobia e come influenza il nostro comportamento. Ok, se la paura del vuoto ti terrorizza, l\u2019alpinismo forse non \u00e8 l\u2019attivit\u00e0 preferibile da compiere nella tua vita. Tuttavia ci sono moltissime persone che praticano escursionismo, ed anche arrampicatori che soprattutto nella \u201cfase iniziale\u201d della loro carriera da climber devono fare i conti con una paura, tanto irrazionale, quanto \u201cbloccante\u201d, la paura del vuoto.","og_url":"https:\/\/www.sestogrado.it\/it\/come-superare-la-paura-del-vuoto\/","og_site_name":"Sestogrado","article_publisher":"https:\/\/www.facebook.com\/pages\/Sestogrado\/1542635979353017?ref=bookmarks","article_published_time":"2025-09-19T07:41:49+00:00","article_modified_time":"2025-09-19T07:46:54+00:00","og_image":[{"width":839,"height":560,"url":"https:\/\/www.sestogrado.it\/wp-content\/uploads\/2025\/09\/Overcome-your-Fear-of-Heights.jpeg","type":"image\/jpeg"}],"author":"admin","twitter_misc":{"Scritto da":"admin","Tempo di lettura stimato":"5 minuti"},"schema":{"@context":"https:\/\/schema.org","@graph":[{"@type":"Article","@id":"https:\/\/www.sestogrado.it\/come-superare-la-paura-del-vuoto\/#article","isPartOf":{"@id":"https:\/\/www.sestogrado.it\/come-superare-la-paura-del-vuoto\/"},"author":{"name":"admin","@id":"https:\/\/www.sestogrado.it\/en\/#\/schema\/person\/79f414dc6904c7d2eef9d047c045f445"},"headline":"Come superare la paura del vuoto","datePublished":"2025-09-19T07:41:49+00:00","dateModified":"2025-09-19T07:46:54+00:00","mainEntityOfPage":{"@id":"https:\/\/www.sestogrado.it\/come-superare-la-paura-del-vuoto\/"},"wordCount":732,"commentCount":0,"publisher":{"@id":"https:\/\/www.sestogrado.it\/en\/#organization"},"image":{"@id":"https:\/\/www.sestogrado.it\/come-superare-la-paura-del-vuoto\/#primaryimage"},"thumbnailUrl":"https:\/\/www.sestogrado.it\/wp-content\/uploads\/2025\/09\/Overcome-your-Fear-of-Heights.jpeg","articleSection":["Libro di vetta"],"inLanguage":"it-IT","potentialAction":[{"@type":"CommentAction","name":"Comment","target":["https:\/\/www.sestogrado.it\/come-superare-la-paura-del-vuoto\/#respond"]}]},{"@type":"WebPage","@id":"https:\/\/www.sestogrado.it\/it\/come-superare-la-paura-del-vuoto\/","url":"https:\/\/www.sestogrado.it\/it\/come-superare-la-paura-del-vuoto\/","name":"Come superare la paura del vuoto - Sestogrado","isPartOf":{"@id":"https:\/\/www.sestogrado.it\/it\/#website"},"primaryImageOfPage":{"@id":"https:\/\/www.sestogrado.it\/it\/come-superare-la-paura-del-vuoto\/#primaryimage"},"image":{"@id":"https:\/\/www.sestogrado.it\/come-superare-la-paura-del-vuoto\/#primaryimage"},"thumbnailUrl":"https:\/\/www.sestogrado.it\/wp-content\/uploads\/2025\/09\/Overcome-your-Fear-of-Heights.jpeg","datePublished":"2025-09-19T07:41:49+00:00","dateModified":"2025-09-19T07:46:54+00:00","description":"Cos'\u00e8 l'Acrofobia e come influenza il nostro comportamento. Ok, se la paura del vuoto ti terrorizza, l\u2019alpinismo forse non \u00e8 l\u2019attivit\u00e0 preferibile da compiere nella tua vita. Tuttavia ci sono moltissime persone che praticano escursionismo, ed anche arrampicatori che soprattutto nella \u201cfase iniziale\u201d della loro carriera da climber devono fare i conti con una paura, tanto irrazionale, quanto \u201cbloccante\u201d, la paura del vuoto.","breadcrumb":{"@id":"https:\/\/www.sestogrado.it\/it\/come-superare-la-paura-del-vuoto\/#breadcrumb"},"inLanguage":"it-IT","potentialAction":[{"@type":"ReadAction","target":[["https:\/\/www.sestogrado.it\/it\/come-superare-la-paura-del-vuoto\/"]]}]},{"@type":"ImageObject","inLanguage":"it-IT","@id":"https:\/\/www.sestogrado.it\/it\/come-superare-la-paura-del-vuoto\/#primaryimage","url":"https:\/\/www.sestogrado.it\/wp-content\/uploads\/2025\/09\/Overcome-your-Fear-of-Heights.jpeg","contentUrl":"https:\/\/www.sestogrado.it\/wp-content\/uploads\/2025\/09\/Overcome-your-Fear-of-Heights.jpeg","width":839,"height":560},{"@type":"BreadcrumbList","@id":"https:\/\/www.sestogrado.it\/it\/come-superare-la-paura-del-vuoto\/#breadcrumb","itemListElement":[{"@type":"ListItem","position":1,"name":"Home","item":"https:\/\/www.sestogrado.it\/it\/"},{"@type":"ListItem","position":2,"name":"Come superare la paura del vuoto"}]},{"@type":"WebSite","@id":"https:\/\/www.sestogrado.it\/it\/#website","url":"https:\/\/www.sestogrado.it\/it\/","name":"Sestogrado","description":"yes we climb","publisher":{"@id":"https:\/\/www.sestogrado.it\/it\/#organization"},"potentialAction":[{"@type":"SearchAction","target":{"@type":"EntryPoint","urlTemplate":"https:\/\/www.sestogrado.it\/it\/?s={search_term_string}"},"query-input":{"@type":"PropertyValueSpecification","valueRequired":true,"valueName":"search_term_string"}}],"inLanguage":"it-IT"},{"@type":"Organization","@id":"https:\/\/www.sestogrado.it\/it\/#organization","name":"Sestogrado","url":"https:\/\/www.sestogrado.it\/it\/","logo":{"@type":"ImageObject","inLanguage":"it-IT","@id":"https:\/\/www.sestogrado.it\/it\/#\/schema\/logo\/image\/","url":"https:\/\/www.sestogrado.it\/wp-content\/uploads\/2015\/03\/sestogrado-favicon.png","contentUrl":"https:\/\/www.sestogrado.it\/wp-content\/uploads\/2015\/03\/sestogrado-favicon.png","width":260,"height":260,"caption":"Sestogrado"},"image":{"@id":"https:\/\/www.sestogrado.it\/it\/#\/schema\/logo\/image\/"},"sameAs":["https:\/\/www.facebook.com\/pages\/Sestogrado\/1542635979353017?ref=bookmarks","https:\/\/www.youtube.com\/channel\/UC847kAfTkaJsWpc1jtQwr3Q"],"hasMerchantReturnPolicy":{"@type":"MerchantReturnPolicy","merchantReturnLink":"https:\/\/www.sestogrado.it\/it\/termini-e-condizioni\/"}},{"@type":"Person","@id":"https:\/\/www.sestogrado.it\/en\/#\/schema\/person\/79f414dc6904c7d2eef9d047c045f445","name":"admin"}]}},"_links":{"self":[{"href":"https:\/\/www.sestogrado.it\/it\/wp-json\/wp\/v2\/posts\/201457","targetHints":{"allow":["GET"]}}],"collection":[{"href":"https:\/\/www.sestogrado.it\/it\/wp-json\/wp\/v2\/posts"}],"about":[{"href":"https:\/\/www.sestogrado.it\/it\/wp-json\/wp\/v2\/types\/post"}],"author":[{"embeddable":true,"href":"https:\/\/www.sestogrado.it\/it\/wp-json\/wp\/v2\/users\/1"}],"replies":[{"embeddable":true,"href":"https:\/\/www.sestogrado.it\/it\/wp-json\/wp\/v2\/comments?post=201457"}],"version-history":[{"count":4,"href":"https:\/\/www.sestogrado.it\/it\/wp-json\/wp\/v2\/posts\/201457\/revisions"}],"predecessor-version":[{"id":201467,"href":"https:\/\/www.sestogrado.it\/it\/wp-json\/wp\/v2\/posts\/201457\/revisions\/201467"}],"wp:featuredmedia":[{"embeddable":true,"href":"https:\/\/www.sestogrado.it\/it\/wp-json\/wp\/v2\/media\/201463"}],"wp:attachment":[{"href":"https:\/\/www.sestogrado.it\/it\/wp-json\/wp\/v2\/media?parent=201457"}],"wp:term":[{"taxonomy":"category","embeddable":true,"href":"https:\/\/www.sestogrado.it\/it\/wp-json\/wp\/v2\/categories?post=201457"},{"taxonomy":"post_tag","embeddable":true,"href":"https:\/\/www.sestogrado.it\/it\/wp-json\/wp\/v2\/tags?post=201457"}],"curies":[{"name":"wp","href":"https:\/\/api.w.org\/{rel}","templated":true}]}}