{"id":20027,"date":"2019-03-13T11:27:09","date_gmt":"2019-03-13T10:27:09","guid":{"rendered":"https:\/\/www.sestogrado.it\/?p=20027"},"modified":"2019-03-13T11:27:09","modified_gmt":"2019-03-13T10:27:09","slug":"banff-2019-si-incomincia","status":"publish","type":"post","link":"https:\/\/www.sestogrado.it\/it\/banff-2019-si-incomincia\/","title":{"rendered":"Banff 2019, si incomincia"},"content":{"rendered":"<p>Il Banff Mountain Film Festival\u00a0\u00e8 una festa di nove giorni in cui i riflettori sono puntati sui migliori film e libri di montagna del mondo con ospiti internazionali, autori, registi, alpinisti, climber ed esploratori provenienti da ogni angolo del globo. Tra le personalit\u00e0 del mondo della montagna, il Festival ha visto passare personaggi quali Sir Edmund Hillary, Jon Krakauer, Aaron Ralston, Riccardo Cassin, David Breashears, Reinhold Messner, Alex Lowe, Royal Robbins, Simone Moro, Alex Honnold, Tommy Caldwell e\u00a0molti altri.<\/p>\n<p>Giunto alla sua 43ma edizione, il Banff sta per atterrare in Italia con il tour aperto al pubblico.<\/p>\n<p>Il trailer ufficiale:<\/p>\n<div class=\"embed-responsive embed-responsive-16by9\"><iframe title=\"Banff Mountain Film Festival World Tour 2019 - TRAILER (Germany, Austria, Switzerland, Netherlands)\" width=\"500\" height=\"281\" src=\"https:\/\/www.youtube.com\/embed\/c7s012uGmiQ?feature=oembed\" frameborder=\"0\" allow=\"accelerometer; autoplay; clipboard-write; encrypted-media; gyroscope; picture-in-picture; web-share\" referrerpolicy=\"strict-origin-when-cross-origin\" allowfullscreen><\/iframe><\/div>\n<p>&nbsp;<\/p>\n<p>&nbsp;<\/p>\n<p>Come sempre molti i titoli legati all&#8217;alpinismo,\u00a0<a href=\"https:\/\/www.banff.it\/event-category\/tour-2019\/\" target=\"_blank\" rel=\"noopener\">qui<\/a> le date e le localit\u00e0.<\/p>\n<h1>REEL ROCK 12: BREAK ON THROUGH<\/h1>\n<p><img decoding=\"async\" class=\"size-full wp-image-20028 alignnone\" src=\"https:\/\/www.sestogrado.it\/wp-content\/uploads\/2019\/03\/reel.jpg\" alt=\"reel rock\" width=\"1180\" height=\"787\" srcset=\"https:\/\/www.sestogrado.it\/wp-content\/uploads\/2019\/03\/reel.jpg 1180w, https:\/\/www.sestogrado.it\/wp-content\/uploads\/2019\/03\/reel-750x500.jpg 750w, https:\/\/www.sestogrado.it\/wp-content\/uploads\/2019\/03\/reel-300x200.jpg 300w, https:\/\/www.sestogrado.it\/wp-content\/uploads\/2019\/03\/reel-768x512.jpg 768w, https:\/\/www.sestogrado.it\/wp-content\/uploads\/2019\/03\/reel-1024x683.jpg 1024w, https:\/\/www.sestogrado.it\/wp-content\/uploads\/2019\/03\/reel-635x424.jpg 635w, https:\/\/www.sestogrado.it\/wp-content\/uploads\/2019\/03\/reel-96x64.jpg 96w\" sizes=\"(max-width: 1180px) 100vw, 1180px\" \/><\/p>\n<p>Margo Hayes, diciannovenne di Boulder, Colorado, non ancora famosa, si trasferisce in Europa allenarsi in vista dei suoi ambiziosi obiettivi: due delle pi\u00f9 iconiche vie di 5.15s in Francia e Spagna. Nel corso dei suoi allenamenti, spinge corpo e mente al loro limite estremo, rischia di farsi male e di fallire cos\u00ec il suo obiettivo di essere la prima donna a conquistare quel grado.<\/p>\n<p><strong>CLIMBING\u00a0<\/strong>\/ USA 2017 \/\u00a0<strong>REGIA<\/strong>\u00a0Matty Hong, Nick Rosen, Peter Mortimer \/\u00a0<strong>PRODUZIONE<\/strong>\u00a0REEL ROCK<\/p>\n<p>&nbsp;<\/p>\n<h1>NOTES FROM THE WALL<\/h1>\n<p><img decoding=\"async\" class=\"size-full wp-image-20029 alignnone\" src=\"https:\/\/www.sestogrado.it\/wp-content\/uploads\/2019\/03\/NOTES-FROM-THE-WALL-Sean-Villanueva_2-rid.jpg\" alt=\"NOTES-FROM-THE-WALL\" width=\"1067\" height=\"800\" srcset=\"https:\/\/www.sestogrado.it\/wp-content\/uploads\/2019\/03\/NOTES-FROM-THE-WALL-Sean-Villanueva_2-rid.jpg 1067w, https:\/\/www.sestogrado.it\/wp-content\/uploads\/2019\/03\/NOTES-FROM-THE-WALL-Sean-Villanueva_2-rid-750x562.jpg 750w, https:\/\/www.sestogrado.it\/wp-content\/uploads\/2019\/03\/NOTES-FROM-THE-WALL-Sean-Villanueva_2-rid-300x225.jpg 300w, https:\/\/www.sestogrado.it\/wp-content\/uploads\/2019\/03\/NOTES-FROM-THE-WALL-Sean-Villanueva_2-rid-768x576.jpg 768w, https:\/\/www.sestogrado.it\/wp-content\/uploads\/2019\/03\/NOTES-FROM-THE-WALL-Sean-Villanueva_2-rid-1024x768.jpg 1024w, https:\/\/www.sestogrado.it\/wp-content\/uploads\/2019\/03\/NOTES-FROM-THE-WALL-Sean-Villanueva_2-rid-635x476.jpg 635w, https:\/\/www.sestogrado.it\/wp-content\/uploads\/2019\/03\/NOTES-FROM-THE-WALL-Sean-Villanueva_2-rid-600x450.jpg 600w, https:\/\/www.sestogrado.it\/wp-content\/uploads\/2019\/03\/NOTES-FROM-THE-WALL-Sean-Villanueva_2-rid-85x64.jpg 85w\" sizes=\"(max-width: 1067px) 100vw, 1067px\" \/><\/p>\n<p>Nel febbraio 2017 tre dei pi\u00f9 forti climber oggi sulla scena \u2013 Sean Villanueva O\u2019Driscoll, Nicolas Favresse e Siebe Vanhee \u2013 hanno arrampicato in libera \u201cEl Regalo de Mwono\u201d, una via di 1200 metri sulla parete est della Torre Central (Torri del Paines), tra le pi\u00f9 dure della Patagonia.<\/p>\n<p><strong>CLIMBING<\/strong>\u00a0\/ Belgio 2017 \/\u00a0<strong>REGIA<\/strong>\u00a0Nicolas Favresse, Sean Villanueva O\u2019Driscoll, Siebe Vanhee \/\u00a0<strong>PRODUZIONE<\/strong>\u00a0Guillaume Lion, Siebe Vanhee<\/p>\n<p>&nbsp;<\/p>\n<h1>TIERRA DEL VIENTO<\/h1>\n<p><img decoding=\"async\" class=\"size-full wp-image-20030 alignnone\" src=\"https:\/\/www.sestogrado.it\/wp-content\/uploads\/2019\/03\/LandOfTheWind_Stills_02_DoP_TheoRibeiro-rid-1180x664.jpg\" alt=\"tierra del vento\" width=\"1180\" height=\"664\" srcset=\"https:\/\/www.sestogrado.it\/wp-content\/uploads\/2019\/03\/LandOfTheWind_Stills_02_DoP_TheoRibeiro-rid-1180x664.jpg 1180w, https:\/\/www.sestogrado.it\/wp-content\/uploads\/2019\/03\/LandOfTheWind_Stills_02_DoP_TheoRibeiro-rid-1180x664-750x422.jpg 750w, https:\/\/www.sestogrado.it\/wp-content\/uploads\/2019\/03\/LandOfTheWind_Stills_02_DoP_TheoRibeiro-rid-1180x664-300x169.jpg 300w, https:\/\/www.sestogrado.it\/wp-content\/uploads\/2019\/03\/LandOfTheWind_Stills_02_DoP_TheoRibeiro-rid-1180x664-768x432.jpg 768w, https:\/\/www.sestogrado.it\/wp-content\/uploads\/2019\/03\/LandOfTheWind_Stills_02_DoP_TheoRibeiro-rid-1180x664-1024x576.jpg 1024w, https:\/\/www.sestogrado.it\/wp-content\/uploads\/2019\/03\/LandOfTheWind_Stills_02_DoP_TheoRibeiro-rid-1180x664-635x357.jpg 635w, https:\/\/www.sestogrado.it\/wp-content\/uploads\/2019\/03\/LandOfTheWind_Stills_02_DoP_TheoRibeiro-rid-1180x664-114x64.jpg 114w\" sizes=\"(max-width: 1180px) 100vw, 1180px\" \/><\/p>\n<p>In Patagonia, pi\u00f9 a Sud di quanto la maggior parte delle persone osi spingersi, c\u2019\u00e8 una terra di infinita vastit\u00e0 e bellezza. Il fotografo Elisio Miciu esplora questo luogo mitico, e impara qualcosa in pi\u00f9 su s\u00e9 stesso.<\/p>\n<p><strong>PHOTO\u00a0<\/strong>\/ UK 2017 \/\u00a0<strong>REGIA<\/strong>\u00a0Laura Belinky \/\u00a0<strong>PRODUZIONE<\/strong>\u00a0Wild River<\/p>\n<p>&nbsp;<\/p>\n<h1>FAR OUT: KAI JONES<\/h1>\n<p><img decoding=\"async\" class=\"size-full wp-image-20031 alignnone\" src=\"https:\/\/www.sestogrado.it\/wp-content\/uploads\/2019\/03\/Alegre_JacksonFarOut_3271411-Edit-Edit-rid-1180x785.jpg\" alt=\"far out\" width=\"1180\" height=\"785\" srcset=\"https:\/\/www.sestogrado.it\/wp-content\/uploads\/2019\/03\/Alegre_JacksonFarOut_3271411-Edit-Edit-rid-1180x785.jpg 1180w, https:\/\/www.sestogrado.it\/wp-content\/uploads\/2019\/03\/Alegre_JacksonFarOut_3271411-Edit-Edit-rid-1180x785-750x499.jpg 750w, https:\/\/www.sestogrado.it\/wp-content\/uploads\/2019\/03\/Alegre_JacksonFarOut_3271411-Edit-Edit-rid-1180x785-300x200.jpg 300w, https:\/\/www.sestogrado.it\/wp-content\/uploads\/2019\/03\/Alegre_JacksonFarOut_3271411-Edit-Edit-rid-1180x785-768x511.jpg 768w, https:\/\/www.sestogrado.it\/wp-content\/uploads\/2019\/03\/Alegre_JacksonFarOut_3271411-Edit-Edit-rid-1180x785-1024x681.jpg 1024w, https:\/\/www.sestogrado.it\/wp-content\/uploads\/2019\/03\/Alegre_JacksonFarOut_3271411-Edit-Edit-rid-1180x785-635x422.jpg 635w, https:\/\/www.sestogrado.it\/wp-content\/uploads\/2019\/03\/Alegre_JacksonFarOut_3271411-Edit-Edit-rid-1180x785-96x64.jpg 96w\" sizes=\"(max-width: 1180px) 100vw, 1180px\" \/><\/p>\n<p>Kai Jones ha 11 anni e non \u00e8 abbastanza grande per andare al cinema da solo o ordinare un panino al pub, ma in montagna l\u2019et\u00e0 non conta e lui segue le orme della sua famiglia, con salti e acrobazie, pensando a come andare oltre i suoi limiti \u201csenza spaventare troppo la mamma!\u201d<\/p>\n<p><strong>SKI<\/strong>\u00a0\/ USA 2018 \/\u00a0<strong>PRODUTTORE<\/strong>\u00a0Steve Jones, Todd Jones \/\u00a0<strong>PRODUZIONE<\/strong>\u00a0Teton Gravity Research<\/p>\n<p>&nbsp;<\/p>\n<h1>CHOICES<\/h1>\n<p><img decoding=\"async\" class=\"size-full wp-image-20032 alignnone\" src=\"https:\/\/www.sestogrado.it\/wp-content\/uploads\/2019\/03\/Choices-Caleb-Weaver-4-rid-768x432.jpg\" alt=\"choices\" width=\"768\" height=\"432\" srcset=\"https:\/\/www.sestogrado.it\/wp-content\/uploads\/2019\/03\/Choices-Caleb-Weaver-4-rid-768x432.jpg 768w, https:\/\/www.sestogrado.it\/wp-content\/uploads\/2019\/03\/Choices-Caleb-Weaver-4-rid-768x432-750x422.jpg 750w, https:\/\/www.sestogrado.it\/wp-content\/uploads\/2019\/03\/Choices-Caleb-Weaver-4-rid-768x432-300x169.jpg 300w, https:\/\/www.sestogrado.it\/wp-content\/uploads\/2019\/03\/Choices-Caleb-Weaver-4-rid-768x432-635x357.jpg 635w, https:\/\/www.sestogrado.it\/wp-content\/uploads\/2019\/03\/Choices-Caleb-Weaver-4-rid-768x432-114x64.jpg 114w\" sizes=\"(max-width: 768px) 100vw, 768px\" \/><\/p>\n<p>Un montain-biker ha sempre una vasta scelta di percorsi da esplorare a sua disposizione, ma quello che sceglier\u00e0 in questo caso\u2026 ha un cuore!<\/p>\n<p><strong>MTB \/<\/strong>\u00a0USA 2017 \/\u00a0<strong>REGIA\u00a0<\/strong>Tim Dacosta \/\u00a0<strong>PRODUZIONE<\/strong>\u00a0Lightbulb Media and Listen Up Media<\/p>\n<p>&nbsp;<\/p>\n<h1>ICE AND PALMS<\/h1>\n<p><img decoding=\"async\" class=\"size-full wp-image-20033 alignnone\" src=\"https:\/\/www.sestogrado.it\/wp-content\/uploads\/2019\/03\/07_ICE-PALMSMax-Kroneck-rid-1180x787.jpg\" alt=\"ice palms\" width=\"1180\" height=\"787\" srcset=\"https:\/\/www.sestogrado.it\/wp-content\/uploads\/2019\/03\/07_ICE-PALMSMax-Kroneck-rid-1180x787.jpg 1180w, https:\/\/www.sestogrado.it\/wp-content\/uploads\/2019\/03\/07_ICE-PALMSMax-Kroneck-rid-1180x787-750x500.jpg 750w, https:\/\/www.sestogrado.it\/wp-content\/uploads\/2019\/03\/07_ICE-PALMSMax-Kroneck-rid-1180x787-300x200.jpg 300w, https:\/\/www.sestogrado.it\/wp-content\/uploads\/2019\/03\/07_ICE-PALMSMax-Kroneck-rid-1180x787-768x512.jpg 768w, https:\/\/www.sestogrado.it\/wp-content\/uploads\/2019\/03\/07_ICE-PALMSMax-Kroneck-rid-1180x787-1024x683.jpg 1024w, https:\/\/www.sestogrado.it\/wp-content\/uploads\/2019\/03\/07_ICE-PALMSMax-Kroneck-rid-1180x787-635x424.jpg 635w, https:\/\/www.sestogrado.it\/wp-content\/uploads\/2019\/03\/07_ICE-PALMSMax-Kroneck-rid-1180x787-96x64.jpg 96w\" sizes=\"(max-width: 1180px) 100vw, 1180px\" \/><\/p>\n<p>Un lungo viaggio in bici dalla Germania fino a Nizza, scalando e sciando nel frattempo tutte le cime di 4000 metri che si trovano lungo il percorso. Due amici, Max e Jochen, realizzano il loro sogno: 5 settimane, 1800 km e 35.000 metri di dislivello guadagnati solo con la forza dei propri muscoli in un viaggio indimenticabile lungo le Alpi.<\/p>\n<p><strong>SKI \u2013 BIKE<\/strong>\u00a0\/ Germania 2018 \/\u00a0<strong>REGIA<\/strong>\u00a0Philipp Becker, Max Kroneck, Jochen Mesle, Johannes M\u00fcller \/\u00a0<strong>PRODUZIONE<\/strong>\u00a0El Flamingo Films<\/p>\n<p>&nbsp;<\/p>\n<h1>ROGUE ELEMENTS: CORBET\u2019S COULOIR<\/h1>\n<p><img decoding=\"async\" class=\"size-full wp-image-20034 alignnone\" src=\"https:\/\/www.sestogrado.it\/wp-content\/uploads\/2019\/03\/DSC01579-Photo-Credit-Rogue-Elements-Film-rid.jpg\" alt=\"rogue elements\" width=\"800\" height=\"533\" srcset=\"https:\/\/www.sestogrado.it\/wp-content\/uploads\/2019\/03\/DSC01579-Photo-Credit-Rogue-Elements-Film-rid.jpg 800w, https:\/\/www.sestogrado.it\/wp-content\/uploads\/2019\/03\/DSC01579-Photo-Credit-Rogue-Elements-Film-rid-750x500.jpg 750w, https:\/\/www.sestogrado.it\/wp-content\/uploads\/2019\/03\/DSC01579-Photo-Credit-Rogue-Elements-Film-rid-300x200.jpg 300w, https:\/\/www.sestogrado.it\/wp-content\/uploads\/2019\/03\/DSC01579-Photo-Credit-Rogue-Elements-Film-rid-768x512.jpg 768w, https:\/\/www.sestogrado.it\/wp-content\/uploads\/2019\/03\/DSC01579-Photo-Credit-Rogue-Elements-Film-rid-635x423.jpg 635w, https:\/\/www.sestogrado.it\/wp-content\/uploads\/2019\/03\/DSC01579-Photo-Credit-Rogue-Elements-Film-rid-96x64.jpg 96w\" sizes=\"(max-width: 800px) 100vw, 800px\" \/><\/p>\n<p>Chiunque abbia mai sciato a Jackson Hole sa quanto il famoso Corbet\u2019s Couloir metta a dura prova i nervi di chiunque si cimenti con esso, anche nelle migliori condizioni di neve. Farlo in mountain-bike \u00e8 semplicemente una cosa pazzesca ed \u00e8 proprio quello di cui parla questo film.<\/p>\n<p><strong>SKI \u2013 MTB<\/strong>\u00a0\/ USA 2017 \/\u00a0<strong>REGIA<\/strong>\u00a0Todd Jones \/\u00a0<strong>PRODUZIONE\u00a0<\/strong>Teton Gravity Research<\/p>\n<p>&nbsp;<\/p>\n<p>&nbsp;<\/p>","protected":false},"excerpt":{"rendered":"<p>date e programma del tour dei migliori film di avventura internazionali<\/p>\n","protected":false},"author":1,"featured_media":20035,"comment_status":"open","ping_status":"open","sticky":false,"template":"","format":"standard","meta":{"_acf_changed":false,"footnotes":""},"categories":[79],"tags":[],"class_list":["post-20027","post","type-post","status-publish","format-standard","has-post-thumbnail","hentry","category-libro-di-vetta"],"acf":[],"yoast_head":"<!-- This site is optimized with the Yoast SEO plugin v26.4 - https:\/\/yoast.com\/wordpress\/plugins\/seo\/ -->\n<title>Banff 2019, si incomincia - Sestogrado<\/title>\n<meta name=\"description\" content=\"date e programma del tour dei migliori film di avventura internazionali. Giunto alla sua 43ma edizione, il Banff sta per atterrare in Italia con il tour aperto al pubblico. I migliori film e libri di montagna del mondo con ospiti internazionali.\" \/>\n<meta name=\"robots\" content=\"index, follow, max-snippet:-1, max-image-preview:large, max-video-preview:-1\" \/>\n<link rel=\"canonical\" href=\"https:\/\/www.sestogrado.it\/it\/banff-2019-si-incomincia\/\" \/>\n<meta property=\"og:locale\" content=\"it_IT\" \/>\n<meta property=\"og:type\" content=\"article\" \/>\n<meta property=\"og:title\" content=\"Banff 2019, si incomincia - Sestogrado\" \/>\n<meta property=\"og:description\" content=\"date e programma del tour dei migliori film di avventura internazionali. Giunto alla sua 43ma edizione, il Banff sta per atterrare in Italia con il tour aperto al pubblico. I migliori film e libri di montagna del mondo con ospiti internazionali.\" \/>\n<meta property=\"og:url\" content=\"https:\/\/www.sestogrado.it\/it\/banff-2019-si-incomincia\/\" \/>\n<meta property=\"og:site_name\" content=\"Sestogrado\" \/>\n<meta property=\"article:publisher\" content=\"https:\/\/www.facebook.com\/pages\/Sestogrado\/1542635979353017?ref=bookmarks\" \/>\n<meta property=\"article:published_time\" content=\"2019-03-13T10:27:09+00:00\" \/>\n<meta property=\"og:image\" content=\"https:\/\/www.sestogrado.it\/wp-content\/uploads\/2019\/03\/01-6.jpg\" \/>\n\t<meta property=\"og:image:width\" content=\"700\" \/>\n\t<meta property=\"og:image:height\" content=\"467\" \/>\n\t<meta property=\"og:image:type\" content=\"image\/jpeg\" \/>\n<meta name=\"author\" content=\"admin\" \/>\n<meta name=\"twitter:label1\" content=\"Scritto da\" \/>\n\t<meta name=\"twitter:data1\" content=\"admin\" \/>\n\t<meta name=\"twitter:label2\" content=\"Tempo di lettura stimato\" \/>\n\t<meta name=\"twitter:data2\" content=\"3 minuti\" \/>\n<script type=\"application\/ld+json\" class=\"yoast-schema-graph\">{\"@context\":\"https:\/\/schema.org\",\"@graph\":[{\"@type\":\"Article\",\"@id\":\"https:\/\/www.sestogrado.it\/banff-2019-si-incomincia\/#article\",\"isPartOf\":{\"@id\":\"https:\/\/www.sestogrado.it\/banff-2019-si-incomincia\/\"},\"author\":{\"name\":\"admin\",\"@id\":\"https:\/\/www.sestogrado.it\/en\/#\/schema\/person\/79f414dc6904c7d2eef9d047c045f445\"},\"headline\":\"Banff 2019, si incomincia\",\"datePublished\":\"2019-03-13T10:27:09+00:00\",\"mainEntityOfPage\":{\"@id\":\"https:\/\/www.sestogrado.it\/banff-2019-si-incomincia\/\"},\"wordCount\":577,\"commentCount\":0,\"publisher\":{\"@id\":\"https:\/\/www.sestogrado.it\/en\/#organization\"},\"image\":{\"@id\":\"https:\/\/www.sestogrado.it\/banff-2019-si-incomincia\/#primaryimage\"},\"thumbnailUrl\":\"https:\/\/www.sestogrado.it\/wp-content\/uploads\/2019\/03\/01-6.jpg\",\"articleSection\":[\"Libro di vetta\"],\"inLanguage\":\"it-IT\",\"potentialAction\":[{\"@type\":\"CommentAction\",\"name\":\"Comment\",\"target\":[\"https:\/\/www.sestogrado.it\/banff-2019-si-incomincia\/#respond\"]}]},{\"@type\":\"WebPage\",\"@id\":\"https:\/\/www.sestogrado.it\/it\/banff-2019-si-incomincia\/\",\"url\":\"https:\/\/www.sestogrado.it\/it\/banff-2019-si-incomincia\/\",\"name\":\"Banff 2019, si incomincia - Sestogrado\",\"isPartOf\":{\"@id\":\"https:\/\/www.sestogrado.it\/it\/#website\"},\"primaryImageOfPage\":{\"@id\":\"https:\/\/www.sestogrado.it\/it\/banff-2019-si-incomincia\/#primaryimage\"},\"image\":{\"@id\":\"https:\/\/www.sestogrado.it\/banff-2019-si-incomincia\/#primaryimage\"},\"thumbnailUrl\":\"https:\/\/www.sestogrado.it\/wp-content\/uploads\/2019\/03\/01-6.jpg\",\"datePublished\":\"2019-03-13T10:27:09+00:00\",\"description\":\"date e programma del tour dei migliori film di avventura internazionali. Giunto alla sua 43ma edizione, il Banff sta per atterrare in Italia con il tour aperto al pubblico. I migliori film e libri di montagna del mondo con ospiti internazionali.\",\"breadcrumb\":{\"@id\":\"https:\/\/www.sestogrado.it\/it\/banff-2019-si-incomincia\/#breadcrumb\"},\"inLanguage\":\"it-IT\",\"potentialAction\":[{\"@type\":\"ReadAction\",\"target\":[[\"https:\/\/www.sestogrado.it\/it\/banff-2019-si-incomincia\/\"]]}]},{\"@type\":\"ImageObject\",\"inLanguage\":\"it-IT\",\"@id\":\"https:\/\/www.sestogrado.it\/it\/banff-2019-si-incomincia\/#primaryimage\",\"url\":\"https:\/\/www.sestogrado.it\/wp-content\/uploads\/2019\/03\/01-6.jpg\",\"contentUrl\":\"https:\/\/www.sestogrado.it\/wp-content\/uploads\/2019\/03\/01-6.jpg\",\"width\":700,\"height\":467,\"caption\":\"banff\"},{\"@type\":\"BreadcrumbList\",\"@id\":\"https:\/\/www.sestogrado.it\/it\/banff-2019-si-incomincia\/#breadcrumb\",\"itemListElement\":[{\"@type\":\"ListItem\",\"position\":1,\"name\":\"Home\",\"item\":\"https:\/\/www.sestogrado.it\/it\/\"},{\"@type\":\"ListItem\",\"position\":2,\"name\":\"Banff 2019, si incomincia\"}]},{\"@type\":\"WebSite\",\"@id\":\"https:\/\/www.sestogrado.it\/it\/#website\",\"url\":\"https:\/\/www.sestogrado.it\/it\/\",\"name\":\"Sestogrado\",\"description\":\"yes we climb\",\"publisher\":{\"@id\":\"https:\/\/www.sestogrado.it\/it\/#organization\"},\"potentialAction\":[{\"@type\":\"SearchAction\",\"target\":{\"@type\":\"EntryPoint\",\"urlTemplate\":\"https:\/\/www.sestogrado.it\/it\/?s={search_term_string}\"},\"query-input\":{\"@type\":\"PropertyValueSpecification\",\"valueRequired\":true,\"valueName\":\"search_term_string\"}}],\"inLanguage\":\"it-IT\"},{\"@type\":\"Organization\",\"@id\":\"https:\/\/www.sestogrado.it\/it\/#organization\",\"name\":\"Sestogrado\",\"url\":\"https:\/\/www.sestogrado.it\/it\/\",\"logo\":{\"@type\":\"ImageObject\",\"inLanguage\":\"it-IT\",\"@id\":\"https:\/\/www.sestogrado.it\/it\/#\/schema\/logo\/image\/\",\"url\":\"https:\/\/www.sestogrado.it\/wp-content\/uploads\/2015\/03\/sestogrado-favicon.png\",\"contentUrl\":\"https:\/\/www.sestogrado.it\/wp-content\/uploads\/2015\/03\/sestogrado-favicon.png\",\"width\":260,\"height\":260,\"caption\":\"Sestogrado\"},\"image\":{\"@id\":\"https:\/\/www.sestogrado.it\/it\/#\/schema\/logo\/image\/\"},\"sameAs\":[\"https:\/\/www.facebook.com\/pages\/Sestogrado\/1542635979353017?ref=bookmarks\",\"https:\/\/www.youtube.com\/channel\/UC847kAfTkaJsWpc1jtQwr3Q\"],\"hasMerchantReturnPolicy\":{\"@type\":\"MerchantReturnPolicy\",\"merchantReturnLink\":\"https:\/\/www.sestogrado.it\/it\/termini-e-condizioni\/\"}},{\"@type\":\"Person\",\"@id\":\"https:\/\/www.sestogrado.it\/en\/#\/schema\/person\/79f414dc6904c7d2eef9d047c045f445\",\"name\":\"admin\"}]}<\/script>\n<!-- \/ Yoast SEO plugin. -->","yoast_head_json":{"title":"Banff 2019, si incomincia - Sestogrado","description":"date e programma del tour dei migliori film di avventura internazionali. Giunto alla sua 43ma edizione, il Banff sta per atterrare in Italia con il tour aperto al pubblico. I migliori film e libri di montagna del mondo con ospiti internazionali.","robots":{"index":"index","follow":"follow","max-snippet":"max-snippet:-1","max-image-preview":"max-image-preview:large","max-video-preview":"max-video-preview:-1"},"canonical":"https:\/\/www.sestogrado.it\/it\/banff-2019-si-incomincia\/","og_locale":"it_IT","og_type":"article","og_title":"Banff 2019, si incomincia - Sestogrado","og_description":"date e programma del tour dei migliori film di avventura internazionali. Giunto alla sua 43ma edizione, il Banff sta per atterrare in Italia con il tour aperto al pubblico. I migliori film e libri di montagna del mondo con ospiti internazionali.","og_url":"https:\/\/www.sestogrado.it\/it\/banff-2019-si-incomincia\/","og_site_name":"Sestogrado","article_publisher":"https:\/\/www.facebook.com\/pages\/Sestogrado\/1542635979353017?ref=bookmarks","article_published_time":"2019-03-13T10:27:09+00:00","og_image":[{"width":700,"height":467,"url":"https:\/\/www.sestogrado.it\/wp-content\/uploads\/2019\/03\/01-6.jpg","type":"image\/jpeg"}],"author":"admin","twitter_misc":{"Scritto da":"admin","Tempo di lettura stimato":"3 minuti"},"schema":{"@context":"https:\/\/schema.org","@graph":[{"@type":"Article","@id":"https:\/\/www.sestogrado.it\/banff-2019-si-incomincia\/#article","isPartOf":{"@id":"https:\/\/www.sestogrado.it\/banff-2019-si-incomincia\/"},"author":{"name":"admin","@id":"https:\/\/www.sestogrado.it\/en\/#\/schema\/person\/79f414dc6904c7d2eef9d047c045f445"},"headline":"Banff 2019, si incomincia","datePublished":"2019-03-13T10:27:09+00:00","mainEntityOfPage":{"@id":"https:\/\/www.sestogrado.it\/banff-2019-si-incomincia\/"},"wordCount":577,"commentCount":0,"publisher":{"@id":"https:\/\/www.sestogrado.it\/en\/#organization"},"image":{"@id":"https:\/\/www.sestogrado.it\/banff-2019-si-incomincia\/#primaryimage"},"thumbnailUrl":"https:\/\/www.sestogrado.it\/wp-content\/uploads\/2019\/03\/01-6.jpg","articleSection":["Libro di vetta"],"inLanguage":"it-IT","potentialAction":[{"@type":"CommentAction","name":"Comment","target":["https:\/\/www.sestogrado.it\/banff-2019-si-incomincia\/#respond"]}]},{"@type":"WebPage","@id":"https:\/\/www.sestogrado.it\/it\/banff-2019-si-incomincia\/","url":"https:\/\/www.sestogrado.it\/it\/banff-2019-si-incomincia\/","name":"Banff 2019, si incomincia - Sestogrado","isPartOf":{"@id":"https:\/\/www.sestogrado.it\/it\/#website"},"primaryImageOfPage":{"@id":"https:\/\/www.sestogrado.it\/it\/banff-2019-si-incomincia\/#primaryimage"},"image":{"@id":"https:\/\/www.sestogrado.it\/banff-2019-si-incomincia\/#primaryimage"},"thumbnailUrl":"https:\/\/www.sestogrado.it\/wp-content\/uploads\/2019\/03\/01-6.jpg","datePublished":"2019-03-13T10:27:09+00:00","description":"date e programma del tour dei migliori film di avventura internazionali. Giunto alla sua 43ma edizione, il Banff sta per atterrare in Italia con il tour aperto al pubblico. I migliori film e libri di montagna del mondo con ospiti internazionali.","breadcrumb":{"@id":"https:\/\/www.sestogrado.it\/it\/banff-2019-si-incomincia\/#breadcrumb"},"inLanguage":"it-IT","potentialAction":[{"@type":"ReadAction","target":[["https:\/\/www.sestogrado.it\/it\/banff-2019-si-incomincia\/"]]}]},{"@type":"ImageObject","inLanguage":"it-IT","@id":"https:\/\/www.sestogrado.it\/it\/banff-2019-si-incomincia\/#primaryimage","url":"https:\/\/www.sestogrado.it\/wp-content\/uploads\/2019\/03\/01-6.jpg","contentUrl":"https:\/\/www.sestogrado.it\/wp-content\/uploads\/2019\/03\/01-6.jpg","width":700,"height":467,"caption":"banff"},{"@type":"BreadcrumbList","@id":"https:\/\/www.sestogrado.it\/it\/banff-2019-si-incomincia\/#breadcrumb","itemListElement":[{"@type":"ListItem","position":1,"name":"Home","item":"https:\/\/www.sestogrado.it\/it\/"},{"@type":"ListItem","position":2,"name":"Banff 2019, si incomincia"}]},{"@type":"WebSite","@id":"https:\/\/www.sestogrado.it\/it\/#website","url":"https:\/\/www.sestogrado.it\/it\/","name":"Sestogrado","description":"yes we climb","publisher":{"@id":"https:\/\/www.sestogrado.it\/it\/#organization"},"potentialAction":[{"@type":"SearchAction","target":{"@type":"EntryPoint","urlTemplate":"https:\/\/www.sestogrado.it\/it\/?s={search_term_string}"},"query-input":{"@type":"PropertyValueSpecification","valueRequired":true,"valueName":"search_term_string"}}],"inLanguage":"it-IT"},{"@type":"Organization","@id":"https:\/\/www.sestogrado.it\/it\/#organization","name":"Sestogrado","url":"https:\/\/www.sestogrado.it\/it\/","logo":{"@type":"ImageObject","inLanguage":"it-IT","@id":"https:\/\/www.sestogrado.it\/it\/#\/schema\/logo\/image\/","url":"https:\/\/www.sestogrado.it\/wp-content\/uploads\/2015\/03\/sestogrado-favicon.png","contentUrl":"https:\/\/www.sestogrado.it\/wp-content\/uploads\/2015\/03\/sestogrado-favicon.png","width":260,"height":260,"caption":"Sestogrado"},"image":{"@id":"https:\/\/www.sestogrado.it\/it\/#\/schema\/logo\/image\/"},"sameAs":["https:\/\/www.facebook.com\/pages\/Sestogrado\/1542635979353017?ref=bookmarks","https:\/\/www.youtube.com\/channel\/UC847kAfTkaJsWpc1jtQwr3Q"],"hasMerchantReturnPolicy":{"@type":"MerchantReturnPolicy","merchantReturnLink":"https:\/\/www.sestogrado.it\/it\/termini-e-condizioni\/"}},{"@type":"Person","@id":"https:\/\/www.sestogrado.it\/en\/#\/schema\/person\/79f414dc6904c7d2eef9d047c045f445","name":"admin"}]}},"_links":{"self":[{"href":"https:\/\/www.sestogrado.it\/it\/wp-json\/wp\/v2\/posts\/20027","targetHints":{"allow":["GET"]}}],"collection":[{"href":"https:\/\/www.sestogrado.it\/it\/wp-json\/wp\/v2\/posts"}],"about":[{"href":"https:\/\/www.sestogrado.it\/it\/wp-json\/wp\/v2\/types\/post"}],"author":[{"embeddable":true,"href":"https:\/\/www.sestogrado.it\/it\/wp-json\/wp\/v2\/users\/1"}],"replies":[{"embeddable":true,"href":"https:\/\/www.sestogrado.it\/it\/wp-json\/wp\/v2\/comments?post=20027"}],"version-history":[{"count":0,"href":"https:\/\/www.sestogrado.it\/it\/wp-json\/wp\/v2\/posts\/20027\/revisions"}],"wp:featuredmedia":[{"embeddable":true,"href":"https:\/\/www.sestogrado.it\/it\/wp-json\/wp\/v2\/media\/20035"}],"wp:attachment":[{"href":"https:\/\/www.sestogrado.it\/it\/wp-json\/wp\/v2\/media?parent=20027"}],"wp:term":[{"taxonomy":"category","embeddable":true,"href":"https:\/\/www.sestogrado.it\/it\/wp-json\/wp\/v2\/categories?post=20027"},{"taxonomy":"post_tag","embeddable":true,"href":"https:\/\/www.sestogrado.it\/it\/wp-json\/wp\/v2\/tags?post=20027"}],"curies":[{"name":"wp","href":"https:\/\/api.w.org\/{rel}","templated":true}]}}