{"id":18632,"date":"2018-11-21T14:17:14","date_gmt":"2018-11-21T13:17:14","guid":{"rendered":"https:\/\/www.sestogrado.it\/?p=18632"},"modified":"2018-11-21T14:22:17","modified_gmt":"2018-11-21T13:22:17","slug":"reel-rock-italia-la-rassegna-di-film-dedicati-allarrampicata","status":"publish","type":"post","link":"https:\/\/www.sestogrado.it\/it\/reel-rock-italia-la-rassegna-di-film-dedicati-allarrampicata\/","title":{"rendered":"Reel Rock Italia, inizia la rassegna di film dedicati all&#8217;arrampicata"},"content":{"rendered":"<p><strong>REEL ROCK TOUR\u00a0<\/strong>\u00e8 una rassegna cinematografica dedicata all\u2019arrampicata che comprende una serie di corto e medio metraggi realizzati da due case di produzione americane tra le pi\u00f9 importanti del settore outdoor: Senders Film e Big Up Production.<br \/>\nFondato nel 2006 dai registi Josh Lowell e Peter Mortimer a Boulder in Colorado, USA,\u00a0REEL ROCK\u00a0ha firmato produzioni di grande successo come\u00a0<em>Valley Uprising, Honnold 3.0, Alone on the Wall, A Line Across the Sky, La Dura Dura<\/em>,\u00a0che ogni anno ricevono riconoscimenti in prestigiosi festival internazionali.<\/p>\n<p>Il Reel Rock Italia sta per partire, dal 26 novembre al 5 dicembre saranno proiettati in alcune citt\u00e0 i film in concorso, qui la programmazione e le date:<\/p>\n<p>&nbsp;<\/p>\n<p><img decoding=\"async\" class=\"size-full wp-image-18633 alignnone\" src=\"https:\/\/www.sestogrado.it\/wp-content\/uploads\/2018\/11\/adam-1.jpg\" alt=\"adam\" width=\"1000\" height=\"563\" srcset=\"https:\/\/www.sestogrado.it\/wp-content\/uploads\/2018\/11\/adam-1.jpg 1000w, https:\/\/www.sestogrado.it\/wp-content\/uploads\/2018\/11\/adam-1-750x422.jpg 750w, https:\/\/www.sestogrado.it\/wp-content\/uploads\/2018\/11\/adam-1-300x169.jpg 300w, https:\/\/www.sestogrado.it\/wp-content\/uploads\/2018\/11\/adam-1-768x432.jpg 768w, https:\/\/www.sestogrado.it\/wp-content\/uploads\/2018\/11\/adam-1-635x358.jpg 635w, https:\/\/www.sestogrado.it\/wp-content\/uploads\/2018\/11\/adam-1-114x64.jpg 114w\" sizes=\"(max-width: 1000px) 100vw, 1000px\" \/><\/p>\n<h2>Age of Ondra<\/h2>\n<p><em>Regia<\/em>: Big Up Production<strong><br \/>\n<\/strong><em>Con:<\/em>\u00a0Adam Ondra<\/p>\n<p>Ogni tanto accade che un atleta ridefinisca i canoni dello sport che pratica e Adam Ondra, venticinquenne ceco, sta oggi esplorando nuove frontiere dell\u2019arrampicata. Alla fine dello scorso anno, Adam ha stabilito un nuovo record in Norvegia portando a termine \u201cProject Hard\u201d \u2013 che oggi pu\u00f2 essere considerato il primo 9c al mondo \u2013 per il quale \u00e8 stato scelto il nome di \u201cSilence\u201d. Sulla scorta di questa salita, il film segue Adam in un viaggio che, partendo da casa sua nella repubblica ceca, lo porter\u00e0 attraverso l\u2019Europa fino in Nordamerica, dove sperimenter\u00e0 nuovi metodi di allenamento, aprir\u00e0 nuove vie di grado elevatissimo e cercher\u00e0 di essere il primo climber a scalare un 9a+ a vista. \u00a0\u201cAge of Ondra\u201d racconta la vita e le imprese di uno dei pi\u00f9 grandi atleti oggi sulla scena, in un momento di massima forma.<\/p>\n<p>&nbsp;<\/p>\n<p><img decoding=\"async\" class=\"size-full wp-image-18634 alignnone\" src=\"https:\/\/www.sestogrado.it\/wp-content\/uploads\/2018\/11\/jimmy-chin.jpg\" alt=\"jimmy-chin\" width=\"1000\" height=\"576\" srcset=\"https:\/\/www.sestogrado.it\/wp-content\/uploads\/2018\/11\/jimmy-chin.jpg 1000w, https:\/\/www.sestogrado.it\/wp-content\/uploads\/2018\/11\/jimmy-chin-750x432.jpg 750w, https:\/\/www.sestogrado.it\/wp-content\/uploads\/2018\/11\/jimmy-chin-300x173.jpg 300w, https:\/\/www.sestogrado.it\/wp-content\/uploads\/2018\/11\/jimmy-chin-768x442.jpg 768w, https:\/\/www.sestogrado.it\/wp-content\/uploads\/2018\/11\/jimmy-chin-635x366.jpg 635w, https:\/\/www.sestogrado.it\/wp-content\/uploads\/2018\/11\/jimmy-chin-111x64.jpg 111w\" sizes=\"(max-width: 1000px) 100vw, 1000px\" \/><\/p>\n<h2>Queen Maud Land<\/h2>\n<p><em>Regia:<\/em>\u00a0Taylor Keating e Cedar Wright<strong><br \/>\n<\/strong><em>Con:<\/em>\u00a0Conrad Anker, Jimmy Chin, Savannah Cummins, Alex Honnold, Anna Pfaff, Cedar Wright<\/p>\n<p>Un dream team di top climber parte per una spedizione verso una delle ultime frontiere dell\u2019arrampicata, nelle terre pi\u00f9 remote dell\u2019Antartide. Jimmy Chin e Conrad Anker tentano una nuova via sull\u2019Ulvetanna, una montagna di oltre 1000 metri; Savannah Cummins e Anna Pfaff salgono la torre di Holtanna, e Alex Honnold e Cedar Wright si divertono a salire 13 guglie sparse lungo il ghiacciaio, inclusa una di cui Alex dice: \u201c\u00e8 stato il tiro pi\u00f9 spaventoso che abbia mai fatto!\u201d. La Queen Maud Land \u2013 questo il nome di quest\u2019area ghiacciata \u2013 \u00e8 il regno di una wilderness rara e incontrastata e il film mostra l\u2019impegno (e la sofferenza!) necessari per scalare nella terra pi\u00f9 a Sud del mondo.<\/p>\n<p>&nbsp;<\/p>\n<p><img decoding=\"async\" class=\"size-full wp-image-18636 alignnone\" src=\"https:\/\/www.sestogrado.it\/wp-content\/uploads\/2018\/11\/valley.jpg\" alt=\"valley\" width=\"1000\" height=\"563\" srcset=\"https:\/\/www.sestogrado.it\/wp-content\/uploads\/2018\/11\/valley.jpg 1000w, https:\/\/www.sestogrado.it\/wp-content\/uploads\/2018\/11\/valley-750x422.jpg 750w, https:\/\/www.sestogrado.it\/wp-content\/uploads\/2018\/11\/valley-300x169.jpg 300w, https:\/\/www.sestogrado.it\/wp-content\/uploads\/2018\/11\/valley-768x432.jpg 768w, https:\/\/www.sestogrado.it\/wp-content\/uploads\/2018\/11\/valley-635x358.jpg 635w, https:\/\/www.sestogrado.it\/wp-content\/uploads\/2018\/11\/valley-114x64.jpg 114w\" sizes=\"(max-width: 1000px) 100vw, 1000px\" \/><\/p>\n<h2>The Valley of the Moon<\/h2>\n<p><em>Regia<\/em>: Henna Taylor<br \/>\n<em>Con:<\/em>\u00a0Madaleine Sorkin, Eliav Nissan, Mohammad Hussein, Elad Omer<\/p>\n<p>Wadi Rum, conosciuta anche come \u201cValle della Luna\u201d, \u00e8 una grande estensione di pareti arenaria, situata nel deserto della Giordania. Sperando di attirare i climber stranieri, due israeliani, insieme a una guida locale beduina, cercano di aprire una via di 550 metri, reclutando alla fine la climber americana Madaleine Sorkin, per aiutarli a realizzare il loro sogno. Il film esplora l\u2019importanza dell\u2019arrampicata come strumento per superare le barriere culturali, costruire nuove amicizie e ricercare l\u2019avventura in una delle regioni pi\u00f9 incredibili della terra.<\/p>\n<p>&nbsp;<\/p>\n<p><img decoding=\"async\" class=\" wp-image-18637 alignnone\" src=\"https:\/\/www.sestogrado.it\/wp-content\/uploads\/2018\/11\/rr13_up-to-speed_reza-alipour_photo-by-eddie-fowke2.jpg\" alt=\"up to speed\" width=\"994\" height=\"463\" srcset=\"https:\/\/www.sestogrado.it\/wp-content\/uploads\/2018\/11\/rr13_up-to-speed_reza-alipour_photo-by-eddie-fowke2.jpg 792w, https:\/\/www.sestogrado.it\/wp-content\/uploads\/2018\/11\/rr13_up-to-speed_reza-alipour_photo-by-eddie-fowke2-750x349.jpg 750w, https:\/\/www.sestogrado.it\/wp-content\/uploads\/2018\/11\/rr13_up-to-speed_reza-alipour_photo-by-eddie-fowke2-300x140.jpg 300w, https:\/\/www.sestogrado.it\/wp-content\/uploads\/2018\/11\/rr13_up-to-speed_reza-alipour_photo-by-eddie-fowke2-768x358.jpg 768w, https:\/\/www.sestogrado.it\/wp-content\/uploads\/2018\/11\/rr13_up-to-speed_reza-alipour_photo-by-eddie-fowke2-635x296.jpg 635w, https:\/\/www.sestogrado.it\/wp-content\/uploads\/2018\/11\/rr13_up-to-speed_reza-alipour_photo-by-eddie-fowke2-137x64.jpg 137w\" sizes=\"(max-width: 994px) 100vw, 994px\" \/><\/p>\n<h2>Up to speed<\/h2>\n<p><em>Regia:<\/em>\u00a0Sender Films<strong><br \/>\n<\/strong><em>Con:\u00a0<\/em>Claire Buhrfeind, Reza Alipour, John Brosler, Ashima Shiraishi, Margo Hayes, Stanislav Kokorin<\/p>\n<p>L\u2019annuncio che l\u2019arrampicata sportiva sarebbe stata inserita tra le discipline olimpiche ha rappresentato un momento molto importante per questo sport. Ma ci\u00f2 che ha stupito molti climber \u00e8 il fatto che una delle tre discipline necessarie per vincere una medaglia \u00e8\u2026 lo speed climbing. L\u2019inviato di REEL ROCK Zachary Barr esplora questa \u201csotto-disciplina\u201d poco conosciuta e poco praticata e il ruolo che potr\u00e0 avere nel dare forma al futuro dell\u2019arrampicata. Il viaggio di Barr si compie dagli Stati Uniti alla Francia (la patria del moderno speed climbing), fino all\u2019Asia del Sud (dove al momento la pratica \u00e8 massiccia) e culmina a Mosca nel corso di una competizione internazionale dove i giganti dello speed climbing riescono a salire una parete di 15 metri in meno di 6 secondi.<\/p>\n<p>&nbsp;<\/p>\n<p>Le date in Italia:<\/p>\n<h2 class=\"tribe-events-list-separator-month\">MILANO<\/h2>\n<div id=\"post-65\" class=\"type-tribe_events post-65 tribe-clearfix tribe-events-category-date-2018 tribe-events-venue-310 tribe-events-first\">\n<div class=\"tribe-events-event-meta\">\n<div class=\"author location\">\n<div class=\"tribe-event-schedule-details\"><span class=\"tribe-event-date-start\">26 novembre 20:00<\/span>&#8211;<span class=\"tribe-event-time\">22:30<\/span><\/div>\n<div class=\"tribe-events-venue-details\">Cinema Odeon The Space,\u00a0<span class=\"tribe-address\"><span class=\"tribe-street-address\">Via Santa Radegonda 8<\/span><br \/>\n<span class=\"tribe-locality\">Milano<\/span><span class=\"tribe-delimiter\">,<\/span>\u00a0<span class=\"tribe-postal-code\">20121<\/span>\u00a0<span class=\"tribe-country-name\">Italia<\/span><\/span><\/div>\n<\/div>\n<\/div>\n<\/div>\n<div id=\"post-114\" class=\"type-tribe_events post-114 tribe-clearfix tribe-events-category-date-2018 tribe-events-venue-316\">\n<h2 class=\"tribe-events-list-event-title\">ROMA<\/h2>\n<div class=\"tribe-events-event-meta\">\n<div class=\"author location\">\n<div class=\"tribe-event-schedule-details\"><span class=\"tribe-event-date-start\">28 novembre 20:30<\/span>&#8211;<span class=\"tribe-event-time\">22:30<\/span><\/div>\n<div class=\"tribe-events-venue-details\">Cinema Moderno The Space,\u00a0<span class=\"tribe-address\"><span class=\"tribe-street-address\">Piazza della Repubblica, 43\/45<\/span><br \/>\n<span class=\"tribe-locality\">Roma<\/span><span class=\"tribe-delimiter\">,<\/span>\u00a0<span class=\"tribe-postal-code\">00184<\/span>\u00a0<span class=\"tribe-country-name\">Italia<\/span><\/span><\/div>\n<\/div>\n<\/div>\n<div class=\"tribe-events-list-event-description tribe-events-content description entry-summary\"><\/div>\n<\/div>\n<div id=\"post-640\" class=\"type-tribe_events post-640 tribe-clearfix tribe-events-category-date-2018 tribe-events-venue-802\">\n<h2 class=\"tribe-events-list-event-title\">BOLOGNA<\/h2>\n<div class=\"tribe-events-event-meta\">\n<div class=\"author location\">\n<div class=\"tribe-event-schedule-details\"><span class=\"tribe-event-date-start\">3 dicembre 20:00<\/span>&#8211;<span class=\"tribe-event-time\">22:30<\/span><\/div>\n<div class=\"tribe-events-venue-details\">Teatro Antoniano,\u00a0<span class=\"tribe-address\"><span class=\"tribe-street-address\">Via Guido Guinizelli, 3<\/span><br \/>\n<span class=\"tribe-locality\">Bologna<\/span><span class=\"tribe-delimiter\">,<\/span>\u00a0<span class=\"tribe-postal-code\">40126<\/span>\u00a0<span class=\"tribe-country-name\">Italia<\/span><\/span><\/div>\n<\/div>\n<\/div>\n<\/div>\n<div id=\"post-63\" class=\"type-tribe_events post-63 tribe-clearfix tribe-events-category-date-2018 tribe-events-venue-319\">\n<h2 class=\"tribe-events-list-event-title\">TORINO<\/h2>\n<div class=\"tribe-events-event-meta\">\n<div class=\"author location\">\n<div class=\"tribe-event-schedule-details\"><span class=\"tribe-event-date-start\">4 dicembre 20:00<\/span>&#8211;<span class=\"tribe-event-time\">22:30<\/span><\/div>\n<div class=\"tribe-events-venue-details\">Cinema Massimo,\u00a0<span class=\"tribe-address\"><span class=\"tribe-street-address\">Via Giuseppe Verdi, 18<\/span><br \/>\n<span class=\"tribe-locality\">Torino<\/span><span class=\"tribe-delimiter\">,<\/span>\u00a0<span class=\"tribe-postal-code\">10124<\/span>\u00a0<span class=\"tribe-country-name\">Italia<\/span><\/span><\/div>\n<\/div>\n<\/div>\n<\/div>\n<div id=\"post-616\" class=\"type-tribe_events post-616 tribe-clearfix tribe-events-category-date-2018 tribe-events-venue-803 tribe-events-last\">\n<h2 class=\"tribe-events-list-event-title\">GENOVA<\/h2>\n<div class=\"tribe-events-event-meta\">\n<div class=\"author location\">\n<div class=\"tribe-event-schedule-details\"><span class=\"tribe-event-date-start\">5 dicembre 20:30<\/span>&#8211;<span class=\"tribe-event-time\">23:00<\/span><\/div>\n<div class=\"tribe-events-venue-details\">Cinema Porto Antico The Space,\u00a0<span class=\"tribe-address\"><span class=\"tribe-street-address\">Via Magazzini del Cotone<\/span><br \/>\n<span class=\"tribe-locality\">Genova<\/span><span class=\"tribe-delimiter\">,<\/span>\u00a0<span class=\"tribe-postal-code\">16128<\/span>\u00a0<span class=\"tribe-country-name\">Italia<\/span><\/span><\/div>\n<\/div>\n<\/div>\n<\/div>\n<div><\/div>\n<div><\/div>\n<div>I biglietti possono essere acquistati <a href=\"https:\/\/www.reelrock.it\/date-biglietti\/\" target=\"_blank\" rel=\"noopener\">qui<\/a>.<\/div>\n<div><\/div>\n<div><\/div>\n<div>Trailer:<\/div>\n<div><iframe src=\"\/\/www.youtube.com\/embed\/6sPzkBzOvB8\" width=\"560\" height=\"314\" allowfullscreen=\"allowfullscreen\"><\/iframe><\/div>\n<p><\/p>","protected":false},"excerpt":{"rendered":"<p>le date ed i film di quest&#8217;anno<\/p>\n","protected":false},"author":1,"featured_media":18641,"comment_status":"open","ping_status":"open","sticky":false,"template":"","format":"standard","meta":{"_acf_changed":false,"footnotes":""},"categories":[79],"tags":[],"class_list":["post-18632","post","type-post","status-publish","format-standard","has-post-thumbnail","hentry","category-libro-di-vetta"],"acf":[],"yoast_head":"<!-- This site is optimized with the Yoast SEO plugin v26.4 - https:\/\/yoast.com\/wordpress\/plugins\/seo\/ -->\n<title>Reel Rock Italia, inizia la rassegna di film dedicati all&#039;arrampicata  - Sestogrado<\/title>\n<meta name=\"description\" content=\"le date ed i film di quest&#039;anno. REEL ROCK TOUR\u00a0\u00e8 una rassegna cinematografica dedicata all\u2019arrampicata che comprende una serie di corto e medio metraggi realizzati da due case di produzione americane tra le pi\u00f9 importanti del settore outdoor: Senders Film e Big Up Production.\" \/>\n<meta name=\"robots\" content=\"index, follow, max-snippet:-1, max-image-preview:large, max-video-preview:-1\" \/>\n<link rel=\"canonical\" href=\"https:\/\/www.sestogrado.it\/it\/reel-rock-italia-la-rassegna-di-film-dedicati-allarrampicata\/\" \/>\n<meta property=\"og:locale\" content=\"it_IT\" \/>\n<meta property=\"og:type\" content=\"article\" \/>\n<meta property=\"og:title\" content=\"Reel Rock Italia, inizia la rassegna di film dedicati all&#039;arrampicata  - Sestogrado\" \/>\n<meta property=\"og:description\" content=\"le date ed i film di quest&#039;anno. REEL ROCK TOUR\u00a0\u00e8 una rassegna cinematografica dedicata all\u2019arrampicata che comprende una serie di corto e medio metraggi realizzati da due case di produzione americane tra le pi\u00f9 importanti del settore outdoor: Senders Film e Big Up Production.\" \/>\n<meta property=\"og:url\" content=\"https:\/\/www.sestogrado.it\/it\/reel-rock-italia-la-rassegna-di-film-dedicati-allarrampicata\/\" \/>\n<meta property=\"og:site_name\" content=\"Sestogrado\" \/>\n<meta property=\"article:publisher\" content=\"https:\/\/www.facebook.com\/pages\/Sestogrado\/1542635979353017?ref=bookmarks\" \/>\n<meta property=\"article:published_time\" content=\"2018-11-21T13:17:14+00:00\" \/>\n<meta property=\"article:modified_time\" content=\"2018-11-21T13:22:17+00:00\" \/>\n<meta property=\"og:image\" content=\"https:\/\/www.sestogrado.it\/wp-content\/uploads\/2018\/11\/reel-rock.jpg\" \/>\n\t<meta property=\"og:image:width\" content=\"758\" \/>\n\t<meta property=\"og:image:height\" content=\"505\" \/>\n\t<meta property=\"og:image:type\" content=\"image\/jpeg\" \/>\n<meta name=\"author\" content=\"admin\" \/>\n<meta name=\"twitter:label1\" content=\"Scritto da\" \/>\n\t<meta name=\"twitter:data1\" content=\"admin\" \/>\n\t<meta name=\"twitter:label2\" content=\"Tempo di lettura stimato\" \/>\n\t<meta name=\"twitter:data2\" content=\"4 minuti\" \/>\n<script type=\"application\/ld+json\" class=\"yoast-schema-graph\">{\"@context\":\"https:\/\/schema.org\",\"@graph\":[{\"@type\":\"Article\",\"@id\":\"https:\/\/www.sestogrado.it\/reel-rock-italia-la-rassegna-di-film-dedicati-allarrampicata\/#article\",\"isPartOf\":{\"@id\":\"https:\/\/www.sestogrado.it\/reel-rock-italia-la-rassegna-di-film-dedicati-allarrampicata\/\"},\"author\":{\"name\":\"admin\",\"@id\":\"https:\/\/www.sestogrado.it\/en\/#\/schema\/person\/79f414dc6904c7d2eef9d047c045f445\"},\"headline\":\"Reel Rock Italia, inizia la rassegna di film dedicati all&#8217;arrampicata\",\"datePublished\":\"2018-11-21T13:17:14+00:00\",\"dateModified\":\"2018-11-21T13:22:17+00:00\",\"mainEntityOfPage\":{\"@id\":\"https:\/\/www.sestogrado.it\/reel-rock-italia-la-rassegna-di-film-dedicati-allarrampicata\/\"},\"wordCount\":733,\"commentCount\":0,\"publisher\":{\"@id\":\"https:\/\/www.sestogrado.it\/en\/#organization\"},\"image\":{\"@id\":\"https:\/\/www.sestogrado.it\/reel-rock-italia-la-rassegna-di-film-dedicati-allarrampicata\/#primaryimage\"},\"thumbnailUrl\":\"https:\/\/www.sestogrado.it\/wp-content\/uploads\/2018\/11\/reel-rock.jpg\",\"articleSection\":[\"Libro di vetta\"],\"inLanguage\":\"it-IT\",\"potentialAction\":[{\"@type\":\"CommentAction\",\"name\":\"Comment\",\"target\":[\"https:\/\/www.sestogrado.it\/reel-rock-italia-la-rassegna-di-film-dedicati-allarrampicata\/#respond\"]}]},{\"@type\":\"WebPage\",\"@id\":\"https:\/\/www.sestogrado.it\/it\/reel-rock-italia-la-rassegna-di-film-dedicati-allarrampicata\/\",\"url\":\"https:\/\/www.sestogrado.it\/it\/reel-rock-italia-la-rassegna-di-film-dedicati-allarrampicata\/\",\"name\":\"Reel Rock Italia, inizia la rassegna di film dedicati all'arrampicata  - Sestogrado\",\"isPartOf\":{\"@id\":\"https:\/\/www.sestogrado.it\/it\/#website\"},\"primaryImageOfPage\":{\"@id\":\"https:\/\/www.sestogrado.it\/it\/reel-rock-italia-la-rassegna-di-film-dedicati-allarrampicata\/#primaryimage\"},\"image\":{\"@id\":\"https:\/\/www.sestogrado.it\/reel-rock-italia-la-rassegna-di-film-dedicati-allarrampicata\/#primaryimage\"},\"thumbnailUrl\":\"https:\/\/www.sestogrado.it\/wp-content\/uploads\/2018\/11\/reel-rock.jpg\",\"datePublished\":\"2018-11-21T13:17:14+00:00\",\"dateModified\":\"2018-11-21T13:22:17+00:00\",\"description\":\"le date ed i film di quest'anno. REEL ROCK TOUR\u00a0\u00e8 una rassegna cinematografica dedicata all\u2019arrampicata che comprende una serie di corto e medio metraggi realizzati da due case di produzione americane tra le pi\u00f9 importanti del settore outdoor: Senders Film e Big Up Production.\",\"breadcrumb\":{\"@id\":\"https:\/\/www.sestogrado.it\/it\/reel-rock-italia-la-rassegna-di-film-dedicati-allarrampicata\/#breadcrumb\"},\"inLanguage\":\"it-IT\",\"potentialAction\":[{\"@type\":\"ReadAction\",\"target\":[[\"https:\/\/www.sestogrado.it\/it\/reel-rock-italia-la-rassegna-di-film-dedicati-allarrampicata\/\"]]}]},{\"@type\":\"ImageObject\",\"inLanguage\":\"it-IT\",\"@id\":\"https:\/\/www.sestogrado.it\/it\/reel-rock-italia-la-rassegna-di-film-dedicati-allarrampicata\/#primaryimage\",\"url\":\"https:\/\/www.sestogrado.it\/wp-content\/uploads\/2018\/11\/reel-rock.jpg\",\"contentUrl\":\"https:\/\/www.sestogrado.it\/wp-content\/uploads\/2018\/11\/reel-rock.jpg\",\"width\":758,\"height\":505,\"caption\":\"reel rock\"},{\"@type\":\"BreadcrumbList\",\"@id\":\"https:\/\/www.sestogrado.it\/it\/reel-rock-italia-la-rassegna-di-film-dedicati-allarrampicata\/#breadcrumb\",\"itemListElement\":[{\"@type\":\"ListItem\",\"position\":1,\"name\":\"Home\",\"item\":\"https:\/\/www.sestogrado.it\/it\/\"},{\"@type\":\"ListItem\",\"position\":2,\"name\":\"Reel Rock Italia, inizia la rassegna di film dedicati all&#8217;arrampicata\"}]},{\"@type\":\"WebSite\",\"@id\":\"https:\/\/www.sestogrado.it\/it\/#website\",\"url\":\"https:\/\/www.sestogrado.it\/it\/\",\"name\":\"Sestogrado\",\"description\":\"yes we climb\",\"publisher\":{\"@id\":\"https:\/\/www.sestogrado.it\/it\/#organization\"},\"potentialAction\":[{\"@type\":\"SearchAction\",\"target\":{\"@type\":\"EntryPoint\",\"urlTemplate\":\"https:\/\/www.sestogrado.it\/it\/?s={search_term_string}\"},\"query-input\":{\"@type\":\"PropertyValueSpecification\",\"valueRequired\":true,\"valueName\":\"search_term_string\"}}],\"inLanguage\":\"it-IT\"},{\"@type\":\"Organization\",\"@id\":\"https:\/\/www.sestogrado.it\/it\/#organization\",\"name\":\"Sestogrado\",\"url\":\"https:\/\/www.sestogrado.it\/it\/\",\"logo\":{\"@type\":\"ImageObject\",\"inLanguage\":\"it-IT\",\"@id\":\"https:\/\/www.sestogrado.it\/it\/#\/schema\/logo\/image\/\",\"url\":\"https:\/\/www.sestogrado.it\/wp-content\/uploads\/2015\/03\/sestogrado-favicon.png\",\"contentUrl\":\"https:\/\/www.sestogrado.it\/wp-content\/uploads\/2015\/03\/sestogrado-favicon.png\",\"width\":260,\"height\":260,\"caption\":\"Sestogrado\"},\"image\":{\"@id\":\"https:\/\/www.sestogrado.it\/it\/#\/schema\/logo\/image\/\"},\"sameAs\":[\"https:\/\/www.facebook.com\/pages\/Sestogrado\/1542635979353017?ref=bookmarks\",\"https:\/\/www.youtube.com\/channel\/UC847kAfTkaJsWpc1jtQwr3Q\"],\"hasMerchantReturnPolicy\":{\"@type\":\"MerchantReturnPolicy\",\"merchantReturnLink\":\"https:\/\/www.sestogrado.it\/it\/termini-e-condizioni\/\"}},{\"@type\":\"Person\",\"@id\":\"https:\/\/www.sestogrado.it\/en\/#\/schema\/person\/79f414dc6904c7d2eef9d047c045f445\",\"name\":\"admin\"}]}<\/script>\n<!-- \/ Yoast SEO plugin. -->","yoast_head_json":{"title":"Reel Rock Italia, inizia la rassegna di film dedicati all'arrampicata  - Sestogrado","description":"le date ed i film di quest'anno. REEL ROCK TOUR\u00a0\u00e8 una rassegna cinematografica dedicata all\u2019arrampicata che comprende una serie di corto e medio metraggi realizzati da due case di produzione americane tra le pi\u00f9 importanti del settore outdoor: Senders Film e Big Up Production.","robots":{"index":"index","follow":"follow","max-snippet":"max-snippet:-1","max-image-preview":"max-image-preview:large","max-video-preview":"max-video-preview:-1"},"canonical":"https:\/\/www.sestogrado.it\/it\/reel-rock-italia-la-rassegna-di-film-dedicati-allarrampicata\/","og_locale":"it_IT","og_type":"article","og_title":"Reel Rock Italia, inizia la rassegna di film dedicati all'arrampicata  - Sestogrado","og_description":"le date ed i film di quest'anno. REEL ROCK TOUR\u00a0\u00e8 una rassegna cinematografica dedicata all\u2019arrampicata che comprende una serie di corto e medio metraggi realizzati da due case di produzione americane tra le pi\u00f9 importanti del settore outdoor: Senders Film e Big Up Production.","og_url":"https:\/\/www.sestogrado.it\/it\/reel-rock-italia-la-rassegna-di-film-dedicati-allarrampicata\/","og_site_name":"Sestogrado","article_publisher":"https:\/\/www.facebook.com\/pages\/Sestogrado\/1542635979353017?ref=bookmarks","article_published_time":"2018-11-21T13:17:14+00:00","article_modified_time":"2018-11-21T13:22:17+00:00","og_image":[{"width":758,"height":505,"url":"https:\/\/www.sestogrado.it\/wp-content\/uploads\/2018\/11\/reel-rock.jpg","type":"image\/jpeg"}],"author":"admin","twitter_misc":{"Scritto da":"admin","Tempo di lettura stimato":"4 minuti"},"schema":{"@context":"https:\/\/schema.org","@graph":[{"@type":"Article","@id":"https:\/\/www.sestogrado.it\/reel-rock-italia-la-rassegna-di-film-dedicati-allarrampicata\/#article","isPartOf":{"@id":"https:\/\/www.sestogrado.it\/reel-rock-italia-la-rassegna-di-film-dedicati-allarrampicata\/"},"author":{"name":"admin","@id":"https:\/\/www.sestogrado.it\/en\/#\/schema\/person\/79f414dc6904c7d2eef9d047c045f445"},"headline":"Reel Rock Italia, inizia la rassegna di film dedicati all&#8217;arrampicata","datePublished":"2018-11-21T13:17:14+00:00","dateModified":"2018-11-21T13:22:17+00:00","mainEntityOfPage":{"@id":"https:\/\/www.sestogrado.it\/reel-rock-italia-la-rassegna-di-film-dedicati-allarrampicata\/"},"wordCount":733,"commentCount":0,"publisher":{"@id":"https:\/\/www.sestogrado.it\/en\/#organization"},"image":{"@id":"https:\/\/www.sestogrado.it\/reel-rock-italia-la-rassegna-di-film-dedicati-allarrampicata\/#primaryimage"},"thumbnailUrl":"https:\/\/www.sestogrado.it\/wp-content\/uploads\/2018\/11\/reel-rock.jpg","articleSection":["Libro di vetta"],"inLanguage":"it-IT","potentialAction":[{"@type":"CommentAction","name":"Comment","target":["https:\/\/www.sestogrado.it\/reel-rock-italia-la-rassegna-di-film-dedicati-allarrampicata\/#respond"]}]},{"@type":"WebPage","@id":"https:\/\/www.sestogrado.it\/it\/reel-rock-italia-la-rassegna-di-film-dedicati-allarrampicata\/","url":"https:\/\/www.sestogrado.it\/it\/reel-rock-italia-la-rassegna-di-film-dedicati-allarrampicata\/","name":"Reel Rock Italia, inizia la rassegna di film dedicati all'arrampicata  - Sestogrado","isPartOf":{"@id":"https:\/\/www.sestogrado.it\/it\/#website"},"primaryImageOfPage":{"@id":"https:\/\/www.sestogrado.it\/it\/reel-rock-italia-la-rassegna-di-film-dedicati-allarrampicata\/#primaryimage"},"image":{"@id":"https:\/\/www.sestogrado.it\/reel-rock-italia-la-rassegna-di-film-dedicati-allarrampicata\/#primaryimage"},"thumbnailUrl":"https:\/\/www.sestogrado.it\/wp-content\/uploads\/2018\/11\/reel-rock.jpg","datePublished":"2018-11-21T13:17:14+00:00","dateModified":"2018-11-21T13:22:17+00:00","description":"le date ed i film di quest'anno. REEL ROCK TOUR\u00a0\u00e8 una rassegna cinematografica dedicata all\u2019arrampicata che comprende una serie di corto e medio metraggi realizzati da due case di produzione americane tra le pi\u00f9 importanti del settore outdoor: Senders Film e Big Up Production.","breadcrumb":{"@id":"https:\/\/www.sestogrado.it\/it\/reel-rock-italia-la-rassegna-di-film-dedicati-allarrampicata\/#breadcrumb"},"inLanguage":"it-IT","potentialAction":[{"@type":"ReadAction","target":[["https:\/\/www.sestogrado.it\/it\/reel-rock-italia-la-rassegna-di-film-dedicati-allarrampicata\/"]]}]},{"@type":"ImageObject","inLanguage":"it-IT","@id":"https:\/\/www.sestogrado.it\/it\/reel-rock-italia-la-rassegna-di-film-dedicati-allarrampicata\/#primaryimage","url":"https:\/\/www.sestogrado.it\/wp-content\/uploads\/2018\/11\/reel-rock.jpg","contentUrl":"https:\/\/www.sestogrado.it\/wp-content\/uploads\/2018\/11\/reel-rock.jpg","width":758,"height":505,"caption":"reel rock"},{"@type":"BreadcrumbList","@id":"https:\/\/www.sestogrado.it\/it\/reel-rock-italia-la-rassegna-di-film-dedicati-allarrampicata\/#breadcrumb","itemListElement":[{"@type":"ListItem","position":1,"name":"Home","item":"https:\/\/www.sestogrado.it\/it\/"},{"@type":"ListItem","position":2,"name":"Reel Rock Italia, inizia la rassegna di film dedicati all&#8217;arrampicata"}]},{"@type":"WebSite","@id":"https:\/\/www.sestogrado.it\/it\/#website","url":"https:\/\/www.sestogrado.it\/it\/","name":"Sestogrado","description":"yes we climb","publisher":{"@id":"https:\/\/www.sestogrado.it\/it\/#organization"},"potentialAction":[{"@type":"SearchAction","target":{"@type":"EntryPoint","urlTemplate":"https:\/\/www.sestogrado.it\/it\/?s={search_term_string}"},"query-input":{"@type":"PropertyValueSpecification","valueRequired":true,"valueName":"search_term_string"}}],"inLanguage":"it-IT"},{"@type":"Organization","@id":"https:\/\/www.sestogrado.it\/it\/#organization","name":"Sestogrado","url":"https:\/\/www.sestogrado.it\/it\/","logo":{"@type":"ImageObject","inLanguage":"it-IT","@id":"https:\/\/www.sestogrado.it\/it\/#\/schema\/logo\/image\/","url":"https:\/\/www.sestogrado.it\/wp-content\/uploads\/2015\/03\/sestogrado-favicon.png","contentUrl":"https:\/\/www.sestogrado.it\/wp-content\/uploads\/2015\/03\/sestogrado-favicon.png","width":260,"height":260,"caption":"Sestogrado"},"image":{"@id":"https:\/\/www.sestogrado.it\/it\/#\/schema\/logo\/image\/"},"sameAs":["https:\/\/www.facebook.com\/pages\/Sestogrado\/1542635979353017?ref=bookmarks","https:\/\/www.youtube.com\/channel\/UC847kAfTkaJsWpc1jtQwr3Q"],"hasMerchantReturnPolicy":{"@type":"MerchantReturnPolicy","merchantReturnLink":"https:\/\/www.sestogrado.it\/it\/termini-e-condizioni\/"}},{"@type":"Person","@id":"https:\/\/www.sestogrado.it\/en\/#\/schema\/person\/79f414dc6904c7d2eef9d047c045f445","name":"admin"}]}},"_links":{"self":[{"href":"https:\/\/www.sestogrado.it\/it\/wp-json\/wp\/v2\/posts\/18632","targetHints":{"allow":["GET"]}}],"collection":[{"href":"https:\/\/www.sestogrado.it\/it\/wp-json\/wp\/v2\/posts"}],"about":[{"href":"https:\/\/www.sestogrado.it\/it\/wp-json\/wp\/v2\/types\/post"}],"author":[{"embeddable":true,"href":"https:\/\/www.sestogrado.it\/it\/wp-json\/wp\/v2\/users\/1"}],"replies":[{"embeddable":true,"href":"https:\/\/www.sestogrado.it\/it\/wp-json\/wp\/v2\/comments?post=18632"}],"version-history":[{"count":0,"href":"https:\/\/www.sestogrado.it\/it\/wp-json\/wp\/v2\/posts\/18632\/revisions"}],"wp:featuredmedia":[{"embeddable":true,"href":"https:\/\/www.sestogrado.it\/it\/wp-json\/wp\/v2\/media\/18641"}],"wp:attachment":[{"href":"https:\/\/www.sestogrado.it\/it\/wp-json\/wp\/v2\/media?parent=18632"}],"wp:term":[{"taxonomy":"category","embeddable":true,"href":"https:\/\/www.sestogrado.it\/it\/wp-json\/wp\/v2\/categories?post=18632"},{"taxonomy":"post_tag","embeddable":true,"href":"https:\/\/www.sestogrado.it\/it\/wp-json\/wp\/v2\/tags?post=18632"}],"curies":[{"name":"wp","href":"https:\/\/api.w.org\/{rel}","templated":true}]}}