{"id":17638,"date":"2019-11-15T13:00:11","date_gmt":"2019-11-15T12:00:11","guid":{"rendered":"https:\/\/www.sestogrado.it\/?p=17638"},"modified":"2019-11-15T13:41:54","modified_gmt":"2019-11-15T12:41:54","slug":"chi-era-jeff-lowe","status":"publish","type":"post","link":"https:\/\/www.sestogrado.it\/it\/chi-era-jeff-lowe\/","title":{"rendered":"Chi era Jeff Lowe"},"content":{"rendered":"<p>Il 24 agosto 2018 \u00e8 mancato Jeff Lowe a causa di una malattia neurodegenerativa che lo aveva costretto sulla sedia a rotelle da met\u00e0 degli anni Novanta. Ed \u00e8 per questo che \u201cnon se ne sentiva parlare\u201d, a causa della inattivit\u00e0 forzata dalla malattia.<\/p>\n<p>Per chi non lo conoscesse o si stesse avvicinando allo studio dei grandi alpinisti, ecco perch\u00e8 dovrebbe conoscere Jeff Lowe:<\/p>\n<p>E\u2019 stato l\u2019inventore di nuove discipline sulla roccia e il ghiaccio, l\u2019inventore di nuovi attrezzi, il primo salitore di vie che sono state ripetute solo un quarto di secolo dopo, un visionario arrampicatore in grado di immaginare cose che altri climber della sua generazione neanche si sognavano e per questo \u00e8 tuttora idolatrato da diverse generazioni di appassionati.<\/p>\n<p><img decoding=\"async\" class=\"size-full wp-image-17640 alignnone\" src=\"https:\/\/www.sestogrado.it\/wp-content\/uploads\/2018\/09\/02.jpg\" alt=\"jeff lowe\" width=\"800\" height=\"292\" srcset=\"https:\/\/www.sestogrado.it\/wp-content\/uploads\/2018\/09\/02.jpg 800w, https:\/\/www.sestogrado.it\/wp-content\/uploads\/2018\/09\/02-750x274.jpg 750w, https:\/\/www.sestogrado.it\/wp-content\/uploads\/2018\/09\/02-300x110.jpg 300w, https:\/\/www.sestogrado.it\/wp-content\/uploads\/2018\/09\/02-768x280.jpg 768w, https:\/\/www.sestogrado.it\/wp-content\/uploads\/2018\/09\/02-635x232.jpg 635w, https:\/\/www.sestogrado.it\/wp-content\/uploads\/2018\/09\/02-160x58.jpg 160w\" sizes=\"(max-width: 800px) 100vw, 800px\" \/><\/p>\n<p>Inizia ad arrampicare in giovane et\u00e0 con il padre. La prima realizzazione risale al 1971 a ventun anni realizza Moonlight Buttress nello Zion National Park, salita con Mike Weis, una via che oggi \u00e8 tra le classicissime dell\u2019arrampicata nordamericana.<\/p>\n<p>Nel 1978 tenta un\u2019ascensione fallita. Con il cugino George Lowe, Jim Donini e Michael Kennedy tenta il Latok 1, che svetta sul ghiacciaio Biafo, in Pakistan, due chilometri e mezzo verticali. Nessuno ne aveva mai raggiunto prima la vetta e loro affrontano la difficilissima cresta nord. Sono costretti a rientrare a 150 metri dalla vetta ma nessuno, dal 1978, \u00e8 mai riuscito a concludere la loro salita.<\/p>\n<p>Negli anni Novanta lascia la moglie e la figlia, ancora piccola, e inizia la sua storia d\u2019amore con Catherine Destivelle, difficile e criticata. Reagisce affrontando nell\u2019inverno 1991, da solo, la terribile parete nord dell\u2019Eiger, su una via che lo porta al confine della vita, facendosi prestare l\u2019attrezzatura dalla stessa Destivelle e da Jon Krakauer.<\/p>\n<p>Affronta da solo, in inverno e per una linea diretta, mai tentata n\u00e9 pensata prima, la parete Nord dell\u2019Eiger. Un progetto a dir poco pazzesco, anche solo da concepire. A detta di molti alpinisti, e soprattutto dei suoi stessi amici, il suo \u00e8 un tentativo che rasenta il suicidio. Non solo perch\u00e9 la Nord dell\u2019Eiger \u00e8 una delle pareti pi\u00f9 pericolose e difficili del mondo e per la difficolt\u00e0 del progetto ma soprattutto perch\u00e9 Jeff sembra affrontarlo da \u201ckamikaze\u201d. O meglio come una vera fuga da una vita, la sua, che sta precipitando. Il suo matrimonio \u00e8 fallito. E\u2019 attanagliato dai rimorsi per aver trascurato sua figlia, che all\u2019epoca aveva due anni. La sua azienda di materiale per l\u2019alpinismo (Lowe Alpine, una delle aziende pi\u00f9 innovative di quei decenni) \u00e8 fallita e lui \u00e8 letteralmente inseguito dai creditori. Insomma, a 41 anni, la sua passione totalizzante per l\u2019avventura e l\u2019alpinismo, che da sempre l\u2019ha visto vagabondare per le montagne del Nord America e del mondo, sembra aver mandato fuori controllo ogni equilibrio. Cos\u00ec Jeff si aggrappa all\u2019alpinismo, cercando una risposta alle sue difficolt\u00e0.<\/p>\n<p><img decoding=\"async\" class=\"size-full wp-image-17641 alignnone\" src=\"https:\/\/www.sestogrado.it\/wp-content\/uploads\/2018\/09\/03.jpg\" alt=\"jeff lowe\" width=\"1080\" height=\"703\" srcset=\"https:\/\/www.sestogrado.it\/wp-content\/uploads\/2018\/09\/03.jpg 1080w, https:\/\/www.sestogrado.it\/wp-content\/uploads\/2018\/09\/03-750x488.jpg 750w, https:\/\/www.sestogrado.it\/wp-content\/uploads\/2018\/09\/03-300x195.jpg 300w, https:\/\/www.sestogrado.it\/wp-content\/uploads\/2018\/09\/03-768x500.jpg 768w, https:\/\/www.sestogrado.it\/wp-content\/uploads\/2018\/09\/03-1024x667.jpg 1024w, https:\/\/www.sestogrado.it\/wp-content\/uploads\/2018\/09\/03-635x413.jpg 635w, https:\/\/www.sestogrado.it\/wp-content\/uploads\/2018\/09\/03-98x64.jpg 98w\" sizes=\"(max-width: 1080px) 100vw, 1080px\" \/><\/p>\n<p>&#8220;Metanoia&#8221;, il pluripremiato film di Jim Aikman, racconta proprio di questo viaggio di Jeff verso una qualche risposta, se non proprio una vera e propria soluzione sul senso della vita:<\/p>\n<p><iframe src=\"\/\/www.youtube.com\/embed\/f6k2nULIPQQ?feature=emb_logo\" width=\"560\" height=\"314\" allowfullscreen=\"allowfullscreen\"><\/iframe><\/p>\n<p>Il film affronta il viaggio dell\u2019uomo Lowe, nella sua vita come persona ed alpinista e documenta l\u2019ascensione dell\u2019Eiger che, durata nove giorni, si \u00e8 conclusa con un salvataggio in vetta.<\/p>\n<p>A parte l\u2019aspetto alpinistico, i nove giorni sull\u2019 \u201cOrco\u201d, documentano il travaglio interiore dell\u2019uomo. Quando Jeff in piena notte e solo in mezzo alla tormenta, guarda una foto stropicciata della figlia, capisce infine quale sia la risposta ai suoi dubbi: la soluzione non \u00e8 abbandonare l\u2019alpinismo per essere un buon padre, ma \u00e8 trovare l\u2019equilibrio che consente di riconoscere le priorit\u00e0.<\/p>\n<p>Tutto questo mentre deve ancora salvarsi: in un ultimo slancio arriva a 20 metri dall\u2019uscita della via, ma \u00e8 senza materiale ed ha lasciato lo zaino 50 metri pi\u00f9 in basso, cos\u00ec si slega e raggiunge la cresta dove sar\u00e0 recuperato in elicottero.<\/p>\n<p>Jeff chiamer\u00e0 la sua via sull\u2019Eiger \u201cMetanoia\u201d, una via ancora non ripetuta.<\/p>\n<p>Un film da vedere, un alpinista da non dimenticare, ciao Jeff.<\/p>","protected":false},"excerpt":{"rendered":"<p>Se n\u2019\u00e8 andato a 67 anni uno dei maggiori alpinisti di tutti i tempi<\/p>\n","protected":false},"author":1,"featured_media":17639,"comment_status":"open","ping_status":"open","sticky":false,"template":"","format":"standard","meta":{"_acf_changed":false,"footnotes":""},"categories":[79],"tags":[],"class_list":["post-17638","post","type-post","status-publish","format-standard","has-post-thumbnail","hentry","category-libro-di-vetta"],"acf":[],"yoast_head":"<!-- This site is optimized with the Yoast SEO plugin v26.4 - https:\/\/yoast.com\/wordpress\/plugins\/seo\/ -->\n<title>Chi era Jeff Lowe - Sestogrado<\/title>\n<meta name=\"description\" content=\"Se n\u2019\u00e8 andato a 67 anni uno dei maggiori alpinisti di tutti i tempi. Per chi non lo conoscesse o si stesse avvicinando allo studio dei grandi alpinisti, ecco perch\u00e8 dovrebbe conoscere Jeff Lowe.\" \/>\n<meta name=\"robots\" content=\"index, follow, max-snippet:-1, max-image-preview:large, max-video-preview:-1\" \/>\n<link rel=\"canonical\" href=\"https:\/\/www.sestogrado.it\/it\/chi-era-jeff-lowe\/\" \/>\n<meta property=\"og:locale\" content=\"it_IT\" \/>\n<meta property=\"og:type\" content=\"article\" \/>\n<meta property=\"og:title\" content=\"Chi era Jeff Lowe - Sestogrado\" \/>\n<meta property=\"og:description\" content=\"Se n\u2019\u00e8 andato a 67 anni uno dei maggiori alpinisti di tutti i tempi. Per chi non lo conoscesse o si stesse avvicinando allo studio dei grandi alpinisti, ecco perch\u00e8 dovrebbe conoscere Jeff Lowe.\" \/>\n<meta property=\"og:url\" content=\"https:\/\/www.sestogrado.it\/it\/chi-era-jeff-lowe\/\" \/>\n<meta property=\"og:site_name\" content=\"Sestogrado\" \/>\n<meta property=\"article:publisher\" content=\"https:\/\/www.facebook.com\/pages\/Sestogrado\/1542635979353017?ref=bookmarks\" \/>\n<meta property=\"article:published_time\" content=\"2019-11-15T12:00:11+00:00\" \/>\n<meta property=\"article:modified_time\" content=\"2019-11-15T12:41:54+00:00\" \/>\n<meta property=\"og:image\" content=\"https:\/\/www.sestogrado.it\/wp-content\/uploads\/2018\/09\/01.jpg\" \/>\n\t<meta property=\"og:image:width\" content=\"946\" \/>\n\t<meta property=\"og:image:height\" content=\"631\" \/>\n\t<meta property=\"og:image:type\" content=\"image\/jpeg\" \/>\n<meta name=\"author\" content=\"admin\" \/>\n<meta name=\"twitter:label1\" content=\"Scritto da\" \/>\n\t<meta name=\"twitter:data1\" content=\"admin\" \/>\n\t<meta name=\"twitter:label2\" content=\"Tempo di lettura stimato\" \/>\n\t<meta name=\"twitter:data2\" content=\"3 minuti\" \/>\n<script type=\"application\/ld+json\" class=\"yoast-schema-graph\">{\"@context\":\"https:\/\/schema.org\",\"@graph\":[{\"@type\":\"Article\",\"@id\":\"https:\/\/www.sestogrado.it\/chi-era-jeff-lowe\/#article\",\"isPartOf\":{\"@id\":\"https:\/\/www.sestogrado.it\/chi-era-jeff-lowe\/\"},\"author\":{\"name\":\"admin\",\"@id\":\"https:\/\/www.sestogrado.it\/en\/#\/schema\/person\/79f414dc6904c7d2eef9d047c045f445\"},\"headline\":\"Chi era Jeff Lowe\",\"datePublished\":\"2019-11-15T12:00:11+00:00\",\"dateModified\":\"2019-11-15T12:41:54+00:00\",\"mainEntityOfPage\":{\"@id\":\"https:\/\/www.sestogrado.it\/chi-era-jeff-lowe\/\"},\"wordCount\":658,\"commentCount\":0,\"publisher\":{\"@id\":\"https:\/\/www.sestogrado.it\/en\/#organization\"},\"image\":{\"@id\":\"https:\/\/www.sestogrado.it\/chi-era-jeff-lowe\/#primaryimage\"},\"thumbnailUrl\":\"https:\/\/www.sestogrado.it\/wp-content\/uploads\/2018\/09\/01.jpg\",\"articleSection\":[\"Libro di vetta\"],\"inLanguage\":\"it-IT\",\"potentialAction\":[{\"@type\":\"CommentAction\",\"name\":\"Comment\",\"target\":[\"https:\/\/www.sestogrado.it\/chi-era-jeff-lowe\/#respond\"]}]},{\"@type\":\"WebPage\",\"@id\":\"https:\/\/www.sestogrado.it\/it\/chi-era-jeff-lowe\/\",\"url\":\"https:\/\/www.sestogrado.it\/it\/chi-era-jeff-lowe\/\",\"name\":\"Chi era Jeff Lowe - Sestogrado\",\"isPartOf\":{\"@id\":\"https:\/\/www.sestogrado.it\/it\/#website\"},\"primaryImageOfPage\":{\"@id\":\"https:\/\/www.sestogrado.it\/it\/chi-era-jeff-lowe\/#primaryimage\"},\"image\":{\"@id\":\"https:\/\/www.sestogrado.it\/chi-era-jeff-lowe\/#primaryimage\"},\"thumbnailUrl\":\"https:\/\/www.sestogrado.it\/wp-content\/uploads\/2018\/09\/01.jpg\",\"datePublished\":\"2019-11-15T12:00:11+00:00\",\"dateModified\":\"2019-11-15T12:41:54+00:00\",\"description\":\"Se n\u2019\u00e8 andato a 67 anni uno dei maggiori alpinisti di tutti i tempi. Per chi non lo conoscesse o si stesse avvicinando allo studio dei grandi alpinisti, ecco perch\u00e8 dovrebbe conoscere Jeff Lowe.\",\"breadcrumb\":{\"@id\":\"https:\/\/www.sestogrado.it\/it\/chi-era-jeff-lowe\/#breadcrumb\"},\"inLanguage\":\"it-IT\",\"potentialAction\":[{\"@type\":\"ReadAction\",\"target\":[[\"https:\/\/www.sestogrado.it\/it\/chi-era-jeff-lowe\/\"]]}]},{\"@type\":\"ImageObject\",\"inLanguage\":\"it-IT\",\"@id\":\"https:\/\/www.sestogrado.it\/it\/chi-era-jeff-lowe\/#primaryimage\",\"url\":\"https:\/\/www.sestogrado.it\/wp-content\/uploads\/2018\/09\/01.jpg\",\"contentUrl\":\"https:\/\/www.sestogrado.it\/wp-content\/uploads\/2018\/09\/01.jpg\",\"width\":946,\"height\":631,\"caption\":\"jeff lowe\"},{\"@type\":\"BreadcrumbList\",\"@id\":\"https:\/\/www.sestogrado.it\/it\/chi-era-jeff-lowe\/#breadcrumb\",\"itemListElement\":[{\"@type\":\"ListItem\",\"position\":1,\"name\":\"Home\",\"item\":\"https:\/\/www.sestogrado.it\/it\/\"},{\"@type\":\"ListItem\",\"position\":2,\"name\":\"Chi era Jeff Lowe\"}]},{\"@type\":\"WebSite\",\"@id\":\"https:\/\/www.sestogrado.it\/it\/#website\",\"url\":\"https:\/\/www.sestogrado.it\/it\/\",\"name\":\"Sestogrado\",\"description\":\"yes we climb\",\"publisher\":{\"@id\":\"https:\/\/www.sestogrado.it\/it\/#organization\"},\"potentialAction\":[{\"@type\":\"SearchAction\",\"target\":{\"@type\":\"EntryPoint\",\"urlTemplate\":\"https:\/\/www.sestogrado.it\/it\/?s={search_term_string}\"},\"query-input\":{\"@type\":\"PropertyValueSpecification\",\"valueRequired\":true,\"valueName\":\"search_term_string\"}}],\"inLanguage\":\"it-IT\"},{\"@type\":\"Organization\",\"@id\":\"https:\/\/www.sestogrado.it\/it\/#organization\",\"name\":\"Sestogrado\",\"url\":\"https:\/\/www.sestogrado.it\/it\/\",\"logo\":{\"@type\":\"ImageObject\",\"inLanguage\":\"it-IT\",\"@id\":\"https:\/\/www.sestogrado.it\/it\/#\/schema\/logo\/image\/\",\"url\":\"https:\/\/www.sestogrado.it\/wp-content\/uploads\/2015\/03\/sestogrado-favicon.png\",\"contentUrl\":\"https:\/\/www.sestogrado.it\/wp-content\/uploads\/2015\/03\/sestogrado-favicon.png\",\"width\":260,\"height\":260,\"caption\":\"Sestogrado\"},\"image\":{\"@id\":\"https:\/\/www.sestogrado.it\/it\/#\/schema\/logo\/image\/\"},\"sameAs\":[\"https:\/\/www.facebook.com\/pages\/Sestogrado\/1542635979353017?ref=bookmarks\",\"https:\/\/www.youtube.com\/channel\/UC847kAfTkaJsWpc1jtQwr3Q\"],\"hasMerchantReturnPolicy\":{\"@type\":\"MerchantReturnPolicy\",\"merchantReturnLink\":\"https:\/\/www.sestogrado.it\/it\/termini-e-condizioni\/\"}},{\"@type\":\"Person\",\"@id\":\"https:\/\/www.sestogrado.it\/en\/#\/schema\/person\/79f414dc6904c7d2eef9d047c045f445\",\"name\":\"admin\"}]}<\/script>\n<!-- \/ Yoast SEO plugin. -->","yoast_head_json":{"title":"Chi era Jeff Lowe - Sestogrado","description":"Se n\u2019\u00e8 andato a 67 anni uno dei maggiori alpinisti di tutti i tempi. Per chi non lo conoscesse o si stesse avvicinando allo studio dei grandi alpinisti, ecco perch\u00e8 dovrebbe conoscere Jeff Lowe.","robots":{"index":"index","follow":"follow","max-snippet":"max-snippet:-1","max-image-preview":"max-image-preview:large","max-video-preview":"max-video-preview:-1"},"canonical":"https:\/\/www.sestogrado.it\/it\/chi-era-jeff-lowe\/","og_locale":"it_IT","og_type":"article","og_title":"Chi era Jeff Lowe - Sestogrado","og_description":"Se n\u2019\u00e8 andato a 67 anni uno dei maggiori alpinisti di tutti i tempi. Per chi non lo conoscesse o si stesse avvicinando allo studio dei grandi alpinisti, ecco perch\u00e8 dovrebbe conoscere Jeff Lowe.","og_url":"https:\/\/www.sestogrado.it\/it\/chi-era-jeff-lowe\/","og_site_name":"Sestogrado","article_publisher":"https:\/\/www.facebook.com\/pages\/Sestogrado\/1542635979353017?ref=bookmarks","article_published_time":"2019-11-15T12:00:11+00:00","article_modified_time":"2019-11-15T12:41:54+00:00","og_image":[{"width":946,"height":631,"url":"https:\/\/www.sestogrado.it\/wp-content\/uploads\/2018\/09\/01.jpg","type":"image\/jpeg"}],"author":"admin","twitter_misc":{"Scritto da":"admin","Tempo di lettura stimato":"3 minuti"},"schema":{"@context":"https:\/\/schema.org","@graph":[{"@type":"Article","@id":"https:\/\/www.sestogrado.it\/chi-era-jeff-lowe\/#article","isPartOf":{"@id":"https:\/\/www.sestogrado.it\/chi-era-jeff-lowe\/"},"author":{"name":"admin","@id":"https:\/\/www.sestogrado.it\/en\/#\/schema\/person\/79f414dc6904c7d2eef9d047c045f445"},"headline":"Chi era Jeff Lowe","datePublished":"2019-11-15T12:00:11+00:00","dateModified":"2019-11-15T12:41:54+00:00","mainEntityOfPage":{"@id":"https:\/\/www.sestogrado.it\/chi-era-jeff-lowe\/"},"wordCount":658,"commentCount":0,"publisher":{"@id":"https:\/\/www.sestogrado.it\/en\/#organization"},"image":{"@id":"https:\/\/www.sestogrado.it\/chi-era-jeff-lowe\/#primaryimage"},"thumbnailUrl":"https:\/\/www.sestogrado.it\/wp-content\/uploads\/2018\/09\/01.jpg","articleSection":["Libro di vetta"],"inLanguage":"it-IT","potentialAction":[{"@type":"CommentAction","name":"Comment","target":["https:\/\/www.sestogrado.it\/chi-era-jeff-lowe\/#respond"]}]},{"@type":"WebPage","@id":"https:\/\/www.sestogrado.it\/it\/chi-era-jeff-lowe\/","url":"https:\/\/www.sestogrado.it\/it\/chi-era-jeff-lowe\/","name":"Chi era Jeff Lowe - Sestogrado","isPartOf":{"@id":"https:\/\/www.sestogrado.it\/it\/#website"},"primaryImageOfPage":{"@id":"https:\/\/www.sestogrado.it\/it\/chi-era-jeff-lowe\/#primaryimage"},"image":{"@id":"https:\/\/www.sestogrado.it\/chi-era-jeff-lowe\/#primaryimage"},"thumbnailUrl":"https:\/\/www.sestogrado.it\/wp-content\/uploads\/2018\/09\/01.jpg","datePublished":"2019-11-15T12:00:11+00:00","dateModified":"2019-11-15T12:41:54+00:00","description":"Se n\u2019\u00e8 andato a 67 anni uno dei maggiori alpinisti di tutti i tempi. Per chi non lo conoscesse o si stesse avvicinando allo studio dei grandi alpinisti, ecco perch\u00e8 dovrebbe conoscere Jeff Lowe.","breadcrumb":{"@id":"https:\/\/www.sestogrado.it\/it\/chi-era-jeff-lowe\/#breadcrumb"},"inLanguage":"it-IT","potentialAction":[{"@type":"ReadAction","target":[["https:\/\/www.sestogrado.it\/it\/chi-era-jeff-lowe\/"]]}]},{"@type":"ImageObject","inLanguage":"it-IT","@id":"https:\/\/www.sestogrado.it\/it\/chi-era-jeff-lowe\/#primaryimage","url":"https:\/\/www.sestogrado.it\/wp-content\/uploads\/2018\/09\/01.jpg","contentUrl":"https:\/\/www.sestogrado.it\/wp-content\/uploads\/2018\/09\/01.jpg","width":946,"height":631,"caption":"jeff lowe"},{"@type":"BreadcrumbList","@id":"https:\/\/www.sestogrado.it\/it\/chi-era-jeff-lowe\/#breadcrumb","itemListElement":[{"@type":"ListItem","position":1,"name":"Home","item":"https:\/\/www.sestogrado.it\/it\/"},{"@type":"ListItem","position":2,"name":"Chi era Jeff Lowe"}]},{"@type":"WebSite","@id":"https:\/\/www.sestogrado.it\/it\/#website","url":"https:\/\/www.sestogrado.it\/it\/","name":"Sestogrado","description":"yes we climb","publisher":{"@id":"https:\/\/www.sestogrado.it\/it\/#organization"},"potentialAction":[{"@type":"SearchAction","target":{"@type":"EntryPoint","urlTemplate":"https:\/\/www.sestogrado.it\/it\/?s={search_term_string}"},"query-input":{"@type":"PropertyValueSpecification","valueRequired":true,"valueName":"search_term_string"}}],"inLanguage":"it-IT"},{"@type":"Organization","@id":"https:\/\/www.sestogrado.it\/it\/#organization","name":"Sestogrado","url":"https:\/\/www.sestogrado.it\/it\/","logo":{"@type":"ImageObject","inLanguage":"it-IT","@id":"https:\/\/www.sestogrado.it\/it\/#\/schema\/logo\/image\/","url":"https:\/\/www.sestogrado.it\/wp-content\/uploads\/2015\/03\/sestogrado-favicon.png","contentUrl":"https:\/\/www.sestogrado.it\/wp-content\/uploads\/2015\/03\/sestogrado-favicon.png","width":260,"height":260,"caption":"Sestogrado"},"image":{"@id":"https:\/\/www.sestogrado.it\/it\/#\/schema\/logo\/image\/"},"sameAs":["https:\/\/www.facebook.com\/pages\/Sestogrado\/1542635979353017?ref=bookmarks","https:\/\/www.youtube.com\/channel\/UC847kAfTkaJsWpc1jtQwr3Q"],"hasMerchantReturnPolicy":{"@type":"MerchantReturnPolicy","merchantReturnLink":"https:\/\/www.sestogrado.it\/it\/termini-e-condizioni\/"}},{"@type":"Person","@id":"https:\/\/www.sestogrado.it\/en\/#\/schema\/person\/79f414dc6904c7d2eef9d047c045f445","name":"admin"}]}},"_links":{"self":[{"href":"https:\/\/www.sestogrado.it\/it\/wp-json\/wp\/v2\/posts\/17638","targetHints":{"allow":["GET"]}}],"collection":[{"href":"https:\/\/www.sestogrado.it\/it\/wp-json\/wp\/v2\/posts"}],"about":[{"href":"https:\/\/www.sestogrado.it\/it\/wp-json\/wp\/v2\/types\/post"}],"author":[{"embeddable":true,"href":"https:\/\/www.sestogrado.it\/it\/wp-json\/wp\/v2\/users\/1"}],"replies":[{"embeddable":true,"href":"https:\/\/www.sestogrado.it\/it\/wp-json\/wp\/v2\/comments?post=17638"}],"version-history":[{"count":0,"href":"https:\/\/www.sestogrado.it\/it\/wp-json\/wp\/v2\/posts\/17638\/revisions"}],"wp:featuredmedia":[{"embeddable":true,"href":"https:\/\/www.sestogrado.it\/it\/wp-json\/wp\/v2\/media\/17639"}],"wp:attachment":[{"href":"https:\/\/www.sestogrado.it\/it\/wp-json\/wp\/v2\/media?parent=17638"}],"wp:term":[{"taxonomy":"category","embeddable":true,"href":"https:\/\/www.sestogrado.it\/it\/wp-json\/wp\/v2\/categories?post=17638"},{"taxonomy":"post_tag","embeddable":true,"href":"https:\/\/www.sestogrado.it\/it\/wp-json\/wp\/v2\/tags?post=17638"}],"curies":[{"name":"wp","href":"https:\/\/api.w.org\/{rel}","templated":true}]}}