{"id":1607,"date":"2023-02-22T14:00:36","date_gmt":"2023-02-22T13:00:36","guid":{"rendered":"http:\/\/www.sestogrado.it\/?p=1607"},"modified":"2023-02-22T14:52:27","modified_gmt":"2023-02-22T13:52:27","slug":"la-responsabilita-civile-nellarrampicata","status":"publish","type":"post","link":"https:\/\/www.sestogrado.it\/it\/la-responsabilita-civile-nellarrampicata\/","title":{"rendered":"La responsabilit\u00e0 civile nell\u2019arrampicata"},"content":{"rendered":"<p>E\u2019 un argomento spinoso che pu\u00f2 sembrare incredibile a chi, come \u00e8 giusto che sia, vive il rapporto con i compagni di cordata in reciproco spirito mutualistico, condividendo le gioie che l&#8217;arrampicata sa dare ed assumendosi consapevolmente i rischi derivanti dall\u2019attivit\u00e0 alpinistica.<\/p>\n<p>Ma \u00e8 un dato di fatto: ogni anno per le conseguenze derivanti da un incidente ci sono climber (o familiari di climber infortunatisi seriamente) che si rivolgono ad un aula di tribunale ritenendo, a torto o a ragione, di aver subito un danno causato da comportamento altrui e di aver diritto ad un risarcimento.<\/p>\n<p>Essendo questo un argomento non banale, con varie sfaccettature ed interpretazioni, poco studiato dalla dottrina giuridica, cercheremo di farne una sintesi essenziale.<\/p>\n<p>Di cosa <strong>NON<\/strong> ci occupiamo oggi:<\/p>\n<p>&#8211; incidenti che possono occorrere in attivit\u00e0 svolta con guide o in scuola alpinismo<\/p>\n<p>&#8211; incidenti che possono occorrere nel corso di uscite CAI<\/p>\n<p>&#8211; conseguenze legate ad aspetti di carattere penale<\/p>\n<p><strong>Di cosa ci occupiamo oggi:<\/strong><\/p>\n<p>&#8211; incidenti che possono verificarsi in uscite tra compagni, amici o comunque persone non legate da interessi professionali \/ associazionistici<\/p>\n<p>&#8211; responsabilit\u00e0 civile, risarcimento del danno<\/p>\n<p>&nbsp;<\/p>\n<p><img decoding=\"async\" class=\"img-fluid alignnone wp-image-125531 \" src=\"https:\/\/www.sestogrado.it\/wp-content\/uploads\/2021\/10\/previewbt3SvJ1Lld2Vx_800x800.jpg\" alt=\"cordata\" width=\"712\" height=\"477\" srcset=\"https:\/\/www.sestogrado.it\/wp-content\/uploads\/2021\/10\/previewbt3SvJ1Lld2Vx_800x800.jpg 800w, https:\/\/www.sestogrado.it\/wp-content\/uploads\/2021\/10\/previewbt3SvJ1Lld2Vx_800x800-750x503.jpg 750w, https:\/\/www.sestogrado.it\/wp-content\/uploads\/2021\/10\/previewbt3SvJ1Lld2Vx_800x800-300x200.jpg 300w, https:\/\/www.sestogrado.it\/wp-content\/uploads\/2021\/10\/previewbt3SvJ1Lld2Vx_800x800-768x515.jpg 768w, https:\/\/www.sestogrado.it\/wp-content\/uploads\/2021\/10\/previewbt3SvJ1Lld2Vx_800x800-635x425.jpg 635w, https:\/\/www.sestogrado.it\/wp-content\/uploads\/2021\/10\/previewbt3SvJ1Lld2Vx_800x800-119x80.jpg 119w, https:\/\/www.sestogrado.it\/wp-content\/uploads\/2021\/10\/previewbt3SvJ1Lld2Vx_800x800-90x60.jpg 90w, https:\/\/www.sestogrado.it\/wp-content\/uploads\/2021\/10\/previewbt3SvJ1Lld2Vx_800x800-134x90.jpg 134w\" sizes=\"(max-width: 712px) 100vw, 712px\" \/><\/p>\n<p>Questo tipo di uscite vengono definite dalla giurisprudenza come \u201cAccompagnamento per amicizia o per cortesia\u201d (proprio perch\u00e9 prive di qualsiasi aspetto di remunerazione che altrimenti le farebbe appartenere ad un rapporto professionale, disciplinato diversamente) e nel caso si dovessero verificare degli infortuni o incidenti si possono distinguere due situazioni piuttosto diverse tra loro e con interpretazioni giuridiche differenti:<\/p>\n<p>1) <strong>caso in cui vi \u00e8 affidamento tra accompagnatore ed accompagnato<\/strong><\/p>\n<p>2) <strong>caso in cui NON\u00a0vi \u00e8 affidamento tra accompagnatore ed accompagnato<\/strong><\/p>\n<p>&nbsp;<\/p>\n<p>1)<strong> il caso dell\u2019affidamento<\/strong> si verifica quando c\u2019\u00e8 un accompagnatore che possiede, rispetto all\u2019accompagnato, maggiori competenze, esperienza, capacit\u00e0 nel condurre l\u2019uscita, tali che l\u2019accompagnato vi fa totale affidamento per il compimento e gestione dell\u2019uscita stessa. In questo contesto l\u2019accompagnato si affida all\u2019accompagnatore seguendone le direttive, legando cos\u00ec l\u2019accompagnatore ad un \u201cdovere di protezione\u201d nei confronti dell\u2019accompagnato.<\/p>\n<p>Esempio: capocordata che ha esperienza, rilevabile da precedenti corsi svolti con CAI, guide alpine, testimonianze che provano che arrampica da anni, etc. porta ad arrampicare amico alle prime armi.<\/p>\n<p>In questo situazione, nel verificarsi di eventuale incidente\/infortunio, la giurisprudenza impone all\u2019accompagnatore un onere superiore in termini di responsabilit\u00e0.<\/p>\n<p>2) <strong>non vi \u00e8 affidamento<\/strong> quando i membri della cordata\/uscita hanno pi\u00f9 o meno pari capacit\u00e0 e si affidano l\u2019uno all\u2019altro per la gestione dell\u2019uscita. In questo caso la giurisprudenza tende a \u201cspalmare\u201d gli oneri di responsabilit\u00e0 in maniera pi\u00f9 proporzionata su entrambi.<\/p>\n<p>Approfondiamo la responsabilit\u00e0 in caso di affidamento tra accompagnatore ed accompagnato: in caso di incidente \u00e8 onere dell\u2019accompagnato danneggiato provare l\u2019esistenza di tale rapporto di affidamento (deve dimostrare che lui non era capace, era inesperto, alle prime armi e che invece il compagno aveva l\u2019esperienza e le capacit\u00e0 per guidarlo).<\/p>\n<p>La valutazione della colpa dell\u2019accompagnatore \u00e8 legata al tipo ed al grado di affidamento, ossia dal divario che esiste tra i due soggetti in termini di capacit\u00e0. Tanto pi\u00f9 alto \u00e8 il divario tanto minore \u00e8 la responsabilit\u00e0 dell\u2019accompagnato danneggiato in caso di incidente.<\/p>\n<p>Un incidente in simile contesto vede valutare con rigore le colpe dell\u2019accompagnatore il quale \u00e8 responsabile di varie potenziali situazioni causa dell\u2019incidente: imprudenza, imperizia, negligenza nell\u2019aver valutato le difficolt\u00e0 tecniche dell\u2019itinerario, le capacit\u00e0 dell\u2019accompagnato, lo stato del terreno e delle condizioni climatiche, etc.<\/p>\n<p><strong>In parole povere quand\u2019\u00e8 che un accompagnatore esperto \u00e8 chiamato a risarcire i danni per un infortunio subito da un accompagnato inesperto?<\/strong><\/p>\n<p>Quando in primis l\u2019incidente \u00e8 dovuto a comportamento negligente dell\u2019accompagnatore.<\/p>\n<p>Ma anche quando l\u2019incidente \u00e8 dovuto a un comportamento dell\u2019accompagnato frutto di sua imperizia, o di sua imprudenza derivante dal fatto di non avere un\u2019esperienza adeguata alla gita in corso. L\u2019idoneit\u00e0 dell\u2019accompagnato alla gita dev\u2019essere preventivamente valutata dall\u2019accompagnatore, che ne assume perci\u00f2 la responsabilit\u00e0.<\/p>\n<p>Quand\u2019\u00e8 che un accompagnatore esperto <strong>NON<\/strong> \u00e8 chiamato a risarcire i danni per infortunio subito da accompagnato inesperto?<\/p>\n<p>Quando l\u2019accompagnato compie atto di macroscopica imprudenza frutto di inosservanza a ordini dell\u2019accompagnatore: per es. compie una manovra cos\u00ec evidentemente e notoriamente rischiosa che non \u00e8 ragionevole pretendere che fosse stata fatta oggetto di un divieto espresso dell\u2019accompagnatore, come per esempio lo smontare la sicurezza di una sosta senza il previo consenso dell\u2019accompagnatore, che sale in cordata per primo.<\/p>\n<p>Il caso del rapporto tra membri di cordata, mancante dell\u2019elemento dell\u2019affidamento, viene valutato in maniera diversa.<\/p>\n<p>Questo tipo di rapporto \u00e8 cos\u00ec definito: non \u00e8 accompagnatore ai fini dell\u2019attribuzione della responsabilit\u00e0 corrispondente il semplice compagno di cordata o di gita, qui l\u2019affidamento consiste soltanto nell\u2019ordinario aiuto reciproco, che permette di diminuire consistentemente i pericoli, proprio solo per il fatto di essere in compagnia invece che da soli, tanto pi\u00f9 se legati in cordata. In ogni caso non si ha un rapporto di accompagnamento se la differenza fra le capacit\u00e0 dei due o pi\u00f9 compagni di gita \u00e8 scarsa e la capacit\u00e0 complessiva del pi\u00f9 debole \u00e8 comunque ben sufficiente per affrontare le difficolt\u00e0 e i pericoli della gita in condizioni di ragionevole sicurezza.<\/p>\n<p>&nbsp;<\/p>\n<p><strong>Copertura assicurativa RC<\/strong><\/p>\n<p>Esistono coperture assicurative per responsabilit\u00e0 civile per danni a terzi. Per chi pratica sci in pista sono gi\u00e0 due anni che \u00e8 obbligatorio possederne una. Per chi si iscrive alla FISI viene fornita l&#8217;assicurazione danni a terzi (solo in pista da sci). Anche il CAI fornisce una assicurazione aggiuntiva annuale per danni a terzi che dovessero avvenire nel corso di qualsiasi attivit\u00e0 outdoor. Anche una semplice assicurazione capofamiglia, che di solito costa non pi\u00f9 di qualche decina di euro all&#8217;anno, fornisce riparo contro i danni che potrebbero essere causati ad altri. Per il costo non elevato che hanno, potrebbe valerne la pena sottoscrivere una di queste assicurazioni all&#8217;anno.<\/p>\n<p>&nbsp;<\/p>\n<p><strong>Conclusioni<\/strong><\/p>\n<p>L\u2019arrampicata \u00e8 uno sport pericoloso ed il fatto stesso di svolgerla coscientemente e volontariamente implica l\u2019accettazione da parte di chi la compie di un qualche grado di rischio. D\u2019altra parte la suddetta accettazione del rischio non permette di per s\u00e9 di escludere ogni responsabilit\u00e0 dell\u2019arrampicatore.<\/p>\n<p>Il grado di consapevolezza e quindi accettazione del rischio varia a seconda dell\u2019esperienza e delle capacit\u00e0 tecniche. In caso di incidente\/infortunio che si verifichi in cordata nel quale uno dei soggetti sia chiamato a risarcire i danni, la giurisprudenza valuter\u00e0 in maniera differente casi di non affidamento a casi di affidamento. Nei primi sar\u00e0 pi\u00f9 raro e difficile riuscire a provare una diretta responsabilit\u00e0 civile di uno dei compagni, nel secondo caso invece sar\u00e0 pi\u00f9 facile e probabile attribuire la responsabilit\u00e0 all\u2019accompagnatore esperto.<\/p>\n<p>&nbsp;<\/p>\n<p>Climb safe<\/p>","protected":false},"excerpt":{"rendered":"<p>cosa succede se qualcuno si fa male, responsabilit\u00e0 e conseguenze giuridiche<\/p>\n","protected":false},"author":1,"featured_media":17876,"comment_status":"open","ping_status":"open","sticky":false,"template":"","format":"standard","meta":{"_acf_changed":false,"footnotes":""},"categories":[79],"tags":[],"class_list":["post-1607","post","type-post","status-publish","format-standard","has-post-thumbnail","hentry","category-libro-di-vetta"],"acf":[],"yoast_head":"<!-- This site is optimized with the Yoast SEO plugin v26.4 - https:\/\/yoast.com\/wordpress\/plugins\/seo\/ -->\n<title>La responsabilit\u00e0 civile nell\u2019arrampicata - Sestogrado<\/title>\n<meta name=\"description\" content=\"La responsabilit\u00e0 civile in arrampicata ed alpinismo. Cosa succede se qualcuno si fa male mentre si \u00e8 in ambiente. Possibili conseguenze civili.\" \/>\n<meta name=\"robots\" content=\"index, follow, max-snippet:-1, max-image-preview:large, max-video-preview:-1\" \/>\n<link rel=\"canonical\" href=\"https:\/\/www.sestogrado.it\/it\/la-responsabilita-civile-nellarrampicata\/\" \/>\n<meta property=\"og:locale\" content=\"it_IT\" \/>\n<meta property=\"og:type\" content=\"article\" \/>\n<meta property=\"og:title\" content=\"La responsabilit\u00e0 civile nell\u2019arrampicata - Sestogrado\" \/>\n<meta property=\"og:description\" content=\"La responsabilit\u00e0 civile in arrampicata ed alpinismo. Cosa succede se qualcuno si fa male mentre si \u00e8 in ambiente. Possibili conseguenze civili.\" \/>\n<meta property=\"og:url\" content=\"https:\/\/www.sestogrado.it\/it\/la-responsabilita-civile-nellarrampicata\/\" \/>\n<meta property=\"og:site_name\" content=\"Sestogrado\" \/>\n<meta property=\"article:publisher\" content=\"https:\/\/www.facebook.com\/pages\/Sestogrado\/1542635979353017?ref=bookmarks\" \/>\n<meta property=\"article:published_time\" content=\"2023-02-22T13:00:36+00:00\" \/>\n<meta property=\"article:modified_time\" content=\"2023-02-22T13:52:27+00:00\" \/>\n<meta property=\"og:image\" content=\"https:\/\/www.sestogrado.it\/wp-content\/uploads\/2017\/09\/resp.jpg\" \/>\n\t<meta property=\"og:image:width\" content=\"900\" \/>\n\t<meta property=\"og:image:height\" content=\"600\" \/>\n\t<meta property=\"og:image:type\" content=\"image\/jpeg\" \/>\n<meta name=\"author\" content=\"admin\" \/>\n<meta name=\"twitter:label1\" content=\"Scritto da\" \/>\n\t<meta name=\"twitter:data1\" content=\"admin\" \/>\n\t<meta name=\"twitter:label2\" content=\"Tempo di lettura stimato\" \/>\n\t<meta name=\"twitter:data2\" content=\"6 minuti\" \/>\n<script type=\"application\/ld+json\" class=\"yoast-schema-graph\">{\"@context\":\"https:\/\/schema.org\",\"@graph\":[{\"@type\":\"Article\",\"@id\":\"https:\/\/www.sestogrado.it\/la-responsabilita-civile-nellarrampicata\/#article\",\"isPartOf\":{\"@id\":\"https:\/\/www.sestogrado.it\/la-responsabilita-civile-nellarrampicata\/\"},\"author\":{\"name\":\"admin\",\"@id\":\"https:\/\/www.sestogrado.it\/en\/#\/schema\/person\/79f414dc6904c7d2eef9d047c045f445\"},\"headline\":\"La responsabilit\u00e0 civile nell\u2019arrampicata\",\"datePublished\":\"2023-02-22T13:00:36+00:00\",\"dateModified\":\"2023-02-22T13:52:27+00:00\",\"mainEntityOfPage\":{\"@id\":\"https:\/\/www.sestogrado.it\/la-responsabilita-civile-nellarrampicata\/\"},\"wordCount\":2098,\"commentCount\":0,\"publisher\":{\"@id\":\"https:\/\/www.sestogrado.it\/en\/#organization\"},\"image\":{\"@id\":\"https:\/\/www.sestogrado.it\/la-responsabilita-civile-nellarrampicata\/#primaryimage\"},\"thumbnailUrl\":\"https:\/\/www.sestogrado.it\/wp-content\/uploads\/2017\/09\/resp.jpg\",\"articleSection\":[\"Libro di vetta\"],\"inLanguage\":\"it-IT\",\"potentialAction\":[{\"@type\":\"CommentAction\",\"name\":\"Comment\",\"target\":[\"https:\/\/www.sestogrado.it\/la-responsabilita-civile-nellarrampicata\/#respond\"]}]},{\"@type\":\"WebPage\",\"@id\":\"https:\/\/www.sestogrado.it\/it\/la-responsabilita-civile-nellarrampicata\/\",\"url\":\"https:\/\/www.sestogrado.it\/it\/la-responsabilita-civile-nellarrampicata\/\",\"name\":\"La responsabilit\u00e0 civile nell\u2019arrampicata - Sestogrado\",\"isPartOf\":{\"@id\":\"https:\/\/www.sestogrado.it\/it\/#website\"},\"primaryImageOfPage\":{\"@id\":\"https:\/\/www.sestogrado.it\/it\/la-responsabilita-civile-nellarrampicata\/#primaryimage\"},\"image\":{\"@id\":\"https:\/\/www.sestogrado.it\/la-responsabilita-civile-nellarrampicata\/#primaryimage\"},\"thumbnailUrl\":\"https:\/\/www.sestogrado.it\/wp-content\/uploads\/2017\/09\/resp.jpg\",\"datePublished\":\"2023-02-22T13:00:36+00:00\",\"dateModified\":\"2023-02-22T13:52:27+00:00\",\"description\":\"La responsabilit\u00e0 civile in arrampicata ed alpinismo. Cosa succede se qualcuno si fa male mentre si \u00e8 in ambiente. Possibili conseguenze civili.\",\"breadcrumb\":{\"@id\":\"https:\/\/www.sestogrado.it\/it\/la-responsabilita-civile-nellarrampicata\/#breadcrumb\"},\"inLanguage\":\"it-IT\",\"potentialAction\":[{\"@type\":\"ReadAction\",\"target\":[[\"https:\/\/www.sestogrado.it\/it\/la-responsabilita-civile-nellarrampicata\/\"]]}]},{\"@type\":\"ImageObject\",\"inLanguage\":\"it-IT\",\"@id\":\"https:\/\/www.sestogrado.it\/it\/la-responsabilita-civile-nellarrampicata\/#primaryimage\",\"url\":\"https:\/\/www.sestogrado.it\/wp-content\/uploads\/2017\/09\/resp.jpg\",\"contentUrl\":\"https:\/\/www.sestogrado.it\/wp-content\/uploads\/2017\/09\/resp.jpg\",\"width\":900,\"height\":600,\"caption\":\"responsabilit\u00e0 civile\"},{\"@type\":\"BreadcrumbList\",\"@id\":\"https:\/\/www.sestogrado.it\/it\/la-responsabilita-civile-nellarrampicata\/#breadcrumb\",\"itemListElement\":[{\"@type\":\"ListItem\",\"position\":1,\"name\":\"Home\",\"item\":\"https:\/\/www.sestogrado.it\/it\/\"},{\"@type\":\"ListItem\",\"position\":2,\"name\":\"La responsabilit\u00e0 civile nell\u2019arrampicata\"}]},{\"@type\":\"WebSite\",\"@id\":\"https:\/\/www.sestogrado.it\/it\/#website\",\"url\":\"https:\/\/www.sestogrado.it\/it\/\",\"name\":\"Sestogrado\",\"description\":\"yes we climb\",\"publisher\":{\"@id\":\"https:\/\/www.sestogrado.it\/it\/#organization\"},\"potentialAction\":[{\"@type\":\"SearchAction\",\"target\":{\"@type\":\"EntryPoint\",\"urlTemplate\":\"https:\/\/www.sestogrado.it\/it\/?s={search_term_string}\"},\"query-input\":{\"@type\":\"PropertyValueSpecification\",\"valueRequired\":true,\"valueName\":\"search_term_string\"}}],\"inLanguage\":\"it-IT\"},{\"@type\":\"Organization\",\"@id\":\"https:\/\/www.sestogrado.it\/it\/#organization\",\"name\":\"Sestogrado\",\"url\":\"https:\/\/www.sestogrado.it\/it\/\",\"logo\":{\"@type\":\"ImageObject\",\"inLanguage\":\"it-IT\",\"@id\":\"https:\/\/www.sestogrado.it\/it\/#\/schema\/logo\/image\/\",\"url\":\"https:\/\/www.sestogrado.it\/wp-content\/uploads\/2015\/03\/sestogrado-favicon.png\",\"contentUrl\":\"https:\/\/www.sestogrado.it\/wp-content\/uploads\/2015\/03\/sestogrado-favicon.png\",\"width\":260,\"height\":260,\"caption\":\"Sestogrado\"},\"image\":{\"@id\":\"https:\/\/www.sestogrado.it\/it\/#\/schema\/logo\/image\/\"},\"sameAs\":[\"https:\/\/www.facebook.com\/pages\/Sestogrado\/1542635979353017?ref=bookmarks\",\"https:\/\/www.youtube.com\/channel\/UC847kAfTkaJsWpc1jtQwr3Q\"],\"hasMerchantReturnPolicy\":{\"@type\":\"MerchantReturnPolicy\",\"merchantReturnLink\":\"https:\/\/www.sestogrado.it\/it\/termini-e-condizioni\/\"}},{\"@type\":\"Person\",\"@id\":\"https:\/\/www.sestogrado.it\/en\/#\/schema\/person\/79f414dc6904c7d2eef9d047c045f445\",\"name\":\"admin\"}]}<\/script>\n<!-- \/ Yoast SEO plugin. -->","yoast_head_json":{"title":"La responsabilit\u00e0 civile nell\u2019arrampicata - Sestogrado","description":"La responsabilit\u00e0 civile in arrampicata ed alpinismo. Cosa succede se qualcuno si fa male mentre si \u00e8 in ambiente. Possibili conseguenze civili.","robots":{"index":"index","follow":"follow","max-snippet":"max-snippet:-1","max-image-preview":"max-image-preview:large","max-video-preview":"max-video-preview:-1"},"canonical":"https:\/\/www.sestogrado.it\/it\/la-responsabilita-civile-nellarrampicata\/","og_locale":"it_IT","og_type":"article","og_title":"La responsabilit\u00e0 civile nell\u2019arrampicata - Sestogrado","og_description":"La responsabilit\u00e0 civile in arrampicata ed alpinismo. Cosa succede se qualcuno si fa male mentre si \u00e8 in ambiente. Possibili conseguenze civili.","og_url":"https:\/\/www.sestogrado.it\/it\/la-responsabilita-civile-nellarrampicata\/","og_site_name":"Sestogrado","article_publisher":"https:\/\/www.facebook.com\/pages\/Sestogrado\/1542635979353017?ref=bookmarks","article_published_time":"2023-02-22T13:00:36+00:00","article_modified_time":"2023-02-22T13:52:27+00:00","og_image":[{"width":900,"height":600,"url":"https:\/\/www.sestogrado.it\/wp-content\/uploads\/2017\/09\/resp.jpg","type":"image\/jpeg"}],"author":"admin","twitter_misc":{"Scritto da":"admin","Tempo di lettura stimato":"6 minuti"},"schema":{"@context":"https:\/\/schema.org","@graph":[{"@type":"Article","@id":"https:\/\/www.sestogrado.it\/la-responsabilita-civile-nellarrampicata\/#article","isPartOf":{"@id":"https:\/\/www.sestogrado.it\/la-responsabilita-civile-nellarrampicata\/"},"author":{"name":"admin","@id":"https:\/\/www.sestogrado.it\/en\/#\/schema\/person\/79f414dc6904c7d2eef9d047c045f445"},"headline":"La responsabilit\u00e0 civile nell\u2019arrampicata","datePublished":"2023-02-22T13:00:36+00:00","dateModified":"2023-02-22T13:52:27+00:00","mainEntityOfPage":{"@id":"https:\/\/www.sestogrado.it\/la-responsabilita-civile-nellarrampicata\/"},"wordCount":2098,"commentCount":0,"publisher":{"@id":"https:\/\/www.sestogrado.it\/en\/#organization"},"image":{"@id":"https:\/\/www.sestogrado.it\/la-responsabilita-civile-nellarrampicata\/#primaryimage"},"thumbnailUrl":"https:\/\/www.sestogrado.it\/wp-content\/uploads\/2017\/09\/resp.jpg","articleSection":["Libro di vetta"],"inLanguage":"it-IT","potentialAction":[{"@type":"CommentAction","name":"Comment","target":["https:\/\/www.sestogrado.it\/la-responsabilita-civile-nellarrampicata\/#respond"]}]},{"@type":"WebPage","@id":"https:\/\/www.sestogrado.it\/it\/la-responsabilita-civile-nellarrampicata\/","url":"https:\/\/www.sestogrado.it\/it\/la-responsabilita-civile-nellarrampicata\/","name":"La responsabilit\u00e0 civile nell\u2019arrampicata - Sestogrado","isPartOf":{"@id":"https:\/\/www.sestogrado.it\/it\/#website"},"primaryImageOfPage":{"@id":"https:\/\/www.sestogrado.it\/it\/la-responsabilita-civile-nellarrampicata\/#primaryimage"},"image":{"@id":"https:\/\/www.sestogrado.it\/la-responsabilita-civile-nellarrampicata\/#primaryimage"},"thumbnailUrl":"https:\/\/www.sestogrado.it\/wp-content\/uploads\/2017\/09\/resp.jpg","datePublished":"2023-02-22T13:00:36+00:00","dateModified":"2023-02-22T13:52:27+00:00","description":"La responsabilit\u00e0 civile in arrampicata ed alpinismo. Cosa succede se qualcuno si fa male mentre si \u00e8 in ambiente. Possibili conseguenze civili.","breadcrumb":{"@id":"https:\/\/www.sestogrado.it\/it\/la-responsabilita-civile-nellarrampicata\/#breadcrumb"},"inLanguage":"it-IT","potentialAction":[{"@type":"ReadAction","target":[["https:\/\/www.sestogrado.it\/it\/la-responsabilita-civile-nellarrampicata\/"]]}]},{"@type":"ImageObject","inLanguage":"it-IT","@id":"https:\/\/www.sestogrado.it\/it\/la-responsabilita-civile-nellarrampicata\/#primaryimage","url":"https:\/\/www.sestogrado.it\/wp-content\/uploads\/2017\/09\/resp.jpg","contentUrl":"https:\/\/www.sestogrado.it\/wp-content\/uploads\/2017\/09\/resp.jpg","width":900,"height":600,"caption":"responsabilit\u00e0 civile"},{"@type":"BreadcrumbList","@id":"https:\/\/www.sestogrado.it\/it\/la-responsabilita-civile-nellarrampicata\/#breadcrumb","itemListElement":[{"@type":"ListItem","position":1,"name":"Home","item":"https:\/\/www.sestogrado.it\/it\/"},{"@type":"ListItem","position":2,"name":"La responsabilit\u00e0 civile nell\u2019arrampicata"}]},{"@type":"WebSite","@id":"https:\/\/www.sestogrado.it\/it\/#website","url":"https:\/\/www.sestogrado.it\/it\/","name":"Sestogrado","description":"yes we climb","publisher":{"@id":"https:\/\/www.sestogrado.it\/it\/#organization"},"potentialAction":[{"@type":"SearchAction","target":{"@type":"EntryPoint","urlTemplate":"https:\/\/www.sestogrado.it\/it\/?s={search_term_string}"},"query-input":{"@type":"PropertyValueSpecification","valueRequired":true,"valueName":"search_term_string"}}],"inLanguage":"it-IT"},{"@type":"Organization","@id":"https:\/\/www.sestogrado.it\/it\/#organization","name":"Sestogrado","url":"https:\/\/www.sestogrado.it\/it\/","logo":{"@type":"ImageObject","inLanguage":"it-IT","@id":"https:\/\/www.sestogrado.it\/it\/#\/schema\/logo\/image\/","url":"https:\/\/www.sestogrado.it\/wp-content\/uploads\/2015\/03\/sestogrado-favicon.png","contentUrl":"https:\/\/www.sestogrado.it\/wp-content\/uploads\/2015\/03\/sestogrado-favicon.png","width":260,"height":260,"caption":"Sestogrado"},"image":{"@id":"https:\/\/www.sestogrado.it\/it\/#\/schema\/logo\/image\/"},"sameAs":["https:\/\/www.facebook.com\/pages\/Sestogrado\/1542635979353017?ref=bookmarks","https:\/\/www.youtube.com\/channel\/UC847kAfTkaJsWpc1jtQwr3Q"],"hasMerchantReturnPolicy":{"@type":"MerchantReturnPolicy","merchantReturnLink":"https:\/\/www.sestogrado.it\/it\/termini-e-condizioni\/"}},{"@type":"Person","@id":"https:\/\/www.sestogrado.it\/en\/#\/schema\/person\/79f414dc6904c7d2eef9d047c045f445","name":"admin"}]}},"_links":{"self":[{"href":"https:\/\/www.sestogrado.it\/it\/wp-json\/wp\/v2\/posts\/1607","targetHints":{"allow":["GET"]}}],"collection":[{"href":"https:\/\/www.sestogrado.it\/it\/wp-json\/wp\/v2\/posts"}],"about":[{"href":"https:\/\/www.sestogrado.it\/it\/wp-json\/wp\/v2\/types\/post"}],"author":[{"embeddable":true,"href":"https:\/\/www.sestogrado.it\/it\/wp-json\/wp\/v2\/users\/1"}],"replies":[{"embeddable":true,"href":"https:\/\/www.sestogrado.it\/it\/wp-json\/wp\/v2\/comments?post=1607"}],"version-history":[{"count":0,"href":"https:\/\/www.sestogrado.it\/it\/wp-json\/wp\/v2\/posts\/1607\/revisions"}],"wp:featuredmedia":[{"embeddable":true,"href":"https:\/\/www.sestogrado.it\/it\/wp-json\/wp\/v2\/media\/17876"}],"wp:attachment":[{"href":"https:\/\/www.sestogrado.it\/it\/wp-json\/wp\/v2\/media?parent=1607"}],"wp:term":[{"taxonomy":"category","embeddable":true,"href":"https:\/\/www.sestogrado.it\/it\/wp-json\/wp\/v2\/categories?post=1607"},{"taxonomy":"post_tag","embeddable":true,"href":"https:\/\/www.sestogrado.it\/it\/wp-json\/wp\/v2\/tags?post=1607"}],"curies":[{"name":"wp","href":"https:\/\/api.w.org\/{rel}","templated":true}]}}