{"id":15206,"date":"2018-03-06T10:07:20","date_gmt":"2018-03-06T09:07:20","guid":{"rendered":"https:\/\/www.sestogrado.it\/?p=15206"},"modified":"2018-03-06T10:07:20","modified_gmt":"2018-03-06T09:07:20","slug":"film-integrale-della-salita-del-primo-9c-al-mondo-adam-ondra-silence","status":"publish","type":"post","link":"https:\/\/www.sestogrado.it\/it\/film-integrale-della-salita-del-primo-9c-al-mondo-adam-ondra-silence\/","title":{"rendered":"Il film integrale della salita del primo 9c al mondo. Adam Ondra su Silence."},"content":{"rendered":"<p>Cosa serve per scalare il primo 9c del mondo? Silence, un film di Bernardo Gim\u00e9nez, mostra ci\u00f2 che ha preceduto il pomeriggio del 3 settembre 2017 quando il ceco Adam Ondra, ha scritto un piccolo pezzo di storia dell\u2019arrampicata scalando, dopo mesi di tentativi, il suo progetto nella spettacolare Grotta di Flatanger in Norvegia.<\/p>\n<p>Alla via, in seguito denominata \u201cSilence\u201d, \u00e8 stato assegnato un nuovo grado di difficolt\u00e0, 9c, ossia la via di arrampicata sportiva pi\u00f9 difficile al mondo.<\/p>\n<p>Se ti sei perso la prima mondiale del 23 febbraio a Riva del Garda, ecco qui il film integrale:<\/p>\n<p>https:\/\/www.youtube.com\/watch?time_continue=4&#038;v=ZRTNHDd0gL8<\/p>","protected":false},"excerpt":{"rendered":"<p>la realizzazione della via di arrampicata pi\u00f9 difficile al mondo<\/p>\n","protected":false},"author":1,"featured_media":15208,"comment_status":"open","ping_status":"open","sticky":false,"template":"","format":"standard","meta":{"_acf_changed":false,"footnotes":""},"categories":[79],"tags":[],"class_list":["post-15206","post","type-post","status-publish","format-standard","has-post-thumbnail","hentry","category-libro-di-vetta"],"acf":[],"yoast_head":"<!-- This site is optimized with the Yoast SEO plugin v26.4 - https:\/\/yoast.com\/wordpress\/plugins\/seo\/ -->\n<title>Il film integrale della salita del primo 9c al mondo. Adam Ondra su Silence. - Sestogrado<\/title>\n<meta name=\"robots\" content=\"index, follow, max-snippet:-1, max-image-preview:large, max-video-preview:-1\" \/>\n<link rel=\"canonical\" href=\"https:\/\/www.sestogrado.it\/it\/film-integrale-della-salita-del-primo-9c-al-mondo-adam-ondra-silence\/\" \/>\n<meta property=\"og:locale\" content=\"it_IT\" \/>\n<meta property=\"og:type\" content=\"article\" \/>\n<meta property=\"og:title\" content=\"Il film integrale della salita del primo 9c al mondo. Adam Ondra su Silence. - Sestogrado\" \/>\n<meta property=\"og:description\" content=\"la realizzazione della via di arrampicata pi\u00f9 difficile al mondo\" \/>\n<meta property=\"og:url\" content=\"https:\/\/www.sestogrado.it\/it\/film-integrale-della-salita-del-primo-9c-al-mondo-adam-ondra-silence\/\" \/>\n<meta property=\"og:site_name\" content=\"Sestogrado\" \/>\n<meta property=\"article:publisher\" content=\"https:\/\/www.facebook.com\/pages\/Sestogrado\/1542635979353017?ref=bookmarks\" \/>\n<meta property=\"article:published_time\" content=\"2018-03-06T09:07:20+00:00\" \/>\n<meta property=\"og:image\" content=\"https:\/\/www.sestogrado.it\/wp-content\/uploads\/2018\/03\/01-2.jpg\" \/>\n\t<meta property=\"og:image:width\" content=\"1200\" \/>\n\t<meta property=\"og:image:height\" content=\"800\" \/>\n\t<meta property=\"og:image:type\" content=\"image\/jpeg\" \/>\n<meta name=\"author\" content=\"admin\" \/>\n<meta name=\"twitter:label1\" content=\"Scritto da\" \/>\n\t<meta name=\"twitter:data1\" content=\"admin\" \/>\n\t<meta name=\"twitter:label2\" content=\"Tempo di lettura stimato\" \/>\n\t<meta name=\"twitter:data2\" content=\"1 minuto\" \/>\n<script type=\"application\/ld+json\" class=\"yoast-schema-graph\">{\"@context\":\"https:\/\/schema.org\",\"@graph\":[{\"@type\":\"Article\",\"@id\":\"https:\/\/www.sestogrado.it\/film-integrale-della-salita-del-primo-9c-al-mondo-adam-ondra-silence\/#article\",\"isPartOf\":{\"@id\":\"https:\/\/www.sestogrado.it\/film-integrale-della-salita-del-primo-9c-al-mondo-adam-ondra-silence\/\"},\"author\":{\"name\":\"admin\",\"@id\":\"https:\/\/www.sestogrado.it\/en\/#\/schema\/person\/79f414dc6904c7d2eef9d047c045f445\"},\"headline\":\"Il film integrale della salita del primo 9c al mondo. Adam Ondra su Silence.\",\"datePublished\":\"2018-03-06T09:07:20+00:00\",\"mainEntityOfPage\":{\"@id\":\"https:\/\/www.sestogrado.it\/film-integrale-della-salita-del-primo-9c-al-mondo-adam-ondra-silence\/\"},\"wordCount\":123,\"commentCount\":1,\"publisher\":{\"@id\":\"https:\/\/www.sestogrado.it\/en\/#organization\"},\"image\":{\"@id\":\"https:\/\/www.sestogrado.it\/film-integrale-della-salita-del-primo-9c-al-mondo-adam-ondra-silence\/#primaryimage\"},\"thumbnailUrl\":\"https:\/\/www.sestogrado.it\/wp-content\/uploads\/2018\/03\/01-2.jpg\",\"articleSection\":[\"Libro di vetta\"],\"inLanguage\":\"it-IT\",\"potentialAction\":[{\"@type\":\"CommentAction\",\"name\":\"Comment\",\"target\":[\"https:\/\/www.sestogrado.it\/film-integrale-della-salita-del-primo-9c-al-mondo-adam-ondra-silence\/#respond\"]}]},{\"@type\":\"WebPage\",\"@id\":\"https:\/\/www.sestogrado.it\/it\/film-integrale-della-salita-del-primo-9c-al-mondo-adam-ondra-silence\/\",\"url\":\"https:\/\/www.sestogrado.it\/it\/film-integrale-della-salita-del-primo-9c-al-mondo-adam-ondra-silence\/\",\"name\":\"Il film integrale della salita del primo 9c al mondo. Adam Ondra su Silence. - Sestogrado\",\"isPartOf\":{\"@id\":\"https:\/\/www.sestogrado.it\/it\/#website\"},\"primaryImageOfPage\":{\"@id\":\"https:\/\/www.sestogrado.it\/it\/film-integrale-della-salita-del-primo-9c-al-mondo-adam-ondra-silence\/#primaryimage\"},\"image\":{\"@id\":\"https:\/\/www.sestogrado.it\/film-integrale-della-salita-del-primo-9c-al-mondo-adam-ondra-silence\/#primaryimage\"},\"thumbnailUrl\":\"https:\/\/www.sestogrado.it\/wp-content\/uploads\/2018\/03\/01-2.jpg\",\"datePublished\":\"2018-03-06T09:07:20+00:00\",\"breadcrumb\":{\"@id\":\"https:\/\/www.sestogrado.it\/it\/film-integrale-della-salita-del-primo-9c-al-mondo-adam-ondra-silence\/#breadcrumb\"},\"inLanguage\":\"it-IT\",\"potentialAction\":[{\"@type\":\"ReadAction\",\"target\":[[\"https:\/\/www.sestogrado.it\/it\/film-integrale-della-salita-del-primo-9c-al-mondo-adam-ondra-silence\/\"]]}]},{\"@type\":\"ImageObject\",\"inLanguage\":\"it-IT\",\"@id\":\"https:\/\/www.sestogrado.it\/it\/film-integrale-della-salita-del-primo-9c-al-mondo-adam-ondra-silence\/#primaryimage\",\"url\":\"https:\/\/www.sestogrado.it\/wp-content\/uploads\/2018\/03\/01-2.jpg\",\"contentUrl\":\"https:\/\/www.sestogrado.it\/wp-content\/uploads\/2018\/03\/01-2.jpg\",\"width\":1200,\"height\":800,\"caption\":\"adam ondra silence\"},{\"@type\":\"BreadcrumbList\",\"@id\":\"https:\/\/www.sestogrado.it\/it\/film-integrale-della-salita-del-primo-9c-al-mondo-adam-ondra-silence\/#breadcrumb\",\"itemListElement\":[{\"@type\":\"ListItem\",\"position\":1,\"name\":\"Home\",\"item\":\"https:\/\/www.sestogrado.it\/it\/\"},{\"@type\":\"ListItem\",\"position\":2,\"name\":\"Il film integrale della salita del primo 9c al mondo. Adam Ondra su Silence.\"}]},{\"@type\":\"WebSite\",\"@id\":\"https:\/\/www.sestogrado.it\/it\/#website\",\"url\":\"https:\/\/www.sestogrado.it\/it\/\",\"name\":\"Sestogrado\",\"description\":\"yes we climb\",\"publisher\":{\"@id\":\"https:\/\/www.sestogrado.it\/it\/#organization\"},\"potentialAction\":[{\"@type\":\"SearchAction\",\"target\":{\"@type\":\"EntryPoint\",\"urlTemplate\":\"https:\/\/www.sestogrado.it\/it\/?s={search_term_string}\"},\"query-input\":{\"@type\":\"PropertyValueSpecification\",\"valueRequired\":true,\"valueName\":\"search_term_string\"}}],\"inLanguage\":\"it-IT\"},{\"@type\":\"Organization\",\"@id\":\"https:\/\/www.sestogrado.it\/it\/#organization\",\"name\":\"Sestogrado\",\"url\":\"https:\/\/www.sestogrado.it\/it\/\",\"logo\":{\"@type\":\"ImageObject\",\"inLanguage\":\"it-IT\",\"@id\":\"https:\/\/www.sestogrado.it\/it\/#\/schema\/logo\/image\/\",\"url\":\"https:\/\/www.sestogrado.it\/wp-content\/uploads\/2015\/03\/sestogrado-favicon.png\",\"contentUrl\":\"https:\/\/www.sestogrado.it\/wp-content\/uploads\/2015\/03\/sestogrado-favicon.png\",\"width\":260,\"height\":260,\"caption\":\"Sestogrado\"},\"image\":{\"@id\":\"https:\/\/www.sestogrado.it\/it\/#\/schema\/logo\/image\/\"},\"sameAs\":[\"https:\/\/www.facebook.com\/pages\/Sestogrado\/1542635979353017?ref=bookmarks\",\"https:\/\/www.youtube.com\/channel\/UC847kAfTkaJsWpc1jtQwr3Q\"],\"hasMerchantReturnPolicy\":{\"@type\":\"MerchantReturnPolicy\",\"merchantReturnLink\":\"https:\/\/www.sestogrado.it\/it\/termini-e-condizioni\/\"}},{\"@type\":\"Person\",\"@id\":\"https:\/\/www.sestogrado.it\/en\/#\/schema\/person\/79f414dc6904c7d2eef9d047c045f445\",\"name\":\"admin\"}]}<\/script>\n<!-- \/ Yoast SEO plugin. -->","yoast_head_json":{"title":"Il film integrale della salita del primo 9c al mondo. Adam Ondra su Silence. - Sestogrado","robots":{"index":"index","follow":"follow","max-snippet":"max-snippet:-1","max-image-preview":"max-image-preview:large","max-video-preview":"max-video-preview:-1"},"canonical":"https:\/\/www.sestogrado.it\/it\/film-integrale-della-salita-del-primo-9c-al-mondo-adam-ondra-silence\/","og_locale":"it_IT","og_type":"article","og_title":"Il film integrale della salita del primo 9c al mondo. Adam Ondra su Silence. - Sestogrado","og_description":"la realizzazione della via di arrampicata pi\u00f9 difficile al mondo","og_url":"https:\/\/www.sestogrado.it\/it\/film-integrale-della-salita-del-primo-9c-al-mondo-adam-ondra-silence\/","og_site_name":"Sestogrado","article_publisher":"https:\/\/www.facebook.com\/pages\/Sestogrado\/1542635979353017?ref=bookmarks","article_published_time":"2018-03-06T09:07:20+00:00","og_image":[{"width":1200,"height":800,"url":"https:\/\/www.sestogrado.it\/wp-content\/uploads\/2018\/03\/01-2.jpg","type":"image\/jpeg"}],"author":"admin","twitter_misc":{"Scritto da":"admin","Tempo di lettura stimato":"1 minuto"},"schema":{"@context":"https:\/\/schema.org","@graph":[{"@type":"Article","@id":"https:\/\/www.sestogrado.it\/film-integrale-della-salita-del-primo-9c-al-mondo-adam-ondra-silence\/#article","isPartOf":{"@id":"https:\/\/www.sestogrado.it\/film-integrale-della-salita-del-primo-9c-al-mondo-adam-ondra-silence\/"},"author":{"name":"admin","@id":"https:\/\/www.sestogrado.it\/en\/#\/schema\/person\/79f414dc6904c7d2eef9d047c045f445"},"headline":"Il film integrale della salita del primo 9c al mondo. Adam Ondra su Silence.","datePublished":"2018-03-06T09:07:20+00:00","mainEntityOfPage":{"@id":"https:\/\/www.sestogrado.it\/film-integrale-della-salita-del-primo-9c-al-mondo-adam-ondra-silence\/"},"wordCount":123,"commentCount":1,"publisher":{"@id":"https:\/\/www.sestogrado.it\/en\/#organization"},"image":{"@id":"https:\/\/www.sestogrado.it\/film-integrale-della-salita-del-primo-9c-al-mondo-adam-ondra-silence\/#primaryimage"},"thumbnailUrl":"https:\/\/www.sestogrado.it\/wp-content\/uploads\/2018\/03\/01-2.jpg","articleSection":["Libro di vetta"],"inLanguage":"it-IT","potentialAction":[{"@type":"CommentAction","name":"Comment","target":["https:\/\/www.sestogrado.it\/film-integrale-della-salita-del-primo-9c-al-mondo-adam-ondra-silence\/#respond"]}]},{"@type":"WebPage","@id":"https:\/\/www.sestogrado.it\/it\/film-integrale-della-salita-del-primo-9c-al-mondo-adam-ondra-silence\/","url":"https:\/\/www.sestogrado.it\/it\/film-integrale-della-salita-del-primo-9c-al-mondo-adam-ondra-silence\/","name":"Il film integrale della salita del primo 9c al mondo. Adam Ondra su Silence. - Sestogrado","isPartOf":{"@id":"https:\/\/www.sestogrado.it\/it\/#website"},"primaryImageOfPage":{"@id":"https:\/\/www.sestogrado.it\/it\/film-integrale-della-salita-del-primo-9c-al-mondo-adam-ondra-silence\/#primaryimage"},"image":{"@id":"https:\/\/www.sestogrado.it\/film-integrale-della-salita-del-primo-9c-al-mondo-adam-ondra-silence\/#primaryimage"},"thumbnailUrl":"https:\/\/www.sestogrado.it\/wp-content\/uploads\/2018\/03\/01-2.jpg","datePublished":"2018-03-06T09:07:20+00:00","breadcrumb":{"@id":"https:\/\/www.sestogrado.it\/it\/film-integrale-della-salita-del-primo-9c-al-mondo-adam-ondra-silence\/#breadcrumb"},"inLanguage":"it-IT","potentialAction":[{"@type":"ReadAction","target":[["https:\/\/www.sestogrado.it\/it\/film-integrale-della-salita-del-primo-9c-al-mondo-adam-ondra-silence\/"]]}]},{"@type":"ImageObject","inLanguage":"it-IT","@id":"https:\/\/www.sestogrado.it\/it\/film-integrale-della-salita-del-primo-9c-al-mondo-adam-ondra-silence\/#primaryimage","url":"https:\/\/www.sestogrado.it\/wp-content\/uploads\/2018\/03\/01-2.jpg","contentUrl":"https:\/\/www.sestogrado.it\/wp-content\/uploads\/2018\/03\/01-2.jpg","width":1200,"height":800,"caption":"adam ondra silence"},{"@type":"BreadcrumbList","@id":"https:\/\/www.sestogrado.it\/it\/film-integrale-della-salita-del-primo-9c-al-mondo-adam-ondra-silence\/#breadcrumb","itemListElement":[{"@type":"ListItem","position":1,"name":"Home","item":"https:\/\/www.sestogrado.it\/it\/"},{"@type":"ListItem","position":2,"name":"Il film integrale della salita del primo 9c al mondo. Adam Ondra su Silence."}]},{"@type":"WebSite","@id":"https:\/\/www.sestogrado.it\/it\/#website","url":"https:\/\/www.sestogrado.it\/it\/","name":"Sestogrado","description":"yes we climb","publisher":{"@id":"https:\/\/www.sestogrado.it\/it\/#organization"},"potentialAction":[{"@type":"SearchAction","target":{"@type":"EntryPoint","urlTemplate":"https:\/\/www.sestogrado.it\/it\/?s={search_term_string}"},"query-input":{"@type":"PropertyValueSpecification","valueRequired":true,"valueName":"search_term_string"}}],"inLanguage":"it-IT"},{"@type":"Organization","@id":"https:\/\/www.sestogrado.it\/it\/#organization","name":"Sestogrado","url":"https:\/\/www.sestogrado.it\/it\/","logo":{"@type":"ImageObject","inLanguage":"it-IT","@id":"https:\/\/www.sestogrado.it\/it\/#\/schema\/logo\/image\/","url":"https:\/\/www.sestogrado.it\/wp-content\/uploads\/2015\/03\/sestogrado-favicon.png","contentUrl":"https:\/\/www.sestogrado.it\/wp-content\/uploads\/2015\/03\/sestogrado-favicon.png","width":260,"height":260,"caption":"Sestogrado"},"image":{"@id":"https:\/\/www.sestogrado.it\/it\/#\/schema\/logo\/image\/"},"sameAs":["https:\/\/www.facebook.com\/pages\/Sestogrado\/1542635979353017?ref=bookmarks","https:\/\/www.youtube.com\/channel\/UC847kAfTkaJsWpc1jtQwr3Q"],"hasMerchantReturnPolicy":{"@type":"MerchantReturnPolicy","merchantReturnLink":"https:\/\/www.sestogrado.it\/it\/termini-e-condizioni\/"}},{"@type":"Person","@id":"https:\/\/www.sestogrado.it\/en\/#\/schema\/person\/79f414dc6904c7d2eef9d047c045f445","name":"admin"}]}},"_links":{"self":[{"href":"https:\/\/www.sestogrado.it\/it\/wp-json\/wp\/v2\/posts\/15206","targetHints":{"allow":["GET"]}}],"collection":[{"href":"https:\/\/www.sestogrado.it\/it\/wp-json\/wp\/v2\/posts"}],"about":[{"href":"https:\/\/www.sestogrado.it\/it\/wp-json\/wp\/v2\/types\/post"}],"author":[{"embeddable":true,"href":"https:\/\/www.sestogrado.it\/it\/wp-json\/wp\/v2\/users\/1"}],"replies":[{"embeddable":true,"href":"https:\/\/www.sestogrado.it\/it\/wp-json\/wp\/v2\/comments?post=15206"}],"version-history":[{"count":0,"href":"https:\/\/www.sestogrado.it\/it\/wp-json\/wp\/v2\/posts\/15206\/revisions"}],"wp:featuredmedia":[{"embeddable":true,"href":"https:\/\/www.sestogrado.it\/it\/wp-json\/wp\/v2\/media\/15208"}],"wp:attachment":[{"href":"https:\/\/www.sestogrado.it\/it\/wp-json\/wp\/v2\/media?parent=15206"}],"wp:term":[{"taxonomy":"category","embeddable":true,"href":"https:\/\/www.sestogrado.it\/it\/wp-json\/wp\/v2\/categories?post=15206"},{"taxonomy":"post_tag","embeddable":true,"href":"https:\/\/www.sestogrado.it\/it\/wp-json\/wp\/v2\/tags?post=15206"}],"curies":[{"name":"wp","href":"https:\/\/api.w.org\/{rel}","templated":true}]}}