{"id":14252,"date":"2023-12-12T07:00:53","date_gmt":"2023-12-12T06:00:53","guid":{"rendered":"https:\/\/www.sestogrado.it\/?p=14252"},"modified":"2023-12-12T12:08:24","modified_gmt":"2023-12-12T11:08:24","slug":"paura-volare-conoscerla-affrontarla","status":"publish","type":"post","link":"https:\/\/www.sestogrado.it\/it\/paura-volare-conoscerla-affrontarla\/","title":{"rendered":"Paura di volare, conoscerla per affrontarla"},"content":{"rendered":"<p>Per chi non se ne fosse ancora accorto, l&#8217;arrampicata \u00e8 un&#8217;attivit\u00e0 mentale. Una solida base\u00a0fisica\u00a0e una buona tecnica non sono sicuramente da buttare via;\u00a0diventano per\u00f2\u00a0inutili se la testa ci blocca e non riusciamo ad eseguire nemmeno un passaggio. Quando invece la testa &#8220;c\u2019\u00e8&#8221;\u00a0ci muoviamo in modo fluido e naturale, come se fossimo nati arrampicando.<\/p>\n<p>Il nostro cervello funziona secondo schemi ben precisi in cui la paura svolge un ruolo fondamentale e che ha consentito all&#8217;uomo di sopravvivere ed evolversi. Ma, per quanto ci interessa, come influisce ci\u00f2 sulla paura di volare e come possiamo imparare a gestirla?<\/p>\n<p>Va fatta innanzi tutto una distinzione. Ci\u00f2 che chiamiamo paura di volare ha due componenti:\u00a0la prima\u00a0istintiva, la seconda\u00a0legata all&#8217;apprendimento e alle nostre esperienze passate.<\/p>\n<p>Iniziamo allora dai nostri\u00a0<strong>istinti<\/strong>. Gli istinti sono comportamenti innati\u00a0che possediamo geneticamente.\u00a0Proteggono la nostra sopravvivenza e sono specifici di noi esseri umani come specie.\u00a0In caso di necessit\u00e0 ci fanno reagire prima ancora che la nostra mente razionale abbia elaborato la situazione. Un esempio classico: stiamo camminando in un bosco e\u00a0con la coda dell&#8217;occhio scorgiamo un serpente per terra vicino a noi. Reagiamo in modo istintivo,\u00a0ci irrigidiamo, saltiamo all&#8217;indietro, magari urliamo. Poi guardando meglio e ci accorgiamo di aver visto male, non era un serpente ma un comunissimo ramo caduto. \u00c9 stato tutto troppo veloce e incontrollabile e ci sentiamo un po\u2019 stupidi per la reazione eccessiva. Se per\u00f2 si fosse davvero trattato di un serpente saremmo stati lontani dalla sua portata in meno di un secondo, senza nemmeno aver bisogno di pensarci su.<\/p>\n<p>Un altro degli istinti che possediamo \u00e8 la paura delle grandi altezze. Ci saremo evoluti dalle scimmie ma durante il nostro percorso abbiamo deciso che ci piaceva stare a terra. Abbiamo cambiato habitat, il nostro corpo si \u00e8 adattato all&#8217;andatura bipede e il nostro amore per i luoghi elevati ha iniziato a scemare.\u00a0Nel corso dell&#8217;evoluzione la paura dell&#8217;altezza \u00e8 diventato un istinto di sopravvivenza tipico dell&#8217;uomo.\u00a0In alcuni \u00e8 pi\u00f9 pronunciato che\u00a0in altri ma nessuno di noi ne \u00e8 esente, arrampicatori compresi.<\/p>\n<p>&nbsp;<\/p>\n<p>Parliamo ora della <strong>seconda componente<\/strong>\u00a0nella paura di volare. Essa\u00a0\u00e8 legata alla\u00a0<strong>paura di cadere e di farsi male<\/strong>. Non si\u00a0 tratta di un istinto innato ma di una paura che abbiamo formato nei nostri primi anni d&#8217;et\u00e0. Formato dove? In una parte ben precisa del cervello:<\/p>\n<p><img decoding=\"async\" class=\" wp-image-14253 aligncenter\" src=\"https:\/\/www.sestogrado.it\/wp-content\/uploads\/2017\/12\/32765186234_1d133f8c99_o.jpg\" alt=\"paura di volare\" width=\"570\" height=\"380\" srcset=\"https:\/\/www.sestogrado.it\/wp-content\/uploads\/2017\/12\/32765186234_1d133f8c99_o.jpg 504w, https:\/\/www.sestogrado.it\/wp-content\/uploads\/2017\/12\/32765186234_1d133f8c99_o-300x200.jpg 300w, https:\/\/www.sestogrado.it\/wp-content\/uploads\/2017\/12\/32765186234_1d133f8c99_o-96x64.jpg 96w\" sizes=\"(max-width: 570px) 100vw, 570px\" \/><\/p>\n<p>Quando vediamo una rappresentazione\u00a0del cervello\u00a0ci\u00f2 che in realt\u00e0 stiamo osservando\u00a0\u00e8 il suo involucro esterno:\u00a0la corteccia cerebrale, suddivisa in diversi lobi.\u00a0\u00c9 estremamente sviluppata nei primati e nell&#8217;uomo ed \u00e8 tipicamente associata al pensiero razionale e alla coscienza di s\u00e9. Non \u00e8 per\u00f2 nella corteccia cerebrale che troveremo risposte sulla paura di volare ma pi\u00f9 verso l&#8217;interno, nel sistema limbico.<\/p>\n<p>&nbsp;<\/p>\n<p>Il <strong>sistema limbico<\/strong> \u00e8 situato idealmente\u00a0a met\u00e0 strada tra la corteccia cerebrale e i centri che regolano funzioni automatiche come temperatura, respirazione, equilibrio\u00a0e cos\u00ec via. Le sue funzioni\u00a0non si possono proprio considerare razionali ma nemmeno esclusivamente istintive. Infatti\u00a0il sistema limbico \u00e8\u00a0coinvolto nella\u00a0memoria a lungo termine e nella gestione delle\u00a0emozioni. Le strutture pi\u00f9 conosciute\u00a0che lo compongono\u00a0sono l&#8217;ippocampo, i nuclei talamici e l&#8217;amigdala. \u00c9 proprio quest\u2019ultima che ha a che fare con la nostra ricerca e che sta ricevendo molto interesse scientifico negli ultimi tempi. A forma di mandorla (in greco antico &#8220;amygdala&#8221; significa mandorla) l&#8217;amigdala si occupa infatti\u00a0dei meccanismi legati alla paura, all&#8217;ansiet\u00e0 e allo stress.<\/p>\n<p>&nbsp;<\/p>\n<p>Analizziamo pi\u00f9 in dettaglio cosa intende il nostro cervello per paura.\u00a0La parola &#8220;paura&#8221; viene utilizzata spesso in modo improprio, per indicare i nostri timori e le nostre ansie, come la paura di non superare un esame o di perdere\u00a0il treno\u00a0perch\u00e9 siamo in ritardo. In realt\u00e0 si tratta di un\u00a0meccanismo molto pi\u00f9 complesso, che viene anch\u2019esso attivato in situazioni di potenziale pericolo. Quando ci troviamo in una di queste situazioni, la prima parte del nostro cervello che se ne accorge \u00e8 proprio l&#8217;amigdala. Automaticamente vengono attivate\u00a0una serie di reazioni fisiche: il cuore batte pi\u00f9 forte, viene prodotta adrenalina e noradrenalina dalle ghiandole surrenali, la salivazione si blocca\u00a0e cos\u00ec\u00a0via.<\/p>\n<p>&nbsp;<\/p>\n<p>Ci\u00f2 che fa l\u2019amigdala si chiama in linguaggio scientifico\u00a0<strong>Fight or flight<\/strong>. Significa che per il nostro cervello abbiamo solo due possibilit\u00e0 davanti a un pericolo: lottare contro di esso o fuggire da esso. Stiamo parlando di un comportamento derivato da secoli di evoluzione, utile quando dovevamo scappare da un predatore ma anche in tempi moderni,\u00a0quando ad esempio una macchina ci sta per investire. La paura viene creata nella nostra testa ed\u00a0\u00e8 quella reazione automatica e istintiva che, in situazione di pericolo,\u00a0ci salva\u00a0la vita.<\/p>\n<p>&nbsp;<\/p>\n<p>Come immaginerete \u00e8 molto importante per il cervello sapere di cosa avere paura. Possediamo infatti gi\u00e0 in tenera et\u00e0 una sorta di &#8220;banca dati&#8221; di tutto ci\u00f2 che viene etichettato come potenzialmente pericoloso. Se ne occupano tra l\u2019altro proprio\u00a0l&#8217;amigdala e l&#8217;ippocampo.\u00a0Questa banca dati lavora per associazioni ed\u00a0\u00e8 in costante aggiornamento, anche in et\u00e0 adulta. Significa che il nostro cervello continua ad applicare\u00a0&#8220;etichette di pericolosit\u00e0&#8221; alle diverse situazioni che ci possono capitare e a rivederle di continuo.<\/p>\n<p>Ogni cosa che ci provoca dolore sin da bambini viene trasmessa direttamente al sistema limbico e salvata nella banca dati come pericolosa. Man mano che cresciamo ed esploriamo il mondo, il nostro\u00a0cervello va a\u00a0confrontare le situazioni del presente\u00a0con quelle gi\u00e0 vissute e memorizzate in passato.<\/p>\n<p>Se ci troviamo di fronte ad una\u00a0nuova situazione, il nostro cervello non la riconosce e allora va a ricercare tra i ricordi situazioni analoghe. Se le dovesse trovare e fossero etichettate come pericolose, l&#8217;amigdala si attiver\u00e0 all&#8217;istante e ci\u00a0causer\u00e0 paura della situazione attuale.<\/p>\n<p>Le associazioni del sistema limbico funzionano per rafforzamento. Pi\u00f9 volte avremo sperimentato dolore in una data situazione e maggiore sar\u00e0 l&#8217;attivazione dell&#8217;amigdala e di conseguenza la paura che proveremo di quella situazione.\u00a0Ecco spiegato <strong>perch\u00e9 abbiamo paura di cadere<\/strong>. Tutte le cadute che abbiamo fatto da bambini ci hanno &#8220;programmati&#8221; a temere il dolore che ne potrebbe risultare.<\/p>\n<p>&nbsp;<\/p>\n<p>Utile per &#8220;evolverci&#8221; e sopravvivere, la paura e quindi la paura di volare, pu\u00f2 essere limitante per le nostre capacit\u00e0 arrampicatorie. Bisogna allenare non solo i muscoli ma anche il cervello all&#8217;arrampicata, se necessario, anche ingannandolo attuando dei meccanismi anti intuitivi.<\/p>\n<p>Per chi volesse approfondire un formidabile approccio a questa metodologia viene fornito nel testo di Arno Ilgner, <a href=\"https:\/\/www.sestogrado.it\/it\/prodotto\/rock-warriors-way\/\" target=\"_blank\" rel=\"noopener noreferrer\">Rock warrior&#8217;s way<\/a>, probabilmente il miglior testo in commercio dedicato alla gestione della &#8220;nostra testa&#8221; in arrampicata.<\/p>","protected":false},"excerpt":{"rendered":"<p>cosa scatta nella nostra testa quando ci troviamo a qualche metro sopra lo spit<\/p>\n","protected":false},"author":1,"featured_media":14253,"comment_status":"open","ping_status":"open","sticky":false,"template":"","format":"standard","meta":{"_acf_changed":false,"footnotes":""},"categories":[79],"tags":[],"class_list":["post-14252","post","type-post","status-publish","format-standard","has-post-thumbnail","hentry","category-libro-di-vetta"],"acf":[],"yoast_head":"<!-- This site is optimized with the Yoast SEO plugin v26.4 - https:\/\/yoast.com\/wordpress\/plugins\/seo\/ -->\n<title>Paura di volare, conoscerla per affrontarla - Sestogrado<\/title>\n<meta name=\"description\" content=\"cosa scatta nella nostra testa quando ci troviamo a qualche metro sopra lo spit. Il nostro cervello funziona con dei meccanismi ben precisi. Per chi non se ne fosse ancora accorto, l&#039;arrampicata \u00e8 un&#039;attivit\u00e0 mentale. Una solida base\u00a0fisica\u00a0e una buona tecnica non sono sicuramente da buttare via;\u00a0diventano per\u00f2\u00a0inutili se la testa ci blocca e non riusciamo ad eseguire nemmeno un passaggio. Quando invece la testa &quot;c\u2019\u00e8&quot;\u00a0ci muoviamo in modo fluido e naturale, come se fossimo nati arrampicando.\" \/>\n<meta name=\"robots\" content=\"index, follow, max-snippet:-1, max-image-preview:large, max-video-preview:-1\" \/>\n<link rel=\"canonical\" href=\"https:\/\/www.sestogrado.it\/it\/paura-volare-conoscerla-affrontarla\/\" \/>\n<meta property=\"og:locale\" content=\"it_IT\" \/>\n<meta property=\"og:type\" content=\"article\" \/>\n<meta property=\"og:title\" content=\"Paura di volare, conoscerla per affrontarla - Sestogrado\" \/>\n<meta property=\"og:description\" content=\"cosa scatta nella nostra testa quando ci troviamo a qualche metro sopra lo spit. Il nostro cervello funziona con dei meccanismi ben precisi. Per chi non se ne fosse ancora accorto, l&#039;arrampicata \u00e8 un&#039;attivit\u00e0 mentale. Una solida base\u00a0fisica\u00a0e una buona tecnica non sono sicuramente da buttare via;\u00a0diventano per\u00f2\u00a0inutili se la testa ci blocca e non riusciamo ad eseguire nemmeno un passaggio. Quando invece la testa &quot;c\u2019\u00e8&quot;\u00a0ci muoviamo in modo fluido e naturale, come se fossimo nati arrampicando.\" \/>\n<meta property=\"og:url\" content=\"https:\/\/www.sestogrado.it\/it\/paura-volare-conoscerla-affrontarla\/\" \/>\n<meta property=\"og:site_name\" content=\"Sestogrado\" \/>\n<meta property=\"article:publisher\" content=\"https:\/\/www.facebook.com\/pages\/Sestogrado\/1542635979353017?ref=bookmarks\" \/>\n<meta property=\"article:published_time\" content=\"2023-12-12T06:00:53+00:00\" \/>\n<meta property=\"article:modified_time\" content=\"2023-12-12T11:08:24+00:00\" \/>\n<meta property=\"og:image\" content=\"https:\/\/www.sestogrado.it\/wp-content\/uploads\/2017\/12\/32765186234_1d133f8c99_o.jpg\" \/>\n\t<meta property=\"og:image:width\" content=\"504\" \/>\n\t<meta property=\"og:image:height\" content=\"336\" \/>\n\t<meta property=\"og:image:type\" content=\"image\/jpeg\" \/>\n<meta name=\"author\" content=\"admin\" \/>\n<meta name=\"twitter:label1\" content=\"Scritto da\" \/>\n\t<meta name=\"twitter:data1\" content=\"admin\" \/>\n\t<meta name=\"twitter:label2\" content=\"Tempo di lettura stimato\" \/>\n\t<meta name=\"twitter:data2\" content=\"6 minuti\" \/>\n<script type=\"application\/ld+json\" class=\"yoast-schema-graph\">{\"@context\":\"https:\/\/schema.org\",\"@graph\":[{\"@type\":\"Article\",\"@id\":\"https:\/\/www.sestogrado.it\/paura-volare-conoscerla-affrontarla\/#article\",\"isPartOf\":{\"@id\":\"https:\/\/www.sestogrado.it\/paura-volare-conoscerla-affrontarla\/\"},\"author\":{\"name\":\"admin\",\"@id\":\"https:\/\/www.sestogrado.it\/en\/#\/schema\/person\/79f414dc6904c7d2eef9d047c045f445\"},\"headline\":\"Paura di volare, conoscerla per affrontarla\",\"datePublished\":\"2023-12-12T06:00:53+00:00\",\"dateModified\":\"2023-12-12T11:08:24+00:00\",\"mainEntityOfPage\":{\"@id\":\"https:\/\/www.sestogrado.it\/paura-volare-conoscerla-affrontarla\/\"},\"wordCount\":1110,\"commentCount\":0,\"publisher\":{\"@id\":\"https:\/\/www.sestogrado.it\/en\/#organization\"},\"image\":{\"@id\":\"https:\/\/www.sestogrado.it\/paura-volare-conoscerla-affrontarla\/#primaryimage\"},\"thumbnailUrl\":\"https:\/\/www.sestogrado.it\/wp-content\/uploads\/2017\/12\/32765186234_1d133f8c99_o.jpg\",\"articleSection\":[\"Libro di vetta\"],\"inLanguage\":\"it-IT\",\"potentialAction\":[{\"@type\":\"CommentAction\",\"name\":\"Comment\",\"target\":[\"https:\/\/www.sestogrado.it\/paura-volare-conoscerla-affrontarla\/#respond\"]}]},{\"@type\":\"WebPage\",\"@id\":\"https:\/\/www.sestogrado.it\/it\/paura-volare-conoscerla-affrontarla\/\",\"url\":\"https:\/\/www.sestogrado.it\/it\/paura-volare-conoscerla-affrontarla\/\",\"name\":\"Paura di volare, conoscerla per affrontarla - Sestogrado\",\"isPartOf\":{\"@id\":\"https:\/\/www.sestogrado.it\/it\/#website\"},\"primaryImageOfPage\":{\"@id\":\"https:\/\/www.sestogrado.it\/it\/paura-volare-conoscerla-affrontarla\/#primaryimage\"},\"image\":{\"@id\":\"https:\/\/www.sestogrado.it\/paura-volare-conoscerla-affrontarla\/#primaryimage\"},\"thumbnailUrl\":\"https:\/\/www.sestogrado.it\/wp-content\/uploads\/2017\/12\/32765186234_1d133f8c99_o.jpg\",\"datePublished\":\"2023-12-12T06:00:53+00:00\",\"dateModified\":\"2023-12-12T11:08:24+00:00\",\"description\":\"cosa scatta nella nostra testa quando ci troviamo a qualche metro sopra lo spit. Il nostro cervello funziona con dei meccanismi ben precisi. Per chi non se ne fosse ancora accorto, l'arrampicata \u00e8 un'attivit\u00e0 mentale. Una solida base\u00a0fisica\u00a0e una buona tecnica non sono sicuramente da buttare via;\u00a0diventano per\u00f2\u00a0inutili se la testa ci blocca e non riusciamo ad eseguire nemmeno un passaggio. Quando invece la testa \\\"c\u2019\u00e8\\\"\u00a0ci muoviamo in modo fluido e naturale, come se fossimo nati arrampicando.\",\"breadcrumb\":{\"@id\":\"https:\/\/www.sestogrado.it\/it\/paura-volare-conoscerla-affrontarla\/#breadcrumb\"},\"inLanguage\":\"it-IT\",\"potentialAction\":[{\"@type\":\"ReadAction\",\"target\":[[\"https:\/\/www.sestogrado.it\/it\/paura-volare-conoscerla-affrontarla\/\"]]}]},{\"@type\":\"ImageObject\",\"inLanguage\":\"it-IT\",\"@id\":\"https:\/\/www.sestogrado.it\/it\/paura-volare-conoscerla-affrontarla\/#primaryimage\",\"url\":\"https:\/\/www.sestogrado.it\/wp-content\/uploads\/2017\/12\/32765186234_1d133f8c99_o.jpg\",\"contentUrl\":\"https:\/\/www.sestogrado.it\/wp-content\/uploads\/2017\/12\/32765186234_1d133f8c99_o.jpg\",\"width\":504,\"height\":336,\"caption\":\"paura di volare\"},{\"@type\":\"BreadcrumbList\",\"@id\":\"https:\/\/www.sestogrado.it\/it\/paura-volare-conoscerla-affrontarla\/#breadcrumb\",\"itemListElement\":[{\"@type\":\"ListItem\",\"position\":1,\"name\":\"Home\",\"item\":\"https:\/\/www.sestogrado.it\/it\/\"},{\"@type\":\"ListItem\",\"position\":2,\"name\":\"Paura di volare, conoscerla per affrontarla\"}]},{\"@type\":\"WebSite\",\"@id\":\"https:\/\/www.sestogrado.it\/it\/#website\",\"url\":\"https:\/\/www.sestogrado.it\/it\/\",\"name\":\"Sestogrado\",\"description\":\"yes we climb\",\"publisher\":{\"@id\":\"https:\/\/www.sestogrado.it\/it\/#organization\"},\"potentialAction\":[{\"@type\":\"SearchAction\",\"target\":{\"@type\":\"EntryPoint\",\"urlTemplate\":\"https:\/\/www.sestogrado.it\/it\/?s={search_term_string}\"},\"query-input\":{\"@type\":\"PropertyValueSpecification\",\"valueRequired\":true,\"valueName\":\"search_term_string\"}}],\"inLanguage\":\"it-IT\"},{\"@type\":\"Organization\",\"@id\":\"https:\/\/www.sestogrado.it\/it\/#organization\",\"name\":\"Sestogrado\",\"url\":\"https:\/\/www.sestogrado.it\/it\/\",\"logo\":{\"@type\":\"ImageObject\",\"inLanguage\":\"it-IT\",\"@id\":\"https:\/\/www.sestogrado.it\/it\/#\/schema\/logo\/image\/\",\"url\":\"https:\/\/www.sestogrado.it\/wp-content\/uploads\/2015\/03\/sestogrado-favicon.png\",\"contentUrl\":\"https:\/\/www.sestogrado.it\/wp-content\/uploads\/2015\/03\/sestogrado-favicon.png\",\"width\":260,\"height\":260,\"caption\":\"Sestogrado\"},\"image\":{\"@id\":\"https:\/\/www.sestogrado.it\/it\/#\/schema\/logo\/image\/\"},\"sameAs\":[\"https:\/\/www.facebook.com\/pages\/Sestogrado\/1542635979353017?ref=bookmarks\",\"https:\/\/www.youtube.com\/channel\/UC847kAfTkaJsWpc1jtQwr3Q\"],\"hasMerchantReturnPolicy\":{\"@type\":\"MerchantReturnPolicy\",\"merchantReturnLink\":\"https:\/\/www.sestogrado.it\/it\/termini-e-condizioni\/\"}},{\"@type\":\"Person\",\"@id\":\"https:\/\/www.sestogrado.it\/en\/#\/schema\/person\/79f414dc6904c7d2eef9d047c045f445\",\"name\":\"admin\"}]}<\/script>\n<!-- \/ Yoast SEO plugin. -->","yoast_head_json":{"title":"Paura di volare, conoscerla per affrontarla - Sestogrado","description":"cosa scatta nella nostra testa quando ci troviamo a qualche metro sopra lo spit. Il nostro cervello funziona con dei meccanismi ben precisi. Per chi non se ne fosse ancora accorto, l'arrampicata \u00e8 un'attivit\u00e0 mentale. Una solida base\u00a0fisica\u00a0e una buona tecnica non sono sicuramente da buttare via;\u00a0diventano per\u00f2\u00a0inutili se la testa ci blocca e non riusciamo ad eseguire nemmeno un passaggio. Quando invece la testa \"c\u2019\u00e8\"\u00a0ci muoviamo in modo fluido e naturale, come se fossimo nati arrampicando.","robots":{"index":"index","follow":"follow","max-snippet":"max-snippet:-1","max-image-preview":"max-image-preview:large","max-video-preview":"max-video-preview:-1"},"canonical":"https:\/\/www.sestogrado.it\/it\/paura-volare-conoscerla-affrontarla\/","og_locale":"it_IT","og_type":"article","og_title":"Paura di volare, conoscerla per affrontarla - Sestogrado","og_description":"cosa scatta nella nostra testa quando ci troviamo a qualche metro sopra lo spit. Il nostro cervello funziona con dei meccanismi ben precisi. Per chi non se ne fosse ancora accorto, l'arrampicata \u00e8 un'attivit\u00e0 mentale. Una solida base\u00a0fisica\u00a0e una buona tecnica non sono sicuramente da buttare via;\u00a0diventano per\u00f2\u00a0inutili se la testa ci blocca e non riusciamo ad eseguire nemmeno un passaggio. Quando invece la testa \"c\u2019\u00e8\"\u00a0ci muoviamo in modo fluido e naturale, come se fossimo nati arrampicando.","og_url":"https:\/\/www.sestogrado.it\/it\/paura-volare-conoscerla-affrontarla\/","og_site_name":"Sestogrado","article_publisher":"https:\/\/www.facebook.com\/pages\/Sestogrado\/1542635979353017?ref=bookmarks","article_published_time":"2023-12-12T06:00:53+00:00","article_modified_time":"2023-12-12T11:08:24+00:00","og_image":[{"width":504,"height":336,"url":"https:\/\/www.sestogrado.it\/wp-content\/uploads\/2017\/12\/32765186234_1d133f8c99_o.jpg","type":"image\/jpeg"}],"author":"admin","twitter_misc":{"Scritto da":"admin","Tempo di lettura stimato":"6 minuti"},"schema":{"@context":"https:\/\/schema.org","@graph":[{"@type":"Article","@id":"https:\/\/www.sestogrado.it\/paura-volare-conoscerla-affrontarla\/#article","isPartOf":{"@id":"https:\/\/www.sestogrado.it\/paura-volare-conoscerla-affrontarla\/"},"author":{"name":"admin","@id":"https:\/\/www.sestogrado.it\/en\/#\/schema\/person\/79f414dc6904c7d2eef9d047c045f445"},"headline":"Paura di volare, conoscerla per affrontarla","datePublished":"2023-12-12T06:00:53+00:00","dateModified":"2023-12-12T11:08:24+00:00","mainEntityOfPage":{"@id":"https:\/\/www.sestogrado.it\/paura-volare-conoscerla-affrontarla\/"},"wordCount":1110,"commentCount":0,"publisher":{"@id":"https:\/\/www.sestogrado.it\/en\/#organization"},"image":{"@id":"https:\/\/www.sestogrado.it\/paura-volare-conoscerla-affrontarla\/#primaryimage"},"thumbnailUrl":"https:\/\/www.sestogrado.it\/wp-content\/uploads\/2017\/12\/32765186234_1d133f8c99_o.jpg","articleSection":["Libro di vetta"],"inLanguage":"it-IT","potentialAction":[{"@type":"CommentAction","name":"Comment","target":["https:\/\/www.sestogrado.it\/paura-volare-conoscerla-affrontarla\/#respond"]}]},{"@type":"WebPage","@id":"https:\/\/www.sestogrado.it\/it\/paura-volare-conoscerla-affrontarla\/","url":"https:\/\/www.sestogrado.it\/it\/paura-volare-conoscerla-affrontarla\/","name":"Paura di volare, conoscerla per affrontarla - Sestogrado","isPartOf":{"@id":"https:\/\/www.sestogrado.it\/it\/#website"},"primaryImageOfPage":{"@id":"https:\/\/www.sestogrado.it\/it\/paura-volare-conoscerla-affrontarla\/#primaryimage"},"image":{"@id":"https:\/\/www.sestogrado.it\/paura-volare-conoscerla-affrontarla\/#primaryimage"},"thumbnailUrl":"https:\/\/www.sestogrado.it\/wp-content\/uploads\/2017\/12\/32765186234_1d133f8c99_o.jpg","datePublished":"2023-12-12T06:00:53+00:00","dateModified":"2023-12-12T11:08:24+00:00","description":"cosa scatta nella nostra testa quando ci troviamo a qualche metro sopra lo spit. Il nostro cervello funziona con dei meccanismi ben precisi. Per chi non se ne fosse ancora accorto, l'arrampicata \u00e8 un'attivit\u00e0 mentale. Una solida base\u00a0fisica\u00a0e una buona tecnica non sono sicuramente da buttare via;\u00a0diventano per\u00f2\u00a0inutili se la testa ci blocca e non riusciamo ad eseguire nemmeno un passaggio. Quando invece la testa \"c\u2019\u00e8\"\u00a0ci muoviamo in modo fluido e naturale, come se fossimo nati arrampicando.","breadcrumb":{"@id":"https:\/\/www.sestogrado.it\/it\/paura-volare-conoscerla-affrontarla\/#breadcrumb"},"inLanguage":"it-IT","potentialAction":[{"@type":"ReadAction","target":[["https:\/\/www.sestogrado.it\/it\/paura-volare-conoscerla-affrontarla\/"]]}]},{"@type":"ImageObject","inLanguage":"it-IT","@id":"https:\/\/www.sestogrado.it\/it\/paura-volare-conoscerla-affrontarla\/#primaryimage","url":"https:\/\/www.sestogrado.it\/wp-content\/uploads\/2017\/12\/32765186234_1d133f8c99_o.jpg","contentUrl":"https:\/\/www.sestogrado.it\/wp-content\/uploads\/2017\/12\/32765186234_1d133f8c99_o.jpg","width":504,"height":336,"caption":"paura di volare"},{"@type":"BreadcrumbList","@id":"https:\/\/www.sestogrado.it\/it\/paura-volare-conoscerla-affrontarla\/#breadcrumb","itemListElement":[{"@type":"ListItem","position":1,"name":"Home","item":"https:\/\/www.sestogrado.it\/it\/"},{"@type":"ListItem","position":2,"name":"Paura di volare, conoscerla per affrontarla"}]},{"@type":"WebSite","@id":"https:\/\/www.sestogrado.it\/it\/#website","url":"https:\/\/www.sestogrado.it\/it\/","name":"Sestogrado","description":"yes we climb","publisher":{"@id":"https:\/\/www.sestogrado.it\/it\/#organization"},"potentialAction":[{"@type":"SearchAction","target":{"@type":"EntryPoint","urlTemplate":"https:\/\/www.sestogrado.it\/it\/?s={search_term_string}"},"query-input":{"@type":"PropertyValueSpecification","valueRequired":true,"valueName":"search_term_string"}}],"inLanguage":"it-IT"},{"@type":"Organization","@id":"https:\/\/www.sestogrado.it\/it\/#organization","name":"Sestogrado","url":"https:\/\/www.sestogrado.it\/it\/","logo":{"@type":"ImageObject","inLanguage":"it-IT","@id":"https:\/\/www.sestogrado.it\/it\/#\/schema\/logo\/image\/","url":"https:\/\/www.sestogrado.it\/wp-content\/uploads\/2015\/03\/sestogrado-favicon.png","contentUrl":"https:\/\/www.sestogrado.it\/wp-content\/uploads\/2015\/03\/sestogrado-favicon.png","width":260,"height":260,"caption":"Sestogrado"},"image":{"@id":"https:\/\/www.sestogrado.it\/it\/#\/schema\/logo\/image\/"},"sameAs":["https:\/\/www.facebook.com\/pages\/Sestogrado\/1542635979353017?ref=bookmarks","https:\/\/www.youtube.com\/channel\/UC847kAfTkaJsWpc1jtQwr3Q"],"hasMerchantReturnPolicy":{"@type":"MerchantReturnPolicy","merchantReturnLink":"https:\/\/www.sestogrado.it\/it\/termini-e-condizioni\/"}},{"@type":"Person","@id":"https:\/\/www.sestogrado.it\/en\/#\/schema\/person\/79f414dc6904c7d2eef9d047c045f445","name":"admin"}]}},"_links":{"self":[{"href":"https:\/\/www.sestogrado.it\/it\/wp-json\/wp\/v2\/posts\/14252","targetHints":{"allow":["GET"]}}],"collection":[{"href":"https:\/\/www.sestogrado.it\/it\/wp-json\/wp\/v2\/posts"}],"about":[{"href":"https:\/\/www.sestogrado.it\/it\/wp-json\/wp\/v2\/types\/post"}],"author":[{"embeddable":true,"href":"https:\/\/www.sestogrado.it\/it\/wp-json\/wp\/v2\/users\/1"}],"replies":[{"embeddable":true,"href":"https:\/\/www.sestogrado.it\/it\/wp-json\/wp\/v2\/comments?post=14252"}],"version-history":[{"count":0,"href":"https:\/\/www.sestogrado.it\/it\/wp-json\/wp\/v2\/posts\/14252\/revisions"}],"wp:featuredmedia":[{"embeddable":true,"href":"https:\/\/www.sestogrado.it\/it\/wp-json\/wp\/v2\/media\/14253"}],"wp:attachment":[{"href":"https:\/\/www.sestogrado.it\/it\/wp-json\/wp\/v2\/media?parent=14252"}],"wp:term":[{"taxonomy":"category","embeddable":true,"href":"https:\/\/www.sestogrado.it\/it\/wp-json\/wp\/v2\/categories?post=14252"},{"taxonomy":"post_tag","embeddable":true,"href":"https:\/\/www.sestogrado.it\/it\/wp-json\/wp\/v2\/tags?post=14252"}],"curies":[{"name":"wp","href":"https:\/\/api.w.org\/{rel}","templated":true}]}}