{"id":139951,"date":"2025-07-02T07:33:14","date_gmt":"2025-07-02T05:33:14","guid":{"rendered":"https:\/\/www.sestogrado.it\/?p=139951"},"modified":"2025-07-02T08:41:31","modified_gmt":"2025-07-02T06:41:31","slug":"quanto-dura-la-corda-e-quando-mandarla-in-pensione","status":"publish","type":"post","link":"https:\/\/www.sestogrado.it\/it\/quanto-dura-la-corda-e-quando-mandarla-in-pensione\/","title":{"rendered":"Quanto dura la corda e quando mandarla in pensione"},"content":{"rendered":"<p>La durata di vita dell\u2019attrezzatura da arrampicata non \u00e8 una scienza esatta. L\u2019UIAA ha stabilito delle linee guida per la durata dei materiali che si riferiscono solo ad un arco di tempo raccomandato di utilizzo. Per le corde da arrampicata questo fa riferimento a <strong>10 anni a partire dal primo utilizzo<\/strong> (bada bene, primo utilizzo e non data di produzione). Avendo a che fare con climber di tutto il mondo che scalano in modo e frequenza diversa, l\u2019UIAA ha posto uno standard di buon senso ma che non pu\u00f2 corrispondere ai singoli casi concreti. Una guida alpina, che scala tutti i giorni e con i clienti, in media \u201cfa fuori\u201d una corda all\u2019anno. Uno scalatore occasionale, che scala un paio di volte al mese, se conservata bene, vedr\u00e0 durare la sua corda degli anni. La corda, conservata correttamente non degrada e mantiene inalterate le sue propriet\u00e0, ci\u00f2 che le fa accorciare la vita \u00e8 l\u2019utilizzo. (<a href=\"http:\/\/www.caimateriali.org\/images\/pdf\/Bressan_G.__Polato_M._Le_corde_nel_cassetto_-_25_anni_dopo_-_LAV_2-2020.pdf\" target=\"_blank\" rel=\"noopener\">Qui<\/a> uno studio effettuato dal centro materiali e tecniche del CAI che ha conservato &#8220;nell&#8217;armadio&#8221; per 10 anni alcune corde nuove, per poi testarle e rilevare che i valori dinamici erano come quelli di 10 anni prima, cio\u00e8 pari al nuovo).<\/p>\n<p><img decoding=\"async\" class=\"img-fluid alignnone wp-image-139958 \" src=\"https:\/\/www.sestogrado.it\/wp-content\/uploads\/2023\/08\/cop2.jpg\" alt=\"durata corda\" width=\"749\" height=\"499\" srcset=\"https:\/\/www.sestogrado.it\/wp-content\/uploads\/2023\/08\/cop2.jpg 1000w, https:\/\/www.sestogrado.it\/wp-content\/uploads\/2023\/08\/cop2-750x500.jpg 750w, https:\/\/www.sestogrado.it\/wp-content\/uploads\/2023\/08\/cop2-300x200.jpg 300w, https:\/\/www.sestogrado.it\/wp-content\/uploads\/2023\/08\/cop2-768x512.jpg 768w, https:\/\/www.sestogrado.it\/wp-content\/uploads\/2023\/08\/cop2-635x424.jpg 635w, https:\/\/www.sestogrado.it\/wp-content\/uploads\/2023\/08\/cop2-120x80.jpg 120w, https:\/\/www.sestogrado.it\/wp-content\/uploads\/2023\/08\/cop2-90x60.jpg 90w, https:\/\/www.sestogrado.it\/wp-content\/uploads\/2023\/08\/cop2-135x90.jpg 135w\" sizes=\"(max-width: 749px) 100vw, 749px\" \/><\/p>\n<h3>Quando mandare in pensione la tua corda<\/h3>\n<p>Ritira immediatamente una corda da arrampicata se \u00e8 stata coinvolta in una caduta significativa con carichi estremi o se mostra danni, come tagli, punti piatti, rigidit\u00e0 o molta sfilacciatura.<\/p>\n<p>Anche una corda che non mostra segni visibili di danni deve essere ritirata con il tempo. Ecco alcune linee guida approssimative:<\/p>\n<ul>\n<li>Dopo una caduta con carichi estremi o altri danni: immediatamente<\/li>\n<li>Uso frequente (settimanale): 1 anno o prima<\/li>\n<li>Uso regolare (alcune volte al mese): 1\u20133 anni<\/li>\n<li>Uso occasionale (una volta al mese): 4\u20135 anni<\/li>\n<li>Uso raro (1\u20132 volte all&#8217;anno): 7 anni<\/li>\n<li>Mai utilizzata: l&#8217;UIAA suggerisce 10 anni dall&#8217;acquisto come periodo di default, ma se stoccata correttamente, la corda di fatto \u00e8 pari al nuovo e pu\u00f2 essere utilizzata.<\/li>\n<\/ul>\n<p>Tieni un <strong>diario di utilizzo<\/strong> della corda: Registrare la data di acquisto, la frequenza di utilizzo e il numero e la gravit\u00e0 delle cadute in un registro ti aiuter\u00e0 a determinare con precisione quando \u00e8 il momento di ritirare una corda.<\/p>\n<p><img decoding=\"async\" class=\"img-fluid alignnone wp-image-139954 size-full\" src=\"https:\/\/www.sestogrado.it\/wp-content\/uploads\/2023\/08\/anima.jpg\" alt=\"anima corda\" width=\"760\" height=\"507\" srcset=\"https:\/\/www.sestogrado.it\/wp-content\/uploads\/2023\/08\/anima.jpg 760w, https:\/\/www.sestogrado.it\/wp-content\/uploads\/2023\/08\/anima-750x500.jpg 750w, https:\/\/www.sestogrado.it\/wp-content\/uploads\/2023\/08\/anima-300x200.jpg 300w, https:\/\/www.sestogrado.it\/wp-content\/uploads\/2023\/08\/anima-635x424.jpg 635w, https:\/\/www.sestogrado.it\/wp-content\/uploads\/2023\/08\/anima-120x80.jpg 120w, https:\/\/www.sestogrado.it\/wp-content\/uploads\/2023\/08\/anima-90x60.jpg 90w, https:\/\/www.sestogrado.it\/wp-content\/uploads\/2023\/08\/anima-135x90.jpg 135w\" sizes=\"(max-width: 760px) 100vw, 760px\" \/><\/p>\n<p><strong>Come controllare la tua corda<\/strong>: per conoscere la condizione della tua corda, \u00e8 importante ispezionarla prima di ogni uscita. Fai scorrere ogni centimetro della corda tra le mani per cercare e sentire eventuali danni. Esegui questi controlli durante l&#8217;ispezione della corda:<\/p>\n<ul>\n<li>Ci sono aree estremamente sfilacciate?<\/li>\n<li>Vedi o senti tagli?<\/li>\n<li>Vedi o senti punti piatti?<\/li>\n<li>La corda \u00e8 rigida?<\/li>\n<li>Vedi l&#8217;anima della corda?<\/li>\n<li>Vedi una decolorazione dovuta all&#8217;esposizione al sole e\/o a sostanze chimiche?<\/li>\n<\/ul>\n<p>Se la risposta \u00e8 &#8220;s\u00ec&#8221; a una qualsiasi di queste domande, ritira la corda, anche se potrebbe essere possibile tagliare via un&#8217;area danneggiata vicino alla fine della corda (impara come <strong>tagliare una corda<\/strong> <a href=\"https:\/\/www.sestogrado.it\/it\/tagliare-la-corda\/\" target=\"_blank\" rel=\"noopener\">qui<\/a>).<\/p>\n<p><img decoding=\"async\" class=\"img-fluid alignnone wp-image-139953 \" src=\"https:\/\/www.sestogrado.it\/wp-content\/uploads\/2023\/08\/04.jpg\" alt=\"jimi hendrix corda\" width=\"607\" height=\"809\" srcset=\"https:\/\/www.sestogrado.it\/wp-content\/uploads\/2023\/08\/04.jpg 730w, https:\/\/www.sestogrado.it\/wp-content\/uploads\/2023\/08\/04-225x300.jpg 225w, https:\/\/www.sestogrado.it\/wp-content\/uploads\/2023\/08\/04-635x846.jpg 635w, https:\/\/www.sestogrado.it\/wp-content\/uploads\/2023\/08\/04-60x80.jpg 60w, https:\/\/www.sestogrado.it\/wp-content\/uploads\/2023\/08\/04-45x60.jpg 45w, https:\/\/www.sestogrado.it\/wp-content\/uploads\/2023\/08\/04-68x90.jpg 68w\" sizes=\"(max-width: 607px) 100vw, 607px\" \/><\/p>\n<p><em>La lunga e variegata vita delle corde. Jimi Hendrix realizzato in corde da Mick Tresemer<\/em><\/p>\n<p>&nbsp;<\/p>\n<p><strong>Come mandare in pensione la tua corda<\/strong>: quando hai deciso che \u00e8 il momento di ritirare la tua corda, cerca di trovarle un uso creativo anzich\u00e9 gettarla nell&#8217;immondizia. Forse puoi trasformarla in un tappeto, un guinzaglio per cani o un filo per stendere i panni. Alcuni produttori accettano corde usate per il riciclo. Le corde Beal, per esempio, sono al 100% riciclabili, le puoi <a href=\"https:\/\/eu.beal-planet.com\/?country=IT\" target=\"_blank\" rel=\"noopener\">restituire in Beal<\/a> dove vengono stoccate, distrutte e trasformate in granuli per l\u2019industria plastica, per iniziare un secondo utilizzo.<\/p>\n<p>&nbsp;<\/p>\n<p>Climb safe<\/p>","protected":false},"excerpt":{"rendered":"<p>Durata ed utilizzo della corda da arrampicata.<\/p>\n","protected":false},"author":1,"featured_media":139957,"comment_status":"open","ping_status":"open","sticky":false,"template":"","format":"standard","meta":{"_acf_changed":false,"footnotes":""},"categories":[79],"tags":[],"class_list":["post-139951","post","type-post","status-publish","format-standard","has-post-thumbnail","hentry","category-libro-di-vetta"],"acf":[],"yoast_head":"<!-- This site is optimized with the Yoast SEO plugin v26.4 - https:\/\/yoast.com\/wordpress\/plugins\/seo\/ -->\n<title>Quanto dura la corda e quando mandarla in pensione - Sestogrado<\/title>\n<meta name=\"description\" content=\"Durata ed utilizzo della corda da arrampicata. La durata di vita dell\u2019attrezzatura da arrampicata non \u00e8 una scienza esatta. L\u2019UIAA ha stabilito delle linee guida per la durata dei materiali che si riferiscono solo ad un arco di tempo raccomandato di utilizzo. Per le corde da arrampicata questo fa riferimento a 10 anni a partire dal primo utilizzo (bada bene, primo utilizzo e non data di produzione). Avendo a che fare con climber di tutto il mondo che scalano in modo e frequenza diversa, l\u2019UIAA ha posto uno standard di buon senso ma che non pu\u00f2 corrispondere ai singoli casi concreti. Una guida alpina, che scala tutti i giorni e con i clienti, in media \u201cfa fuori\u201d una corda all\u2019anno. Uno scalatore occasionale, che scala un paio di volte al mese, se conservata bene, vedr\u00e0 durare la sua corda degli anni. La corda, conservata correttamente non degrada e mantiene inalterate le sue propriet\u00e0, ci\u00f2 che le fa accorciare la vita \u00e8 l\u2019utilizzo. (Qui uno studio del CAI che ha tenuto nell\u2019armadio alcune corde per 10 anni, le ha tirate fuori ed ha effettuato le prove dinamiche, rilevando che le corde erano pari al nuovo).\" \/>\n<meta name=\"robots\" content=\"index, follow, max-snippet:-1, max-image-preview:large, max-video-preview:-1\" \/>\n<link rel=\"canonical\" href=\"https:\/\/www.sestogrado.it\/it\/quanto-dura-la-corda-e-quando-mandarla-in-pensione\/\" \/>\n<meta property=\"og:locale\" content=\"it_IT\" \/>\n<meta property=\"og:type\" content=\"article\" \/>\n<meta property=\"og:title\" content=\"Quanto dura la corda e quando mandarla in pensione - Sestogrado\" \/>\n<meta property=\"og:description\" content=\"Durata ed utilizzo della corda da arrampicata. La durata di vita dell\u2019attrezzatura da arrampicata non \u00e8 una scienza esatta. L\u2019UIAA ha stabilito delle linee guida per la durata dei materiali che si riferiscono solo ad un arco di tempo raccomandato di utilizzo. Per le corde da arrampicata questo fa riferimento a 10 anni a partire dal primo utilizzo (bada bene, primo utilizzo e non data di produzione). Avendo a che fare con climber di tutto il mondo che scalano in modo e frequenza diversa, l\u2019UIAA ha posto uno standard di buon senso ma che non pu\u00f2 corrispondere ai singoli casi concreti. Una guida alpina, che scala tutti i giorni e con i clienti, in media \u201cfa fuori\u201d una corda all\u2019anno. Uno scalatore occasionale, che scala un paio di volte al mese, se conservata bene, vedr\u00e0 durare la sua corda degli anni. La corda, conservata correttamente non degrada e mantiene inalterate le sue propriet\u00e0, ci\u00f2 che le fa accorciare la vita \u00e8 l\u2019utilizzo. (Qui uno studio del CAI che ha tenuto nell\u2019armadio alcune corde per 10 anni, le ha tirate fuori ed ha effettuato le prove dinamiche, rilevando che le corde erano pari al nuovo).\" \/>\n<meta property=\"og:url\" content=\"https:\/\/www.sestogrado.it\/it\/quanto-dura-la-corda-e-quando-mandarla-in-pensione\/\" \/>\n<meta property=\"og:site_name\" content=\"Sestogrado\" \/>\n<meta property=\"article:publisher\" content=\"https:\/\/www.facebook.com\/pages\/Sestogrado\/1542635979353017?ref=bookmarks\" \/>\n<meta property=\"article:published_time\" content=\"2025-07-02T05:33:14+00:00\" \/>\n<meta property=\"article:modified_time\" content=\"2025-07-02T06:41:31+00:00\" \/>\n<meta property=\"og:image\" content=\"https:\/\/www.sestogrado.it\/wp-content\/uploads\/2023\/08\/cop.jpg\" \/>\n\t<meta property=\"og:image:width\" content=\"1200\" \/>\n\t<meta property=\"og:image:height\" content=\"900\" \/>\n\t<meta property=\"og:image:type\" content=\"image\/jpeg\" \/>\n<meta name=\"author\" content=\"admin\" \/>\n<meta name=\"twitter:label1\" content=\"Scritto da\" \/>\n\t<meta name=\"twitter:data1\" content=\"admin\" \/>\n\t<meta name=\"twitter:label2\" content=\"Tempo di lettura stimato\" \/>\n\t<meta name=\"twitter:data2\" content=\"4 minuti\" \/>\n<script type=\"application\/ld+json\" class=\"yoast-schema-graph\">{\"@context\":\"https:\/\/schema.org\",\"@graph\":[{\"@type\":\"Article\",\"@id\":\"https:\/\/www.sestogrado.it\/quanto-dura-la-corda-e-quando-mandarla-in-pensione\/#article\",\"isPartOf\":{\"@id\":\"https:\/\/www.sestogrado.it\/quanto-dura-la-corda-e-quando-mandarla-in-pensione\/\"},\"author\":{\"name\":\"admin\",\"@id\":\"https:\/\/www.sestogrado.it\/en\/#\/schema\/person\/79f414dc6904c7d2eef9d047c045f445\"},\"headline\":\"Quanto dura la corda e quando mandarla in pensione\",\"datePublished\":\"2025-07-02T05:33:14+00:00\",\"dateModified\":\"2025-07-02T06:41:31+00:00\",\"mainEntityOfPage\":{\"@id\":\"https:\/\/www.sestogrado.it\/quanto-dura-la-corda-e-quando-mandarla-in-pensione\/\"},\"wordCount\":579,\"commentCount\":0,\"publisher\":{\"@id\":\"https:\/\/www.sestogrado.it\/en\/#organization\"},\"image\":{\"@id\":\"https:\/\/www.sestogrado.it\/quanto-dura-la-corda-e-quando-mandarla-in-pensione\/#primaryimage\"},\"thumbnailUrl\":\"https:\/\/www.sestogrado.it\/wp-content\/uploads\/2023\/08\/cop.jpg\",\"articleSection\":[\"Libro di vetta\"],\"inLanguage\":\"it-IT\",\"potentialAction\":[{\"@type\":\"CommentAction\",\"name\":\"Comment\",\"target\":[\"https:\/\/www.sestogrado.it\/quanto-dura-la-corda-e-quando-mandarla-in-pensione\/#respond\"]}]},{\"@type\":\"WebPage\",\"@id\":\"https:\/\/www.sestogrado.it\/it\/quanto-dura-la-corda-e-quando-mandarla-in-pensione\/\",\"url\":\"https:\/\/www.sestogrado.it\/it\/quanto-dura-la-corda-e-quando-mandarla-in-pensione\/\",\"name\":\"Quanto dura la corda e quando mandarla in pensione - Sestogrado\",\"isPartOf\":{\"@id\":\"https:\/\/www.sestogrado.it\/it\/#website\"},\"primaryImageOfPage\":{\"@id\":\"https:\/\/www.sestogrado.it\/it\/quanto-dura-la-corda-e-quando-mandarla-in-pensione\/#primaryimage\"},\"image\":{\"@id\":\"https:\/\/www.sestogrado.it\/quanto-dura-la-corda-e-quando-mandarla-in-pensione\/#primaryimage\"},\"thumbnailUrl\":\"https:\/\/www.sestogrado.it\/wp-content\/uploads\/2023\/08\/cop.jpg\",\"datePublished\":\"2025-07-02T05:33:14+00:00\",\"dateModified\":\"2025-07-02T06:41:31+00:00\",\"description\":\"Durata ed utilizzo della corda da arrampicata. La durata di vita dell\u2019attrezzatura da arrampicata non \u00e8 una scienza esatta. L\u2019UIAA ha stabilito delle linee guida per la durata dei materiali che si riferiscono solo ad un arco di tempo raccomandato di utilizzo. Per le corde da arrampicata questo fa riferimento a 10 anni a partire dal primo utilizzo (bada bene, primo utilizzo e non data di produzione). Avendo a che fare con climber di tutto il mondo che scalano in modo e frequenza diversa, l\u2019UIAA ha posto uno standard di buon senso ma che non pu\u00f2 corrispondere ai singoli casi concreti. Una guida alpina, che scala tutti i giorni e con i clienti, in media \u201cfa fuori\u201d una corda all\u2019anno. Uno scalatore occasionale, che scala un paio di volte al mese, se conservata bene, vedr\u00e0 durare la sua corda degli anni. La corda, conservata correttamente non degrada e mantiene inalterate le sue propriet\u00e0, ci\u00f2 che le fa accorciare la vita \u00e8 l\u2019utilizzo. (Qui uno studio del CAI che ha tenuto nell\u2019armadio alcune corde per 10 anni, le ha tirate fuori ed ha effettuato le prove dinamiche, rilevando che le corde erano pari al nuovo).\",\"breadcrumb\":{\"@id\":\"https:\/\/www.sestogrado.it\/it\/quanto-dura-la-corda-e-quando-mandarla-in-pensione\/#breadcrumb\"},\"inLanguage\":\"it-IT\",\"potentialAction\":[{\"@type\":\"ReadAction\",\"target\":[[\"https:\/\/www.sestogrado.it\/it\/quanto-dura-la-corda-e-quando-mandarla-in-pensione\/\"]]}]},{\"@type\":\"ImageObject\",\"inLanguage\":\"it-IT\",\"@id\":\"https:\/\/www.sestogrado.it\/it\/quanto-dura-la-corda-e-quando-mandarla-in-pensione\/#primaryimage\",\"url\":\"https:\/\/www.sestogrado.it\/wp-content\/uploads\/2023\/08\/cop.jpg\",\"contentUrl\":\"https:\/\/www.sestogrado.it\/wp-content\/uploads\/2023\/08\/cop.jpg\",\"width\":1200,\"height\":900,\"caption\":\"durata corda\"},{\"@type\":\"BreadcrumbList\",\"@id\":\"https:\/\/www.sestogrado.it\/it\/quanto-dura-la-corda-e-quando-mandarla-in-pensione\/#breadcrumb\",\"itemListElement\":[{\"@type\":\"ListItem\",\"position\":1,\"name\":\"Home\",\"item\":\"https:\/\/www.sestogrado.it\/it\/\"},{\"@type\":\"ListItem\",\"position\":2,\"name\":\"Quanto dura la corda e quando mandarla in pensione\"}]},{\"@type\":\"WebSite\",\"@id\":\"https:\/\/www.sestogrado.it\/it\/#website\",\"url\":\"https:\/\/www.sestogrado.it\/it\/\",\"name\":\"Sestogrado\",\"description\":\"yes we climb\",\"publisher\":{\"@id\":\"https:\/\/www.sestogrado.it\/it\/#organization\"},\"potentialAction\":[{\"@type\":\"SearchAction\",\"target\":{\"@type\":\"EntryPoint\",\"urlTemplate\":\"https:\/\/www.sestogrado.it\/it\/?s={search_term_string}\"},\"query-input\":{\"@type\":\"PropertyValueSpecification\",\"valueRequired\":true,\"valueName\":\"search_term_string\"}}],\"inLanguage\":\"it-IT\"},{\"@type\":\"Organization\",\"@id\":\"https:\/\/www.sestogrado.it\/it\/#organization\",\"name\":\"Sestogrado\",\"url\":\"https:\/\/www.sestogrado.it\/it\/\",\"logo\":{\"@type\":\"ImageObject\",\"inLanguage\":\"it-IT\",\"@id\":\"https:\/\/www.sestogrado.it\/it\/#\/schema\/logo\/image\/\",\"url\":\"https:\/\/www.sestogrado.it\/wp-content\/uploads\/2015\/03\/sestogrado-favicon.png\",\"contentUrl\":\"https:\/\/www.sestogrado.it\/wp-content\/uploads\/2015\/03\/sestogrado-favicon.png\",\"width\":260,\"height\":260,\"caption\":\"Sestogrado\"},\"image\":{\"@id\":\"https:\/\/www.sestogrado.it\/it\/#\/schema\/logo\/image\/\"},\"sameAs\":[\"https:\/\/www.facebook.com\/pages\/Sestogrado\/1542635979353017?ref=bookmarks\",\"https:\/\/www.youtube.com\/channel\/UC847kAfTkaJsWpc1jtQwr3Q\"],\"hasMerchantReturnPolicy\":{\"@type\":\"MerchantReturnPolicy\",\"merchantReturnLink\":\"https:\/\/www.sestogrado.it\/it\/termini-e-condizioni\/\"}},{\"@type\":\"Person\",\"@id\":\"https:\/\/www.sestogrado.it\/en\/#\/schema\/person\/79f414dc6904c7d2eef9d047c045f445\",\"name\":\"admin\"}]}<\/script>\n<!-- \/ Yoast SEO plugin. -->","yoast_head_json":{"title":"Quanto dura la corda e quando mandarla in pensione - Sestogrado","description":"Durata ed utilizzo della corda da arrampicata. La durata di vita dell\u2019attrezzatura da arrampicata non \u00e8 una scienza esatta. L\u2019UIAA ha stabilito delle linee guida per la durata dei materiali che si riferiscono solo ad un arco di tempo raccomandato di utilizzo. Per le corde da arrampicata questo fa riferimento a 10 anni a partire dal primo utilizzo (bada bene, primo utilizzo e non data di produzione). Avendo a che fare con climber di tutto il mondo che scalano in modo e frequenza diversa, l\u2019UIAA ha posto uno standard di buon senso ma che non pu\u00f2 corrispondere ai singoli casi concreti. Una guida alpina, che scala tutti i giorni e con i clienti, in media \u201cfa fuori\u201d una corda all\u2019anno. Uno scalatore occasionale, che scala un paio di volte al mese, se conservata bene, vedr\u00e0 durare la sua corda degli anni. La corda, conservata correttamente non degrada e mantiene inalterate le sue propriet\u00e0, ci\u00f2 che le fa accorciare la vita \u00e8 l\u2019utilizzo. (Qui uno studio del CAI che ha tenuto nell\u2019armadio alcune corde per 10 anni, le ha tirate fuori ed ha effettuato le prove dinamiche, rilevando che le corde erano pari al nuovo).","robots":{"index":"index","follow":"follow","max-snippet":"max-snippet:-1","max-image-preview":"max-image-preview:large","max-video-preview":"max-video-preview:-1"},"canonical":"https:\/\/www.sestogrado.it\/it\/quanto-dura-la-corda-e-quando-mandarla-in-pensione\/","og_locale":"it_IT","og_type":"article","og_title":"Quanto dura la corda e quando mandarla in pensione - Sestogrado","og_description":"Durata ed utilizzo della corda da arrampicata. La durata di vita dell\u2019attrezzatura da arrampicata non \u00e8 una scienza esatta. L\u2019UIAA ha stabilito delle linee guida per la durata dei materiali che si riferiscono solo ad un arco di tempo raccomandato di utilizzo. Per le corde da arrampicata questo fa riferimento a 10 anni a partire dal primo utilizzo (bada bene, primo utilizzo e non data di produzione). Avendo a che fare con climber di tutto il mondo che scalano in modo e frequenza diversa, l\u2019UIAA ha posto uno standard di buon senso ma che non pu\u00f2 corrispondere ai singoli casi concreti. Una guida alpina, che scala tutti i giorni e con i clienti, in media \u201cfa fuori\u201d una corda all\u2019anno. Uno scalatore occasionale, che scala un paio di volte al mese, se conservata bene, vedr\u00e0 durare la sua corda degli anni. La corda, conservata correttamente non degrada e mantiene inalterate le sue propriet\u00e0, ci\u00f2 che le fa accorciare la vita \u00e8 l\u2019utilizzo. (Qui uno studio del CAI che ha tenuto nell\u2019armadio alcune corde per 10 anni, le ha tirate fuori ed ha effettuato le prove dinamiche, rilevando che le corde erano pari al nuovo).","og_url":"https:\/\/www.sestogrado.it\/it\/quanto-dura-la-corda-e-quando-mandarla-in-pensione\/","og_site_name":"Sestogrado","article_publisher":"https:\/\/www.facebook.com\/pages\/Sestogrado\/1542635979353017?ref=bookmarks","article_published_time":"2025-07-02T05:33:14+00:00","article_modified_time":"2025-07-02T06:41:31+00:00","og_image":[{"width":1200,"height":900,"url":"https:\/\/www.sestogrado.it\/wp-content\/uploads\/2023\/08\/cop.jpg","type":"image\/jpeg"}],"author":"admin","twitter_misc":{"Scritto da":"admin","Tempo di lettura stimato":"4 minuti"},"schema":{"@context":"https:\/\/schema.org","@graph":[{"@type":"Article","@id":"https:\/\/www.sestogrado.it\/quanto-dura-la-corda-e-quando-mandarla-in-pensione\/#article","isPartOf":{"@id":"https:\/\/www.sestogrado.it\/quanto-dura-la-corda-e-quando-mandarla-in-pensione\/"},"author":{"name":"admin","@id":"https:\/\/www.sestogrado.it\/en\/#\/schema\/person\/79f414dc6904c7d2eef9d047c045f445"},"headline":"Quanto dura la corda e quando mandarla in pensione","datePublished":"2025-07-02T05:33:14+00:00","dateModified":"2025-07-02T06:41:31+00:00","mainEntityOfPage":{"@id":"https:\/\/www.sestogrado.it\/quanto-dura-la-corda-e-quando-mandarla-in-pensione\/"},"wordCount":579,"commentCount":0,"publisher":{"@id":"https:\/\/www.sestogrado.it\/en\/#organization"},"image":{"@id":"https:\/\/www.sestogrado.it\/quanto-dura-la-corda-e-quando-mandarla-in-pensione\/#primaryimage"},"thumbnailUrl":"https:\/\/www.sestogrado.it\/wp-content\/uploads\/2023\/08\/cop.jpg","articleSection":["Libro di vetta"],"inLanguage":"it-IT","potentialAction":[{"@type":"CommentAction","name":"Comment","target":["https:\/\/www.sestogrado.it\/quanto-dura-la-corda-e-quando-mandarla-in-pensione\/#respond"]}]},{"@type":"WebPage","@id":"https:\/\/www.sestogrado.it\/it\/quanto-dura-la-corda-e-quando-mandarla-in-pensione\/","url":"https:\/\/www.sestogrado.it\/it\/quanto-dura-la-corda-e-quando-mandarla-in-pensione\/","name":"Quanto dura la corda e quando mandarla in pensione - Sestogrado","isPartOf":{"@id":"https:\/\/www.sestogrado.it\/it\/#website"},"primaryImageOfPage":{"@id":"https:\/\/www.sestogrado.it\/it\/quanto-dura-la-corda-e-quando-mandarla-in-pensione\/#primaryimage"},"image":{"@id":"https:\/\/www.sestogrado.it\/quanto-dura-la-corda-e-quando-mandarla-in-pensione\/#primaryimage"},"thumbnailUrl":"https:\/\/www.sestogrado.it\/wp-content\/uploads\/2023\/08\/cop.jpg","datePublished":"2025-07-02T05:33:14+00:00","dateModified":"2025-07-02T06:41:31+00:00","description":"Durata ed utilizzo della corda da arrampicata. La durata di vita dell\u2019attrezzatura da arrampicata non \u00e8 una scienza esatta. L\u2019UIAA ha stabilito delle linee guida per la durata dei materiali che si riferiscono solo ad un arco di tempo raccomandato di utilizzo. Per le corde da arrampicata questo fa riferimento a 10 anni a partire dal primo utilizzo (bada bene, primo utilizzo e non data di produzione). Avendo a che fare con climber di tutto il mondo che scalano in modo e frequenza diversa, l\u2019UIAA ha posto uno standard di buon senso ma che non pu\u00f2 corrispondere ai singoli casi concreti. Una guida alpina, che scala tutti i giorni e con i clienti, in media \u201cfa fuori\u201d una corda all\u2019anno. Uno scalatore occasionale, che scala un paio di volte al mese, se conservata bene, vedr\u00e0 durare la sua corda degli anni. La corda, conservata correttamente non degrada e mantiene inalterate le sue propriet\u00e0, ci\u00f2 che le fa accorciare la vita \u00e8 l\u2019utilizzo. (Qui uno studio del CAI che ha tenuto nell\u2019armadio alcune corde per 10 anni, le ha tirate fuori ed ha effettuato le prove dinamiche, rilevando che le corde erano pari al nuovo).","breadcrumb":{"@id":"https:\/\/www.sestogrado.it\/it\/quanto-dura-la-corda-e-quando-mandarla-in-pensione\/#breadcrumb"},"inLanguage":"it-IT","potentialAction":[{"@type":"ReadAction","target":[["https:\/\/www.sestogrado.it\/it\/quanto-dura-la-corda-e-quando-mandarla-in-pensione\/"]]}]},{"@type":"ImageObject","inLanguage":"it-IT","@id":"https:\/\/www.sestogrado.it\/it\/quanto-dura-la-corda-e-quando-mandarla-in-pensione\/#primaryimage","url":"https:\/\/www.sestogrado.it\/wp-content\/uploads\/2023\/08\/cop.jpg","contentUrl":"https:\/\/www.sestogrado.it\/wp-content\/uploads\/2023\/08\/cop.jpg","width":1200,"height":900,"caption":"durata corda"},{"@type":"BreadcrumbList","@id":"https:\/\/www.sestogrado.it\/it\/quanto-dura-la-corda-e-quando-mandarla-in-pensione\/#breadcrumb","itemListElement":[{"@type":"ListItem","position":1,"name":"Home","item":"https:\/\/www.sestogrado.it\/it\/"},{"@type":"ListItem","position":2,"name":"Quanto dura la corda e quando mandarla in pensione"}]},{"@type":"WebSite","@id":"https:\/\/www.sestogrado.it\/it\/#website","url":"https:\/\/www.sestogrado.it\/it\/","name":"Sestogrado","description":"yes we climb","publisher":{"@id":"https:\/\/www.sestogrado.it\/it\/#organization"},"potentialAction":[{"@type":"SearchAction","target":{"@type":"EntryPoint","urlTemplate":"https:\/\/www.sestogrado.it\/it\/?s={search_term_string}"},"query-input":{"@type":"PropertyValueSpecification","valueRequired":true,"valueName":"search_term_string"}}],"inLanguage":"it-IT"},{"@type":"Organization","@id":"https:\/\/www.sestogrado.it\/it\/#organization","name":"Sestogrado","url":"https:\/\/www.sestogrado.it\/it\/","logo":{"@type":"ImageObject","inLanguage":"it-IT","@id":"https:\/\/www.sestogrado.it\/it\/#\/schema\/logo\/image\/","url":"https:\/\/www.sestogrado.it\/wp-content\/uploads\/2015\/03\/sestogrado-favicon.png","contentUrl":"https:\/\/www.sestogrado.it\/wp-content\/uploads\/2015\/03\/sestogrado-favicon.png","width":260,"height":260,"caption":"Sestogrado"},"image":{"@id":"https:\/\/www.sestogrado.it\/it\/#\/schema\/logo\/image\/"},"sameAs":["https:\/\/www.facebook.com\/pages\/Sestogrado\/1542635979353017?ref=bookmarks","https:\/\/www.youtube.com\/channel\/UC847kAfTkaJsWpc1jtQwr3Q"],"hasMerchantReturnPolicy":{"@type":"MerchantReturnPolicy","merchantReturnLink":"https:\/\/www.sestogrado.it\/it\/termini-e-condizioni\/"}},{"@type":"Person","@id":"https:\/\/www.sestogrado.it\/en\/#\/schema\/person\/79f414dc6904c7d2eef9d047c045f445","name":"admin"}]}},"_links":{"self":[{"href":"https:\/\/www.sestogrado.it\/it\/wp-json\/wp\/v2\/posts\/139951","targetHints":{"allow":["GET"]}}],"collection":[{"href":"https:\/\/www.sestogrado.it\/it\/wp-json\/wp\/v2\/posts"}],"about":[{"href":"https:\/\/www.sestogrado.it\/it\/wp-json\/wp\/v2\/types\/post"}],"author":[{"embeddable":true,"href":"https:\/\/www.sestogrado.it\/it\/wp-json\/wp\/v2\/users\/1"}],"replies":[{"embeddable":true,"href":"https:\/\/www.sestogrado.it\/it\/wp-json\/wp\/v2\/comments?post=139951"}],"version-history":[{"count":1,"href":"https:\/\/www.sestogrado.it\/it\/wp-json\/wp\/v2\/posts\/139951\/revisions"}],"predecessor-version":[{"id":195303,"href":"https:\/\/www.sestogrado.it\/it\/wp-json\/wp\/v2\/posts\/139951\/revisions\/195303"}],"wp:featuredmedia":[{"embeddable":true,"href":"https:\/\/www.sestogrado.it\/it\/wp-json\/wp\/v2\/media\/139957"}],"wp:attachment":[{"href":"https:\/\/www.sestogrado.it\/it\/wp-json\/wp\/v2\/media?parent=139951"}],"wp:term":[{"taxonomy":"category","embeddable":true,"href":"https:\/\/www.sestogrado.it\/it\/wp-json\/wp\/v2\/categories?post=139951"},{"taxonomy":"post_tag","embeddable":true,"href":"https:\/\/www.sestogrado.it\/it\/wp-json\/wp\/v2\/tags?post=139951"}],"curies":[{"name":"wp","href":"https:\/\/api.w.org\/{rel}","templated":true}]}}