{"id":13009,"date":"2020-07-06T09:09:11","date_gmt":"2020-07-06T07:09:11","guid":{"rendered":"https:\/\/www.sestogrado.it\/?p=13009"},"modified":"2020-07-06T14:33:31","modified_gmt":"2020-07-06T12:33:31","slug":"beat-kammerlander-visionario-del-ratikon","status":"publish","type":"post","link":"https:\/\/www.sestogrado.it\/it\/beat-kammerlander-visionario-del-ratikon\/","title":{"rendered":"Beat Kammerlander: il visionario del R\u00e4tikon"},"content":{"rendered":"<p><strong>Kampfzone<\/strong>, ovvero \u201cZona di Battaglia\u201d, questo il nome della via di 5 tiri con passaggi obbligati di 8a e un passaggio di 8c liberata da poco sul Kleine Turm in quell&#8217;oceano di roccia che \u00e8 il R\u00e4tikon. In un epoca in cui si inizia a parlare di 9c, perch\u00e9 un \u201csemplice\u201d 8c fa cos\u00ec tanto scalpore? Beh perch\u00e9 a liberarla \u00e8 stato, a 58 anni, uno dei personaggi leggendari dell&#8217;arrampicata moderna: <strong>Beat Kammerlander<\/strong>.<\/p>\n<p>Beat come la \u201cGeneration\u201d di Jack Kerouac e Allen Ginsberg e gi\u00e0 questo dovrebbe far capire molto sul carattere dell&#8217;arrampicatore austriaco classe 1959. Poco social, ma molto sociale. Con uno stile da laissez-faire e rilassato, tanto che, come si legge sul post Facebook de I Ragni di Lecco: \u201c[&#8230;] <em>Era un p\u00f2 sovrappeso, e avendo passato da parecchio i 50 anni pensammo in cuor nostro che avesse, giustamente, &#8220;mollato il colpo&#8221;. Aveva la sua classica birra in mano e ci disse che aveva appena finito di chiodare una nuova via in R\u00e4tikon, con un accesso piuttosto complicato, e che voleva liberarla. Parlava di difficolt\u00e0 intorno all&#8217;8c e, sinceramente, pensammo che sarebbe stata una lotta molto difficile anche per una leggenda come lui.<\/em>\u201d<\/p>\n<p><img decoding=\"async\" class=\"size-full wp-image-13011 alignnone\" src=\"https:\/\/www.sestogrado.it\/wp-content\/uploads\/2017\/09\/BEAT_KAMMERLANDER3.jpg\" alt=\"beat kammerlander\" width=\"960\" height=\"540\" srcset=\"https:\/\/www.sestogrado.it\/wp-content\/uploads\/2017\/09\/BEAT_KAMMERLANDER3.jpg 960w, https:\/\/www.sestogrado.it\/wp-content\/uploads\/2017\/09\/BEAT_KAMMERLANDER3-750x422.jpg 750w, https:\/\/www.sestogrado.it\/wp-content\/uploads\/2017\/09\/BEAT_KAMMERLANDER3-300x169.jpg 300w, https:\/\/www.sestogrado.it\/wp-content\/uploads\/2017\/09\/BEAT_KAMMERLANDER3-768x432.jpg 768w, https:\/\/www.sestogrado.it\/wp-content\/uploads\/2017\/09\/BEAT_KAMMERLANDER3-635x357.jpg 635w, https:\/\/www.sestogrado.it\/wp-content\/uploads\/2017\/09\/BEAT_KAMMERLANDER3-114x64.jpg 114w\" sizes=\"(max-width: 960px) 100vw, 960px\" \/><\/p>\n<p>Scalatore estremo e guida alpina, usa poco le parole, ma sa raccontare davvero tanto attraverso le sue vie di \u201calpinismo sportivo\u201d, cos\u00ec considerate perch\u00e9 presentano spit piazzati a distanze siderali, non certo per cuori pavidi. Tutte le vie di Beat Kammerlander hanno uno stile specifico, che richiama quello dello svizzero <strong>Martin Scheele<\/strong>, aperte dal basso in artificiale per poi essere liberate rotpunkt. Se volete conoscere davvero Beat dovete salire una sua linea, ma vi avvertiamo, non \u00e8 certo cosa facile.<\/p>\n<p>La carriera d&#8217;arrampicatore di Beat \u00e8 iniziata nel 1977 nel <strong>R\u00e4tikon<\/strong> e nel 1981 effettu\u00f2 la prima ascesa di <strong>Vergissmeinnicht (7-, A4)<\/strong>. Negli anni &#8217;80 in Francia non si fece mancare nulla: <strong>Chouca (8a+), Crime Passionel (8b) <\/strong>e<strong> Les braves gens ne courent pas les rues (8b)<\/strong>, ma proprio quando l&#8217;arrampicata sportiva prendeva il volo e i gradi iniziavano vertiginosamente a salire, ecco che Beat scelse di tornare alle grandi pareti del R\u00e4tikon: &#8220;<em>Ho preferito creare qualcosa di nuovo sulla roccia, realizzare un&#8217;idea. Se guardi attentamente e hai l&#8217;occhio giusto, troverai sempre qualcosa. Ho cercato progetti che mi stimolassero<\/em>\u201d. I suoi occhi hanno abbandonato le linee classiche, logiche, sulle fessure e sui camini, per posarsi bramosi sull&#8217;illogico, sulle placche lisce e apparentemente impossibili.<\/p>\n<p><img decoding=\"async\" class=\"size-full wp-image-13012 alignnone\" src=\"https:\/\/www.sestogrado.it\/wp-content\/uploads\/2017\/09\/BEAT_KAMMERLANDER2.jpg\" alt=\"beat kammerlander\" width=\"1500\" height=\"1124\" srcset=\"https:\/\/www.sestogrado.it\/wp-content\/uploads\/2017\/09\/BEAT_KAMMERLANDER2.jpg 1500w, https:\/\/www.sestogrado.it\/wp-content\/uploads\/2017\/09\/BEAT_KAMMERLANDER2-750x562.jpg 750w, https:\/\/www.sestogrado.it\/wp-content\/uploads\/2017\/09\/BEAT_KAMMERLANDER2-300x225.jpg 300w, https:\/\/www.sestogrado.it\/wp-content\/uploads\/2017\/09\/BEAT_KAMMERLANDER2-768x575.jpg 768w, https:\/\/www.sestogrado.it\/wp-content\/uploads\/2017\/09\/BEAT_KAMMERLANDER2-1024x767.jpg 1024w, https:\/\/www.sestogrado.it\/wp-content\/uploads\/2017\/09\/BEAT_KAMMERLANDER2-635x476.jpg 635w, https:\/\/www.sestogrado.it\/wp-content\/uploads\/2017\/09\/BEAT_KAMMERLANDER2-600x450.jpg 600w, https:\/\/www.sestogrado.it\/wp-content\/uploads\/2017\/09\/BEAT_KAMMERLANDER2-85x64.jpg 85w\" sizes=\"(max-width: 1500px) 100vw, 1500px\" \/><\/p>\n<p>Uno stile tanto semplice quanto difficile: &#8220;<em>Quello che volevo era lasciare qualcosa che fosse pi\u00f9 di un semplice numero che denota la difficolt\u00e0. L&#8217;arrampicata deve andare oltre l&#8217;atletismo &#8211; per me la domanda \u00e8: Posso gestire l&#8217;aspetto mentale della salita? Naturalmente puoi chiodare dall&#8217;alto per controllare tutto, ma \u00e8 un gioco completamente diverso se devi aprirti la strada dal basso con le tue capacit\u00e0. Questa \u00e8 stata la cosa che mi ha affascinato di tutte queste ascensioni: arrampicare l&#8217;ignoto. In molte situazioni ho avuto blocchi mentali<\/em>\u201d.<\/p>\n<p>Liberando <strong>New Age (8a+)<\/strong> nel 1989, Beat riusc\u00ec a scalare il grado 10 per la prima volta nel storia del R\u00e4tikon. L&#8217;eco di questo successo gli ha assicurato fama internazionale perch\u00e9 New Age \u00e8 stata la terza via delle Alpi con questo tipo di difficolt\u00e0, dopo <strong>Scaramouche (8a)<\/strong> e <strong>Via Bonvecchia (8a)<\/strong>. Nel 1990 Beat ha aperto <strong>Unendliche Geschichte (420 metri)<\/strong>, che ha salito redpoint nel 1991 e valutato 8b+, forse la sua prima pi\u00f9 importante, anche perch\u00e9 all&#8217;epoca c&#8217;erano solo 4 vie sportive di 8c.<\/p>\n<p>\u201c<em>Ho arrampicato questa via il 9 settembre e ricordo solo che non mi ricordo molto. \u00c8 stata un&#8217;esperienza talmente astratta che non mi \u00e8 rimasto molto in testa. \u00c8 stata una delle situazioni in cui l&#8217;apertura \u00e8 stata pi\u00f9 importante della prima libera<\/em>\u201d.<\/p>\n<p>Nel 1994 Beat ha salito la sua via-feticcio: <strong>Silbergeier (8b+) <\/strong>sul Kirchlispitze in R\u00e4tikon. Dura, esposta, incredibile, quasi soprannaturale, &#8220;<em>una passeggiata sulla luna<\/em>&#8220;. Una di quelle salite che rimane nella storia, tanto che a distanza di oltre 20 anni sono ancora poche le ripetizioni.<\/p>\n<p>Beat Kammerlander ha creato itinerari visionari in R\u00e4tikon e continuamente alzato i limiti del possibile, possiede un talento che solo pochi scalatori hanno. Il termine &#8220;all-rounder&#8221; \u00e8 l&#8217;unico che riassume le sue capacit\u00e0: Falesia, big wall, ghiaccio, misto, ovunque Beat metta le mani, se c&#8217;\u00e8 da andare verso l&#8217;alto il biondo austriaco si sente a casa. Soprattutto quando la difficolt\u00e0 si sposta sul piano psicologico.<\/p>\n<p><img decoding=\"async\" class=\"size-full wp-image-13013 alignnone\" src=\"https:\/\/www.sestogrado.it\/wp-content\/uploads\/2017\/09\/BEAT_KAMMERLANDER4.jpg\" alt=\"beat kammerlander\" width=\"1134\" height=\"740\" srcset=\"https:\/\/www.sestogrado.it\/wp-content\/uploads\/2017\/09\/BEAT_KAMMERLANDER4.jpg 1134w, https:\/\/www.sestogrado.it\/wp-content\/uploads\/2017\/09\/BEAT_KAMMERLANDER4-750x489.jpg 750w, https:\/\/www.sestogrado.it\/wp-content\/uploads\/2017\/09\/BEAT_KAMMERLANDER4-300x196.jpg 300w, https:\/\/www.sestogrado.it\/wp-content\/uploads\/2017\/09\/BEAT_KAMMERLANDER4-768x501.jpg 768w, https:\/\/www.sestogrado.it\/wp-content\/uploads\/2017\/09\/BEAT_KAMMERLANDER4-1024x668.jpg 1024w, https:\/\/www.sestogrado.it\/wp-content\/uploads\/2017\/09\/BEAT_KAMMERLANDER4-635x414.jpg 635w, https:\/\/www.sestogrado.it\/wp-content\/uploads\/2017\/09\/BEAT_KAMMERLANDER4-98x64.jpg 98w\" sizes=\"(max-width: 1134px) 100vw, 1134px\" \/><\/p>\n<p>Nel 1997, <strong>Marco Wasiner<\/strong>, uno scalatore di Bludenz, riusc\u00ec a salire la parte inferiore di <strong>Prinzip Hoffnung<\/strong> sulla sporgenza di B\u00fcrser a Vorarlberg. Poco dopo Beat riusc\u00ec a salire l&#8217;intero percorso: 8b\/+ il grado. La via era stata liberata, ma qualcosa a Beat non quadrava, sentiva dentro di lui un senso d&#8217;insoddisfazione.<\/p>\n<p>Kammerlander ha quindi deciso di <strong>tentare Prinzip Hoffnung in stile trad<\/strong>, quindi utilizzando solo <a href=\"https:\/\/www.sestogrado.it\/it\/categoria-prodotto\/ferramenta\/friends-e-nuts\/\">protezioni veloci<\/a>. Beat si \u00e8 allenato per un&#8217;intera estate sia mentalmente sia fisicamente. Non c&#8217;era niente di pi\u00f9 importante poich\u00e9 pi\u00f9 Beat si allontanava dall&#8217;ultima protezione, pi\u00f9 la sua anima diventava felice. Nell&#8217;inverno 2009 ha finalmente messo la parola fine al senso di incompiutezza salendo trad Prinzip Hoffnung (E9 \/ 10, 8b\/+), ponendo una nuova pietra miliare nella sua carriera, molti pensavano fosse l&#8217;ultima, ma Beat con la recente Kampfzone ha zittito chi lo pensava ormai in pensione.<\/p>\n<p>&nbsp;<\/p>\n<p>Beat Kammerlander ha 61 anni, ma anche se lo vedrete un po&#8217; sovrappeso e con qualche birra in mano non osate pensare che non ci riservi ancora sorprese, alla fine come abbiamo letto su Facebook: \u201c<em>Dio c&#8217;\u00e8. \u00c8 biondo, beve birra e spacca i c**i.<\/em>\u201d<\/p>\n<p>&nbsp;<\/p>\n<p>FOTOGRAFIE: Beat Kammerlander Facebook Official Page<\/p>","protected":false},"excerpt":{"rendered":"<p>Alla scoperta di uno dei pi\u00f9 forti, visionari ed eclettici climber del nostro tempo<\/p>\n","protected":false},"author":1,"featured_media":13010,"comment_status":"open","ping_status":"open","sticky":false,"template":"","format":"standard","meta":{"_acf_changed":false,"footnotes":""},"categories":[79],"tags":[],"class_list":["post-13009","post","type-post","status-publish","format-standard","has-post-thumbnail","hentry","category-libro-di-vetta"],"acf":[],"yoast_head":"<!-- This site is optimized with the Yoast SEO plugin v26.4 - https:\/\/yoast.com\/wordpress\/plugins\/seo\/ -->\n<title>Beat Kammerlander: il visionario del R\u00e4tikon - Sestogrado<\/title>\n<meta name=\"description\" content=\"Alla scoperta di uno dei pi\u00f9 forti, visionari ed eclettici climber del nostro tempo. Aprire una via di 8c,lavorarla per 5 anni e salirla in libera a 58 anni\" \/>\n<meta name=\"robots\" content=\"index, follow, max-snippet:-1, max-image-preview:large, max-video-preview:-1\" \/>\n<link rel=\"canonical\" href=\"https:\/\/www.sestogrado.it\/it\/beat-kammerlander-visionario-del-ratikon\/\" \/>\n<meta property=\"og:locale\" content=\"it_IT\" \/>\n<meta property=\"og:type\" content=\"article\" \/>\n<meta property=\"og:title\" content=\"Beat Kammerlander: il visionario del R\u00e4tikon - Sestogrado\" \/>\n<meta property=\"og:description\" content=\"Alla scoperta di uno dei pi\u00f9 forti, visionari ed eclettici climber del nostro tempo. Aprire una via di 8c,lavorarla per 5 anni e salirla in libera a 58 anni\" \/>\n<meta property=\"og:url\" content=\"https:\/\/www.sestogrado.it\/it\/beat-kammerlander-visionario-del-ratikon\/\" \/>\n<meta property=\"og:site_name\" content=\"Sestogrado\" \/>\n<meta property=\"article:publisher\" content=\"https:\/\/www.facebook.com\/pages\/Sestogrado\/1542635979353017?ref=bookmarks\" \/>\n<meta property=\"article:published_time\" content=\"2020-07-06T07:09:11+00:00\" \/>\n<meta property=\"article:modified_time\" content=\"2020-07-06T12:33:31+00:00\" \/>\n<meta property=\"og:image\" content=\"https:\/\/www.sestogrado.it\/wp-content\/uploads\/2017\/09\/BEAT_KAMMERLANDER1.jpg\" \/>\n\t<meta property=\"og:image:width\" content=\"1134\" \/>\n\t<meta property=\"og:image:height\" content=\"758\" \/>\n\t<meta property=\"og:image:type\" content=\"image\/jpeg\" \/>\n<meta name=\"author\" content=\"admin\" \/>\n<meta name=\"twitter:label1\" content=\"Scritto da\" \/>\n\t<meta name=\"twitter:data1\" content=\"admin\" \/>\n\t<meta name=\"twitter:label2\" content=\"Tempo di lettura stimato\" \/>\n\t<meta name=\"twitter:data2\" content=\"4 minuti\" \/>\n<script type=\"application\/ld+json\" class=\"yoast-schema-graph\">{\"@context\":\"https:\/\/schema.org\",\"@graph\":[{\"@type\":\"Article\",\"@id\":\"https:\/\/www.sestogrado.it\/beat-kammerlander-visionario-del-ratikon\/#article\",\"isPartOf\":{\"@id\":\"https:\/\/www.sestogrado.it\/beat-kammerlander-visionario-del-ratikon\/\"},\"author\":{\"name\":\"admin\",\"@id\":\"https:\/\/www.sestogrado.it\/en\/#\/schema\/person\/79f414dc6904c7d2eef9d047c045f445\"},\"headline\":\"Beat Kammerlander: il visionario del R\u00e4tikon\",\"datePublished\":\"2020-07-06T07:09:11+00:00\",\"dateModified\":\"2020-07-06T12:33:31+00:00\",\"mainEntityOfPage\":{\"@id\":\"https:\/\/www.sestogrado.it\/beat-kammerlander-visionario-del-ratikon\/\"},\"wordCount\":928,\"commentCount\":0,\"publisher\":{\"@id\":\"https:\/\/www.sestogrado.it\/en\/#organization\"},\"image\":{\"@id\":\"https:\/\/www.sestogrado.it\/beat-kammerlander-visionario-del-ratikon\/#primaryimage\"},\"thumbnailUrl\":\"https:\/\/www.sestogrado.it\/wp-content\/uploads\/2017\/09\/BEAT_KAMMERLANDER1.jpg\",\"articleSection\":[\"Libro di vetta\"],\"inLanguage\":\"it-IT\",\"potentialAction\":[{\"@type\":\"CommentAction\",\"name\":\"Comment\",\"target\":[\"https:\/\/www.sestogrado.it\/beat-kammerlander-visionario-del-ratikon\/#respond\"]}]},{\"@type\":\"WebPage\",\"@id\":\"https:\/\/www.sestogrado.it\/it\/beat-kammerlander-visionario-del-ratikon\/\",\"url\":\"https:\/\/www.sestogrado.it\/it\/beat-kammerlander-visionario-del-ratikon\/\",\"name\":\"Beat Kammerlander: il visionario del R\u00e4tikon - Sestogrado\",\"isPartOf\":{\"@id\":\"https:\/\/www.sestogrado.it\/it\/#website\"},\"primaryImageOfPage\":{\"@id\":\"https:\/\/www.sestogrado.it\/it\/beat-kammerlander-visionario-del-ratikon\/#primaryimage\"},\"image\":{\"@id\":\"https:\/\/www.sestogrado.it\/beat-kammerlander-visionario-del-ratikon\/#primaryimage\"},\"thumbnailUrl\":\"https:\/\/www.sestogrado.it\/wp-content\/uploads\/2017\/09\/BEAT_KAMMERLANDER1.jpg\",\"datePublished\":\"2020-07-06T07:09:11+00:00\",\"dateModified\":\"2020-07-06T12:33:31+00:00\",\"description\":\"Alla scoperta di uno dei pi\u00f9 forti, visionari ed eclettici climber del nostro tempo. Aprire una via di 8c,lavorarla per 5 anni e salirla in libera a 58 anni\",\"breadcrumb\":{\"@id\":\"https:\/\/www.sestogrado.it\/it\/beat-kammerlander-visionario-del-ratikon\/#breadcrumb\"},\"inLanguage\":\"it-IT\",\"potentialAction\":[{\"@type\":\"ReadAction\",\"target\":[[\"https:\/\/www.sestogrado.it\/it\/beat-kammerlander-visionario-del-ratikon\/\"]]}]},{\"@type\":\"ImageObject\",\"inLanguage\":\"it-IT\",\"@id\":\"https:\/\/www.sestogrado.it\/it\/beat-kammerlander-visionario-del-ratikon\/#primaryimage\",\"url\":\"https:\/\/www.sestogrado.it\/wp-content\/uploads\/2017\/09\/BEAT_KAMMERLANDER1.jpg\",\"contentUrl\":\"https:\/\/www.sestogrado.it\/wp-content\/uploads\/2017\/09\/BEAT_KAMMERLANDER1.jpg\",\"width\":1134,\"height\":758},{\"@type\":\"BreadcrumbList\",\"@id\":\"https:\/\/www.sestogrado.it\/it\/beat-kammerlander-visionario-del-ratikon\/#breadcrumb\",\"itemListElement\":[{\"@type\":\"ListItem\",\"position\":1,\"name\":\"Home\",\"item\":\"https:\/\/www.sestogrado.it\/it\/\"},{\"@type\":\"ListItem\",\"position\":2,\"name\":\"Beat Kammerlander: il visionario del R\u00e4tikon\"}]},{\"@type\":\"WebSite\",\"@id\":\"https:\/\/www.sestogrado.it\/it\/#website\",\"url\":\"https:\/\/www.sestogrado.it\/it\/\",\"name\":\"Sestogrado\",\"description\":\"yes we climb\",\"publisher\":{\"@id\":\"https:\/\/www.sestogrado.it\/it\/#organization\"},\"potentialAction\":[{\"@type\":\"SearchAction\",\"target\":{\"@type\":\"EntryPoint\",\"urlTemplate\":\"https:\/\/www.sestogrado.it\/it\/?s={search_term_string}\"},\"query-input\":{\"@type\":\"PropertyValueSpecification\",\"valueRequired\":true,\"valueName\":\"search_term_string\"}}],\"inLanguage\":\"it-IT\"},{\"@type\":\"Organization\",\"@id\":\"https:\/\/www.sestogrado.it\/it\/#organization\",\"name\":\"Sestogrado\",\"url\":\"https:\/\/www.sestogrado.it\/it\/\",\"logo\":{\"@type\":\"ImageObject\",\"inLanguage\":\"it-IT\",\"@id\":\"https:\/\/www.sestogrado.it\/it\/#\/schema\/logo\/image\/\",\"url\":\"https:\/\/www.sestogrado.it\/wp-content\/uploads\/2015\/03\/sestogrado-favicon.png\",\"contentUrl\":\"https:\/\/www.sestogrado.it\/wp-content\/uploads\/2015\/03\/sestogrado-favicon.png\",\"width\":260,\"height\":260,\"caption\":\"Sestogrado\"},\"image\":{\"@id\":\"https:\/\/www.sestogrado.it\/it\/#\/schema\/logo\/image\/\"},\"sameAs\":[\"https:\/\/www.facebook.com\/pages\/Sestogrado\/1542635979353017?ref=bookmarks\",\"https:\/\/www.youtube.com\/channel\/UC847kAfTkaJsWpc1jtQwr3Q\"],\"hasMerchantReturnPolicy\":{\"@type\":\"MerchantReturnPolicy\",\"merchantReturnLink\":\"https:\/\/www.sestogrado.it\/it\/termini-e-condizioni\/\"}},{\"@type\":\"Person\",\"@id\":\"https:\/\/www.sestogrado.it\/en\/#\/schema\/person\/79f414dc6904c7d2eef9d047c045f445\",\"name\":\"admin\"}]}<\/script>\n<!-- \/ Yoast SEO plugin. -->","yoast_head_json":{"title":"Beat Kammerlander: il visionario del R\u00e4tikon - Sestogrado","description":"Alla scoperta di uno dei pi\u00f9 forti, visionari ed eclettici climber del nostro tempo. Aprire una via di 8c,lavorarla per 5 anni e salirla in libera a 58 anni","robots":{"index":"index","follow":"follow","max-snippet":"max-snippet:-1","max-image-preview":"max-image-preview:large","max-video-preview":"max-video-preview:-1"},"canonical":"https:\/\/www.sestogrado.it\/it\/beat-kammerlander-visionario-del-ratikon\/","og_locale":"it_IT","og_type":"article","og_title":"Beat Kammerlander: il visionario del R\u00e4tikon - Sestogrado","og_description":"Alla scoperta di uno dei pi\u00f9 forti, visionari ed eclettici climber del nostro tempo. Aprire una via di 8c,lavorarla per 5 anni e salirla in libera a 58 anni","og_url":"https:\/\/www.sestogrado.it\/it\/beat-kammerlander-visionario-del-ratikon\/","og_site_name":"Sestogrado","article_publisher":"https:\/\/www.facebook.com\/pages\/Sestogrado\/1542635979353017?ref=bookmarks","article_published_time":"2020-07-06T07:09:11+00:00","article_modified_time":"2020-07-06T12:33:31+00:00","og_image":[{"width":1134,"height":758,"url":"https:\/\/www.sestogrado.it\/wp-content\/uploads\/2017\/09\/BEAT_KAMMERLANDER1.jpg","type":"image\/jpeg"}],"author":"admin","twitter_misc":{"Scritto da":"admin","Tempo di lettura stimato":"4 minuti"},"schema":{"@context":"https:\/\/schema.org","@graph":[{"@type":"Article","@id":"https:\/\/www.sestogrado.it\/beat-kammerlander-visionario-del-ratikon\/#article","isPartOf":{"@id":"https:\/\/www.sestogrado.it\/beat-kammerlander-visionario-del-ratikon\/"},"author":{"name":"admin","@id":"https:\/\/www.sestogrado.it\/en\/#\/schema\/person\/79f414dc6904c7d2eef9d047c045f445"},"headline":"Beat Kammerlander: il visionario del R\u00e4tikon","datePublished":"2020-07-06T07:09:11+00:00","dateModified":"2020-07-06T12:33:31+00:00","mainEntityOfPage":{"@id":"https:\/\/www.sestogrado.it\/beat-kammerlander-visionario-del-ratikon\/"},"wordCount":928,"commentCount":0,"publisher":{"@id":"https:\/\/www.sestogrado.it\/en\/#organization"},"image":{"@id":"https:\/\/www.sestogrado.it\/beat-kammerlander-visionario-del-ratikon\/#primaryimage"},"thumbnailUrl":"https:\/\/www.sestogrado.it\/wp-content\/uploads\/2017\/09\/BEAT_KAMMERLANDER1.jpg","articleSection":["Libro di vetta"],"inLanguage":"it-IT","potentialAction":[{"@type":"CommentAction","name":"Comment","target":["https:\/\/www.sestogrado.it\/beat-kammerlander-visionario-del-ratikon\/#respond"]}]},{"@type":"WebPage","@id":"https:\/\/www.sestogrado.it\/it\/beat-kammerlander-visionario-del-ratikon\/","url":"https:\/\/www.sestogrado.it\/it\/beat-kammerlander-visionario-del-ratikon\/","name":"Beat Kammerlander: il visionario del R\u00e4tikon - Sestogrado","isPartOf":{"@id":"https:\/\/www.sestogrado.it\/it\/#website"},"primaryImageOfPage":{"@id":"https:\/\/www.sestogrado.it\/it\/beat-kammerlander-visionario-del-ratikon\/#primaryimage"},"image":{"@id":"https:\/\/www.sestogrado.it\/beat-kammerlander-visionario-del-ratikon\/#primaryimage"},"thumbnailUrl":"https:\/\/www.sestogrado.it\/wp-content\/uploads\/2017\/09\/BEAT_KAMMERLANDER1.jpg","datePublished":"2020-07-06T07:09:11+00:00","dateModified":"2020-07-06T12:33:31+00:00","description":"Alla scoperta di uno dei pi\u00f9 forti, visionari ed eclettici climber del nostro tempo. Aprire una via di 8c,lavorarla per 5 anni e salirla in libera a 58 anni","breadcrumb":{"@id":"https:\/\/www.sestogrado.it\/it\/beat-kammerlander-visionario-del-ratikon\/#breadcrumb"},"inLanguage":"it-IT","potentialAction":[{"@type":"ReadAction","target":[["https:\/\/www.sestogrado.it\/it\/beat-kammerlander-visionario-del-ratikon\/"]]}]},{"@type":"ImageObject","inLanguage":"it-IT","@id":"https:\/\/www.sestogrado.it\/it\/beat-kammerlander-visionario-del-ratikon\/#primaryimage","url":"https:\/\/www.sestogrado.it\/wp-content\/uploads\/2017\/09\/BEAT_KAMMERLANDER1.jpg","contentUrl":"https:\/\/www.sestogrado.it\/wp-content\/uploads\/2017\/09\/BEAT_KAMMERLANDER1.jpg","width":1134,"height":758},{"@type":"BreadcrumbList","@id":"https:\/\/www.sestogrado.it\/it\/beat-kammerlander-visionario-del-ratikon\/#breadcrumb","itemListElement":[{"@type":"ListItem","position":1,"name":"Home","item":"https:\/\/www.sestogrado.it\/it\/"},{"@type":"ListItem","position":2,"name":"Beat Kammerlander: il visionario del R\u00e4tikon"}]},{"@type":"WebSite","@id":"https:\/\/www.sestogrado.it\/it\/#website","url":"https:\/\/www.sestogrado.it\/it\/","name":"Sestogrado","description":"yes we climb","publisher":{"@id":"https:\/\/www.sestogrado.it\/it\/#organization"},"potentialAction":[{"@type":"SearchAction","target":{"@type":"EntryPoint","urlTemplate":"https:\/\/www.sestogrado.it\/it\/?s={search_term_string}"},"query-input":{"@type":"PropertyValueSpecification","valueRequired":true,"valueName":"search_term_string"}}],"inLanguage":"it-IT"},{"@type":"Organization","@id":"https:\/\/www.sestogrado.it\/it\/#organization","name":"Sestogrado","url":"https:\/\/www.sestogrado.it\/it\/","logo":{"@type":"ImageObject","inLanguage":"it-IT","@id":"https:\/\/www.sestogrado.it\/it\/#\/schema\/logo\/image\/","url":"https:\/\/www.sestogrado.it\/wp-content\/uploads\/2015\/03\/sestogrado-favicon.png","contentUrl":"https:\/\/www.sestogrado.it\/wp-content\/uploads\/2015\/03\/sestogrado-favicon.png","width":260,"height":260,"caption":"Sestogrado"},"image":{"@id":"https:\/\/www.sestogrado.it\/it\/#\/schema\/logo\/image\/"},"sameAs":["https:\/\/www.facebook.com\/pages\/Sestogrado\/1542635979353017?ref=bookmarks","https:\/\/www.youtube.com\/channel\/UC847kAfTkaJsWpc1jtQwr3Q"],"hasMerchantReturnPolicy":{"@type":"MerchantReturnPolicy","merchantReturnLink":"https:\/\/www.sestogrado.it\/it\/termini-e-condizioni\/"}},{"@type":"Person","@id":"https:\/\/www.sestogrado.it\/en\/#\/schema\/person\/79f414dc6904c7d2eef9d047c045f445","name":"admin"}]}},"_links":{"self":[{"href":"https:\/\/www.sestogrado.it\/it\/wp-json\/wp\/v2\/posts\/13009","targetHints":{"allow":["GET"]}}],"collection":[{"href":"https:\/\/www.sestogrado.it\/it\/wp-json\/wp\/v2\/posts"}],"about":[{"href":"https:\/\/www.sestogrado.it\/it\/wp-json\/wp\/v2\/types\/post"}],"author":[{"embeddable":true,"href":"https:\/\/www.sestogrado.it\/it\/wp-json\/wp\/v2\/users\/1"}],"replies":[{"embeddable":true,"href":"https:\/\/www.sestogrado.it\/it\/wp-json\/wp\/v2\/comments?post=13009"}],"version-history":[{"count":0,"href":"https:\/\/www.sestogrado.it\/it\/wp-json\/wp\/v2\/posts\/13009\/revisions"}],"wp:featuredmedia":[{"embeddable":true,"href":"https:\/\/www.sestogrado.it\/it\/wp-json\/wp\/v2\/media\/13010"}],"wp:attachment":[{"href":"https:\/\/www.sestogrado.it\/it\/wp-json\/wp\/v2\/media?parent=13009"}],"wp:term":[{"taxonomy":"category","embeddable":true,"href":"https:\/\/www.sestogrado.it\/it\/wp-json\/wp\/v2\/categories?post=13009"},{"taxonomy":"post_tag","embeddable":true,"href":"https:\/\/www.sestogrado.it\/it\/wp-json\/wp\/v2\/tags?post=13009"}],"curies":[{"name":"wp","href":"https:\/\/api.w.org\/{rel}","templated":true}]}}