{"id":12871,"date":"2017-09-05T15:44:30","date_gmt":"2017-09-05T13:44:30","guid":{"rendered":"https:\/\/www.sestogrado.it\/?p=12871"},"modified":"2017-09-05T22:14:51","modified_gmt":"2017-09-05T20:14:51","slug":"adam-ondra-lultimo-degli-extraterrestri-ora","status":"publish","type":"post","link":"https:\/\/www.sestogrado.it\/it\/adam-ondra-lultimo-degli-extraterrestri-ora\/","title":{"rendered":"Adam Ondra, l&#8217;ultimo degli extraterrestri&#8230; per ora."},"content":{"rendered":"<p>La storia \u00e8 stata riscritta, l&#8217;asticella spostata ancora una volta un po&#8217; pi\u00f9 in alto. Il responsabile? Basta semplicemente il nome: Adam! Come il primo uomo biblico, Ondra \u00e8 stato il capostipite della massima difficolta fin&#8217;ora raggiunta nell&#8217;arrampicata sportiva arrivando finalmente in catena al suo Project Hard, il PRIMO 9C della storia (anche se il grado non \u00e8 stato ancora completamente confermato dallo stesso climber ceco).<\/p>\n<p><em>\u00a0<\/em><\/p>\n<p><em>\u201cAl mattino mi sentivo esattamente come ogni altro giorno di lavoro al Progetto.\u201d <\/em>cos\u00ec ha detto <a href=\"https:\/\/www.instagram.com\/adam.ondra\/\">Adam Ondra su Instagram<\/a> e su <a href=\"http:\/\/adamondra.com\/\">AdamOndra.com<\/a> .<em> \u201dFaceva caldo, ma l&#8217;aria era limpida e asciutta. Non sentivo la pressione ed ero molto carico, insomma gli ingredienti perfetti per chiudere il primo 9c. Alla fine della via, quando ho capito di averla liberata ho provato una delle emozioni pi\u00f9 strane della mia vita. Ho moschettonato la sosta e non sono neanche riuscito a urlare (cosa davvero strana per Adam, NdA). Ero appeso alla corda, con le lacrime agli occhi. Troppa gioia, sollievo ed eccitazioni tutti mischiati insieme. Mesi e mesi di lavoro riassunti in 20 minuti. Cos\u00ec tanto lavoro e fatica in qualcosa di cos\u00ec breve, ma dannatamente intenso. Questa via non si \u00e8 mai trasformata in un incubo, nonostante tutto il tempo trascorso a lavorarla. \u00c8 stato divertente ed ancora pi\u00f9 divertente \u00e8 stato liberarla.\u201d<\/em><\/p>\n<p><em>\u00a0<\/em><\/p>\n<p>Adam Ondra \u00e8 l&#8217;extraterrestre del nostro tempo, ma se guardiamo indietro di marziani nella storia dell&#8217;arrampicata sportiva ne troviamo tanti, tra cui anche <strong>Oliver Perry-Smith<\/strong>, W. Huenig, Rudolf Fehrmann che nel 1906 a Elbsandstein, una catena montuosa in Repubblica Ceca (sar\u00e0 un caso?!), salirono Teufelsturm, con ogni probabilit\u00e0 il primo 6a (5.9) della storia. A pi\u00f9 di un secolo di distanza quella salita fa quasi ridere, quanti di noi salgono a occhi chiusi un 6a? Eppure allora i tre furono senza dubbio considerati dei semi-Dei, esattamente alla stregua di Ondra oggi.<\/p>\n<p><img decoding=\"async\" class=\"size-full wp-image-12874 aligncenter\" src=\"https:\/\/www.sestogrado.it\/wp-content\/uploads\/2017\/09\/Oliver_Perry_Smith.jpg\" alt=\"Oliver_Perry_Smith\" width=\"340\" height=\"250\" srcset=\"https:\/\/www.sestogrado.it\/wp-content\/uploads\/2017\/09\/Oliver_Perry_Smith.jpg 340w, https:\/\/www.sestogrado.it\/wp-content\/uploads\/2017\/09\/Oliver_Perry_Smith-300x221.jpg 300w, https:\/\/www.sestogrado.it\/wp-content\/uploads\/2017\/09\/Oliver_Perry_Smith-87x64.jpg 87w\" sizes=\"(max-width: 340px) 100vw, 340px\" \/><\/p>\n<p style=\"text-align: center;\"><em>Oliver Perry-Smith ha fatto registrare il primo 6a della storia.<\/em><\/p>\n<p>&nbsp;<\/p>\n<p>Andiamo a scoprire insieme chi sono stati questi \u201c<strong>Primi del loro Grado<\/strong>\u201d.<\/p>\n<p>Come si \u00e8 detto il primo 6a \u00e8 del 1906. Quattro anni ,dopo sempre a Elbsandstein, tocca al tedesco Max Matthaeus chiudere Kreutzturm portando il massimo grado a 6a+ (5.10a). Stesso luogo 8 anni dopo, siamo nel 1918, ed ecco che un&#8217;altra barriera cade: Emanuel Strubich con The Wilder Kopf firma il primo 6b(5.10b\/c\/d). Sara stata la Grande Guerra, fatto sta che per quasi 20 anni il grado massimo \u00e8 rimasto l\u00ec, fermo, poi un vero alieno \u00e8 arrivato e ha sconvolto tutti. <strong>Raffaele Carlesso<\/strong> chiude il primo 6c+ (5.11c) sulla parete sud della Torre Trieste in Dolomiti, ma la cosa eccezionale \u00e8 che lo fa <strong>a piedi nudi<\/strong>, qualcosa che ancora oggi fa sobbalzare sulla sedia.<\/p>\n<p>&nbsp;<\/p>\n<p>Il muro del 7 viene sfondato abbastanza presto, ma si passa dall&#8217;altra parte dell&#8217;oceano. Nel 1959 <strong>John Gill<\/strong> ha ragione di Red Cross Overhang, ma la linea che si trova a Jenny Lake (Catena dei Tetons, Usa) \u00e8 di soli 3 movimenti, troppo poco per essere considerata la prima via sportiva di 7c. Il ragazzone americano ha la stoffa del marziano e infatti tre anni dopo, nel 1961, a Needles (South Dakota) firma il primo 7a+ al mondo con Thimble. La nostra DeLorean ci porta al 1967 e a un nome molto noto: <strong>Greg Lowe<\/strong>. Nello Utah, pi\u00f9 precisamente a Ogden, Lowe sale Macabre Roof 7b+ (5.12c). Il 7c cade nel 1975 a Eldorado, sempre negli Usa, per mano di Steve Wunsch che arriva a catena di Psycho Roof. In quella Mecca dell&#8217;arrampicata che \u00e8 Yosemite 4 anni pi\u00f9 tardi (1979) Ray Jardine porta il record sul 7c+(5.13a) con The Phoenix.<\/p>\n<p><img decoding=\"async\" class=\"size-full wp-image-12876 aligncenter\" src=\"https:\/\/www.sestogrado.it\/wp-content\/uploads\/2017\/09\/BenMoon_Hubble.jpg\" alt=\"BenMoon_Hubble\" width=\"600\" height=\"315\" srcset=\"https:\/\/www.sestogrado.it\/wp-content\/uploads\/2017\/09\/BenMoon_Hubble.jpg 600w, https:\/\/www.sestogrado.it\/wp-content\/uploads\/2017\/09\/BenMoon_Hubble-300x158.jpg 300w, https:\/\/www.sestogrado.it\/wp-content\/uploads\/2017\/09\/BenMoon_Hubble-122x64.jpg 122w\" sizes=\"(max-width: 600px) 100vw, 600px\" \/><\/p>\n<p style=\"text-align: center;\"><em>Ben Moon su Hubble.<\/em><\/p>\n<p>Nell&#8217;ultimo anno degli anni &#8217;70 (1979) entra in campo la leggenda <strong>Tony Yaniro<\/strong> e fa saltare il banco. Grand Illusion a Sugarloaf (California, Usa) fa rimanere tutti a bocca aperta: \u00e8 il primo 8a della storia, qualcuno dice anche 8a\/8a+(5.13a\/b). Dall&#8217;altra parte dell&#8217;Oceano Atlantico intanto c&#8217;\u00e8 un certo <strong>Wolfgang Gullich<\/strong> che non sta certo con le mani in mano e nel 1984 libera Kanal im Rucken una via in Altmuehltal che rappresenta il primo 8b (5.13d). Un anno dopo lo stesso Gullich alza il tiro con Punks in the Gym, 8b+\/8c (5.14a\/b), sul Mt. Arapiles in Australia. Non si ferma davanti a niente il tedesco e nel 1987 sulla roccia casalinga dello Frankenjura sale Wallstreet: 8c (5.14b). Si entra nell&#8217;ultimo decennio del secolo (1990) con Hubble firmato da <strong>Ben Moon<\/strong>, la breve linea sulla falesia costiera di Raven Tor \u00e8 il primo 8c+ (5.14c), ma non pochi lo hanno considerato qualcosa oltre, il limite invalicabile del 9a sta per cadere.<\/p>\n<p>&nbsp;<\/p>\n<p><img decoding=\"async\" class=\"size-full wp-image-12875 aligncenter\" src=\"https:\/\/www.sestogrado.it\/wp-content\/uploads\/2017\/09\/Gullich_ActionDirect.jpg\" alt=\"Gullich_ActionDirect\" width=\"368\" height=\"568\" srcset=\"https:\/\/www.sestogrado.it\/wp-content\/uploads\/2017\/09\/Gullich_ActionDirect.jpg 368w, https:\/\/www.sestogrado.it\/wp-content\/uploads\/2017\/09\/Gullich_ActionDirect-194x300.jpg 194w, https:\/\/www.sestogrado.it\/wp-content\/uploads\/2017\/09\/Gullich_ActionDirect-41x64.jpg 41w\" sizes=\"(max-width: 368px) 100vw, 368px\" \/><\/p>\n<p style=\"text-align: center;\"><em>Wolfgang Gullich su Action Direct, Frankenjura.<\/em><\/p>\n<p>E chi se non Wolfgang Gullich? 1991, <strong>Frankenjura<\/strong>, Action Direct. Non servirebbe dire altro. Quel limite che sembrava impossibile da superare \u00e8 caduto. Gullich \u00e8 una leggenda, Gullich \u00e8 un extraterrestre, Gullich \u00e8 Gullich, nessuno potr\u00e0 superarlo. Eppure passano solo 4 anni (1995) e in Francia a Charente, ecco che <strong>Fred Rouhling<\/strong>\u00a0senza timori reverenziali scalza l&#8217;extraterrestre dal gradino pi\u00f9 alto chiudendo Akira, il primo 9b(5.15b). Il XX secolo si chiude con una leggenda superata, ma il XXI si apre con la nascita di un&#8217;altro extraterreste: <strong>Adam Ondra<\/strong>. Il Ceco arriva e spiazza tutti, nel 2012 la sua Change \u00e8 il primo 9b+ (5.15c), nel 2017 Project Hard (che non \u00e8 ancora stata rinominata definitivamente) \u00e8 <strong>il primo 9c<\/strong> (5.15d) e in un&#8217;intervista al <a href=\"https:\/\/www.theguardian.com\/world\/2017\/sep\/04\/czech-climber-sets-new-benchmark-with-ascent-of-worlds-hardest-cliff\">The Guardian<\/a> gi\u00e0 afferma: \u201c<em>Penso di poter arrampicare altre vie con questo grado e forse anche pi\u00f9 dure.<\/em>\u201d . Gullich ha trovato il suo erede, trover\u00e0 Ondra il suo? Il limite del 10a (5.16) (o come lo vorrete chiamare) ora non sembra cos\u00ec lontano&#8230;<\/p>","protected":false},"excerpt":{"rendered":"<p>dal 9c di Adam Ondra a ritroso, la storia dei &#8220;Primi del loro grado&#8221;<\/p>\n","protected":false},"author":1,"featured_media":12873,"comment_status":"open","ping_status":"open","sticky":false,"template":"","format":"standard","meta":{"_acf_changed":false,"footnotes":""},"categories":[79],"tags":[],"class_list":["post-12871","post","type-post","status-publish","format-standard","has-post-thumbnail","hentry","category-libro-di-vetta"],"acf":[],"yoast_head":"<!-- This site is optimized with the Yoast SEO plugin v26.4 - https:\/\/yoast.com\/wordpress\/plugins\/seo\/ -->\n<title>Adam Ondra, l&#039;ultimo degli extraterrestri... per ora. - Sestogrado<\/title>\n<meta name=\"description\" content=\"dal 9c di Adam Ondra a ritroso, la storia dei &quot;Primi del loro grado&quot;\" \/>\n<meta name=\"robots\" content=\"index, follow, max-snippet:-1, max-image-preview:large, max-video-preview:-1\" \/>\n<link rel=\"canonical\" href=\"https:\/\/www.sestogrado.it\/it\/adam-ondra-lultimo-degli-extraterrestri-ora\/\" \/>\n<meta property=\"og:locale\" content=\"it_IT\" \/>\n<meta property=\"og:type\" content=\"article\" \/>\n<meta property=\"og:title\" content=\"Adam Ondra, l&#039;ultimo degli extraterrestri... per ora. - Sestogrado\" \/>\n<meta property=\"og:description\" content=\"dal 9c di Adam Ondra a ritroso, la storia dei &quot;Primi del loro grado&quot;\" \/>\n<meta property=\"og:url\" content=\"https:\/\/www.sestogrado.it\/it\/adam-ondra-lultimo-degli-extraterrestri-ora\/\" \/>\n<meta property=\"og:site_name\" content=\"Sestogrado\" \/>\n<meta property=\"article:publisher\" content=\"https:\/\/www.facebook.com\/pages\/Sestogrado\/1542635979353017?ref=bookmarks\" \/>\n<meta property=\"article:published_time\" content=\"2017-09-05T13:44:30+00:00\" \/>\n<meta property=\"article:modified_time\" content=\"2017-09-05T20:14:51+00:00\" \/>\n<meta property=\"og:image\" content=\"https:\/\/www.sestogrado.it\/wp-content\/uploads\/2017\/09\/Instagram_Ondra.jpg\" \/>\n\t<meta property=\"og:image:width\" content=\"1080\" \/>\n\t<meta property=\"og:image:height\" content=\"608\" \/>\n\t<meta property=\"og:image:type\" content=\"image\/jpeg\" \/>\n<meta name=\"author\" content=\"admin\" \/>\n<meta name=\"twitter:label1\" content=\"Scritto da\" \/>\n\t<meta name=\"twitter:data1\" content=\"admin\" \/>\n\t<meta name=\"twitter:label2\" content=\"Tempo di lettura stimato\" \/>\n\t<meta name=\"twitter:data2\" content=\"5 minuti\" \/>\n<script type=\"application\/ld+json\" class=\"yoast-schema-graph\">{\"@context\":\"https:\/\/schema.org\",\"@graph\":[{\"@type\":\"Article\",\"@id\":\"https:\/\/www.sestogrado.it\/adam-ondra-lultimo-degli-extraterrestri-ora\/#article\",\"isPartOf\":{\"@id\":\"https:\/\/www.sestogrado.it\/adam-ondra-lultimo-degli-extraterrestri-ora\/\"},\"author\":{\"name\":\"admin\",\"@id\":\"https:\/\/www.sestogrado.it\/en\/#\/schema\/person\/79f414dc6904c7d2eef9d047c045f445\"},\"headline\":\"Adam Ondra, l&#8217;ultimo degli extraterrestri&#8230; per ora.\",\"datePublished\":\"2017-09-05T13:44:30+00:00\",\"dateModified\":\"2017-09-05T20:14:51+00:00\",\"mainEntityOfPage\":{\"@id\":\"https:\/\/www.sestogrado.it\/adam-ondra-lultimo-degli-extraterrestri-ora\/\"},\"wordCount\":927,\"commentCount\":1,\"publisher\":{\"@id\":\"https:\/\/www.sestogrado.it\/en\/#organization\"},\"image\":{\"@id\":\"https:\/\/www.sestogrado.it\/adam-ondra-lultimo-degli-extraterrestri-ora\/#primaryimage\"},\"thumbnailUrl\":\"https:\/\/www.sestogrado.it\/wp-content\/uploads\/2017\/09\/Instagram_Ondra.jpg\",\"articleSection\":[\"Libro di vetta\"],\"inLanguage\":\"it-IT\",\"potentialAction\":[{\"@type\":\"CommentAction\",\"name\":\"Comment\",\"target\":[\"https:\/\/www.sestogrado.it\/adam-ondra-lultimo-degli-extraterrestri-ora\/#respond\"]}]},{\"@type\":\"WebPage\",\"@id\":\"https:\/\/www.sestogrado.it\/it\/adam-ondra-lultimo-degli-extraterrestri-ora\/\",\"url\":\"https:\/\/www.sestogrado.it\/it\/adam-ondra-lultimo-degli-extraterrestri-ora\/\",\"name\":\"Adam Ondra, l'ultimo degli extraterrestri... per ora. - Sestogrado\",\"isPartOf\":{\"@id\":\"https:\/\/www.sestogrado.it\/it\/#website\"},\"primaryImageOfPage\":{\"@id\":\"https:\/\/www.sestogrado.it\/it\/adam-ondra-lultimo-degli-extraterrestri-ora\/#primaryimage\"},\"image\":{\"@id\":\"https:\/\/www.sestogrado.it\/adam-ondra-lultimo-degli-extraterrestri-ora\/#primaryimage\"},\"thumbnailUrl\":\"https:\/\/www.sestogrado.it\/wp-content\/uploads\/2017\/09\/Instagram_Ondra.jpg\",\"datePublished\":\"2017-09-05T13:44:30+00:00\",\"dateModified\":\"2017-09-05T20:14:51+00:00\",\"description\":\"dal 9c di Adam Ondra a ritroso, la storia dei \\\"Primi del loro grado\\\"\",\"breadcrumb\":{\"@id\":\"https:\/\/www.sestogrado.it\/it\/adam-ondra-lultimo-degli-extraterrestri-ora\/#breadcrumb\"},\"inLanguage\":\"it-IT\",\"potentialAction\":[{\"@type\":\"ReadAction\",\"target\":[[\"https:\/\/www.sestogrado.it\/it\/adam-ondra-lultimo-degli-extraterrestri-ora\/\"]]}]},{\"@type\":\"ImageObject\",\"inLanguage\":\"it-IT\",\"@id\":\"https:\/\/www.sestogrado.it\/it\/adam-ondra-lultimo-degli-extraterrestri-ora\/#primaryimage\",\"url\":\"https:\/\/www.sestogrado.it\/wp-content\/uploads\/2017\/09\/Instagram_Ondra.jpg\",\"contentUrl\":\"https:\/\/www.sestogrado.it\/wp-content\/uploads\/2017\/09\/Instagram_Ondra.jpg\",\"width\":1080,\"height\":608,\"caption\":\"adam ondra\"},{\"@type\":\"BreadcrumbList\",\"@id\":\"https:\/\/www.sestogrado.it\/it\/adam-ondra-lultimo-degli-extraterrestri-ora\/#breadcrumb\",\"itemListElement\":[{\"@type\":\"ListItem\",\"position\":1,\"name\":\"Home\",\"item\":\"https:\/\/www.sestogrado.it\/it\/\"},{\"@type\":\"ListItem\",\"position\":2,\"name\":\"Adam Ondra, l&#8217;ultimo degli extraterrestri&#8230; per ora.\"}]},{\"@type\":\"WebSite\",\"@id\":\"https:\/\/www.sestogrado.it\/it\/#website\",\"url\":\"https:\/\/www.sestogrado.it\/it\/\",\"name\":\"Sestogrado\",\"description\":\"yes we climb\",\"publisher\":{\"@id\":\"https:\/\/www.sestogrado.it\/it\/#organization\"},\"potentialAction\":[{\"@type\":\"SearchAction\",\"target\":{\"@type\":\"EntryPoint\",\"urlTemplate\":\"https:\/\/www.sestogrado.it\/it\/?s={search_term_string}\"},\"query-input\":{\"@type\":\"PropertyValueSpecification\",\"valueRequired\":true,\"valueName\":\"search_term_string\"}}],\"inLanguage\":\"it-IT\"},{\"@type\":\"Organization\",\"@id\":\"https:\/\/www.sestogrado.it\/it\/#organization\",\"name\":\"Sestogrado\",\"url\":\"https:\/\/www.sestogrado.it\/it\/\",\"logo\":{\"@type\":\"ImageObject\",\"inLanguage\":\"it-IT\",\"@id\":\"https:\/\/www.sestogrado.it\/it\/#\/schema\/logo\/image\/\",\"url\":\"https:\/\/www.sestogrado.it\/wp-content\/uploads\/2015\/03\/sestogrado-favicon.png\",\"contentUrl\":\"https:\/\/www.sestogrado.it\/wp-content\/uploads\/2015\/03\/sestogrado-favicon.png\",\"width\":260,\"height\":260,\"caption\":\"Sestogrado\"},\"image\":{\"@id\":\"https:\/\/www.sestogrado.it\/it\/#\/schema\/logo\/image\/\"},\"sameAs\":[\"https:\/\/www.facebook.com\/pages\/Sestogrado\/1542635979353017?ref=bookmarks\",\"https:\/\/www.youtube.com\/channel\/UC847kAfTkaJsWpc1jtQwr3Q\"],\"hasMerchantReturnPolicy\":{\"@type\":\"MerchantReturnPolicy\",\"merchantReturnLink\":\"https:\/\/www.sestogrado.it\/it\/termini-e-condizioni\/\"}},{\"@type\":\"Person\",\"@id\":\"https:\/\/www.sestogrado.it\/en\/#\/schema\/person\/79f414dc6904c7d2eef9d047c045f445\",\"name\":\"admin\"}]}<\/script>\n<!-- \/ Yoast SEO plugin. -->","yoast_head_json":{"title":"Adam Ondra, l'ultimo degli extraterrestri... per ora. - Sestogrado","description":"dal 9c di Adam Ondra a ritroso, la storia dei \"Primi del loro grado\"","robots":{"index":"index","follow":"follow","max-snippet":"max-snippet:-1","max-image-preview":"max-image-preview:large","max-video-preview":"max-video-preview:-1"},"canonical":"https:\/\/www.sestogrado.it\/it\/adam-ondra-lultimo-degli-extraterrestri-ora\/","og_locale":"it_IT","og_type":"article","og_title":"Adam Ondra, l'ultimo degli extraterrestri... per ora. - Sestogrado","og_description":"dal 9c di Adam Ondra a ritroso, la storia dei \"Primi del loro grado\"","og_url":"https:\/\/www.sestogrado.it\/it\/adam-ondra-lultimo-degli-extraterrestri-ora\/","og_site_name":"Sestogrado","article_publisher":"https:\/\/www.facebook.com\/pages\/Sestogrado\/1542635979353017?ref=bookmarks","article_published_time":"2017-09-05T13:44:30+00:00","article_modified_time":"2017-09-05T20:14:51+00:00","og_image":[{"width":1080,"height":608,"url":"https:\/\/www.sestogrado.it\/wp-content\/uploads\/2017\/09\/Instagram_Ondra.jpg","type":"image\/jpeg"}],"author":"admin","twitter_misc":{"Scritto da":"admin","Tempo di lettura stimato":"5 minuti"},"schema":{"@context":"https:\/\/schema.org","@graph":[{"@type":"Article","@id":"https:\/\/www.sestogrado.it\/adam-ondra-lultimo-degli-extraterrestri-ora\/#article","isPartOf":{"@id":"https:\/\/www.sestogrado.it\/adam-ondra-lultimo-degli-extraterrestri-ora\/"},"author":{"name":"admin","@id":"https:\/\/www.sestogrado.it\/en\/#\/schema\/person\/79f414dc6904c7d2eef9d047c045f445"},"headline":"Adam Ondra, l&#8217;ultimo degli extraterrestri&#8230; per ora.","datePublished":"2017-09-05T13:44:30+00:00","dateModified":"2017-09-05T20:14:51+00:00","mainEntityOfPage":{"@id":"https:\/\/www.sestogrado.it\/adam-ondra-lultimo-degli-extraterrestri-ora\/"},"wordCount":927,"commentCount":1,"publisher":{"@id":"https:\/\/www.sestogrado.it\/en\/#organization"},"image":{"@id":"https:\/\/www.sestogrado.it\/adam-ondra-lultimo-degli-extraterrestri-ora\/#primaryimage"},"thumbnailUrl":"https:\/\/www.sestogrado.it\/wp-content\/uploads\/2017\/09\/Instagram_Ondra.jpg","articleSection":["Libro di vetta"],"inLanguage":"it-IT","potentialAction":[{"@type":"CommentAction","name":"Comment","target":["https:\/\/www.sestogrado.it\/adam-ondra-lultimo-degli-extraterrestri-ora\/#respond"]}]},{"@type":"WebPage","@id":"https:\/\/www.sestogrado.it\/it\/adam-ondra-lultimo-degli-extraterrestri-ora\/","url":"https:\/\/www.sestogrado.it\/it\/adam-ondra-lultimo-degli-extraterrestri-ora\/","name":"Adam Ondra, l'ultimo degli extraterrestri... per ora. - Sestogrado","isPartOf":{"@id":"https:\/\/www.sestogrado.it\/it\/#website"},"primaryImageOfPage":{"@id":"https:\/\/www.sestogrado.it\/it\/adam-ondra-lultimo-degli-extraterrestri-ora\/#primaryimage"},"image":{"@id":"https:\/\/www.sestogrado.it\/adam-ondra-lultimo-degli-extraterrestri-ora\/#primaryimage"},"thumbnailUrl":"https:\/\/www.sestogrado.it\/wp-content\/uploads\/2017\/09\/Instagram_Ondra.jpg","datePublished":"2017-09-05T13:44:30+00:00","dateModified":"2017-09-05T20:14:51+00:00","description":"dal 9c di Adam Ondra a ritroso, la storia dei \"Primi del loro grado\"","breadcrumb":{"@id":"https:\/\/www.sestogrado.it\/it\/adam-ondra-lultimo-degli-extraterrestri-ora\/#breadcrumb"},"inLanguage":"it-IT","potentialAction":[{"@type":"ReadAction","target":[["https:\/\/www.sestogrado.it\/it\/adam-ondra-lultimo-degli-extraterrestri-ora\/"]]}]},{"@type":"ImageObject","inLanguage":"it-IT","@id":"https:\/\/www.sestogrado.it\/it\/adam-ondra-lultimo-degli-extraterrestri-ora\/#primaryimage","url":"https:\/\/www.sestogrado.it\/wp-content\/uploads\/2017\/09\/Instagram_Ondra.jpg","contentUrl":"https:\/\/www.sestogrado.it\/wp-content\/uploads\/2017\/09\/Instagram_Ondra.jpg","width":1080,"height":608,"caption":"adam ondra"},{"@type":"BreadcrumbList","@id":"https:\/\/www.sestogrado.it\/it\/adam-ondra-lultimo-degli-extraterrestri-ora\/#breadcrumb","itemListElement":[{"@type":"ListItem","position":1,"name":"Home","item":"https:\/\/www.sestogrado.it\/it\/"},{"@type":"ListItem","position":2,"name":"Adam Ondra, l&#8217;ultimo degli extraterrestri&#8230; per ora."}]},{"@type":"WebSite","@id":"https:\/\/www.sestogrado.it\/it\/#website","url":"https:\/\/www.sestogrado.it\/it\/","name":"Sestogrado","description":"yes we climb","publisher":{"@id":"https:\/\/www.sestogrado.it\/it\/#organization"},"potentialAction":[{"@type":"SearchAction","target":{"@type":"EntryPoint","urlTemplate":"https:\/\/www.sestogrado.it\/it\/?s={search_term_string}"},"query-input":{"@type":"PropertyValueSpecification","valueRequired":true,"valueName":"search_term_string"}}],"inLanguage":"it-IT"},{"@type":"Organization","@id":"https:\/\/www.sestogrado.it\/it\/#organization","name":"Sestogrado","url":"https:\/\/www.sestogrado.it\/it\/","logo":{"@type":"ImageObject","inLanguage":"it-IT","@id":"https:\/\/www.sestogrado.it\/it\/#\/schema\/logo\/image\/","url":"https:\/\/www.sestogrado.it\/wp-content\/uploads\/2015\/03\/sestogrado-favicon.png","contentUrl":"https:\/\/www.sestogrado.it\/wp-content\/uploads\/2015\/03\/sestogrado-favicon.png","width":260,"height":260,"caption":"Sestogrado"},"image":{"@id":"https:\/\/www.sestogrado.it\/it\/#\/schema\/logo\/image\/"},"sameAs":["https:\/\/www.facebook.com\/pages\/Sestogrado\/1542635979353017?ref=bookmarks","https:\/\/www.youtube.com\/channel\/UC847kAfTkaJsWpc1jtQwr3Q"],"hasMerchantReturnPolicy":{"@type":"MerchantReturnPolicy","merchantReturnLink":"https:\/\/www.sestogrado.it\/it\/termini-e-condizioni\/"}},{"@type":"Person","@id":"https:\/\/www.sestogrado.it\/en\/#\/schema\/person\/79f414dc6904c7d2eef9d047c045f445","name":"admin"}]}},"_links":{"self":[{"href":"https:\/\/www.sestogrado.it\/it\/wp-json\/wp\/v2\/posts\/12871","targetHints":{"allow":["GET"]}}],"collection":[{"href":"https:\/\/www.sestogrado.it\/it\/wp-json\/wp\/v2\/posts"}],"about":[{"href":"https:\/\/www.sestogrado.it\/it\/wp-json\/wp\/v2\/types\/post"}],"author":[{"embeddable":true,"href":"https:\/\/www.sestogrado.it\/it\/wp-json\/wp\/v2\/users\/1"}],"replies":[{"embeddable":true,"href":"https:\/\/www.sestogrado.it\/it\/wp-json\/wp\/v2\/comments?post=12871"}],"version-history":[{"count":0,"href":"https:\/\/www.sestogrado.it\/it\/wp-json\/wp\/v2\/posts\/12871\/revisions"}],"wp:featuredmedia":[{"embeddable":true,"href":"https:\/\/www.sestogrado.it\/it\/wp-json\/wp\/v2\/media\/12873"}],"wp:attachment":[{"href":"https:\/\/www.sestogrado.it\/it\/wp-json\/wp\/v2\/media?parent=12871"}],"wp:term":[{"taxonomy":"category","embeddable":true,"href":"https:\/\/www.sestogrado.it\/it\/wp-json\/wp\/v2\/categories?post=12871"},{"taxonomy":"post_tag","embeddable":true,"href":"https:\/\/www.sestogrado.it\/it\/wp-json\/wp\/v2\/tags?post=12871"}],"curies":[{"name":"wp","href":"https:\/\/api.w.org\/{rel}","templated":true}]}}