{"id":10514,"date":"2022-03-30T07:00:05","date_gmt":"2022-03-30T05:00:05","guid":{"rendered":"http:\/\/www.sestogrado.it\/?p=10514"},"modified":"2022-03-30T08:34:56","modified_gmt":"2022-03-30T06:34:56","slug":"legatura-della-corda-allimbrago","status":"publish","type":"post","link":"https:\/\/www.sestogrado.it\/it\/legatura-della-corda-allimbrago\/","title":{"rendered":"Legatura della corda all\u2019imbrago"},"content":{"rendered":"<p>Partiamo da un semplice presupposto: tutto inizia con un buon nodo. Legare la corda all\u2019imbrago \u00e8 la prima cosa che si impara quando si inizia ad arrampicare e, seppur banale da compiere, \u00e8 la manovra alpinistica che pi\u00f9 pu\u00f2 incidere sulla nostra sicurezza. In passato abbiamo parlato di come la \u201cnon chiusura del nodo\u201d abbia dato luogo ad incidenti anche e soprattutto tra climber esperti, ne abbiamo parlato <a href=\"https:\/\/www.sestogrado.it\/it\/tutto-inizia-con-un-buon-nodo\/\" target=\"_blank\" rel=\"noopener\">qui<\/a>.<\/p>\n<p>Oggi non trattiamo di nodi nello specifico ma prendiamo in considerazione alcuni aspetti legati al modo in cui ci si deve o dovrebbe legare all\u2019imbrago con la corda, es: far passare la corda sui due passanti dell\u2019imbrago o sull\u2019anello di servizio? perch\u00e8 ci sono climber che si assicurano sull\u2019anello direttamente con un moschettone? ho visto climber far passare un moschettone sui due passanti dell\u2019imbrago e collegarlo alla corda, etc.<\/p>\n<p><strong>1 perch\u00e8 la corda si deve far passare per i due passanti dell\u2019imbrago e non per l\u2019anello di servizio<\/strong><\/p>\n<p>La corda, soprattutto quando si arrampica da primi, deve essere sempre fatta passare per i due passanti dell\u2019imbrago e non per l\u2019anello di servizio, questo non perch\u00e8 l\u2019anello di servizio non sia in grado di trattenere la trazione in caso di volo, la sua tenuta infatti \u00e8 abbondantemente al di sopra delle forze in gioco, ma per i seguenti motivi:<\/p>\n<p>&#8211; il fatto che la corda passi per i due passanti, uno collocato in prossimit\u00e0 della cintura ventrale ed uno in prossimit\u00e0 dei cosciali fa si che la forza d\u2019arresto esercitata sull\u2019imbrago e quindi sul vostro corpo in caso di volo si distribuisca su due assi (ventrale e dei cosciali) invece che su un\u2019unica direzione come accadrebbe se la corda fosse legata all\u2019anello di servizio. In caso di caduta, la forza d\u2019arresto viene scaricata anche sui cosciali, facendo subire meno forza all\u2019asse ventrale.<\/p>\n<p>&#8211; quando si vola da primi la corda effettua una rotazione nei punti di passaggio. Quando siamo primi sopra al rinvio abbiamo la parte dell\u2019asola del nodo verso l\u2019alto ed il ramo di corda verso il basso, quando si vola questa posizione si \u201cribalta\u201d ed il ramo di corda, una volta arrestato il volo, si trova verso l\u2019alto. Questa rotazione del nodo determina un attrito che \u00e8 meglio che si verifichi in due punti, piuttosto che in uno solo.<\/p>\n<p>&#8211; l\u2019assicurazione all\u2019anello di servizio ne impedisce la rotazione, per cui, una volta legata la corda, gli attriti derivanti dalla corda stessa e dell\u2019anello nei passanti, si verificano sempre negli stessi punti, andando alla lunga a logorare il tessuto di quelle parti.<\/p>\n<p>&#8211; ridondanza: s\u00ec, l\u2019anello di servizio tiene abbondantemente le forze che entrano in gioco, ma &#8220;due is meglio che one&#8221;.<\/p>\n<p><img decoding=\"async\" class=\"size-full wp-image-10515 aligncenter\" src=\"https:\/\/www.sestogrado.it\/wp-content\/uploads\/2017\/03\/01-4.jpg\" alt=\"legatura imbrago\" width=\"1000\" height=\"666\" srcset=\"https:\/\/www.sestogrado.it\/wp-content\/uploads\/2017\/03\/01-4.jpg 1000w, https:\/\/www.sestogrado.it\/wp-content\/uploads\/2017\/03\/01-4-750x500.jpg 750w, https:\/\/www.sestogrado.it\/wp-content\/uploads\/2017\/03\/01-4-300x200.jpg 300w, https:\/\/www.sestogrado.it\/wp-content\/uploads\/2017\/03\/01-4-768x511.jpg 768w, https:\/\/www.sestogrado.it\/wp-content\/uploads\/2017\/03\/01-4-635x423.jpg 635w, https:\/\/www.sestogrado.it\/wp-content\/uploads\/2017\/03\/01-4-96x64.jpg 96w\" sizes=\"(max-width: 1000px) 100vw, 1000px\" \/><\/p>\n<p style=\"text-align: center;\"><em>Corda collegata ai due passanti dell&#8217;imbrago con nodo bulino ripassato.<\/em><\/p>\n<p><strong>2 con la corda dall\u2019alto ci si pu\u00f2 assicurare all\u2019anello ventrale<\/strong><\/p>\n<p>Seppur sia sempre consigliabile far passare la corda nei due passanti dell\u2019imbrago, nell\u2019arrampicata in toprope ci si pu\u00f2 assicurare all\u2019anello ventrale per i seguenti motivi:<\/p>\n<p>&#8211; le forze in gioco in un \u201cvolo\u201d da secondi sono molto inferiori a quelle che si generano in un volo da primi. In un volo nell\u2019arrampicata da primi si genera mediamente una forza d\u2019arresto intorno agli 800kg (mediamente: incidono altri fattori legati alla dinamicit\u00e0 del volo e di chi ti fa sicura, fattore di caduta a seconda di quanti di metri di corda ci sono fuori, etc.), nell\u2019arrampicata in toprope, anche se chi vi sta facendo sicura tenesse fuori troppa corda, comunque subireste una forza d\u2019arresto estremamente bassa, che non si avvicina minimamente al limite dell\u2019anello di servizio del vostro imbrago.<\/p>\n<p>&#8211; nell\u2019arrampicata in toprope ed in un potenziale \u201cvolo\u201d, se cos\u00ec si pu\u00f2 chiamare cadendo da secondi, l\u2019anello dell\u2019imbrago \u00e8 trazionato sempre ed in un unico senso, \u00e8 tirato cio\u00e8 verso l\u2019alto, non effettua nessuna rotazione e non si sviluppano gli attriti del volo da primo intorno ai passanti.<\/p>\n<p><strong>Tuttavia ci sono alcuni aspetti da tenere conto nell\u2019assicurarsi all\u2019anello ventrale con corda dall\u2019alto:<\/strong><\/p>\n<p>&#8211; \u00e8 meglio assicurarsi alla corda tramite un moschettone, in questo caso si riducono gli attriti corda\/anello, entrambi fatti di tessuto.<\/p>\n<p>&#8211; proprio perch\u00e8 \u00e8 consigliabile legarsi attraverso un moschettone, \u00e8 possibile che questo, impattando o strisciando contro la roccia mentre arrampicate, si apra. Per questo motivo, come applicato alle corde dall\u2019alto gi\u00e0 attrezzate nelle palestre di arrampicata indoor, \u00e8 consigliabile utilizzare un moschettone autobloccante twistlock, meglio se a <a href=\"https:\/\/www.sestogrado.it\/it\/prodotto\/ct-climbing-technology-snappy-tg-moschettone-hms\/\" target=\"_blank\" rel=\"noopener\">3 movimenti<\/a>.<\/p>\n<p><img decoding=\"async\" class=\"img-fluid alignnone wp-image-98005 \" src=\"https:\/\/www.sestogrado.it\/wp-content\/uploads\/2019\/05\/01-9.jpg\" alt=\"nodo imbrago\" width=\"558\" height=\"418\" srcset=\"https:\/\/www.sestogrado.it\/wp-content\/uploads\/2019\/05\/01-9.jpg 1200w, https:\/\/www.sestogrado.it\/wp-content\/uploads\/2019\/05\/01-9-750x563.jpg 750w, https:\/\/www.sestogrado.it\/wp-content\/uploads\/2019\/05\/01-9-300x225.jpg 300w, https:\/\/www.sestogrado.it\/wp-content\/uploads\/2019\/05\/01-9-1024x768.jpg 1024w, https:\/\/www.sestogrado.it\/wp-content\/uploads\/2019\/05\/01-9-768x576.jpg 768w, https:\/\/www.sestogrado.it\/wp-content\/uploads\/2019\/05\/01-9-600x450.jpg 600w, https:\/\/www.sestogrado.it\/wp-content\/uploads\/2019\/05\/01-9-635x476.jpg 635w, https:\/\/www.sestogrado.it\/wp-content\/uploads\/2019\/05\/01-9-107x80.jpg 107w, https:\/\/www.sestogrado.it\/wp-content\/uploads\/2019\/05\/01-9-80x60.jpg 80w, https:\/\/www.sestogrado.it\/wp-content\/uploads\/2019\/05\/01-9-120x90.jpg 120w\" sizes=\"(max-width: 558px) 100vw, 558px\" \/> <img decoding=\"async\" class=\"img-fluid alignnone wp-image-98006 \" src=\"https:\/\/www.sestogrado.it\/wp-content\/uploads\/2019\/05\/03-4.jpg\" alt=\"nodo imbrago\" width=\"557\" height=\"418\" srcset=\"https:\/\/www.sestogrado.it\/wp-content\/uploads\/2019\/05\/03-4.jpg 1600w, https:\/\/www.sestogrado.it\/wp-content\/uploads\/2019\/05\/03-4-750x563.jpg 750w, https:\/\/www.sestogrado.it\/wp-content\/uploads\/2019\/05\/03-4-300x225.jpg 300w, https:\/\/www.sestogrado.it\/wp-content\/uploads\/2019\/05\/03-4-1024x768.jpg 1024w, https:\/\/www.sestogrado.it\/wp-content\/uploads\/2019\/05\/03-4-768x576.jpg 768w, https:\/\/www.sestogrado.it\/wp-content\/uploads\/2019\/05\/03-4-1536x1152.jpg 1536w, https:\/\/www.sestogrado.it\/wp-content\/uploads\/2019\/05\/03-4-600x450.jpg 600w, https:\/\/www.sestogrado.it\/wp-content\/uploads\/2019\/05\/03-4-635x476.jpg 635w, https:\/\/www.sestogrado.it\/wp-content\/uploads\/2019\/05\/03-4-107x80.jpg 107w, https:\/\/www.sestogrado.it\/wp-content\/uploads\/2019\/05\/03-4-80x60.jpg 80w, https:\/\/www.sestogrado.it\/wp-content\/uploads\/2019\/05\/03-4-120x90.jpg 120w\" sizes=\"(max-width: 557px) 100vw, 557px\" \/><\/p>\n<p style=\"text-align: left;\"><em>Legatura all&#8217;imbrago con bulino ripassato nei due passanti e legatura all&#8217;anello di servizio ventrale tramite moschettone autobloccante twistlock a 3 movimenti <a href=\"https:\/\/www.sestogrado.it\/it\/prodotto\/camp-atom-3lock-moschettone-hms-autobloccante\/\" target=\"_blank\" rel=\"noopener\">Camp Atom 3Lock<\/a>.<\/em><\/p>\n<p>&nbsp;<\/p>\n<p><strong>Infine una nota di costume<\/strong>: talvolta sar\u00e0 capitato di assistere a climber che si assicurano con corda dall\u2019alto, su moschettone, non applicato all\u2019anello di servizio, ma ai due passanti, come si deve fare con la corda quando ci si assicura per progredire da primi. Questa appare come una inutile se non eccessiva cautela, arrampicando dall\u2019alto infatti non si sviluppa alcuna rotazione del moschettone sull\u2019anello che viene trazionato solo sull\u2019asse verticale, le forze d\u2019arresto sono talmente basse che, essere \u201ctrazionati\u201d su un unico punto dell\u2019imbrago invece che sui due passanti, non determina alcuna differenza. Per chi sceglie di arrampicare con corda dall&#8217;alto e con moschettone collegato all&#8217;anello di servizio, l&#8217;unica premura dovrebbe essere quella di utilizzare un moschettone che non possa accidentalmente aprirsi attraverso attriti o pressione, come gi\u00e0 detto quindi un autobloccante con sicura.<\/p>\n<p>&nbsp;<\/p>\n<p>Climb safe<\/p>","protected":false},"excerpt":{"rendered":"<p>ci si pu\u00f2 assicurare all\u2019anello ventrale? aspetti e conseguenze<\/p>\n","protected":false},"author":1,"featured_media":10515,"comment_status":"open","ping_status":"open","sticky":false,"template":"","format":"standard","meta":{"_acf_changed":false,"footnotes":""},"categories":[79],"tags":[],"class_list":["post-10514","post","type-post","status-publish","format-standard","has-post-thumbnail","hentry","category-libro-di-vetta"],"acf":[],"yoast_head":"<!-- This site is optimized with the Yoast SEO plugin v26.4 - https:\/\/yoast.com\/wordpress\/plugins\/seo\/ -->\n<title>Legatura della corda all\u2019imbrago - Sestogrado<\/title>\n<meta name=\"description\" content=\"ci si pu\u00f2 assicurare all\u2019anello ventrale? aspetti e conseguenze. Perch\u00e8 la corda si deve far passare per i due passanti dell\u2019imbrago e non per l\u2019anello di servizio. Tutto inizia con un buon nodo.\" \/>\n<meta name=\"robots\" content=\"index, follow, max-snippet:-1, max-image-preview:large, max-video-preview:-1\" \/>\n<link rel=\"canonical\" href=\"https:\/\/www.sestogrado.it\/it\/legatura-della-corda-allimbrago\/\" \/>\n<meta property=\"og:locale\" content=\"it_IT\" \/>\n<meta property=\"og:type\" content=\"article\" \/>\n<meta property=\"og:title\" content=\"Legatura della corda all\u2019imbrago - Sestogrado\" \/>\n<meta property=\"og:description\" content=\"ci si pu\u00f2 assicurare all\u2019anello ventrale? aspetti e conseguenze. Perch\u00e8 la corda si deve far passare per i due passanti dell\u2019imbrago e non per l\u2019anello di servizio. Tutto inizia con un buon nodo.\" \/>\n<meta property=\"og:url\" content=\"https:\/\/www.sestogrado.it\/it\/legatura-della-corda-allimbrago\/\" \/>\n<meta property=\"og:site_name\" content=\"Sestogrado\" \/>\n<meta property=\"article:publisher\" content=\"https:\/\/www.facebook.com\/pages\/Sestogrado\/1542635979353017?ref=bookmarks\" \/>\n<meta property=\"article:published_time\" content=\"2022-03-30T05:00:05+00:00\" \/>\n<meta property=\"article:modified_time\" content=\"2022-03-30T06:34:56+00:00\" \/>\n<meta property=\"og:image\" content=\"https:\/\/www.sestogrado.it\/wp-content\/uploads\/2017\/03\/01-4.jpg\" \/>\n\t<meta property=\"og:image:width\" content=\"1000\" \/>\n\t<meta property=\"og:image:height\" content=\"666\" \/>\n\t<meta property=\"og:image:type\" content=\"image\/jpeg\" \/>\n<meta name=\"author\" content=\"admin\" \/>\n<meta name=\"twitter:label1\" content=\"Scritto da\" \/>\n\t<meta name=\"twitter:data1\" content=\"admin\" \/>\n\t<meta name=\"twitter:label2\" content=\"Tempo di lettura stimato\" \/>\n\t<meta name=\"twitter:data2\" content=\"6 minuti\" \/>\n<script type=\"application\/ld+json\" class=\"yoast-schema-graph\">{\"@context\":\"https:\/\/schema.org\",\"@graph\":[{\"@type\":\"Article\",\"@id\":\"https:\/\/www.sestogrado.it\/legatura-della-corda-allimbrago\/#article\",\"isPartOf\":{\"@id\":\"https:\/\/www.sestogrado.it\/legatura-della-corda-allimbrago\/\"},\"author\":{\"name\":\"admin\",\"@id\":\"https:\/\/www.sestogrado.it\/en\/#\/schema\/person\/79f414dc6904c7d2eef9d047c045f445\"},\"headline\":\"Legatura della corda all\u2019imbrago\",\"datePublished\":\"2022-03-30T05:00:05+00:00\",\"dateModified\":\"2022-03-30T06:34:56+00:00\",\"mainEntityOfPage\":{\"@id\":\"https:\/\/www.sestogrado.it\/legatura-della-corda-allimbrago\/\"},\"wordCount\":934,\"commentCount\":0,\"publisher\":{\"@id\":\"https:\/\/www.sestogrado.it\/en\/#organization\"},\"image\":{\"@id\":\"https:\/\/www.sestogrado.it\/legatura-della-corda-allimbrago\/#primaryimage\"},\"thumbnailUrl\":\"https:\/\/www.sestogrado.it\/wp-content\/uploads\/2017\/03\/01-4.jpg\",\"articleSection\":[\"Libro di vetta\"],\"inLanguage\":\"it-IT\",\"potentialAction\":[{\"@type\":\"CommentAction\",\"name\":\"Comment\",\"target\":[\"https:\/\/www.sestogrado.it\/legatura-della-corda-allimbrago\/#respond\"]}]},{\"@type\":\"WebPage\",\"@id\":\"https:\/\/www.sestogrado.it\/it\/legatura-della-corda-allimbrago\/\",\"url\":\"https:\/\/www.sestogrado.it\/it\/legatura-della-corda-allimbrago\/\",\"name\":\"Legatura della corda all\u2019imbrago - Sestogrado\",\"isPartOf\":{\"@id\":\"https:\/\/www.sestogrado.it\/it\/#website\"},\"primaryImageOfPage\":{\"@id\":\"https:\/\/www.sestogrado.it\/it\/legatura-della-corda-allimbrago\/#primaryimage\"},\"image\":{\"@id\":\"https:\/\/www.sestogrado.it\/legatura-della-corda-allimbrago\/#primaryimage\"},\"thumbnailUrl\":\"https:\/\/www.sestogrado.it\/wp-content\/uploads\/2017\/03\/01-4.jpg\",\"datePublished\":\"2022-03-30T05:00:05+00:00\",\"dateModified\":\"2022-03-30T06:34:56+00:00\",\"description\":\"ci si pu\u00f2 assicurare all\u2019anello ventrale? aspetti e conseguenze. Perch\u00e8 la corda si deve far passare per i due passanti dell\u2019imbrago e non per l\u2019anello di servizio. Tutto inizia con un buon nodo.\",\"breadcrumb\":{\"@id\":\"https:\/\/www.sestogrado.it\/it\/legatura-della-corda-allimbrago\/#breadcrumb\"},\"inLanguage\":\"it-IT\",\"potentialAction\":[{\"@type\":\"ReadAction\",\"target\":[[\"https:\/\/www.sestogrado.it\/it\/legatura-della-corda-allimbrago\/\"]]}]},{\"@type\":\"ImageObject\",\"inLanguage\":\"it-IT\",\"@id\":\"https:\/\/www.sestogrado.it\/it\/legatura-della-corda-allimbrago\/#primaryimage\",\"url\":\"https:\/\/www.sestogrado.it\/wp-content\/uploads\/2017\/03\/01-4.jpg\",\"contentUrl\":\"https:\/\/www.sestogrado.it\/wp-content\/uploads\/2017\/03\/01-4.jpg\",\"width\":1000,\"height\":666,\"caption\":\"legatura imbrago\"},{\"@type\":\"BreadcrumbList\",\"@id\":\"https:\/\/www.sestogrado.it\/it\/legatura-della-corda-allimbrago\/#breadcrumb\",\"itemListElement\":[{\"@type\":\"ListItem\",\"position\":1,\"name\":\"Home\",\"item\":\"https:\/\/www.sestogrado.it\/it\/\"},{\"@type\":\"ListItem\",\"position\":2,\"name\":\"Legatura della corda all\u2019imbrago\"}]},{\"@type\":\"WebSite\",\"@id\":\"https:\/\/www.sestogrado.it\/it\/#website\",\"url\":\"https:\/\/www.sestogrado.it\/it\/\",\"name\":\"Sestogrado\",\"description\":\"yes we climb\",\"publisher\":{\"@id\":\"https:\/\/www.sestogrado.it\/it\/#organization\"},\"potentialAction\":[{\"@type\":\"SearchAction\",\"target\":{\"@type\":\"EntryPoint\",\"urlTemplate\":\"https:\/\/www.sestogrado.it\/it\/?s={search_term_string}\"},\"query-input\":{\"@type\":\"PropertyValueSpecification\",\"valueRequired\":true,\"valueName\":\"search_term_string\"}}],\"inLanguage\":\"it-IT\"},{\"@type\":\"Organization\",\"@id\":\"https:\/\/www.sestogrado.it\/it\/#organization\",\"name\":\"Sestogrado\",\"url\":\"https:\/\/www.sestogrado.it\/it\/\",\"logo\":{\"@type\":\"ImageObject\",\"inLanguage\":\"it-IT\",\"@id\":\"https:\/\/www.sestogrado.it\/it\/#\/schema\/logo\/image\/\",\"url\":\"https:\/\/www.sestogrado.it\/wp-content\/uploads\/2015\/03\/sestogrado-favicon.png\",\"contentUrl\":\"https:\/\/www.sestogrado.it\/wp-content\/uploads\/2015\/03\/sestogrado-favicon.png\",\"width\":260,\"height\":260,\"caption\":\"Sestogrado\"},\"image\":{\"@id\":\"https:\/\/www.sestogrado.it\/it\/#\/schema\/logo\/image\/\"},\"sameAs\":[\"https:\/\/www.facebook.com\/pages\/Sestogrado\/1542635979353017?ref=bookmarks\",\"https:\/\/www.youtube.com\/channel\/UC847kAfTkaJsWpc1jtQwr3Q\"],\"hasMerchantReturnPolicy\":{\"@type\":\"MerchantReturnPolicy\",\"merchantReturnLink\":\"https:\/\/www.sestogrado.it\/it\/termini-e-condizioni\/\"}},{\"@type\":\"Person\",\"@id\":\"https:\/\/www.sestogrado.it\/en\/#\/schema\/person\/79f414dc6904c7d2eef9d047c045f445\",\"name\":\"admin\"}]}<\/script>\n<!-- \/ Yoast SEO plugin. -->","yoast_head_json":{"title":"Legatura della corda all\u2019imbrago - Sestogrado","description":"ci si pu\u00f2 assicurare all\u2019anello ventrale? aspetti e conseguenze. Perch\u00e8 la corda si deve far passare per i due passanti dell\u2019imbrago e non per l\u2019anello di servizio. Tutto inizia con un buon nodo.","robots":{"index":"index","follow":"follow","max-snippet":"max-snippet:-1","max-image-preview":"max-image-preview:large","max-video-preview":"max-video-preview:-1"},"canonical":"https:\/\/www.sestogrado.it\/it\/legatura-della-corda-allimbrago\/","og_locale":"it_IT","og_type":"article","og_title":"Legatura della corda all\u2019imbrago - Sestogrado","og_description":"ci si pu\u00f2 assicurare all\u2019anello ventrale? aspetti e conseguenze. Perch\u00e8 la corda si deve far passare per i due passanti dell\u2019imbrago e non per l\u2019anello di servizio. Tutto inizia con un buon nodo.","og_url":"https:\/\/www.sestogrado.it\/it\/legatura-della-corda-allimbrago\/","og_site_name":"Sestogrado","article_publisher":"https:\/\/www.facebook.com\/pages\/Sestogrado\/1542635979353017?ref=bookmarks","article_published_time":"2022-03-30T05:00:05+00:00","article_modified_time":"2022-03-30T06:34:56+00:00","og_image":[{"width":1000,"height":666,"url":"https:\/\/www.sestogrado.it\/wp-content\/uploads\/2017\/03\/01-4.jpg","type":"image\/jpeg"}],"author":"admin","twitter_misc":{"Scritto da":"admin","Tempo di lettura stimato":"6 minuti"},"schema":{"@context":"https:\/\/schema.org","@graph":[{"@type":"Article","@id":"https:\/\/www.sestogrado.it\/legatura-della-corda-allimbrago\/#article","isPartOf":{"@id":"https:\/\/www.sestogrado.it\/legatura-della-corda-allimbrago\/"},"author":{"name":"admin","@id":"https:\/\/www.sestogrado.it\/en\/#\/schema\/person\/79f414dc6904c7d2eef9d047c045f445"},"headline":"Legatura della corda all\u2019imbrago","datePublished":"2022-03-30T05:00:05+00:00","dateModified":"2022-03-30T06:34:56+00:00","mainEntityOfPage":{"@id":"https:\/\/www.sestogrado.it\/legatura-della-corda-allimbrago\/"},"wordCount":934,"commentCount":0,"publisher":{"@id":"https:\/\/www.sestogrado.it\/en\/#organization"},"image":{"@id":"https:\/\/www.sestogrado.it\/legatura-della-corda-allimbrago\/#primaryimage"},"thumbnailUrl":"https:\/\/www.sestogrado.it\/wp-content\/uploads\/2017\/03\/01-4.jpg","articleSection":["Libro di vetta"],"inLanguage":"it-IT","potentialAction":[{"@type":"CommentAction","name":"Comment","target":["https:\/\/www.sestogrado.it\/legatura-della-corda-allimbrago\/#respond"]}]},{"@type":"WebPage","@id":"https:\/\/www.sestogrado.it\/it\/legatura-della-corda-allimbrago\/","url":"https:\/\/www.sestogrado.it\/it\/legatura-della-corda-allimbrago\/","name":"Legatura della corda all\u2019imbrago - Sestogrado","isPartOf":{"@id":"https:\/\/www.sestogrado.it\/it\/#website"},"primaryImageOfPage":{"@id":"https:\/\/www.sestogrado.it\/it\/legatura-della-corda-allimbrago\/#primaryimage"},"image":{"@id":"https:\/\/www.sestogrado.it\/legatura-della-corda-allimbrago\/#primaryimage"},"thumbnailUrl":"https:\/\/www.sestogrado.it\/wp-content\/uploads\/2017\/03\/01-4.jpg","datePublished":"2022-03-30T05:00:05+00:00","dateModified":"2022-03-30T06:34:56+00:00","description":"ci si pu\u00f2 assicurare all\u2019anello ventrale? aspetti e conseguenze. Perch\u00e8 la corda si deve far passare per i due passanti dell\u2019imbrago e non per l\u2019anello di servizio. Tutto inizia con un buon nodo.","breadcrumb":{"@id":"https:\/\/www.sestogrado.it\/it\/legatura-della-corda-allimbrago\/#breadcrumb"},"inLanguage":"it-IT","potentialAction":[{"@type":"ReadAction","target":[["https:\/\/www.sestogrado.it\/it\/legatura-della-corda-allimbrago\/"]]}]},{"@type":"ImageObject","inLanguage":"it-IT","@id":"https:\/\/www.sestogrado.it\/it\/legatura-della-corda-allimbrago\/#primaryimage","url":"https:\/\/www.sestogrado.it\/wp-content\/uploads\/2017\/03\/01-4.jpg","contentUrl":"https:\/\/www.sestogrado.it\/wp-content\/uploads\/2017\/03\/01-4.jpg","width":1000,"height":666,"caption":"legatura imbrago"},{"@type":"BreadcrumbList","@id":"https:\/\/www.sestogrado.it\/it\/legatura-della-corda-allimbrago\/#breadcrumb","itemListElement":[{"@type":"ListItem","position":1,"name":"Home","item":"https:\/\/www.sestogrado.it\/it\/"},{"@type":"ListItem","position":2,"name":"Legatura della corda all\u2019imbrago"}]},{"@type":"WebSite","@id":"https:\/\/www.sestogrado.it\/it\/#website","url":"https:\/\/www.sestogrado.it\/it\/","name":"Sestogrado","description":"yes we climb","publisher":{"@id":"https:\/\/www.sestogrado.it\/it\/#organization"},"potentialAction":[{"@type":"SearchAction","target":{"@type":"EntryPoint","urlTemplate":"https:\/\/www.sestogrado.it\/it\/?s={search_term_string}"},"query-input":{"@type":"PropertyValueSpecification","valueRequired":true,"valueName":"search_term_string"}}],"inLanguage":"it-IT"},{"@type":"Organization","@id":"https:\/\/www.sestogrado.it\/it\/#organization","name":"Sestogrado","url":"https:\/\/www.sestogrado.it\/it\/","logo":{"@type":"ImageObject","inLanguage":"it-IT","@id":"https:\/\/www.sestogrado.it\/it\/#\/schema\/logo\/image\/","url":"https:\/\/www.sestogrado.it\/wp-content\/uploads\/2015\/03\/sestogrado-favicon.png","contentUrl":"https:\/\/www.sestogrado.it\/wp-content\/uploads\/2015\/03\/sestogrado-favicon.png","width":260,"height":260,"caption":"Sestogrado"},"image":{"@id":"https:\/\/www.sestogrado.it\/it\/#\/schema\/logo\/image\/"},"sameAs":["https:\/\/www.facebook.com\/pages\/Sestogrado\/1542635979353017?ref=bookmarks","https:\/\/www.youtube.com\/channel\/UC847kAfTkaJsWpc1jtQwr3Q"],"hasMerchantReturnPolicy":{"@type":"MerchantReturnPolicy","merchantReturnLink":"https:\/\/www.sestogrado.it\/it\/termini-e-condizioni\/"}},{"@type":"Person","@id":"https:\/\/www.sestogrado.it\/en\/#\/schema\/person\/79f414dc6904c7d2eef9d047c045f445","name":"admin"}]}},"_links":{"self":[{"href":"https:\/\/www.sestogrado.it\/it\/wp-json\/wp\/v2\/posts\/10514","targetHints":{"allow":["GET"]}}],"collection":[{"href":"https:\/\/www.sestogrado.it\/it\/wp-json\/wp\/v2\/posts"}],"about":[{"href":"https:\/\/www.sestogrado.it\/it\/wp-json\/wp\/v2\/types\/post"}],"author":[{"embeddable":true,"href":"https:\/\/www.sestogrado.it\/it\/wp-json\/wp\/v2\/users\/1"}],"replies":[{"embeddable":true,"href":"https:\/\/www.sestogrado.it\/it\/wp-json\/wp\/v2\/comments?post=10514"}],"version-history":[{"count":0,"href":"https:\/\/www.sestogrado.it\/it\/wp-json\/wp\/v2\/posts\/10514\/revisions"}],"wp:featuredmedia":[{"embeddable":true,"href":"https:\/\/www.sestogrado.it\/it\/wp-json\/wp\/v2\/media\/10515"}],"wp:attachment":[{"href":"https:\/\/www.sestogrado.it\/it\/wp-json\/wp\/v2\/media?parent=10514"}],"wp:term":[{"taxonomy":"category","embeddable":true,"href":"https:\/\/www.sestogrado.it\/it\/wp-json\/wp\/v2\/categories?post=10514"},{"taxonomy":"post_tag","embeddable":true,"href":"https:\/\/www.sestogrado.it\/it\/wp-json\/wp\/v2\/tags?post=10514"}],"curies":[{"name":"wp","href":"https:\/\/api.w.org\/{rel}","templated":true}]}}