{"id":101698,"date":"2025-03-04T09:40:16","date_gmt":"2025-03-04T08:40:16","guid":{"rendered":"https:\/\/www.sestogrado.it\/?p=101698"},"modified":"2025-03-04T20:10:31","modified_gmt":"2025-03-04T19:10:31","slug":"the-north-face-il-mito-della-parete-nord-delleiger","status":"publish","type":"post","link":"https:\/\/www.sestogrado.it\/it\/the-north-face-il-mito-della-parete-nord-delleiger\/","title":{"rendered":"The North Face: il mito della parete Nord dell\u2019Eiger"},"content":{"rendered":"<p>Il mito della parete nord dell\u2019Eiger deriva dai turbolenti eventi alpinistici che si sono succeduti nel corso del \u2018900 per tentarne la salita. La difficolt\u00e0 di salita attraverso l\u2019allora inviolata parete nord, insidiosa e pericolosa era dovuta alle scariche continue, all&#8217;imprevedibilit\u00e0 metereologica e naturalmente alla mancanza di eventuali punti di ritirata, oltre che di appoggio.<\/p>\n<p>Ma andiamo per gradi.<\/p>\n<p>L&#8217;<strong>Eiger<\/strong> \u00e8\u00a0una montagna svizzera delle Alpi bernesi, alta poco meno di<strong> 4000 metri<\/strong> e situata nella regione montuosa dell&#8217;Oberland, formando assieme a M\u00f6nch\u00a0e\u00a0Jungfrau una <strong>triade montuosa particolarmente nota<\/strong> nel mondo dell&#8217;alpinismo. Famosa \u00e8 la sua parete nord, che ha costituito uno dei principali problemi alpinistici degli anni \u201930 per gli atleti di tutta Europa.<\/p>\n<p>Pare che l\u2019appellativo Eiger derivi dal tedesco \u201corco\u201d e ben si abbina alla spaventosa fama che questa ha raggiunto nel corso degli anni.<\/p>\n<p>La montagna oggi si presenta come una sorta di banco di prova per gli alpinisti che intendono andare in Himalaya: presenta uno<strong> sviluppo verticale di oltre 1800 metri<\/strong> ed \u00e8 perennemente coperta dalla vista del sole, offrendo quindi neve, ghiaccio e pericoli oggettivi di un certo peso.<\/p>\n<h2><strong>I primi tentativi di salita<\/strong><\/h2>\n<p>I primi tentativi di salita corrispondono alle prime vittime dell\u2019 \u201corco\u201d svizzero. <strong>Karl Mehringer e Max Sedlemayer<\/strong>, forti promettenti alpinisti dell\u2019epoca, tentarono la salita nel 1935 e rimasero bloccati in parete a causa del maltempo. Improvvisarono un bivacco all\u2019addiaccio, a 3300 metri, ma complice il freddo e le continue scariche, oltre alla bassa qualit\u00e0 dei materiali dell\u2019attrezzatura dell\u2019epoca, i due perirono. La zona ora \u00e8\u00a0 denominata \u201cBivacco della morte\u201d.<\/p>\n<h2><strong>Tra le salite pi\u00f9 sentite: la morte di Toni Kurz<\/strong><\/h2>\n<figure id=\"attachment_102032\" aria-describedby=\"caption-attachment-102032\" style=\"width: 800px\" class=\"wp-caption alignnone\"><img decoding=\"async\" class=\"img-fluid wp-image-102032 size-full\" src=\"https:\/\/www.sestogrado.it\/wp-content\/uploads\/2022\/05\/download.jpg\" alt=\"mito dell'eiger toni kurz\" width=\"800\" height=\"1066\" srcset=\"https:\/\/www.sestogrado.it\/wp-content\/uploads\/2022\/05\/download.jpg 800w, https:\/\/www.sestogrado.it\/wp-content\/uploads\/2022\/05\/download-750x999.jpg 750w, https:\/\/www.sestogrado.it\/wp-content\/uploads\/2022\/05\/download-225x300.jpg 225w, https:\/\/www.sestogrado.it\/wp-content\/uploads\/2022\/05\/download-768x1023.jpg 768w, https:\/\/www.sestogrado.it\/wp-content\/uploads\/2022\/05\/download-635x846.jpg 635w, https:\/\/www.sestogrado.it\/wp-content\/uploads\/2022\/05\/download-60x80.jpg 60w, https:\/\/www.sestogrado.it\/wp-content\/uploads\/2022\/05\/download-45x60.jpg 45w, https:\/\/www.sestogrado.it\/wp-content\/uploads\/2022\/05\/download-68x90.jpg 68w\" sizes=\"(max-width: 800px) 100vw, 800px\" \/><figcaption id=\"caption-attachment-102032\" class=\"wp-caption-text\">La locandina del film &#8220;The north face&#8221; che tratta della salita di Toni Kurz e compagni nel 1936.<\/figcaption><\/figure>\n<p>Narrata nell\u2019intenso film \u201cThe north face\u201d, il celebre quanto provato tentativo di scalata da parte di Toni Kurz ed altri forti alpinisti del 1936 fu molto sentito nella cronaca del periodo e nell\u2019ambiente alpinistico. <strong>Toni Kurz, 23 enne<\/strong> militare appassionato di montagna e storico compagno di cordata con <strong>Andreas Hinterstoisser<\/strong>, \u00e8 ricordato come tra i precursori (<em>inconsapevoli<\/em>) del VII\u00b0 grado in montagna. La tragedia vede coinvolti Toni, Andreas e un\u2019altra cordata di alpinisti austriaci <strong>Willy Angerer ed Edi Rainer<\/strong>, i quali morirono tutti durante la discesa, dopo ore di maltempo e sofferenza in parete. Toni rimase solo in parete, durante il tentativo di fuga. Quasi soccorso da guide alpine, Toni non pot\u00e9 raggiungere la via di fuga vicino al tunnel del treno per un <strong>errore di manovra dovuto ad un nodo<\/strong> nella corda che non permetteva il passaggio in un moschettone.<\/p>\n<p>Si tramanda che le ultime parole pronunciate, in fin di vita e stremato psicologicamente dopo aver visto morire uno ad uno i compagni e fisicamente dopo ore di lotta contro il freddo e la sete, furono: &#8220;Ich kann nicht mehr&#8221; (&#8220;non ne posso pi\u00f9&#8221;).<\/p>\n<h2><strong>1938: cordate italiane all\u2019attacco<\/strong><\/h2>\n<figure id=\"attachment_102044\" aria-describedby=\"caption-attachment-102044\" style=\"width: 1000px\" class=\"wp-caption alignnone\"><img decoding=\"async\" class=\"img-fluid wp-image-102044 size-full\" src=\"https:\/\/www.sestogrado.it\/wp-content\/uploads\/2022\/05\/sandri-e-menti.jpg\" alt=\"sandri e menti eiger\" width=\"1000\" height=\"750\" srcset=\"https:\/\/www.sestogrado.it\/wp-content\/uploads\/2022\/05\/sandri-e-menti.jpg 1000w, https:\/\/www.sestogrado.it\/wp-content\/uploads\/2022\/05\/sandri-e-menti-750x563.jpg 750w, https:\/\/www.sestogrado.it\/wp-content\/uploads\/2022\/05\/sandri-e-menti-300x225.jpg 300w, https:\/\/www.sestogrado.it\/wp-content\/uploads\/2022\/05\/sandri-e-menti-768x576.jpg 768w, https:\/\/www.sestogrado.it\/wp-content\/uploads\/2022\/05\/sandri-e-menti-600x450.jpg 600w, https:\/\/www.sestogrado.it\/wp-content\/uploads\/2022\/05\/sandri-e-menti-635x476.jpg 635w, https:\/\/www.sestogrado.it\/wp-content\/uploads\/2022\/05\/sandri-e-menti-107x80.jpg 107w, https:\/\/www.sestogrado.it\/wp-content\/uploads\/2022\/05\/sandri-e-menti-80x60.jpg 80w, https:\/\/www.sestogrado.it\/wp-content\/uploads\/2022\/05\/sandri-e-menti-120x90.jpg 120w\" sizes=\"(max-width: 1000px) 100vw, 1000px\" \/><figcaption id=\"caption-attachment-102044\" class=\"wp-caption-text\">Cordata Sandri-Menti, 1938.<\/figcaption><\/figure>\n<p>I vicentini <strong>Bortolo Sandri e Mario Menti<\/strong> perirono sulla parete nord.<\/p>\n<p>Passarono i giorni precedenti a studiare e attrezzare il percorso. Il 22 giugno scrivono alle famiglie &#8220;La montagna \u00e8 carica di neve, la scalata \u00e8 andata in fumo e quando abbiamo finito i soldi torniamo a casa\u201d. Non \u00e8 la verit\u00e0, \u00e8 un depistaggio per tranquillizzare genitori, parenti, amici. Caddero in prossimit\u00e0 della \u201cfessura difficile\u201d, nella parte bassa della parete.<\/p>\n<p>Il 24 giugno del 1938 la guida svizzera Fritz Steuri e suo figlio trovano il corpo di Sandri sui ghiaioni della base. Al giungere della notizia a Valdagno, gli alpinisti Gino Sold\u00e0, Raffaele Carlesso e altri partono per raggiungere l\u2019Eiger e ritrovare il corpo di Menti. Ricerche vane, il cadavere del giovane Mario non sar\u00e0 mai ritrovato.<\/p>\n<p>Nello stesso anno, una spedizione capeggiata da<strong> Riccardo Cassin<\/strong> tent\u00f2 l\u2019impresa. Rinunciarono a causa del maltempo.<\/p>\n<h2><strong>La riuscita alla vetta tramite la salita nella parete nord<\/strong><\/h2>\n<figure id=\"attachment_102039\" aria-describedby=\"caption-attachment-102039\" style=\"width: 900px\" class=\"wp-caption alignnone\"><img decoding=\"async\" class=\"img-fluid wp-image-102039\" src=\"https:\/\/www.sestogrado.it\/wp-content\/uploads\/2022\/05\/eiger-heckmair.jpg\" alt=\"Andreas Heckmair, Ludwig Vorg, Fritz Kasparel ed Heinrich Harrer\" width=\"900\" height=\"675\" srcset=\"https:\/\/www.sestogrado.it\/wp-content\/uploads\/2022\/05\/eiger-heckmair.jpg 1100w, https:\/\/www.sestogrado.it\/wp-content\/uploads\/2022\/05\/eiger-heckmair-750x563.jpg 750w, https:\/\/www.sestogrado.it\/wp-content\/uploads\/2022\/05\/eiger-heckmair-300x225.jpg 300w, https:\/\/www.sestogrado.it\/wp-content\/uploads\/2022\/05\/eiger-heckmair-1024x768.jpg 1024w, https:\/\/www.sestogrado.it\/wp-content\/uploads\/2022\/05\/eiger-heckmair-768x576.jpg 768w, https:\/\/www.sestogrado.it\/wp-content\/uploads\/2022\/05\/eiger-heckmair-600x450.jpg 600w, https:\/\/www.sestogrado.it\/wp-content\/uploads\/2022\/05\/eiger-heckmair-635x476.jpg 635w, https:\/\/www.sestogrado.it\/wp-content\/uploads\/2022\/05\/eiger-heckmair-107x80.jpg 107w, https:\/\/www.sestogrado.it\/wp-content\/uploads\/2022\/05\/eiger-heckmair-80x60.jpg 80w, https:\/\/www.sestogrado.it\/wp-content\/uploads\/2022\/05\/eiger-heckmair-120x90.jpg 120w\" sizes=\"(max-width: 900px) 100vw, 900px\" \/><figcaption id=\"caption-attachment-102039\" class=\"wp-caption-text\">La cordata austro-tedesca vittoriosa. Superata la \u201ctraversata degli d\u00e8i\u201d, i quattro alpinisti raggiunsero il nevaio detto \u201cragno bianco\u201d; mentre lo risalivano, furono investiti da una valanga: riuscirono a non cadere, ma Kasparek fu ferito ad una mano. Per questo nell&#8217;iconica e famosissima foto appare Kasparek con la mano fasciata.<\/figcaption><\/figure>\n<p>La conquista della vetta tramite l\u2019inviolata parete nord era divenuta <em>questione politica e di onore<\/em>: chi sarebbe riuscito sarebbe stato lautamente ricompensato. Gli alpinisti erano cauti per via dei <strong>divieti di salita<\/strong> e dall\u2019eventuale <strong>non certo soccorso da parte delle guide alpine. <\/strong>La salita veniva considerata talmente pericolosa che un comunicato del <em>Comitato Centrale del Club Alpino Svizzero<\/em> riferiva che le guide non dovevano sentirsi obbligate ad andare in soccorso di chi si fosse trovato in condizioni critiche sulla parete.<\/p>\n<p>Gli alpinisti erano tuttavia spinti nell&#8217;impresa dall&#8217;onore che ne avrebbero ricavato. In particolare per gli alpinisti austriaci e tedeschi la conquista era particolarmente sentita e <strong>amplificata dalla propaganda nazista<\/strong>. Sulla scia di ci\u00f2, a luglio del 1938 una cordata austro-tedesca composta da <strong>Andreas Heckmair<\/strong>, <strong>Ludwig Vorg<\/strong>, <strong>Fritz Kasparel<\/strong> ed <strong>Heinrich Harrer<\/strong> riusc\u00ec nell\u2019impresa. Fu un evento miracoloso: <strong>3 notti in bivacco in parete<\/strong> per sopperire al maltempo continuo. I media locali e alpinistici impazzirono, tanto che il team venne ricevuto da Adolf Hitler.<\/p>\n<h2><strong>Tragedie successive alla conquista<\/strong><\/h2>\n<p>Nonostante l\u2019impresa della salita tramite la parete nord fu a questo punto considerata possibile, gli incidenti e la nomea di monte \u201cmostro\u201d non hanno reso l\u2019Eiger realisticamente pi\u00f9 accessibile. Si stima che una <strong>sessantina di alpinisti<\/strong> da tutto il mondo perirono tentando la salita o scendendo dall&#8217;Eiger dopo il 1938, ossia in seguito alla conquista.<\/p>\n<p>Nel 1957 un\u2019altra tragedia scosse il mondo alpinistico: la cordata italiana di<strong> Stefano Longhi e di Claudio Corti<\/strong> fu costretta a <strong>8 giorni di bivacco in parete<\/strong>. I due, uniti nel corso della salita ad un\u2019altra cordata tedesca dall\u2019intento di raggiungere la vetta assieme, nonostante maltempo, scariche frequenti e situazione molto delicata. Longhi sub\u00ec un <strong>congelamento alle mani e cadde in una cengia molto esposta<\/strong>. Il recupero risultava molto complesso, quindi i 3 alpinisti rimanenti decisero di salire in vetta per poi scendere e allertare i soccorsi per l\u2019amico e compagno in parete. Durante l\u2019ascesa anche Corti fu <strong>colpito da una scarica di sassi<\/strong> e rimase ferito. I due tedeschi proseguirono, ma perirono &#8211; come si scopr\u00ec in seguito &#8211; nel tentativo di ridiscendere. Vista la situazione di perdurante instabilit\u00e0, una cordata di soccorritori iniziata sostenuta da Ludwig Gramminger, riusc\u00ec a salire sulla via normale recuperando Corti, grazie ad una finestra di tempo stabile e ad una collaborazione alpinistica internazionale mal vista prima. <strong>La squadra di salvataggio fu strabiliante<\/strong>: i giornali dell&#8217;epoca citano la partecipazione di cinquanta alpinisti da sei diversi paesi, che risalendo la via normale riuscirono a calare un soccorritore che recupera Corti e risale. La squadra tenta di recuperare Longhi, ma non riesce per via del maltempo improvviso. Lo rassicurano dicendogli che sarebbero tornati l&#8217;indomani e lui risponde in dialetto &#8220;fam, frecc&#8221;.<\/p>\n<figure id=\"attachment_102045\" aria-describedby=\"caption-attachment-102045\" style=\"width: 1000px\" class=\"wp-caption alignnone\"><img decoding=\"async\" class=\"img-fluid wp-image-102045 size-full\" src=\"https:\/\/www.sestogrado.it\/wp-content\/uploads\/2022\/05\/sriimg20080530_8133101_1-36471154.jpg\" alt=\"Salvataggio di Corti\" width=\"1000\" height=\"751\" srcset=\"https:\/\/www.sestogrado.it\/wp-content\/uploads\/2022\/05\/sriimg20080530_8133101_1-36471154.jpg 1000w, https:\/\/www.sestogrado.it\/wp-content\/uploads\/2022\/05\/sriimg20080530_8133101_1-36471154-750x563.jpg 750w, https:\/\/www.sestogrado.it\/wp-content\/uploads\/2022\/05\/sriimg20080530_8133101_1-36471154-300x225.jpg 300w, https:\/\/www.sestogrado.it\/wp-content\/uploads\/2022\/05\/sriimg20080530_8133101_1-36471154-768x577.jpg 768w, https:\/\/www.sestogrado.it\/wp-content\/uploads\/2022\/05\/sriimg20080530_8133101_1-36471154-600x450.jpg 600w, https:\/\/www.sestogrado.it\/wp-content\/uploads\/2022\/05\/sriimg20080530_8133101_1-36471154-635x477.jpg 635w, https:\/\/www.sestogrado.it\/wp-content\/uploads\/2022\/05\/sriimg20080530_8133101_1-36471154-107x80.jpg 107w, https:\/\/www.sestogrado.it\/wp-content\/uploads\/2022\/05\/sriimg20080530_8133101_1-36471154-80x60.jpg 80w, https:\/\/www.sestogrado.it\/wp-content\/uploads\/2022\/05\/sriimg20080530_8133101_1-36471154-120x90.jpg 120w\" sizes=\"(max-width: 1000px) 100vw, 1000px\" \/><figcaption id=\"caption-attachment-102045\" class=\"wp-caption-text\">Il salvataggio di Corti fu seguito da decine di cannocchiali di alpinisti, guide e turisti alla base della parete. Fu spettacolare e terribile al contempo: si tratt\u00f2 del primo salvataggio di una persona viva dalla parete nord dell&#8217;Eiger, grazie ad una collaborazione internazionale eccellente.<\/figcaption><\/figure>\n<p><strong>Longhi mor\u00ec il giorno seguente<\/strong>. Il corpo di Longhi rimase appeso per due anni sulla parete, come un macabro monito, visibile anche dai turisti in valle. Solo due anni dopo, nel 1959, i resti vengono recuperati.<\/p>\n<figure id=\"attachment_102043\" aria-describedby=\"caption-attachment-102043\" style=\"width: 1100px\" class=\"wp-caption alignnone\"><img decoding=\"async\" class=\"img-fluid wp-image-102043 size-full\" src=\"https:\/\/www.sestogrado.it\/wp-content\/uploads\/2022\/05\/Immagine-2022-05-18-143304.jpg\" alt=\"Salvataggio di Corti\" width=\"1100\" height=\"825\" srcset=\"https:\/\/www.sestogrado.it\/wp-content\/uploads\/2022\/05\/Immagine-2022-05-18-143304.jpg 1100w, https:\/\/www.sestogrado.it\/wp-content\/uploads\/2022\/05\/Immagine-2022-05-18-143304-750x563.jpg 750w, https:\/\/www.sestogrado.it\/wp-content\/uploads\/2022\/05\/Immagine-2022-05-18-143304-300x225.jpg 300w, https:\/\/www.sestogrado.it\/wp-content\/uploads\/2022\/05\/Immagine-2022-05-18-143304-1024x768.jpg 1024w, https:\/\/www.sestogrado.it\/wp-content\/uploads\/2022\/05\/Immagine-2022-05-18-143304-768x576.jpg 768w, https:\/\/www.sestogrado.it\/wp-content\/uploads\/2022\/05\/Immagine-2022-05-18-143304-600x450.jpg 600w, https:\/\/www.sestogrado.it\/wp-content\/uploads\/2022\/05\/Immagine-2022-05-18-143304-635x476.jpg 635w, https:\/\/www.sestogrado.it\/wp-content\/uploads\/2022\/05\/Immagine-2022-05-18-143304-107x80.jpg 107w, https:\/\/www.sestogrado.it\/wp-content\/uploads\/2022\/05\/Immagine-2022-05-18-143304-80x60.jpg 80w, https:\/\/www.sestogrado.it\/wp-content\/uploads\/2022\/05\/Immagine-2022-05-18-143304-120x90.jpg 120w\" sizes=\"(max-width: 1100px) 100vw, 1100px\" \/><figcaption id=\"caption-attachment-102043\" class=\"wp-caption-text\">Foto storiche di Albert Winklers: il difficile salvataggio di Corti.<\/figcaption><\/figure>\n<p>La vicenda suscit\u00f2 molte <strong>polemiche<\/strong>, in particolare per l\u2019operato di Corti, il quale rimase \u201calla gogna pubblica\u201d per diversi anni.<\/p>\n<p>Corti venne accusato di avere sulla coscienza la vita degli altri e di aver spinto volontariamente i tedeschi nel vuoto, oltre che di aver abbandonato Longhi da solo in parete.<\/p>\n<p>Nel 1961, per caso, i corpi dei due tedeschi vennero ritrovati sul percorso di discesa. Fu quindi chiara l&#8217;innocenza di Corti.<\/p>\n<figure id=\"attachment_102027\" aria-describedby=\"caption-attachment-102027\" style=\"width: 1100px\" class=\"wp-caption alignnone\"><img decoding=\"async\" class=\"img-fluid wp-image-102027\" src=\"https:\/\/www.sestogrado.it\/wp-content\/uploads\/2022\/05\/tone.jpg\" alt=\"nord eiger Toni Valeruz\" width=\"1100\" height=\"825\" srcset=\"https:\/\/www.sestogrado.it\/wp-content\/uploads\/2022\/05\/tone.jpg 1200w, https:\/\/www.sestogrado.it\/wp-content\/uploads\/2022\/05\/tone-750x563.jpg 750w, https:\/\/www.sestogrado.it\/wp-content\/uploads\/2022\/05\/tone-300x225.jpg 300w, https:\/\/www.sestogrado.it\/wp-content\/uploads\/2022\/05\/tone-1024x768.jpg 1024w, https:\/\/www.sestogrado.it\/wp-content\/uploads\/2022\/05\/tone-768x576.jpg 768w, https:\/\/www.sestogrado.it\/wp-content\/uploads\/2022\/05\/tone-600x450.jpg 600w, https:\/\/www.sestogrado.it\/wp-content\/uploads\/2022\/05\/tone-635x476.jpg 635w, https:\/\/www.sestogrado.it\/wp-content\/uploads\/2022\/05\/tone-107x80.jpg 107w, https:\/\/www.sestogrado.it\/wp-content\/uploads\/2022\/05\/tone-80x60.jpg 80w, https:\/\/www.sestogrado.it\/wp-content\/uploads\/2022\/05\/tone-120x90.jpg 120w\" sizes=\"(max-width: 1100px) 100vw, 1100px\" \/><figcaption id=\"caption-attachment-102027\" class=\"wp-caption-text\">Toni Valeruz nella prima discesa della via Lauper, 1983.<\/figcaption><\/figure>\n<p>In seguito, l\u2019Eiger venne esplorato e tentato con diverse discipline. Estreme furono le <strong>discese con gli sci<\/strong>, la cui prima risale al \u201970, ad opera di <strong>Sylvain Saudan<\/strong> (\u201clo sciatore dell\u2019impossibile\u201d). Notevole anche la discesa nel maggio del 1983 da parte di <strong>Toni Valeruz<\/strong>, la prima attraverso la via Lauper.<\/p>\n<h2><strong>La salita alla parete nord nei giorni nostri: alpinismo o corsa?<\/strong><\/h2>\n<p>Con l\u2019evoluzione dei materiali, pi\u00f9 resistenti e pi\u00f9 leggeri, oltre che della qualit\u00e0 delle previsioni metereologiche e della tecnica di progressione, la salita attraverso la parete nord \u00e8 oggi meno pericolosa e pi\u00f9 veloce. Al giorno d&#8217;oggi, la bravura alpinistica strizza l&#8217;occhio ai \u201crecord di velocit\u00e0\u201d nei percorsi pi\u00f9 difficili di salita.<\/p>\n<p>Dai 3 giorni impiegati dai primi salitori, si \u00e8 passati a poco meno di 4 ore nel 2008, record di <strong>Ueli Steck<\/strong> \u2013 soprannominato <em>The Swiss Machine<\/em>, non a torto. Nel 2011 <strong>Dani Arnold<\/strong> ha ulteriormente elevato il record di velocit\u00e0 a sole 2 ore e 28 minuti. Ueli Steck \u00e8 corso alla ribalta nel 2015, riappropriandosi del record di velocit\u00e0 di salita in <strong>2 ore e 22 minuti<\/strong>. Steck \u00e8 morto in un incidente in Nepal nel 2017: <strong>il suo record rimane ad oggi imbattuto<\/strong>.<\/p>\n<p><iframe src=\"\/\/www.youtube.com\/embed\/NfpYNr7es0Y\" width=\"560\" height=\"314\" allowfullscreen=\"allowfullscreen\"><\/iframe><\/p>\n<p>Dai 3 giorni impiegati dai primi salitori, si \u00e8 passati a poco meno di 4 ore nel 2008, record di <strong>Ueli Steck<\/strong> \u2013 soprannominato <em>The Swiss Machine<\/em>, non a torto. Nel 2011 <strong>Dani Arnold<\/strong> ha ulteriormente elevato il record di velocit\u00e0 a sole 2 ore e 28 minuti. Ueli Steck \u00e8 corso alla ribalta nel 2015, riappropriandosi del record di velocit\u00e0 di salita in <strong>2 ore e 22 minuti<\/strong>. Steck \u00e8 morto in un incidente in Nepal nel 2017: <strong>il suo record rimane ad oggi imbattuto<\/strong>.<\/p>\n<p>1800 metri di dislivello in poco pi\u00f9 di 2 ore di salita, cosa ci aspettiamo per il futuro?<\/p>","protected":false},"excerpt":{"rendered":"<p>L\u2019ultimo grande problema alpinistico della compagine alpina.<\/p>\n","protected":false},"author":8325,"featured_media":102054,"comment_status":"open","ping_status":"open","sticky":false,"template":"","format":"standard","meta":{"_acf_changed":false,"footnotes":""},"categories":[79],"tags":[],"class_list":["post-101698","post","type-post","status-publish","format-standard","has-post-thumbnail","hentry","category-libro-di-vetta"],"acf":[],"yoast_head":"<!-- This site is optimized with the Yoast SEO plugin v26.4 - https:\/\/yoast.com\/wordpress\/plugins\/seo\/ -->\n<title>The North Face: il mito della parete Nord dell\u2019Eiger - Sestogrado<\/title>\n<meta name=\"description\" content=\"L\u2019ultimo grande problema alpinistico della compagine alpina. Il mito della parete nord dell\u2019Eiger deriva dai turbolenti eventi alpinistici che si sono succeduti nel corso del \u2018900 per tentarne la salita. La difficolt\u00e0 non stava nella salita per raggiungere la vetta, quanto nel raggiungerla attraverso l\u2019allora inviolata parete nord, insidiosa e pericolosa per le scariche continue e per la mancanza di punti di ritirata, oltre che di appoggio. Ma andiamo per gradi. L&#039;Eiger \u00e8\u00a0una montagna svizzera delle Alpi bernesi, alta poco meno di 4000 metri e situata nella regione montuosa dell&#039;Oberland, formando assieme a M\u00f6nch\u00a0e\u00a0Jungfrau una triade montuosa particolarmente nota nel mondo dell&#039;alpinismo. Famosa\u00a0\u00e8\u00a0infatti\u00a0la\u00a0sua parete nord, che ha costituito uno dei principali problemi alpinistici degli anni \u201930 per gli atleti di tutta europa. Pare che l\u2019appellativo Eiger derivi dal tedesco \u201corco\u201d e ben si abbina alla fama che questa ha raggiunto nel corso degli anni.\" \/>\n<meta name=\"robots\" content=\"index, follow, max-snippet:-1, max-image-preview:large, max-video-preview:-1\" \/>\n<link rel=\"canonical\" href=\"https:\/\/www.sestogrado.it\/it\/the-north-face-il-mito-della-parete-nord-delleiger\/\" \/>\n<meta property=\"og:locale\" content=\"it_IT\" \/>\n<meta property=\"og:type\" content=\"article\" \/>\n<meta property=\"og:title\" content=\"The North Face: il mito della parete Nord dell\u2019Eiger - Sestogrado\" \/>\n<meta property=\"og:description\" content=\"L\u2019ultimo grande problema alpinistico della compagine alpina. Il mito della parete nord dell\u2019Eiger deriva dai turbolenti eventi alpinistici che si sono succeduti nel corso del \u2018900 per tentarne la salita. La difficolt\u00e0 non stava nella salita per raggiungere la vetta, quanto nel raggiungerla attraverso l\u2019allora inviolata parete nord, insidiosa e pericolosa per le scariche continue e per la mancanza di punti di ritirata, oltre che di appoggio. Ma andiamo per gradi. L&#039;Eiger \u00e8\u00a0una montagna svizzera delle Alpi bernesi, alta poco meno di 4000 metri e situata nella regione montuosa dell&#039;Oberland, formando assieme a M\u00f6nch\u00a0e\u00a0Jungfrau una triade montuosa particolarmente nota nel mondo dell&#039;alpinismo. Famosa\u00a0\u00e8\u00a0infatti\u00a0la\u00a0sua parete nord, che ha costituito uno dei principali problemi alpinistici degli anni \u201930 per gli atleti di tutta europa. Pare che l\u2019appellativo Eiger derivi dal tedesco \u201corco\u201d e ben si abbina alla fama che questa ha raggiunto nel corso degli anni.\" \/>\n<meta property=\"og:url\" content=\"https:\/\/www.sestogrado.it\/it\/the-north-face-il-mito-della-parete-nord-delleiger\/\" \/>\n<meta property=\"og:site_name\" content=\"Sestogrado\" \/>\n<meta property=\"article:publisher\" content=\"https:\/\/www.facebook.com\/pages\/Sestogrado\/1542635979353017?ref=bookmarks\" \/>\n<meta property=\"article:published_time\" content=\"2025-03-04T08:40:16+00:00\" \/>\n<meta property=\"article:modified_time\" content=\"2025-03-04T19:10:31+00:00\" \/>\n<meta property=\"og:image\" content=\"https:\/\/www.sestogrado.it\/wp-content\/uploads\/2022\/05\/cop-eiger.jpg\" \/>\n\t<meta property=\"og:image:width\" content=\"1024\" \/>\n\t<meta property=\"og:image:height\" content=\"768\" \/>\n\t<meta property=\"og:image:type\" content=\"image\/jpeg\" \/>\n<meta name=\"author\" content=\"Marketing One\" \/>\n<meta name=\"twitter:label1\" content=\"Scritto da\" \/>\n\t<meta name=\"twitter:data1\" content=\"Marketing One\" \/>\n\t<meta name=\"twitter:label2\" content=\"Tempo di lettura stimato\" \/>\n\t<meta name=\"twitter:data2\" content=\"11 minuti\" \/>\n<script type=\"application\/ld+json\" class=\"yoast-schema-graph\">{\"@context\":\"https:\/\/schema.org\",\"@graph\":[{\"@type\":\"Article\",\"@id\":\"https:\/\/www.sestogrado.it\/the-north-face-il-mito-della-parete-nord-delleiger\/#article\",\"isPartOf\":{\"@id\":\"https:\/\/www.sestogrado.it\/the-north-face-il-mito-della-parete-nord-delleiger\/\"},\"author\":{\"name\":\"Marketing One\",\"@id\":\"https:\/\/www.sestogrado.it\/en\/#\/schema\/person\/87f2f398301094837f98f7dac608b6e6\"},\"headline\":\"The North Face: il mito della parete Nord dell\u2019Eiger\",\"datePublished\":\"2025-03-04T08:40:16+00:00\",\"dateModified\":\"2025-03-04T19:10:31+00:00\",\"mainEntityOfPage\":{\"@id\":\"https:\/\/www.sestogrado.it\/the-north-face-il-mito-della-parete-nord-delleiger\/\"},\"wordCount\":1635,\"commentCount\":0,\"publisher\":{\"@id\":\"https:\/\/www.sestogrado.it\/en\/#organization\"},\"image\":{\"@id\":\"https:\/\/www.sestogrado.it\/the-north-face-il-mito-della-parete-nord-delleiger\/#primaryimage\"},\"thumbnailUrl\":\"https:\/\/www.sestogrado.it\/wp-content\/uploads\/2022\/05\/cop-eiger.jpg\",\"articleSection\":[\"Libro di vetta\"],\"inLanguage\":\"it-IT\",\"potentialAction\":[{\"@type\":\"CommentAction\",\"name\":\"Comment\",\"target\":[\"https:\/\/www.sestogrado.it\/the-north-face-il-mito-della-parete-nord-delleiger\/#respond\"]}]},{\"@type\":\"WebPage\",\"@id\":\"https:\/\/www.sestogrado.it\/it\/the-north-face-il-mito-della-parete-nord-delleiger\/\",\"url\":\"https:\/\/www.sestogrado.it\/it\/the-north-face-il-mito-della-parete-nord-delleiger\/\",\"name\":\"The North Face: il mito della parete Nord dell\u2019Eiger - Sestogrado\",\"isPartOf\":{\"@id\":\"https:\/\/www.sestogrado.it\/it\/#website\"},\"primaryImageOfPage\":{\"@id\":\"https:\/\/www.sestogrado.it\/it\/the-north-face-il-mito-della-parete-nord-delleiger\/#primaryimage\"},\"image\":{\"@id\":\"https:\/\/www.sestogrado.it\/the-north-face-il-mito-della-parete-nord-delleiger\/#primaryimage\"},\"thumbnailUrl\":\"https:\/\/www.sestogrado.it\/wp-content\/uploads\/2022\/05\/cop-eiger.jpg\",\"datePublished\":\"2025-03-04T08:40:16+00:00\",\"dateModified\":\"2025-03-04T19:10:31+00:00\",\"description\":\"L\u2019ultimo grande problema alpinistico della compagine alpina. Il mito della parete nord dell\u2019Eiger deriva dai turbolenti eventi alpinistici che si sono succeduti nel corso del \u2018900 per tentarne la salita. La difficolt\u00e0 non stava nella salita per raggiungere la vetta, quanto nel raggiungerla attraverso l\u2019allora inviolata parete nord, insidiosa e pericolosa per le scariche continue e per la mancanza di punti di ritirata, oltre che di appoggio. Ma andiamo per gradi. L'Eiger \u00e8\u00a0una montagna svizzera delle Alpi bernesi, alta poco meno di 4000 metri e situata nella regione montuosa dell'Oberland, formando assieme a M\u00f6nch\u00a0e\u00a0Jungfrau una triade montuosa particolarmente nota nel mondo dell'alpinismo. Famosa\u00a0\u00e8\u00a0infatti\u00a0la\u00a0sua parete nord, che ha costituito uno dei principali problemi alpinistici degli anni \u201930 per gli atleti di tutta europa. Pare che l\u2019appellativo Eiger derivi dal tedesco \u201corco\u201d e ben si abbina alla fama che questa ha raggiunto nel corso degli anni.\",\"breadcrumb\":{\"@id\":\"https:\/\/www.sestogrado.it\/it\/the-north-face-il-mito-della-parete-nord-delleiger\/#breadcrumb\"},\"inLanguage\":\"it-IT\",\"potentialAction\":[{\"@type\":\"ReadAction\",\"target\":[[\"https:\/\/www.sestogrado.it\/it\/the-north-face-il-mito-della-parete-nord-delleiger\/\"]]}]},{\"@type\":\"ImageObject\",\"inLanguage\":\"it-IT\",\"@id\":\"https:\/\/www.sestogrado.it\/it\/the-north-face-il-mito-della-parete-nord-delleiger\/#primaryimage\",\"url\":\"https:\/\/www.sestogrado.it\/wp-content\/uploads\/2022\/05\/cop-eiger.jpg\",\"contentUrl\":\"https:\/\/www.sestogrado.it\/wp-content\/uploads\/2022\/05\/cop-eiger.jpg\",\"width\":1024,\"height\":768,\"caption\":\"eiger\"},{\"@type\":\"BreadcrumbList\",\"@id\":\"https:\/\/www.sestogrado.it\/it\/the-north-face-il-mito-della-parete-nord-delleiger\/#breadcrumb\",\"itemListElement\":[{\"@type\":\"ListItem\",\"position\":1,\"name\":\"Home\",\"item\":\"https:\/\/www.sestogrado.it\/it\/\"},{\"@type\":\"ListItem\",\"position\":2,\"name\":\"The North Face: il mito della parete Nord dell\u2019Eiger\"}]},{\"@type\":\"WebSite\",\"@id\":\"https:\/\/www.sestogrado.it\/it\/#website\",\"url\":\"https:\/\/www.sestogrado.it\/it\/\",\"name\":\"Sestogrado\",\"description\":\"yes we climb\",\"publisher\":{\"@id\":\"https:\/\/www.sestogrado.it\/it\/#organization\"},\"potentialAction\":[{\"@type\":\"SearchAction\",\"target\":{\"@type\":\"EntryPoint\",\"urlTemplate\":\"https:\/\/www.sestogrado.it\/it\/?s={search_term_string}\"},\"query-input\":{\"@type\":\"PropertyValueSpecification\",\"valueRequired\":true,\"valueName\":\"search_term_string\"}}],\"inLanguage\":\"it-IT\"},{\"@type\":\"Organization\",\"@id\":\"https:\/\/www.sestogrado.it\/it\/#organization\",\"name\":\"Sestogrado\",\"url\":\"https:\/\/www.sestogrado.it\/it\/\",\"logo\":{\"@type\":\"ImageObject\",\"inLanguage\":\"it-IT\",\"@id\":\"https:\/\/www.sestogrado.it\/it\/#\/schema\/logo\/image\/\",\"url\":\"https:\/\/www.sestogrado.it\/wp-content\/uploads\/2015\/03\/sestogrado-favicon.png\",\"contentUrl\":\"https:\/\/www.sestogrado.it\/wp-content\/uploads\/2015\/03\/sestogrado-favicon.png\",\"width\":260,\"height\":260,\"caption\":\"Sestogrado\"},\"image\":{\"@id\":\"https:\/\/www.sestogrado.it\/it\/#\/schema\/logo\/image\/\"},\"sameAs\":[\"https:\/\/www.facebook.com\/pages\/Sestogrado\/1542635979353017?ref=bookmarks\",\"https:\/\/www.youtube.com\/channel\/UC847kAfTkaJsWpc1jtQwr3Q\"],\"hasMerchantReturnPolicy\":{\"@type\":\"MerchantReturnPolicy\",\"merchantReturnLink\":\"https:\/\/www.sestogrado.it\/it\/termini-e-condizioni\/\"}},{\"@type\":\"Person\",\"@id\":\"https:\/\/www.sestogrado.it\/en\/#\/schema\/person\/87f2f398301094837f98f7dac608b6e6\",\"name\":\"Marketing One\"}]}<\/script>\n<!-- \/ Yoast SEO plugin. -->","yoast_head_json":{"title":"The North Face: il mito della parete Nord dell\u2019Eiger - Sestogrado","description":"L\u2019ultimo grande problema alpinistico della compagine alpina. Il mito della parete nord dell\u2019Eiger deriva dai turbolenti eventi alpinistici che si sono succeduti nel corso del \u2018900 per tentarne la salita. La difficolt\u00e0 non stava nella salita per raggiungere la vetta, quanto nel raggiungerla attraverso l\u2019allora inviolata parete nord, insidiosa e pericolosa per le scariche continue e per la mancanza di punti di ritirata, oltre che di appoggio. Ma andiamo per gradi. L'Eiger \u00e8\u00a0una montagna svizzera delle Alpi bernesi, alta poco meno di 4000 metri e situata nella regione montuosa dell'Oberland, formando assieme a M\u00f6nch\u00a0e\u00a0Jungfrau una triade montuosa particolarmente nota nel mondo dell'alpinismo. Famosa\u00a0\u00e8\u00a0infatti\u00a0la\u00a0sua parete nord, che ha costituito uno dei principali problemi alpinistici degli anni \u201930 per gli atleti di tutta europa. Pare che l\u2019appellativo Eiger derivi dal tedesco \u201corco\u201d e ben si abbina alla fama che questa ha raggiunto nel corso degli anni.","robots":{"index":"index","follow":"follow","max-snippet":"max-snippet:-1","max-image-preview":"max-image-preview:large","max-video-preview":"max-video-preview:-1"},"canonical":"https:\/\/www.sestogrado.it\/it\/the-north-face-il-mito-della-parete-nord-delleiger\/","og_locale":"it_IT","og_type":"article","og_title":"The North Face: il mito della parete Nord dell\u2019Eiger - Sestogrado","og_description":"L\u2019ultimo grande problema alpinistico della compagine alpina. Il mito della parete nord dell\u2019Eiger deriva dai turbolenti eventi alpinistici che si sono succeduti nel corso del \u2018900 per tentarne la salita. La difficolt\u00e0 non stava nella salita per raggiungere la vetta, quanto nel raggiungerla attraverso l\u2019allora inviolata parete nord, insidiosa e pericolosa per le scariche continue e per la mancanza di punti di ritirata, oltre che di appoggio. Ma andiamo per gradi. L'Eiger \u00e8\u00a0una montagna svizzera delle Alpi bernesi, alta poco meno di 4000 metri e situata nella regione montuosa dell'Oberland, formando assieme a M\u00f6nch\u00a0e\u00a0Jungfrau una triade montuosa particolarmente nota nel mondo dell'alpinismo. Famosa\u00a0\u00e8\u00a0infatti\u00a0la\u00a0sua parete nord, che ha costituito uno dei principali problemi alpinistici degli anni \u201930 per gli atleti di tutta europa. Pare che l\u2019appellativo Eiger derivi dal tedesco \u201corco\u201d e ben si abbina alla fama che questa ha raggiunto nel corso degli anni.","og_url":"https:\/\/www.sestogrado.it\/it\/the-north-face-il-mito-della-parete-nord-delleiger\/","og_site_name":"Sestogrado","article_publisher":"https:\/\/www.facebook.com\/pages\/Sestogrado\/1542635979353017?ref=bookmarks","article_published_time":"2025-03-04T08:40:16+00:00","article_modified_time":"2025-03-04T19:10:31+00:00","og_image":[{"width":1024,"height":768,"url":"https:\/\/www.sestogrado.it\/wp-content\/uploads\/2022\/05\/cop-eiger.jpg","type":"image\/jpeg"}],"author":"Marketing One","twitter_misc":{"Scritto da":"Marketing One","Tempo di lettura stimato":"11 minuti"},"schema":{"@context":"https:\/\/schema.org","@graph":[{"@type":"Article","@id":"https:\/\/www.sestogrado.it\/the-north-face-il-mito-della-parete-nord-delleiger\/#article","isPartOf":{"@id":"https:\/\/www.sestogrado.it\/the-north-face-il-mito-della-parete-nord-delleiger\/"},"author":{"name":"Marketing One","@id":"https:\/\/www.sestogrado.it\/en\/#\/schema\/person\/87f2f398301094837f98f7dac608b6e6"},"headline":"The North Face: il mito della parete Nord dell\u2019Eiger","datePublished":"2025-03-04T08:40:16+00:00","dateModified":"2025-03-04T19:10:31+00:00","mainEntityOfPage":{"@id":"https:\/\/www.sestogrado.it\/the-north-face-il-mito-della-parete-nord-delleiger\/"},"wordCount":1635,"commentCount":0,"publisher":{"@id":"https:\/\/www.sestogrado.it\/en\/#organization"},"image":{"@id":"https:\/\/www.sestogrado.it\/the-north-face-il-mito-della-parete-nord-delleiger\/#primaryimage"},"thumbnailUrl":"https:\/\/www.sestogrado.it\/wp-content\/uploads\/2022\/05\/cop-eiger.jpg","articleSection":["Libro di vetta"],"inLanguage":"it-IT","potentialAction":[{"@type":"CommentAction","name":"Comment","target":["https:\/\/www.sestogrado.it\/the-north-face-il-mito-della-parete-nord-delleiger\/#respond"]}]},{"@type":"WebPage","@id":"https:\/\/www.sestogrado.it\/it\/the-north-face-il-mito-della-parete-nord-delleiger\/","url":"https:\/\/www.sestogrado.it\/it\/the-north-face-il-mito-della-parete-nord-delleiger\/","name":"The North Face: il mito della parete Nord dell\u2019Eiger - Sestogrado","isPartOf":{"@id":"https:\/\/www.sestogrado.it\/it\/#website"},"primaryImageOfPage":{"@id":"https:\/\/www.sestogrado.it\/it\/the-north-face-il-mito-della-parete-nord-delleiger\/#primaryimage"},"image":{"@id":"https:\/\/www.sestogrado.it\/the-north-face-il-mito-della-parete-nord-delleiger\/#primaryimage"},"thumbnailUrl":"https:\/\/www.sestogrado.it\/wp-content\/uploads\/2022\/05\/cop-eiger.jpg","datePublished":"2025-03-04T08:40:16+00:00","dateModified":"2025-03-04T19:10:31+00:00","description":"L\u2019ultimo grande problema alpinistico della compagine alpina. Il mito della parete nord dell\u2019Eiger deriva dai turbolenti eventi alpinistici che si sono succeduti nel corso del \u2018900 per tentarne la salita. La difficolt\u00e0 non stava nella salita per raggiungere la vetta, quanto nel raggiungerla attraverso l\u2019allora inviolata parete nord, insidiosa e pericolosa per le scariche continue e per la mancanza di punti di ritirata, oltre che di appoggio. Ma andiamo per gradi. L'Eiger \u00e8\u00a0una montagna svizzera delle Alpi bernesi, alta poco meno di 4000 metri e situata nella regione montuosa dell'Oberland, formando assieme a M\u00f6nch\u00a0e\u00a0Jungfrau una triade montuosa particolarmente nota nel mondo dell'alpinismo. Famosa\u00a0\u00e8\u00a0infatti\u00a0la\u00a0sua parete nord, che ha costituito uno dei principali problemi alpinistici degli anni \u201930 per gli atleti di tutta europa. Pare che l\u2019appellativo Eiger derivi dal tedesco \u201corco\u201d e ben si abbina alla fama che questa ha raggiunto nel corso degli anni.","breadcrumb":{"@id":"https:\/\/www.sestogrado.it\/it\/the-north-face-il-mito-della-parete-nord-delleiger\/#breadcrumb"},"inLanguage":"it-IT","potentialAction":[{"@type":"ReadAction","target":[["https:\/\/www.sestogrado.it\/it\/the-north-face-il-mito-della-parete-nord-delleiger\/"]]}]},{"@type":"ImageObject","inLanguage":"it-IT","@id":"https:\/\/www.sestogrado.it\/it\/the-north-face-il-mito-della-parete-nord-delleiger\/#primaryimage","url":"https:\/\/www.sestogrado.it\/wp-content\/uploads\/2022\/05\/cop-eiger.jpg","contentUrl":"https:\/\/www.sestogrado.it\/wp-content\/uploads\/2022\/05\/cop-eiger.jpg","width":1024,"height":768,"caption":"eiger"},{"@type":"BreadcrumbList","@id":"https:\/\/www.sestogrado.it\/it\/the-north-face-il-mito-della-parete-nord-delleiger\/#breadcrumb","itemListElement":[{"@type":"ListItem","position":1,"name":"Home","item":"https:\/\/www.sestogrado.it\/it\/"},{"@type":"ListItem","position":2,"name":"The North Face: il mito della parete Nord dell\u2019Eiger"}]},{"@type":"WebSite","@id":"https:\/\/www.sestogrado.it\/it\/#website","url":"https:\/\/www.sestogrado.it\/it\/","name":"Sestogrado","description":"yes we climb","publisher":{"@id":"https:\/\/www.sestogrado.it\/it\/#organization"},"potentialAction":[{"@type":"SearchAction","target":{"@type":"EntryPoint","urlTemplate":"https:\/\/www.sestogrado.it\/it\/?s={search_term_string}"},"query-input":{"@type":"PropertyValueSpecification","valueRequired":true,"valueName":"search_term_string"}}],"inLanguage":"it-IT"},{"@type":"Organization","@id":"https:\/\/www.sestogrado.it\/it\/#organization","name":"Sestogrado","url":"https:\/\/www.sestogrado.it\/it\/","logo":{"@type":"ImageObject","inLanguage":"it-IT","@id":"https:\/\/www.sestogrado.it\/it\/#\/schema\/logo\/image\/","url":"https:\/\/www.sestogrado.it\/wp-content\/uploads\/2015\/03\/sestogrado-favicon.png","contentUrl":"https:\/\/www.sestogrado.it\/wp-content\/uploads\/2015\/03\/sestogrado-favicon.png","width":260,"height":260,"caption":"Sestogrado"},"image":{"@id":"https:\/\/www.sestogrado.it\/it\/#\/schema\/logo\/image\/"},"sameAs":["https:\/\/www.facebook.com\/pages\/Sestogrado\/1542635979353017?ref=bookmarks","https:\/\/www.youtube.com\/channel\/UC847kAfTkaJsWpc1jtQwr3Q"],"hasMerchantReturnPolicy":{"@type":"MerchantReturnPolicy","merchantReturnLink":"https:\/\/www.sestogrado.it\/it\/termini-e-condizioni\/"}},{"@type":"Person","@id":"https:\/\/www.sestogrado.it\/en\/#\/schema\/person\/87f2f398301094837f98f7dac608b6e6","name":"Marketing One"}]}},"_links":{"self":[{"href":"https:\/\/www.sestogrado.it\/it\/wp-json\/wp\/v2\/posts\/101698","targetHints":{"allow":["GET"]}}],"collection":[{"href":"https:\/\/www.sestogrado.it\/it\/wp-json\/wp\/v2\/posts"}],"about":[{"href":"https:\/\/www.sestogrado.it\/it\/wp-json\/wp\/v2\/types\/post"}],"author":[{"embeddable":true,"href":"https:\/\/www.sestogrado.it\/it\/wp-json\/wp\/v2\/users\/8325"}],"replies":[{"embeddable":true,"href":"https:\/\/www.sestogrado.it\/it\/wp-json\/wp\/v2\/comments?post=101698"}],"version-history":[{"count":1,"href":"https:\/\/www.sestogrado.it\/it\/wp-json\/wp\/v2\/posts\/101698\/revisions"}],"predecessor-version":[{"id":184923,"href":"https:\/\/www.sestogrado.it\/it\/wp-json\/wp\/v2\/posts\/101698\/revisions\/184923"}],"wp:featuredmedia":[{"embeddable":true,"href":"https:\/\/www.sestogrado.it\/it\/wp-json\/wp\/v2\/media\/102054"}],"wp:attachment":[{"href":"https:\/\/www.sestogrado.it\/it\/wp-json\/wp\/v2\/media?parent=101698"}],"wp:term":[{"taxonomy":"category","embeddable":true,"href":"https:\/\/www.sestogrado.it\/it\/wp-json\/wp\/v2\/categories?post=101698"},{"taxonomy":"post_tag","embeddable":true,"href":"https:\/\/www.sestogrado.it\/it\/wp-json\/wp\/v2\/tags?post=101698"}],"curies":[{"name":"wp","href":"https:\/\/api.w.org\/{rel}","templated":true}]}}