{"id":96842,"date":"2025-10-01T07:00:51","date_gmt":"2025-10-01T05:00:51","guid":{"rendered":"https:\/\/www.sestogrado.it\/?p=96842"},"modified":"2025-10-01T10:26:37","modified_gmt":"2025-10-01T08:26:37","slug":"chi-e-marc-andre-leclerc-e-perche-se-ne-e-parlato-tanto","status":"publish","type":"post","link":"https:\/\/www.sestogrado.it\/en\/chi-e-marc-andre-leclerc-e-perche-se-ne-e-parlato-tanto\/","title":{"rendered":"Chi \u00e8 Marc-Andr\u00e8 Leclerc e perch\u00e8 se ne \u00e8 parlato tanto"},"content":{"rendered":"<p class=\"qtranxs-available-languages-message qtranxs-available-languages-message-en\">Sorry, this entry is only available in <a href=\"https:\/\/www.sestogrado.it\/it\/wp-json\/wp\/v2\/posts\/96842\" class=\"qtranxs-available-language-link qtranxs-available-language-link-it\" title=\"Italiano\">Italiano<\/a>.<\/p>","protected":false},"excerpt":{"rendered":"<p class=\"qtranxs-available-languages-message qtranxs-available-languages-message-en\">Sorry, this entry is only available in <a href=\"https:\/\/www.sestogrado.it\/it\/wp-json\/wp\/v2\/posts\/96842\" class=\"qtranxs-available-language-link qtranxs-available-language-link-it\" title=\"Italiano\">Italiano<\/a>.<\/p>\n","protected":false},"author":8325,"featured_media":96862,"comment_status":"open","ping_status":"open","sticky":false,"template":"","format":"standard","meta":{"_acf_changed":false,"footnotes":""},"categories":[79],"tags":[],"class_list":["post-96842","post","type-post","status-publish","format-standard","has-post-thumbnail","hentry","category-libro-di-vetta"],"acf":[],"yoast_head":"<!-- This site is optimized with the Yoast SEO plugin v26.4 - https:\/\/yoast.com\/wordpress\/plugins\/seo\/ -->\n<title>Chi \u00e8 Marc-Andr\u00e8 Leclerc e perch\u00e8 se ne \u00e8 parlato tanto - Sestogrado<\/title>\n<meta name=\"description\" content=\"Un alpinista fortissimo e fuori dai riflettori. Perch\u00e9 ora se ne parla tanto. Marc-Andr\u00e9 Leclerc (10 ottobre 1992 \u2013 5 marzo 2018) \u00e8 stato un alpinista canadese, eccezionale per il controllo mostrato in pareti difficili affrontate spesso in solitaria e free solo, su terreno misto roccia e ghiaccio, morto in giovane et\u00e0 in una circostanza tutt&#039;oggi non chiarita. Cosa ha di diverso da tanti altri alpinisti free soloist e perch\u00e9 se ne parla tanto? Innanzitutto, nel 2021 \u00e8 uscito al cinema un documentario intitolato The Alpinist sulla vita e le sue imprese, uscito in Italia il 7-8-9 marzo 2022 nei cinema aderenti. Marc-Andr\u00e9 \u00e8 un personaggio particolare, un po&#039; fuori dal prototipo (se se ne pu\u00f2 definire uno...) dell&#039;alpinista contemporaneo, slegato da sponsorizzazioni o spedizioni commerciali, fuori dagli schemi e dagli schermi. Infatti, il film-documentario The Alpinist\u00a0mostra per lo pi\u00f9 riprese di un film sulla sua vita che si era iniziato a girare, ma che non fu mai finalizzato, perch\u00e9 Marc-Andr\u00e9 soffriva lo stare di fronte ad una telecamera, la vita ordinaria che delle riprese richiedevano per un periodo, il parlare di s\u00e9, e soprattutto, il mostrarsi ad affrontare vie in free solo con gli addetti alle riprese attorno. Per lui, quello non era pi\u00f9 free solo. Per Marc- Andr\u00e9 l&#039;affrontare vie in solitaria non richiedeva solo il ridotto uso di materiali, ma anche l&#039;assoluta armonia con il contesto e con la roccia o ghiaccio in parete. Per questo, il film sulla sua vita non \u00e8 mai stato terminato: Marc ogni tanto spariva per mesi, senza far sapere dove si trovasse, lasciando detto solo a impresa compiuta cosa avesse fatto.\" \/>\n<meta name=\"robots\" content=\"index, follow, max-snippet:-1, max-image-preview:large, max-video-preview:-1\" \/>\n<link rel=\"canonical\" href=\"https:\/\/www.sestogrado.it\/en\/chi-e-marc-andre-leclerc-e-perche-se-ne-e-parlato-tanto\/\" \/>\n<meta property=\"og:locale\" content=\"en_US\" \/>\n<meta property=\"og:type\" content=\"article\" \/>\n<meta property=\"og:title\" content=\"Chi \u00e8 Marc-Andr\u00e8 Leclerc e perch\u00e8 se ne \u00e8 parlato tanto - Sestogrado\" \/>\n<meta property=\"og:description\" content=\"Un alpinista fortissimo e fuori dai riflettori. Perch\u00e9 ora se ne parla tanto. Marc-Andr\u00e9 Leclerc (10 ottobre 1992 \u2013 5 marzo 2018) \u00e8 stato un alpinista canadese, eccezionale per il controllo mostrato in pareti difficili affrontate spesso in solitaria e free solo, su terreno misto roccia e ghiaccio, morto in giovane et\u00e0 in una circostanza tutt&#039;oggi non chiarita. Cosa ha di diverso da tanti altri alpinisti free soloist e perch\u00e9 se ne parla tanto? Innanzitutto, nel 2021 \u00e8 uscito al cinema un documentario intitolato The Alpinist sulla vita e le sue imprese, uscito in Italia il 7-8-9 marzo 2022 nei cinema aderenti. Marc-Andr\u00e9 \u00e8 un personaggio particolare, un po&#039; fuori dal prototipo (se se ne pu\u00f2 definire uno...) dell&#039;alpinista contemporaneo, slegato da sponsorizzazioni o spedizioni commerciali, fuori dagli schemi e dagli schermi. Infatti, il film-documentario The Alpinist\u00a0mostra per lo pi\u00f9 riprese di un film sulla sua vita che si era iniziato a girare, ma che non fu mai finalizzato, perch\u00e9 Marc-Andr\u00e9 soffriva lo stare di fronte ad una telecamera, la vita ordinaria che delle riprese richiedevano per un periodo, il parlare di s\u00e9, e soprattutto, il mostrarsi ad affrontare vie in free solo con gli addetti alle riprese attorno. Per lui, quello non era pi\u00f9 free solo. Per Marc- Andr\u00e9 l&#039;affrontare vie in solitaria non richiedeva solo il ridotto uso di materiali, ma anche l&#039;assoluta armonia con il contesto e con la roccia o ghiaccio in parete. Per questo, il film sulla sua vita non \u00e8 mai stato terminato: Marc ogni tanto spariva per mesi, senza far sapere dove si trovasse, lasciando detto solo a impresa compiuta cosa avesse fatto.\" \/>\n<meta property=\"og:url\" content=\"https:\/\/www.sestogrado.it\/en\/chi-e-marc-andre-leclerc-e-perche-se-ne-e-parlato-tanto\/\" \/>\n<meta property=\"og:site_name\" content=\"Sestogrado\" \/>\n<meta property=\"article:publisher\" content=\"https:\/\/www.facebook.com\/pages\/Sestogrado\/1542635979353017?ref=bookmarks\" \/>\n<meta property=\"article:published_time\" content=\"2025-10-01T05:00:51+00:00\" \/>\n<meta property=\"article:modified_time\" content=\"2025-10-01T08:26:37+00:00\" \/>\n<meta property=\"og:image\" content=\"https:\/\/www.sestogrado.it\/wp-content\/uploads\/2022\/03\/aaj-13201215134-1566675273.jpg\" \/>\n\t<meta property=\"og:image:width\" content=\"1657\" \/>\n\t<meta property=\"og:image:height\" content=\"1105\" \/>\n\t<meta property=\"og:image:type\" content=\"image\/jpeg\" \/>\n<meta name=\"author\" content=\"Marketing One\" \/>\n<meta name=\"twitter:label1\" content=\"Written by\" \/>\n\t<meta name=\"twitter:data1\" content=\"Marketing One\" \/>\n\t<meta name=\"twitter:label2\" content=\"Est. reading time\" \/>\n\t<meta name=\"twitter:data2\" content=\"8 minutes\" \/>\n<script type=\"application\/ld+json\" class=\"yoast-schema-graph\">{\"@context\":\"https:\/\/schema.org\",\"@graph\":[{\"@type\":\"Article\",\"@id\":\"https:\/\/www.sestogrado.it\/chi-e-marc-andre-leclerc-e-perche-se-ne-e-parlato-tanto\/#article\",\"isPartOf\":{\"@id\":\"https:\/\/www.sestogrado.it\/chi-e-marc-andre-leclerc-e-perche-se-ne-e-parlato-tanto\/\"},\"author\":{\"name\":\"Marketing One\",\"@id\":\"https:\/\/www.sestogrado.it\/en\/#\/schema\/person\/87f2f398301094837f98f7dac608b6e6\"},\"headline\":\"Chi \u00e8 Marc-Andr\u00e8 Leclerc e perch\u00e8 se ne \u00e8 parlato tanto\",\"datePublished\":\"2025-10-01T05:00:51+00:00\",\"dateModified\":\"2025-10-01T08:26:37+00:00\",\"mainEntityOfPage\":{\"@id\":\"https:\/\/www.sestogrado.it\/chi-e-marc-andre-leclerc-e-perche-se-ne-e-parlato-tanto\/\"},\"wordCount\":1087,\"commentCount\":0,\"publisher\":{\"@id\":\"https:\/\/www.sestogrado.it\/en\/#organization\"},\"image\":{\"@id\":\"https:\/\/www.sestogrado.it\/chi-e-marc-andre-leclerc-e-perche-se-ne-e-parlato-tanto\/#primaryimage\"},\"thumbnailUrl\":\"https:\/\/www.sestogrado.it\/wp-content\/uploads\/2022\/03\/aaj-13201215134-1566675273.jpg\",\"articleSection\":[\"Libro di vetta\"],\"inLanguage\":\"en-US\",\"potentialAction\":[{\"@type\":\"CommentAction\",\"name\":\"Comment\",\"target\":[\"https:\/\/www.sestogrado.it\/chi-e-marc-andre-leclerc-e-perche-se-ne-e-parlato-tanto\/#respond\"]}]},{\"@type\":\"WebPage\",\"@id\":\"https:\/\/www.sestogrado.it\/en\/chi-e-marc-andre-leclerc-e-perche-se-ne-e-parlato-tanto\/\",\"url\":\"https:\/\/www.sestogrado.it\/en\/chi-e-marc-andre-leclerc-e-perche-se-ne-e-parlato-tanto\/\",\"name\":\"Chi \u00e8 Marc-Andr\u00e8 Leclerc e perch\u00e8 se ne \u00e8 parlato tanto - Sestogrado\",\"isPartOf\":{\"@id\":\"https:\/\/www.sestogrado.it\/en\/#website\"},\"primaryImageOfPage\":{\"@id\":\"https:\/\/www.sestogrado.it\/en\/chi-e-marc-andre-leclerc-e-perche-se-ne-e-parlato-tanto\/#primaryimage\"},\"image\":{\"@id\":\"https:\/\/www.sestogrado.it\/chi-e-marc-andre-leclerc-e-perche-se-ne-e-parlato-tanto\/#primaryimage\"},\"thumbnailUrl\":\"https:\/\/www.sestogrado.it\/wp-content\/uploads\/2022\/03\/aaj-13201215134-1566675273.jpg\",\"datePublished\":\"2025-10-01T05:00:51+00:00\",\"dateModified\":\"2025-10-01T08:26:37+00:00\",\"description\":\"Un alpinista fortissimo e fuori dai riflettori. Perch\u00e9 ora se ne parla tanto. Marc-Andr\u00e9 Leclerc (10 ottobre 1992 \u2013 5 marzo 2018) \u00e8 stato un alpinista canadese, eccezionale per il controllo mostrato in pareti difficili affrontate spesso in solitaria e free solo, su terreno misto roccia e ghiaccio, morto in giovane et\u00e0 in una circostanza tutt'oggi non chiarita. Cosa ha di diverso da tanti altri alpinisti free soloist e perch\u00e9 se ne parla tanto? Innanzitutto, nel 2021 \u00e8 uscito al cinema un documentario intitolato The Alpinist sulla vita e le sue imprese, uscito in Italia il 7-8-9 marzo 2022 nei cinema aderenti. Marc-Andr\u00e9 \u00e8 un personaggio particolare, un po' fuori dal prototipo (se se ne pu\u00f2 definire uno...) dell'alpinista contemporaneo, slegato da sponsorizzazioni o spedizioni commerciali, fuori dagli schemi e dagli schermi. Infatti, il film-documentario The Alpinist\u00a0mostra per lo pi\u00f9 riprese di un film sulla sua vita che si era iniziato a girare, ma che non fu mai finalizzato, perch\u00e9 Marc-Andr\u00e9 soffriva lo stare di fronte ad una telecamera, la vita ordinaria che delle riprese richiedevano per un periodo, il parlare di s\u00e9, e soprattutto, il mostrarsi ad affrontare vie in free solo con gli addetti alle riprese attorno. Per lui, quello non era pi\u00f9 free solo. Per Marc- Andr\u00e9 l'affrontare vie in solitaria non richiedeva solo il ridotto uso di materiali, ma anche l'assoluta armonia con il contesto e con la roccia o ghiaccio in parete. Per questo, il film sulla sua vita non \u00e8 mai stato terminato: Marc ogni tanto spariva per mesi, senza far sapere dove si trovasse, lasciando detto solo a impresa compiuta cosa avesse fatto.\",\"breadcrumb\":{\"@id\":\"https:\/\/www.sestogrado.it\/en\/chi-e-marc-andre-leclerc-e-perche-se-ne-e-parlato-tanto\/#breadcrumb\"},\"inLanguage\":\"en-US\",\"potentialAction\":[{\"@type\":\"ReadAction\",\"target\":[[\"https:\/\/www.sestogrado.it\/en\/chi-e-marc-andre-leclerc-e-perche-se-ne-e-parlato-tanto\/\"]]}]},{\"@type\":\"ImageObject\",\"inLanguage\":\"en-US\",\"@id\":\"https:\/\/www.sestogrado.it\/en\/chi-e-marc-andre-leclerc-e-perche-se-ne-e-parlato-tanto\/#primaryimage\",\"url\":\"https:\/\/www.sestogrado.it\/wp-content\/uploads\/2022\/03\/aaj-13201215134-1566675273.jpg\",\"contentUrl\":\"https:\/\/www.sestogrado.it\/wp-content\/uploads\/2022\/03\/aaj-13201215134-1566675273.jpg\",\"width\":1657,\"height\":1105,\"caption\":\"marc-andr\u00e8 leclerc\"},{\"@type\":\"BreadcrumbList\",\"@id\":\"https:\/\/www.sestogrado.it\/en\/chi-e-marc-andre-leclerc-e-perche-se-ne-e-parlato-tanto\/#breadcrumb\",\"itemListElement\":[{\"@type\":\"ListItem\",\"position\":1,\"name\":\"Home\",\"item\":\"https:\/\/www.sestogrado.it\/en\/\"},{\"@type\":\"ListItem\",\"position\":2,\"name\":\"Chi \u00e8 Marc-Andr\u00e8 Leclerc e perch\u00e8 se ne \u00e8 parlato tanto\"}]},{\"@type\":\"WebSite\",\"@id\":\"https:\/\/www.sestogrado.it\/en\/#website\",\"url\":\"https:\/\/www.sestogrado.it\/en\/\",\"name\":\"Sestogrado\",\"description\":\"yes we climb\",\"publisher\":{\"@id\":\"https:\/\/www.sestogrado.it\/en\/#organization\"},\"potentialAction\":[{\"@type\":\"SearchAction\",\"target\":{\"@type\":\"EntryPoint\",\"urlTemplate\":\"https:\/\/www.sestogrado.it\/en\/?s={search_term_string}\"},\"query-input\":{\"@type\":\"PropertyValueSpecification\",\"valueRequired\":true,\"valueName\":\"search_term_string\"}}],\"inLanguage\":\"en-US\"},{\"@type\":\"Organization\",\"@id\":\"https:\/\/www.sestogrado.it\/en\/#organization\",\"name\":\"Sestogrado\",\"url\":\"https:\/\/www.sestogrado.it\/en\/\",\"logo\":{\"@type\":\"ImageObject\",\"inLanguage\":\"en-US\",\"@id\":\"https:\/\/www.sestogrado.it\/en\/#\/schema\/logo\/image\/\",\"url\":\"https:\/\/www.sestogrado.it\/wp-content\/uploads\/2015\/03\/sestogrado-favicon.png\",\"contentUrl\":\"https:\/\/www.sestogrado.it\/wp-content\/uploads\/2015\/03\/sestogrado-favicon.png\",\"width\":260,\"height\":260,\"caption\":\"Sestogrado\"},\"image\":{\"@id\":\"https:\/\/www.sestogrado.it\/en\/#\/schema\/logo\/image\/\"},\"sameAs\":[\"https:\/\/www.facebook.com\/pages\/Sestogrado\/1542635979353017?ref=bookmarks\",\"https:\/\/www.youtube.com\/channel\/UC847kAfTkaJsWpc1jtQwr3Q\"],\"hasMerchantReturnPolicy\":{\"@type\":\"MerchantReturnPolicy\",\"merchantReturnLink\":\"https:\/\/www.sestogrado.it\/en\/termini-e-condizioni\/\"}},{\"@type\":\"Person\",\"@id\":\"https:\/\/www.sestogrado.it\/en\/#\/schema\/person\/87f2f398301094837f98f7dac608b6e6\",\"name\":\"Marketing One\"}]}<\/script>\n<!-- \/ Yoast SEO plugin. -->","yoast_head_json":{"title":"Chi \u00e8 Marc-Andr\u00e8 Leclerc e perch\u00e8 se ne \u00e8 parlato tanto - Sestogrado","description":"Un alpinista fortissimo e fuori dai riflettori. Perch\u00e9 ora se ne parla tanto. Marc-Andr\u00e9 Leclerc (10 ottobre 1992 \u2013 5 marzo 2018) \u00e8 stato un alpinista canadese, eccezionale per il controllo mostrato in pareti difficili affrontate spesso in solitaria e free solo, su terreno misto roccia e ghiaccio, morto in giovane et\u00e0 in una circostanza tutt'oggi non chiarita. Cosa ha di diverso da tanti altri alpinisti free soloist e perch\u00e9 se ne parla tanto? Innanzitutto, nel 2021 \u00e8 uscito al cinema un documentario intitolato The Alpinist sulla vita e le sue imprese, uscito in Italia il 7-8-9 marzo 2022 nei cinema aderenti. Marc-Andr\u00e9 \u00e8 un personaggio particolare, un po' fuori dal prototipo (se se ne pu\u00f2 definire uno...) dell'alpinista contemporaneo, slegato da sponsorizzazioni o spedizioni commerciali, fuori dagli schemi e dagli schermi. Infatti, il film-documentario The Alpinist\u00a0mostra per lo pi\u00f9 riprese di un film sulla sua vita che si era iniziato a girare, ma che non fu mai finalizzato, perch\u00e9 Marc-Andr\u00e9 soffriva lo stare di fronte ad una telecamera, la vita ordinaria che delle riprese richiedevano per un periodo, il parlare di s\u00e9, e soprattutto, il mostrarsi ad affrontare vie in free solo con gli addetti alle riprese attorno. Per lui, quello non era pi\u00f9 free solo. Per Marc- Andr\u00e9 l'affrontare vie in solitaria non richiedeva solo il ridotto uso di materiali, ma anche l'assoluta armonia con il contesto e con la roccia o ghiaccio in parete. Per questo, il film sulla sua vita non \u00e8 mai stato terminato: Marc ogni tanto spariva per mesi, senza far sapere dove si trovasse, lasciando detto solo a impresa compiuta cosa avesse fatto.","robots":{"index":"index","follow":"follow","max-snippet":"max-snippet:-1","max-image-preview":"max-image-preview:large","max-video-preview":"max-video-preview:-1"},"canonical":"https:\/\/www.sestogrado.it\/en\/chi-e-marc-andre-leclerc-e-perche-se-ne-e-parlato-tanto\/","og_locale":"en_US","og_type":"article","og_title":"Chi \u00e8 Marc-Andr\u00e8 Leclerc e perch\u00e8 se ne \u00e8 parlato tanto - Sestogrado","og_description":"Un alpinista fortissimo e fuori dai riflettori. Perch\u00e9 ora se ne parla tanto. Marc-Andr\u00e9 Leclerc (10 ottobre 1992 \u2013 5 marzo 2018) \u00e8 stato un alpinista canadese, eccezionale per il controllo mostrato in pareti difficili affrontate spesso in solitaria e free solo, su terreno misto roccia e ghiaccio, morto in giovane et\u00e0 in una circostanza tutt'oggi non chiarita. Cosa ha di diverso da tanti altri alpinisti free soloist e perch\u00e9 se ne parla tanto? Innanzitutto, nel 2021 \u00e8 uscito al cinema un documentario intitolato The Alpinist sulla vita e le sue imprese, uscito in Italia il 7-8-9 marzo 2022 nei cinema aderenti. Marc-Andr\u00e9 \u00e8 un personaggio particolare, un po' fuori dal prototipo (se se ne pu\u00f2 definire uno...) dell'alpinista contemporaneo, slegato da sponsorizzazioni o spedizioni commerciali, fuori dagli schemi e dagli schermi. Infatti, il film-documentario The Alpinist\u00a0mostra per lo pi\u00f9 riprese di un film sulla sua vita che si era iniziato a girare, ma che non fu mai finalizzato, perch\u00e9 Marc-Andr\u00e9 soffriva lo stare di fronte ad una telecamera, la vita ordinaria che delle riprese richiedevano per un periodo, il parlare di s\u00e9, e soprattutto, il mostrarsi ad affrontare vie in free solo con gli addetti alle riprese attorno. Per lui, quello non era pi\u00f9 free solo. Per Marc- Andr\u00e9 l'affrontare vie in solitaria non richiedeva solo il ridotto uso di materiali, ma anche l'assoluta armonia con il contesto e con la roccia o ghiaccio in parete. Per questo, il film sulla sua vita non \u00e8 mai stato terminato: Marc ogni tanto spariva per mesi, senza far sapere dove si trovasse, lasciando detto solo a impresa compiuta cosa avesse fatto.","og_url":"https:\/\/www.sestogrado.it\/en\/chi-e-marc-andre-leclerc-e-perche-se-ne-e-parlato-tanto\/","og_site_name":"Sestogrado","article_publisher":"https:\/\/www.facebook.com\/pages\/Sestogrado\/1542635979353017?ref=bookmarks","article_published_time":"2025-10-01T05:00:51+00:00","article_modified_time":"2025-10-01T08:26:37+00:00","og_image":[{"width":1657,"height":1105,"url":"https:\/\/www.sestogrado.it\/wp-content\/uploads\/2022\/03\/aaj-13201215134-1566675273.jpg","type":"image\/jpeg"}],"author":"Marketing One","twitter_misc":{"Written by":"Marketing One","Est. reading time":"8 minutes"},"schema":{"@context":"https:\/\/schema.org","@graph":[{"@type":"Article","@id":"https:\/\/www.sestogrado.it\/chi-e-marc-andre-leclerc-e-perche-se-ne-e-parlato-tanto\/#article","isPartOf":{"@id":"https:\/\/www.sestogrado.it\/chi-e-marc-andre-leclerc-e-perche-se-ne-e-parlato-tanto\/"},"author":{"name":"Marketing One","@id":"https:\/\/www.sestogrado.it\/en\/#\/schema\/person\/87f2f398301094837f98f7dac608b6e6"},"headline":"Chi \u00e8 Marc-Andr\u00e8 Leclerc e perch\u00e8 se ne \u00e8 parlato tanto","datePublished":"2025-10-01T05:00:51+00:00","dateModified":"2025-10-01T08:26:37+00:00","mainEntityOfPage":{"@id":"https:\/\/www.sestogrado.it\/chi-e-marc-andre-leclerc-e-perche-se-ne-e-parlato-tanto\/"},"wordCount":1087,"commentCount":0,"publisher":{"@id":"https:\/\/www.sestogrado.it\/en\/#organization"},"image":{"@id":"https:\/\/www.sestogrado.it\/chi-e-marc-andre-leclerc-e-perche-se-ne-e-parlato-tanto\/#primaryimage"},"thumbnailUrl":"https:\/\/www.sestogrado.it\/wp-content\/uploads\/2022\/03\/aaj-13201215134-1566675273.jpg","articleSection":["Libro di vetta"],"inLanguage":"en-US","potentialAction":[{"@type":"CommentAction","name":"Comment","target":["https:\/\/www.sestogrado.it\/chi-e-marc-andre-leclerc-e-perche-se-ne-e-parlato-tanto\/#respond"]}]},{"@type":"WebPage","@id":"https:\/\/www.sestogrado.it\/en\/chi-e-marc-andre-leclerc-e-perche-se-ne-e-parlato-tanto\/","url":"https:\/\/www.sestogrado.it\/en\/chi-e-marc-andre-leclerc-e-perche-se-ne-e-parlato-tanto\/","name":"Chi \u00e8 Marc-Andr\u00e8 Leclerc e perch\u00e8 se ne \u00e8 parlato tanto - Sestogrado","isPartOf":{"@id":"https:\/\/www.sestogrado.it\/en\/#website"},"primaryImageOfPage":{"@id":"https:\/\/www.sestogrado.it\/en\/chi-e-marc-andre-leclerc-e-perche-se-ne-e-parlato-tanto\/#primaryimage"},"image":{"@id":"https:\/\/www.sestogrado.it\/chi-e-marc-andre-leclerc-e-perche-se-ne-e-parlato-tanto\/#primaryimage"},"thumbnailUrl":"https:\/\/www.sestogrado.it\/wp-content\/uploads\/2022\/03\/aaj-13201215134-1566675273.jpg","datePublished":"2025-10-01T05:00:51+00:00","dateModified":"2025-10-01T08:26:37+00:00","description":"Un alpinista fortissimo e fuori dai riflettori. Perch\u00e9 ora se ne parla tanto. Marc-Andr\u00e9 Leclerc (10 ottobre 1992 \u2013 5 marzo 2018) \u00e8 stato un alpinista canadese, eccezionale per il controllo mostrato in pareti difficili affrontate spesso in solitaria e free solo, su terreno misto roccia e ghiaccio, morto in giovane et\u00e0 in una circostanza tutt'oggi non chiarita. Cosa ha di diverso da tanti altri alpinisti free soloist e perch\u00e9 se ne parla tanto? Innanzitutto, nel 2021 \u00e8 uscito al cinema un documentario intitolato The Alpinist sulla vita e le sue imprese, uscito in Italia il 7-8-9 marzo 2022 nei cinema aderenti. Marc-Andr\u00e9 \u00e8 un personaggio particolare, un po' fuori dal prototipo (se se ne pu\u00f2 definire uno...) dell'alpinista contemporaneo, slegato da sponsorizzazioni o spedizioni commerciali, fuori dagli schemi e dagli schermi. Infatti, il film-documentario The Alpinist\u00a0mostra per lo pi\u00f9 riprese di un film sulla sua vita che si era iniziato a girare, ma che non fu mai finalizzato, perch\u00e9 Marc-Andr\u00e9 soffriva lo stare di fronte ad una telecamera, la vita ordinaria che delle riprese richiedevano per un periodo, il parlare di s\u00e9, e soprattutto, il mostrarsi ad affrontare vie in free solo con gli addetti alle riprese attorno. Per lui, quello non era pi\u00f9 free solo. Per Marc- Andr\u00e9 l'affrontare vie in solitaria non richiedeva solo il ridotto uso di materiali, ma anche l'assoluta armonia con il contesto e con la roccia o ghiaccio in parete. Per questo, il film sulla sua vita non \u00e8 mai stato terminato: Marc ogni tanto spariva per mesi, senza far sapere dove si trovasse, lasciando detto solo a impresa compiuta cosa avesse fatto.","breadcrumb":{"@id":"https:\/\/www.sestogrado.it\/en\/chi-e-marc-andre-leclerc-e-perche-se-ne-e-parlato-tanto\/#breadcrumb"},"inLanguage":"en-US","potentialAction":[{"@type":"ReadAction","target":[["https:\/\/www.sestogrado.it\/en\/chi-e-marc-andre-leclerc-e-perche-se-ne-e-parlato-tanto\/"]]}]},{"@type":"ImageObject","inLanguage":"en-US","@id":"https:\/\/www.sestogrado.it\/en\/chi-e-marc-andre-leclerc-e-perche-se-ne-e-parlato-tanto\/#primaryimage","url":"https:\/\/www.sestogrado.it\/wp-content\/uploads\/2022\/03\/aaj-13201215134-1566675273.jpg","contentUrl":"https:\/\/www.sestogrado.it\/wp-content\/uploads\/2022\/03\/aaj-13201215134-1566675273.jpg","width":1657,"height":1105,"caption":"marc-andr\u00e8 leclerc"},{"@type":"BreadcrumbList","@id":"https:\/\/www.sestogrado.it\/en\/chi-e-marc-andre-leclerc-e-perche-se-ne-e-parlato-tanto\/#breadcrumb","itemListElement":[{"@type":"ListItem","position":1,"name":"Home","item":"https:\/\/www.sestogrado.it\/en\/"},{"@type":"ListItem","position":2,"name":"Chi \u00e8 Marc-Andr\u00e8 Leclerc e perch\u00e8 se ne \u00e8 parlato tanto"}]},{"@type":"WebSite","@id":"https:\/\/www.sestogrado.it\/en\/#website","url":"https:\/\/www.sestogrado.it\/en\/","name":"Sestogrado","description":"yes we climb","publisher":{"@id":"https:\/\/www.sestogrado.it\/en\/#organization"},"potentialAction":[{"@type":"SearchAction","target":{"@type":"EntryPoint","urlTemplate":"https:\/\/www.sestogrado.it\/en\/?s={search_term_string}"},"query-input":{"@type":"PropertyValueSpecification","valueRequired":true,"valueName":"search_term_string"}}],"inLanguage":"en-US"},{"@type":"Organization","@id":"https:\/\/www.sestogrado.it\/en\/#organization","name":"Sestogrado","url":"https:\/\/www.sestogrado.it\/en\/","logo":{"@type":"ImageObject","inLanguage":"en-US","@id":"https:\/\/www.sestogrado.it\/en\/#\/schema\/logo\/image\/","url":"https:\/\/www.sestogrado.it\/wp-content\/uploads\/2015\/03\/sestogrado-favicon.png","contentUrl":"https:\/\/www.sestogrado.it\/wp-content\/uploads\/2015\/03\/sestogrado-favicon.png","width":260,"height":260,"caption":"Sestogrado"},"image":{"@id":"https:\/\/www.sestogrado.it\/en\/#\/schema\/logo\/image\/"},"sameAs":["https:\/\/www.facebook.com\/pages\/Sestogrado\/1542635979353017?ref=bookmarks","https:\/\/www.youtube.com\/channel\/UC847kAfTkaJsWpc1jtQwr3Q"],"hasMerchantReturnPolicy":{"@type":"MerchantReturnPolicy","merchantReturnLink":"https:\/\/www.sestogrado.it\/en\/termini-e-condizioni\/"}},{"@type":"Person","@id":"https:\/\/www.sestogrado.it\/en\/#\/schema\/person\/87f2f398301094837f98f7dac608b6e6","name":"Marketing One"}]}},"_links":{"self":[{"href":"https:\/\/www.sestogrado.it\/en\/wp-json\/wp\/v2\/posts\/96842","targetHints":{"allow":["GET"]}}],"collection":[{"href":"https:\/\/www.sestogrado.it\/en\/wp-json\/wp\/v2\/posts"}],"about":[{"href":"https:\/\/www.sestogrado.it\/en\/wp-json\/wp\/v2\/types\/post"}],"author":[{"embeddable":true,"href":"https:\/\/www.sestogrado.it\/en\/wp-json\/wp\/v2\/users\/8325"}],"replies":[{"embeddable":true,"href":"https:\/\/www.sestogrado.it\/en\/wp-json\/wp\/v2\/comments?post=96842"}],"version-history":[{"count":1,"href":"https:\/\/www.sestogrado.it\/en\/wp-json\/wp\/v2\/posts\/96842\/revisions"}],"predecessor-version":[{"id":201689,"href":"https:\/\/www.sestogrado.it\/en\/wp-json\/wp\/v2\/posts\/96842\/revisions\/201689"}],"wp:featuredmedia":[{"embeddable":true,"href":"https:\/\/www.sestogrado.it\/en\/wp-json\/wp\/v2\/media\/96862"}],"wp:attachment":[{"href":"https:\/\/www.sestogrado.it\/en\/wp-json\/wp\/v2\/media?parent=96842"}],"wp:term":[{"taxonomy":"category","embeddable":true,"href":"https:\/\/www.sestogrado.it\/en\/wp-json\/wp\/v2\/categories?post=96842"},{"taxonomy":"post_tag","embeddable":true,"href":"https:\/\/www.sestogrado.it\/en\/wp-json\/wp\/v2\/tags?post=96842"}],"curies":[{"name":"wp","href":"https:\/\/api.w.org\/{rel}","templated":true}]}}