{"id":94177,"date":"2022-02-09T11:08:07","date_gmt":"2022-02-09T10:08:07","guid":{"rendered":"https:\/\/www.sestogrado.it\/?p=94177"},"modified":"2022-02-09T11:12:32","modified_gmt":"2022-02-09T10:12:32","slug":"personaggio-del-giorno-herve-barmasse","status":"publish","type":"post","link":"https:\/\/www.sestogrado.it\/en\/personaggio-del-giorno-herve-barmasse\/","title":{"rendered":"Personaggio del giorno: Herv\u00e9 Barmasse"},"content":{"rendered":"<p class=\"qtranxs-available-languages-message qtranxs-available-languages-message-en\">Sorry, this entry is only available in <a href=\"https:\/\/www.sestogrado.it\/it\/wp-json\/wp\/v2\/posts\/94177\" class=\"qtranxs-available-language-link qtranxs-available-language-link-it\" title=\"Italiano\">Italiano<\/a>.<\/p>","protected":false},"excerpt":{"rendered":"<p class=\"qtranxs-available-languages-message qtranxs-available-languages-message-en\">Sorry, this entry is only available in <a href=\"https:\/\/www.sestogrado.it\/it\/wp-json\/wp\/v2\/posts\/94177\" class=\"qtranxs-available-language-link qtranxs-available-language-link-it\" title=\"Italiano\">Italiano<\/a>.<\/p>\n","protected":false},"author":8325,"featured_media":94180,"comment_status":"open","ping_status":"open","sticky":false,"template":"","format":"standard","meta":{"_acf_changed":false,"footnotes":""},"categories":[79],"tags":[1275,1276,1274],"class_list":["post-94177","post","type-post","status-publish","format-standard","has-post-thumbnail","hentry","category-libro-di-vetta","tag-alpinista-herve","tag-chi-e-herve-barmasse","tag-herve-barmasse"],"acf":[],"yoast_head":"<!-- This site is optimized with the Yoast SEO plugin v26.4 - https:\/\/yoast.com\/wordpress\/plugins\/seo\/ -->\n<title>Personaggio del giorno: Herv\u00e9 Barmasse - Sestogrado<\/title>\n<meta name=\"description\" content=\"Alpinista d&#039;oggi con i valori di ieri. Nato e cresciuto ai piedi del Cervino, in una famiglia in cui il mestiere di guida alpina si tramanda da diverse generazioni, sembrava che non avessi altra scelta se non quella di diventare anch\u2019io un alpinista. Cos\u00ec Herv\u00e8 Barmasse dice di s\u00e9. Nato nel 1977 ad Aosta, sembra non avere una diversa prospettiva di vita rispetto a familiari e concittadini. Pi\u00f9 o meno poteva andare cos\u00ec. In realt\u00e0, un giorno gli capita un brutto incidente con gli sci, il quale comprometter\u00e0 irrimediabilmente la sua carriera come maestro di sci\/guida alpina e porter\u00e0 ad una prematura uscita dalla scena agonistica. La sua famiglia svolge il mestiere di guida alpina da ben 4 generazioni, non poco per diventare la \u201cpecora nera\u201d.\" \/>\n<meta name=\"robots\" content=\"index, follow, max-snippet:-1, max-image-preview:large, max-video-preview:-1\" \/>\n<link rel=\"canonical\" href=\"https:\/\/www.sestogrado.it\/en\/personaggio-del-giorno-herve-barmasse\/\" \/>\n<meta property=\"og:locale\" content=\"en_US\" \/>\n<meta property=\"og:type\" content=\"article\" \/>\n<meta property=\"og:title\" content=\"Personaggio del giorno: Herv\u00e9 Barmasse - Sestogrado\" \/>\n<meta property=\"og:description\" content=\"Alpinista d&#039;oggi con i valori di ieri. Nato e cresciuto ai piedi del Cervino, in una famiglia in cui il mestiere di guida alpina si tramanda da diverse generazioni, sembrava che non avessi altra scelta se non quella di diventare anch\u2019io un alpinista. Cos\u00ec Herv\u00e8 Barmasse dice di s\u00e9. Nato nel 1977 ad Aosta, sembra non avere una diversa prospettiva di vita rispetto a familiari e concittadini. Pi\u00f9 o meno poteva andare cos\u00ec. In realt\u00e0, un giorno gli capita un brutto incidente con gli sci, il quale comprometter\u00e0 irrimediabilmente la sua carriera come maestro di sci\/guida alpina e porter\u00e0 ad una prematura uscita dalla scena agonistica. La sua famiglia svolge il mestiere di guida alpina da ben 4 generazioni, non poco per diventare la \u201cpecora nera\u201d.\" \/>\n<meta property=\"og:url\" content=\"https:\/\/www.sestogrado.it\/en\/personaggio-del-giorno-herve-barmasse\/\" \/>\n<meta property=\"og:site_name\" content=\"Sestogrado\" \/>\n<meta property=\"article:publisher\" content=\"https:\/\/www.facebook.com\/pages\/Sestogrado\/1542635979353017?ref=bookmarks\" \/>\n<meta property=\"article:published_time\" content=\"2022-02-09T10:08:07+00:00\" \/>\n<meta property=\"article:modified_time\" content=\"2022-02-09T10:12:32+00:00\" \/>\n<meta property=\"og:image\" content=\"https:\/\/www.sestogrado.it\/wp-content\/uploads\/2022\/02\/Barmasse-1024x683-1.jpg\" \/>\n\t<meta property=\"og:image:width\" content=\"1200\" \/>\n\t<meta property=\"og:image:height\" content=\"901\" \/>\n\t<meta property=\"og:image:type\" content=\"image\/jpeg\" \/>\n<meta name=\"author\" content=\"Marketing One\" \/>\n<meta name=\"twitter:label1\" content=\"Written by\" \/>\n\t<meta name=\"twitter:data1\" content=\"Marketing One\" \/>\n\t<meta name=\"twitter:label2\" content=\"Est. reading time\" \/>\n\t<meta name=\"twitter:data2\" content=\"9 minutes\" \/>\n<script type=\"application\/ld+json\" class=\"yoast-schema-graph\">{\"@context\":\"https:\/\/schema.org\",\"@graph\":[{\"@type\":\"Article\",\"@id\":\"https:\/\/www.sestogrado.it\/personaggio-del-giorno-herve-barmasse\/#article\",\"isPartOf\":{\"@id\":\"https:\/\/www.sestogrado.it\/personaggio-del-giorno-herve-barmasse\/\"},\"author\":{\"name\":\"Marketing One\",\"@id\":\"https:\/\/www.sestogrado.it\/en\/#\/schema\/person\/87f2f398301094837f98f7dac608b6e6\"},\"headline\":\"Personaggio del giorno: Herv\u00e9 Barmasse\",\"datePublished\":\"2022-02-09T10:08:07+00:00\",\"dateModified\":\"2022-02-09T10:12:32+00:00\",\"mainEntityOfPage\":{\"@id\":\"https:\/\/www.sestogrado.it\/personaggio-del-giorno-herve-barmasse\/\"},\"wordCount\":1228,\"commentCount\":0,\"publisher\":{\"@id\":\"https:\/\/www.sestogrado.it\/en\/#organization\"},\"image\":{\"@id\":\"https:\/\/www.sestogrado.it\/personaggio-del-giorno-herve-barmasse\/#primaryimage\"},\"thumbnailUrl\":\"https:\/\/www.sestogrado.it\/wp-content\/uploads\/2022\/02\/Barmasse-1024x683-1.jpg\",\"keywords\":[\"alpinista herve\",\"chi \u00e8 herve barmasse\",\"herve barmasse\"],\"articleSection\":[\"Libro di vetta\"],\"inLanguage\":\"en-US\",\"potentialAction\":[{\"@type\":\"CommentAction\",\"name\":\"Comment\",\"target\":[\"https:\/\/www.sestogrado.it\/personaggio-del-giorno-herve-barmasse\/#respond\"]}]},{\"@type\":\"WebPage\",\"@id\":\"https:\/\/www.sestogrado.it\/en\/personaggio-del-giorno-herve-barmasse\/\",\"url\":\"https:\/\/www.sestogrado.it\/en\/personaggio-del-giorno-herve-barmasse\/\",\"name\":\"Personaggio del giorno: Herv\u00e9 Barmasse - Sestogrado\",\"isPartOf\":{\"@id\":\"https:\/\/www.sestogrado.it\/en\/#website\"},\"primaryImageOfPage\":{\"@id\":\"https:\/\/www.sestogrado.it\/en\/personaggio-del-giorno-herve-barmasse\/#primaryimage\"},\"image\":{\"@id\":\"https:\/\/www.sestogrado.it\/personaggio-del-giorno-herve-barmasse\/#primaryimage\"},\"thumbnailUrl\":\"https:\/\/www.sestogrado.it\/wp-content\/uploads\/2022\/02\/Barmasse-1024x683-1.jpg\",\"datePublished\":\"2022-02-09T10:08:07+00:00\",\"dateModified\":\"2022-02-09T10:12:32+00:00\",\"description\":\"Alpinista d'oggi con i valori di ieri. Nato e cresciuto ai piedi del Cervino, in una famiglia in cui il mestiere di guida alpina si tramanda da diverse generazioni, sembrava che non avessi altra scelta se non quella di diventare anch\u2019io un alpinista. Cos\u00ec Herv\u00e8 Barmasse dice di s\u00e9. Nato nel 1977 ad Aosta, sembra non avere una diversa prospettiva di vita rispetto a familiari e concittadini. Pi\u00f9 o meno poteva andare cos\u00ec. In realt\u00e0, un giorno gli capita un brutto incidente con gli sci, il quale comprometter\u00e0 irrimediabilmente la sua carriera come maestro di sci\/guida alpina e porter\u00e0 ad una prematura uscita dalla scena agonistica. La sua famiglia svolge il mestiere di guida alpina da ben 4 generazioni, non poco per diventare la \u201cpecora nera\u201d.\",\"breadcrumb\":{\"@id\":\"https:\/\/www.sestogrado.it\/en\/personaggio-del-giorno-herve-barmasse\/#breadcrumb\"},\"inLanguage\":\"en-US\",\"potentialAction\":[{\"@type\":\"ReadAction\",\"target\":[[\"https:\/\/www.sestogrado.it\/en\/personaggio-del-giorno-herve-barmasse\/\"]]}]},{\"@type\":\"ImageObject\",\"inLanguage\":\"en-US\",\"@id\":\"https:\/\/www.sestogrado.it\/en\/personaggio-del-giorno-herve-barmasse\/#primaryimage\",\"url\":\"https:\/\/www.sestogrado.it\/wp-content\/uploads\/2022\/02\/Barmasse-1024x683-1.jpg\",\"contentUrl\":\"https:\/\/www.sestogrado.it\/wp-content\/uploads\/2022\/02\/Barmasse-1024x683-1.jpg\",\"width\":1200,\"height\":901,\"caption\":\"Herv\u00e8 barmasse\"},{\"@type\":\"BreadcrumbList\",\"@id\":\"https:\/\/www.sestogrado.it\/en\/personaggio-del-giorno-herve-barmasse\/#breadcrumb\",\"itemListElement\":[{\"@type\":\"ListItem\",\"position\":1,\"name\":\"Home\",\"item\":\"https:\/\/www.sestogrado.it\/en\/\"},{\"@type\":\"ListItem\",\"position\":2,\"name\":\"Personaggio del giorno: Herv\u00e9 Barmasse\"}]},{\"@type\":\"WebSite\",\"@id\":\"https:\/\/www.sestogrado.it\/en\/#website\",\"url\":\"https:\/\/www.sestogrado.it\/en\/\",\"name\":\"Sestogrado\",\"description\":\"yes we climb\",\"publisher\":{\"@id\":\"https:\/\/www.sestogrado.it\/en\/#organization\"},\"potentialAction\":[{\"@type\":\"SearchAction\",\"target\":{\"@type\":\"EntryPoint\",\"urlTemplate\":\"https:\/\/www.sestogrado.it\/en\/?s={search_term_string}\"},\"query-input\":{\"@type\":\"PropertyValueSpecification\",\"valueRequired\":true,\"valueName\":\"search_term_string\"}}],\"inLanguage\":\"en-US\"},{\"@type\":\"Organization\",\"@id\":\"https:\/\/www.sestogrado.it\/en\/#organization\",\"name\":\"Sestogrado\",\"url\":\"https:\/\/www.sestogrado.it\/en\/\",\"logo\":{\"@type\":\"ImageObject\",\"inLanguage\":\"en-US\",\"@id\":\"https:\/\/www.sestogrado.it\/en\/#\/schema\/logo\/image\/\",\"url\":\"https:\/\/www.sestogrado.it\/wp-content\/uploads\/2015\/03\/sestogrado-favicon.png\",\"contentUrl\":\"https:\/\/www.sestogrado.it\/wp-content\/uploads\/2015\/03\/sestogrado-favicon.png\",\"width\":260,\"height\":260,\"caption\":\"Sestogrado\"},\"image\":{\"@id\":\"https:\/\/www.sestogrado.it\/en\/#\/schema\/logo\/image\/\"},\"sameAs\":[\"https:\/\/www.facebook.com\/pages\/Sestogrado\/1542635979353017?ref=bookmarks\",\"https:\/\/www.youtube.com\/channel\/UC847kAfTkaJsWpc1jtQwr3Q\"],\"hasMerchantReturnPolicy\":{\"@type\":\"MerchantReturnPolicy\",\"merchantReturnLink\":\"https:\/\/www.sestogrado.it\/en\/termini-e-condizioni\/\"}},{\"@type\":\"Person\",\"@id\":\"https:\/\/www.sestogrado.it\/en\/#\/schema\/person\/87f2f398301094837f98f7dac608b6e6\",\"name\":\"Marketing One\"}]}<\/script>\n<!-- \/ Yoast SEO plugin. -->","yoast_head_json":{"title":"Personaggio del giorno: Herv\u00e9 Barmasse - Sestogrado","description":"Alpinista d'oggi con i valori di ieri. Nato e cresciuto ai piedi del Cervino, in una famiglia in cui il mestiere di guida alpina si tramanda da diverse generazioni, sembrava che non avessi altra scelta se non quella di diventare anch\u2019io un alpinista. Cos\u00ec Herv\u00e8 Barmasse dice di s\u00e9. Nato nel 1977 ad Aosta, sembra non avere una diversa prospettiva di vita rispetto a familiari e concittadini. Pi\u00f9 o meno poteva andare cos\u00ec. In realt\u00e0, un giorno gli capita un brutto incidente con gli sci, il quale comprometter\u00e0 irrimediabilmente la sua carriera come maestro di sci\/guida alpina e porter\u00e0 ad una prematura uscita dalla scena agonistica. La sua famiglia svolge il mestiere di guida alpina da ben 4 generazioni, non poco per diventare la \u201cpecora nera\u201d.","robots":{"index":"index","follow":"follow","max-snippet":"max-snippet:-1","max-image-preview":"max-image-preview:large","max-video-preview":"max-video-preview:-1"},"canonical":"https:\/\/www.sestogrado.it\/en\/personaggio-del-giorno-herve-barmasse\/","og_locale":"en_US","og_type":"article","og_title":"Personaggio del giorno: Herv\u00e9 Barmasse - Sestogrado","og_description":"Alpinista d'oggi con i valori di ieri. Nato e cresciuto ai piedi del Cervino, in una famiglia in cui il mestiere di guida alpina si tramanda da diverse generazioni, sembrava che non avessi altra scelta se non quella di diventare anch\u2019io un alpinista. Cos\u00ec Herv\u00e8 Barmasse dice di s\u00e9. Nato nel 1977 ad Aosta, sembra non avere una diversa prospettiva di vita rispetto a familiari e concittadini. Pi\u00f9 o meno poteva andare cos\u00ec. In realt\u00e0, un giorno gli capita un brutto incidente con gli sci, il quale comprometter\u00e0 irrimediabilmente la sua carriera come maestro di sci\/guida alpina e porter\u00e0 ad una prematura uscita dalla scena agonistica. La sua famiglia svolge il mestiere di guida alpina da ben 4 generazioni, non poco per diventare la \u201cpecora nera\u201d.","og_url":"https:\/\/www.sestogrado.it\/en\/personaggio-del-giorno-herve-barmasse\/","og_site_name":"Sestogrado","article_publisher":"https:\/\/www.facebook.com\/pages\/Sestogrado\/1542635979353017?ref=bookmarks","article_published_time":"2022-02-09T10:08:07+00:00","article_modified_time":"2022-02-09T10:12:32+00:00","og_image":[{"width":1200,"height":901,"url":"https:\/\/www.sestogrado.it\/wp-content\/uploads\/2022\/02\/Barmasse-1024x683-1.jpg","type":"image\/jpeg"}],"author":"Marketing One","twitter_misc":{"Written by":"Marketing One","Est. reading time":"9 minutes"},"schema":{"@context":"https:\/\/schema.org","@graph":[{"@type":"Article","@id":"https:\/\/www.sestogrado.it\/personaggio-del-giorno-herve-barmasse\/#article","isPartOf":{"@id":"https:\/\/www.sestogrado.it\/personaggio-del-giorno-herve-barmasse\/"},"author":{"name":"Marketing One","@id":"https:\/\/www.sestogrado.it\/en\/#\/schema\/person\/87f2f398301094837f98f7dac608b6e6"},"headline":"Personaggio del giorno: Herv\u00e9 Barmasse","datePublished":"2022-02-09T10:08:07+00:00","dateModified":"2022-02-09T10:12:32+00:00","mainEntityOfPage":{"@id":"https:\/\/www.sestogrado.it\/personaggio-del-giorno-herve-barmasse\/"},"wordCount":1228,"commentCount":0,"publisher":{"@id":"https:\/\/www.sestogrado.it\/en\/#organization"},"image":{"@id":"https:\/\/www.sestogrado.it\/personaggio-del-giorno-herve-barmasse\/#primaryimage"},"thumbnailUrl":"https:\/\/www.sestogrado.it\/wp-content\/uploads\/2022\/02\/Barmasse-1024x683-1.jpg","keywords":["alpinista herve","chi \u00e8 herve barmasse","herve barmasse"],"articleSection":["Libro di vetta"],"inLanguage":"en-US","potentialAction":[{"@type":"CommentAction","name":"Comment","target":["https:\/\/www.sestogrado.it\/personaggio-del-giorno-herve-barmasse\/#respond"]}]},{"@type":"WebPage","@id":"https:\/\/www.sestogrado.it\/en\/personaggio-del-giorno-herve-barmasse\/","url":"https:\/\/www.sestogrado.it\/en\/personaggio-del-giorno-herve-barmasse\/","name":"Personaggio del giorno: Herv\u00e9 Barmasse - Sestogrado","isPartOf":{"@id":"https:\/\/www.sestogrado.it\/en\/#website"},"primaryImageOfPage":{"@id":"https:\/\/www.sestogrado.it\/en\/personaggio-del-giorno-herve-barmasse\/#primaryimage"},"image":{"@id":"https:\/\/www.sestogrado.it\/personaggio-del-giorno-herve-barmasse\/#primaryimage"},"thumbnailUrl":"https:\/\/www.sestogrado.it\/wp-content\/uploads\/2022\/02\/Barmasse-1024x683-1.jpg","datePublished":"2022-02-09T10:08:07+00:00","dateModified":"2022-02-09T10:12:32+00:00","description":"Alpinista d'oggi con i valori di ieri. Nato e cresciuto ai piedi del Cervino, in una famiglia in cui il mestiere di guida alpina si tramanda da diverse generazioni, sembrava che non avessi altra scelta se non quella di diventare anch\u2019io un alpinista. Cos\u00ec Herv\u00e8 Barmasse dice di s\u00e9. Nato nel 1977 ad Aosta, sembra non avere una diversa prospettiva di vita rispetto a familiari e concittadini. Pi\u00f9 o meno poteva andare cos\u00ec. In realt\u00e0, un giorno gli capita un brutto incidente con gli sci, il quale comprometter\u00e0 irrimediabilmente la sua carriera come maestro di sci\/guida alpina e porter\u00e0 ad una prematura uscita dalla scena agonistica. La sua famiglia svolge il mestiere di guida alpina da ben 4 generazioni, non poco per diventare la \u201cpecora nera\u201d.","breadcrumb":{"@id":"https:\/\/www.sestogrado.it\/en\/personaggio-del-giorno-herve-barmasse\/#breadcrumb"},"inLanguage":"en-US","potentialAction":[{"@type":"ReadAction","target":[["https:\/\/www.sestogrado.it\/en\/personaggio-del-giorno-herve-barmasse\/"]]}]},{"@type":"ImageObject","inLanguage":"en-US","@id":"https:\/\/www.sestogrado.it\/en\/personaggio-del-giorno-herve-barmasse\/#primaryimage","url":"https:\/\/www.sestogrado.it\/wp-content\/uploads\/2022\/02\/Barmasse-1024x683-1.jpg","contentUrl":"https:\/\/www.sestogrado.it\/wp-content\/uploads\/2022\/02\/Barmasse-1024x683-1.jpg","width":1200,"height":901,"caption":"Herv\u00e8 barmasse"},{"@type":"BreadcrumbList","@id":"https:\/\/www.sestogrado.it\/en\/personaggio-del-giorno-herve-barmasse\/#breadcrumb","itemListElement":[{"@type":"ListItem","position":1,"name":"Home","item":"https:\/\/www.sestogrado.it\/en\/"},{"@type":"ListItem","position":2,"name":"Personaggio del giorno: Herv\u00e9 Barmasse"}]},{"@type":"WebSite","@id":"https:\/\/www.sestogrado.it\/en\/#website","url":"https:\/\/www.sestogrado.it\/en\/","name":"Sestogrado","description":"yes we climb","publisher":{"@id":"https:\/\/www.sestogrado.it\/en\/#organization"},"potentialAction":[{"@type":"SearchAction","target":{"@type":"EntryPoint","urlTemplate":"https:\/\/www.sestogrado.it\/en\/?s={search_term_string}"},"query-input":{"@type":"PropertyValueSpecification","valueRequired":true,"valueName":"search_term_string"}}],"inLanguage":"en-US"},{"@type":"Organization","@id":"https:\/\/www.sestogrado.it\/en\/#organization","name":"Sestogrado","url":"https:\/\/www.sestogrado.it\/en\/","logo":{"@type":"ImageObject","inLanguage":"en-US","@id":"https:\/\/www.sestogrado.it\/en\/#\/schema\/logo\/image\/","url":"https:\/\/www.sestogrado.it\/wp-content\/uploads\/2015\/03\/sestogrado-favicon.png","contentUrl":"https:\/\/www.sestogrado.it\/wp-content\/uploads\/2015\/03\/sestogrado-favicon.png","width":260,"height":260,"caption":"Sestogrado"},"image":{"@id":"https:\/\/www.sestogrado.it\/en\/#\/schema\/logo\/image\/"},"sameAs":["https:\/\/www.facebook.com\/pages\/Sestogrado\/1542635979353017?ref=bookmarks","https:\/\/www.youtube.com\/channel\/UC847kAfTkaJsWpc1jtQwr3Q"],"hasMerchantReturnPolicy":{"@type":"MerchantReturnPolicy","merchantReturnLink":"https:\/\/www.sestogrado.it\/en\/termini-e-condizioni\/"}},{"@type":"Person","@id":"https:\/\/www.sestogrado.it\/en\/#\/schema\/person\/87f2f398301094837f98f7dac608b6e6","name":"Marketing One"}]}},"_links":{"self":[{"href":"https:\/\/www.sestogrado.it\/en\/wp-json\/wp\/v2\/posts\/94177","targetHints":{"allow":["GET"]}}],"collection":[{"href":"https:\/\/www.sestogrado.it\/en\/wp-json\/wp\/v2\/posts"}],"about":[{"href":"https:\/\/www.sestogrado.it\/en\/wp-json\/wp\/v2\/types\/post"}],"author":[{"embeddable":true,"href":"https:\/\/www.sestogrado.it\/en\/wp-json\/wp\/v2\/users\/8325"}],"replies":[{"embeddable":true,"href":"https:\/\/www.sestogrado.it\/en\/wp-json\/wp\/v2\/comments?post=94177"}],"version-history":[{"count":0,"href":"https:\/\/www.sestogrado.it\/en\/wp-json\/wp\/v2\/posts\/94177\/revisions"}],"wp:featuredmedia":[{"embeddable":true,"href":"https:\/\/www.sestogrado.it\/en\/wp-json\/wp\/v2\/media\/94180"}],"wp:attachment":[{"href":"https:\/\/www.sestogrado.it\/en\/wp-json\/wp\/v2\/media?parent=94177"}],"wp:term":[{"taxonomy":"category","embeddable":true,"href":"https:\/\/www.sestogrado.it\/en\/wp-json\/wp\/v2\/categories?post=94177"},{"taxonomy":"post_tag","embeddable":true,"href":"https:\/\/www.sestogrado.it\/en\/wp-json\/wp\/v2\/tags?post=94177"}],"curies":[{"name":"wp","href":"https:\/\/api.w.org\/{rel}","templated":true}]}}