{"id":90156,"date":"2022-01-10T07:33:41","date_gmt":"2022-01-10T06:33:41","guid":{"rendered":"https:\/\/www.sestogrado.it\/?p=90156"},"modified":"2022-01-10T07:33:41","modified_gmt":"2022-01-10T06:33:41","slug":"come-la-carenza-di-materie-prime-impatta-il-mercato-delloutdoor","status":"publish","type":"post","link":"https:\/\/www.sestogrado.it\/en\/come-la-carenza-di-materie-prime-impatta-il-mercato-delloutdoor\/","title":{"rendered":"Come la carenza di materie prime impatta il mercato dell&#8217;outdoor"},"content":{"rendered":"<p class=\"qtranxs-available-languages-message qtranxs-available-languages-message-en\">Sorry, this entry is only available in <a href=\"https:\/\/www.sestogrado.it\/it\/wp-json\/wp\/v2\/posts\/90156\" class=\"qtranxs-available-language-link qtranxs-available-language-link-it\" title=\"Italiano\">Italiano<\/a>.<\/p>","protected":false},"excerpt":{"rendered":"<p class=\"qtranxs-available-languages-message qtranxs-available-languages-message-en\">Sorry, this entry is only available in <a href=\"https:\/\/www.sestogrado.it\/it\/wp-json\/wp\/v2\/posts\/90156\" class=\"qtranxs-available-language-link qtranxs-available-language-link-it\" title=\"Italiano\">Italiano<\/a>.<\/p>\n","protected":false},"author":8325,"featured_media":90177,"comment_status":"open","ping_status":"open","sticky":false,"template":"","format":"standard","meta":{"_acf_changed":false,"footnotes":""},"categories":[79],"tags":[1101,1104,1103,1102,1105,1106,1107,1108,1100],"class_list":["post-90156","post","type-post","status-publish","format-standard","has-post-thumbnail","hentry","category-libro-di-vetta","tag-difficolta-di-approvvigionamento","tag-industrie-outdoor","tag-irreperibilita-materie-prime","tag-materie-prime-difficolta","tag-materie-prime-outdoor","tag-materie-prime-rincari","tag-prodotti-outdoor-rincari","tag-rincari-2022","tag-rincaro-materie-prime"],"acf":[],"yoast_head":"<!-- This site is optimized with the Yoast SEO plugin v26.4 - https:\/\/yoast.com\/wordpress\/plugins\/seo\/ -->\n<title>Come la carenza di materie prime impatta il mercato dell&#039;outdoor - Sestogrado<\/title>\n<meta name=\"description\" content=\"Troveremo i prodotti che ci servono, quando ci servono? Costi e disponibilit\u00e0. Hai sentito parlare di problemi legati all\u2019approvvigionamento delle materie prime, negli ultimi mesi?Ti \u00e8 per caso successo di voler comprare una bicicletta, in tempi recenti, e di aspettare il modello da te scelto (in quanto non disponibile fisicamente in negozio) e di dover aspettare anche 2 anni?Se non ti \u00e8 capitato, sappi che sei stato fortunato. E la situazione \u00e8 tutt\u2019ora attuale, senza possibilit\u00e0 di previsione del mercato futuro.\" \/>\n<meta name=\"robots\" content=\"index, follow, max-snippet:-1, max-image-preview:large, max-video-preview:-1\" \/>\n<link rel=\"canonical\" href=\"https:\/\/www.sestogrado.it\/en\/come-la-carenza-di-materie-prime-impatta-il-mercato-delloutdoor\/\" \/>\n<meta property=\"og:locale\" content=\"en_US\" \/>\n<meta property=\"og:type\" content=\"article\" \/>\n<meta property=\"og:title\" content=\"Come la carenza di materie prime impatta il mercato dell&#039;outdoor - Sestogrado\" \/>\n<meta property=\"og:description\" content=\"Troveremo i prodotti che ci servono, quando ci servono? Costi e disponibilit\u00e0. Hai sentito parlare di problemi legati all\u2019approvvigionamento delle materie prime, negli ultimi mesi?Ti \u00e8 per caso successo di voler comprare una bicicletta, in tempi recenti, e di aspettare il modello da te scelto (in quanto non disponibile fisicamente in negozio) e di dover aspettare anche 2 anni?Se non ti \u00e8 capitato, sappi che sei stato fortunato. E la situazione \u00e8 tutt\u2019ora attuale, senza possibilit\u00e0 di previsione del mercato futuro.\" \/>\n<meta property=\"og:url\" content=\"https:\/\/www.sestogrado.it\/en\/come-la-carenza-di-materie-prime-impatta-il-mercato-delloutdoor\/\" \/>\n<meta property=\"og:site_name\" content=\"Sestogrado\" \/>\n<meta property=\"article:publisher\" content=\"https:\/\/www.facebook.com\/pages\/Sestogrado\/1542635979353017?ref=bookmarks\" \/>\n<meta property=\"article:published_time\" content=\"2022-01-10T06:33:41+00:00\" \/>\n<meta property=\"og:image\" content=\"https:\/\/www.sestogrado.it\/wp-content\/uploads\/2021\/12\/cop-1.jpg\" \/>\n\t<meta property=\"og:image:width\" content=\"1200\" \/>\n\t<meta property=\"og:image:height\" content=\"900\" \/>\n\t<meta property=\"og:image:type\" content=\"image\/jpeg\" \/>\n<meta name=\"author\" content=\"Marketing One\" \/>\n<meta name=\"twitter:label1\" content=\"Written by\" \/>\n\t<meta name=\"twitter:data1\" content=\"Marketing One\" \/>\n\t<meta name=\"twitter:label2\" content=\"Est. reading time\" \/>\n\t<meta name=\"twitter:data2\" content=\"6 minutes\" \/>\n<script type=\"application\/ld+json\" class=\"yoast-schema-graph\">{\"@context\":\"https:\/\/schema.org\",\"@graph\":[{\"@type\":\"Article\",\"@id\":\"https:\/\/www.sestogrado.it\/come-la-carenza-di-materie-prime-impatta-il-mercato-delloutdoor\/#article\",\"isPartOf\":{\"@id\":\"https:\/\/www.sestogrado.it\/come-la-carenza-di-materie-prime-impatta-il-mercato-delloutdoor\/\"},\"author\":{\"name\":\"Marketing One\",\"@id\":\"https:\/\/www.sestogrado.it\/en\/#\/schema\/person\/87f2f398301094837f98f7dac608b6e6\"},\"headline\":\"Come la carenza di materie prime impatta il mercato dell&#8217;outdoor\",\"datePublished\":\"2022-01-10T06:33:41+00:00\",\"mainEntityOfPage\":{\"@id\":\"https:\/\/www.sestogrado.it\/come-la-carenza-di-materie-prime-impatta-il-mercato-delloutdoor\/\"},\"wordCount\":1109,\"commentCount\":0,\"publisher\":{\"@id\":\"https:\/\/www.sestogrado.it\/en\/#organization\"},\"image\":{\"@id\":\"https:\/\/www.sestogrado.it\/come-la-carenza-di-materie-prime-impatta-il-mercato-delloutdoor\/#primaryimage\"},\"thumbnailUrl\":\"https:\/\/www.sestogrado.it\/wp-content\/uploads\/2021\/12\/cop-1.jpg\",\"keywords\":[\"DIFFICOLT\u00c0 DI APPROVVIGIONAMENTO\",\"Industrie outdoor\",\"Irreperibilit\u00e0 materie prime\",\"Materie prime difficolt\u00e0\",\"Materie prime outdoor\",\"Materie prime rincari\",\"Prodotti outdoor rincari\",\"Rincari 2022\",\"RINCARO MATERIE PRIME\"],\"articleSection\":[\"Libro di vetta\"],\"inLanguage\":\"en-US\",\"potentialAction\":[{\"@type\":\"CommentAction\",\"name\":\"Comment\",\"target\":[\"https:\/\/www.sestogrado.it\/come-la-carenza-di-materie-prime-impatta-il-mercato-delloutdoor\/#respond\"]}]},{\"@type\":\"WebPage\",\"@id\":\"https:\/\/www.sestogrado.it\/en\/come-la-carenza-di-materie-prime-impatta-il-mercato-delloutdoor\/\",\"url\":\"https:\/\/www.sestogrado.it\/en\/come-la-carenza-di-materie-prime-impatta-il-mercato-delloutdoor\/\",\"name\":\"Come la carenza di materie prime impatta il mercato dell'outdoor - Sestogrado\",\"isPartOf\":{\"@id\":\"https:\/\/www.sestogrado.it\/en\/#website\"},\"primaryImageOfPage\":{\"@id\":\"https:\/\/www.sestogrado.it\/en\/come-la-carenza-di-materie-prime-impatta-il-mercato-delloutdoor\/#primaryimage\"},\"image\":{\"@id\":\"https:\/\/www.sestogrado.it\/come-la-carenza-di-materie-prime-impatta-il-mercato-delloutdoor\/#primaryimage\"},\"thumbnailUrl\":\"https:\/\/www.sestogrado.it\/wp-content\/uploads\/2021\/12\/cop-1.jpg\",\"datePublished\":\"2022-01-10T06:33:41+00:00\",\"description\":\"Troveremo i prodotti che ci servono, quando ci servono? Costi e disponibilit\u00e0. Hai sentito parlare di problemi legati all\u2019approvvigionamento delle materie prime, negli ultimi mesi?Ti \u00e8 per caso successo di voler comprare una bicicletta, in tempi recenti, e di aspettare il modello da te scelto (in quanto non disponibile fisicamente in negozio) e di dover aspettare anche 2 anni?Se non ti \u00e8 capitato, sappi che sei stato fortunato. E la situazione \u00e8 tutt\u2019ora attuale, senza possibilit\u00e0 di previsione del mercato futuro.\",\"breadcrumb\":{\"@id\":\"https:\/\/www.sestogrado.it\/en\/come-la-carenza-di-materie-prime-impatta-il-mercato-delloutdoor\/#breadcrumb\"},\"inLanguage\":\"en-US\",\"potentialAction\":[{\"@type\":\"ReadAction\",\"target\":[[\"https:\/\/www.sestogrado.it\/en\/come-la-carenza-di-materie-prime-impatta-il-mercato-delloutdoor\/\"]]}]},{\"@type\":\"ImageObject\",\"inLanguage\":\"en-US\",\"@id\":\"https:\/\/www.sestogrado.it\/en\/come-la-carenza-di-materie-prime-impatta-il-mercato-delloutdoor\/#primaryimage\",\"url\":\"https:\/\/www.sestogrado.it\/wp-content\/uploads\/2021\/12\/cop-1.jpg\",\"contentUrl\":\"https:\/\/www.sestogrado.it\/wp-content\/uploads\/2021\/12\/cop-1.jpg\",\"width\":1200,\"height\":900,\"caption\":\"materie prime\"},{\"@type\":\"BreadcrumbList\",\"@id\":\"https:\/\/www.sestogrado.it\/en\/come-la-carenza-di-materie-prime-impatta-il-mercato-delloutdoor\/#breadcrumb\",\"itemListElement\":[{\"@type\":\"ListItem\",\"position\":1,\"name\":\"Home\",\"item\":\"https:\/\/www.sestogrado.it\/en\/\"},{\"@type\":\"ListItem\",\"position\":2,\"name\":\"Come la carenza di materie prime impatta il mercato dell&#8217;outdoor\"}]},{\"@type\":\"WebSite\",\"@id\":\"https:\/\/www.sestogrado.it\/en\/#website\",\"url\":\"https:\/\/www.sestogrado.it\/en\/\",\"name\":\"Sestogrado\",\"description\":\"yes we climb\",\"publisher\":{\"@id\":\"https:\/\/www.sestogrado.it\/en\/#organization\"},\"potentialAction\":[{\"@type\":\"SearchAction\",\"target\":{\"@type\":\"EntryPoint\",\"urlTemplate\":\"https:\/\/www.sestogrado.it\/en\/?s={search_term_string}\"},\"query-input\":{\"@type\":\"PropertyValueSpecification\",\"valueRequired\":true,\"valueName\":\"search_term_string\"}}],\"inLanguage\":\"en-US\"},{\"@type\":\"Organization\",\"@id\":\"https:\/\/www.sestogrado.it\/en\/#organization\",\"name\":\"Sestogrado\",\"url\":\"https:\/\/www.sestogrado.it\/en\/\",\"logo\":{\"@type\":\"ImageObject\",\"inLanguage\":\"en-US\",\"@id\":\"https:\/\/www.sestogrado.it\/en\/#\/schema\/logo\/image\/\",\"url\":\"https:\/\/www.sestogrado.it\/wp-content\/uploads\/2015\/03\/sestogrado-favicon.png\",\"contentUrl\":\"https:\/\/www.sestogrado.it\/wp-content\/uploads\/2015\/03\/sestogrado-favicon.png\",\"width\":260,\"height\":260,\"caption\":\"Sestogrado\"},\"image\":{\"@id\":\"https:\/\/www.sestogrado.it\/en\/#\/schema\/logo\/image\/\"},\"sameAs\":[\"https:\/\/www.facebook.com\/pages\/Sestogrado\/1542635979353017?ref=bookmarks\",\"https:\/\/www.youtube.com\/channel\/UC847kAfTkaJsWpc1jtQwr3Q\"],\"hasMerchantReturnPolicy\":{\"@type\":\"MerchantReturnPolicy\",\"merchantReturnLink\":\"https:\/\/www.sestogrado.it\/en\/termini-e-condizioni\/\"}},{\"@type\":\"Person\",\"@id\":\"https:\/\/www.sestogrado.it\/en\/#\/schema\/person\/87f2f398301094837f98f7dac608b6e6\",\"name\":\"Marketing One\"}]}<\/script>\n<!-- \/ Yoast SEO plugin. -->","yoast_head_json":{"title":"Come la carenza di materie prime impatta il mercato dell'outdoor - Sestogrado","description":"Troveremo i prodotti che ci servono, quando ci servono? Costi e disponibilit\u00e0. Hai sentito parlare di problemi legati all\u2019approvvigionamento delle materie prime, negli ultimi mesi?Ti \u00e8 per caso successo di voler comprare una bicicletta, in tempi recenti, e di aspettare il modello da te scelto (in quanto non disponibile fisicamente in negozio) e di dover aspettare anche 2 anni?Se non ti \u00e8 capitato, sappi che sei stato fortunato. E la situazione \u00e8 tutt\u2019ora attuale, senza possibilit\u00e0 di previsione del mercato futuro.","robots":{"index":"index","follow":"follow","max-snippet":"max-snippet:-1","max-image-preview":"max-image-preview:large","max-video-preview":"max-video-preview:-1"},"canonical":"https:\/\/www.sestogrado.it\/en\/come-la-carenza-di-materie-prime-impatta-il-mercato-delloutdoor\/","og_locale":"en_US","og_type":"article","og_title":"Come la carenza di materie prime impatta il mercato dell'outdoor - Sestogrado","og_description":"Troveremo i prodotti che ci servono, quando ci servono? Costi e disponibilit\u00e0. Hai sentito parlare di problemi legati all\u2019approvvigionamento delle materie prime, negli ultimi mesi?Ti \u00e8 per caso successo di voler comprare una bicicletta, in tempi recenti, e di aspettare il modello da te scelto (in quanto non disponibile fisicamente in negozio) e di dover aspettare anche 2 anni?Se non ti \u00e8 capitato, sappi che sei stato fortunato. E la situazione \u00e8 tutt\u2019ora attuale, senza possibilit\u00e0 di previsione del mercato futuro.","og_url":"https:\/\/www.sestogrado.it\/en\/come-la-carenza-di-materie-prime-impatta-il-mercato-delloutdoor\/","og_site_name":"Sestogrado","article_publisher":"https:\/\/www.facebook.com\/pages\/Sestogrado\/1542635979353017?ref=bookmarks","article_published_time":"2022-01-10T06:33:41+00:00","og_image":[{"width":1200,"height":900,"url":"https:\/\/www.sestogrado.it\/wp-content\/uploads\/2021\/12\/cop-1.jpg","type":"image\/jpeg"}],"author":"Marketing One","twitter_misc":{"Written by":"Marketing One","Est. reading time":"6 minutes"},"schema":{"@context":"https:\/\/schema.org","@graph":[{"@type":"Article","@id":"https:\/\/www.sestogrado.it\/come-la-carenza-di-materie-prime-impatta-il-mercato-delloutdoor\/#article","isPartOf":{"@id":"https:\/\/www.sestogrado.it\/come-la-carenza-di-materie-prime-impatta-il-mercato-delloutdoor\/"},"author":{"name":"Marketing One","@id":"https:\/\/www.sestogrado.it\/en\/#\/schema\/person\/87f2f398301094837f98f7dac608b6e6"},"headline":"Come la carenza di materie prime impatta il mercato dell&#8217;outdoor","datePublished":"2022-01-10T06:33:41+00:00","mainEntityOfPage":{"@id":"https:\/\/www.sestogrado.it\/come-la-carenza-di-materie-prime-impatta-il-mercato-delloutdoor\/"},"wordCount":1109,"commentCount":0,"publisher":{"@id":"https:\/\/www.sestogrado.it\/en\/#organization"},"image":{"@id":"https:\/\/www.sestogrado.it\/come-la-carenza-di-materie-prime-impatta-il-mercato-delloutdoor\/#primaryimage"},"thumbnailUrl":"https:\/\/www.sestogrado.it\/wp-content\/uploads\/2021\/12\/cop-1.jpg","keywords":["DIFFICOLT\u00c0 DI APPROVVIGIONAMENTO","Industrie outdoor","Irreperibilit\u00e0 materie prime","Materie prime difficolt\u00e0","Materie prime outdoor","Materie prime rincari","Prodotti outdoor rincari","Rincari 2022","RINCARO MATERIE PRIME"],"articleSection":["Libro di vetta"],"inLanguage":"en-US","potentialAction":[{"@type":"CommentAction","name":"Comment","target":["https:\/\/www.sestogrado.it\/come-la-carenza-di-materie-prime-impatta-il-mercato-delloutdoor\/#respond"]}]},{"@type":"WebPage","@id":"https:\/\/www.sestogrado.it\/en\/come-la-carenza-di-materie-prime-impatta-il-mercato-delloutdoor\/","url":"https:\/\/www.sestogrado.it\/en\/come-la-carenza-di-materie-prime-impatta-il-mercato-delloutdoor\/","name":"Come la carenza di materie prime impatta il mercato dell'outdoor - Sestogrado","isPartOf":{"@id":"https:\/\/www.sestogrado.it\/en\/#website"},"primaryImageOfPage":{"@id":"https:\/\/www.sestogrado.it\/en\/come-la-carenza-di-materie-prime-impatta-il-mercato-delloutdoor\/#primaryimage"},"image":{"@id":"https:\/\/www.sestogrado.it\/come-la-carenza-di-materie-prime-impatta-il-mercato-delloutdoor\/#primaryimage"},"thumbnailUrl":"https:\/\/www.sestogrado.it\/wp-content\/uploads\/2021\/12\/cop-1.jpg","datePublished":"2022-01-10T06:33:41+00:00","description":"Troveremo i prodotti che ci servono, quando ci servono? Costi e disponibilit\u00e0. Hai sentito parlare di problemi legati all\u2019approvvigionamento delle materie prime, negli ultimi mesi?Ti \u00e8 per caso successo di voler comprare una bicicletta, in tempi recenti, e di aspettare il modello da te scelto (in quanto non disponibile fisicamente in negozio) e di dover aspettare anche 2 anni?Se non ti \u00e8 capitato, sappi che sei stato fortunato. E la situazione \u00e8 tutt\u2019ora attuale, senza possibilit\u00e0 di previsione del mercato futuro.","breadcrumb":{"@id":"https:\/\/www.sestogrado.it\/en\/come-la-carenza-di-materie-prime-impatta-il-mercato-delloutdoor\/#breadcrumb"},"inLanguage":"en-US","potentialAction":[{"@type":"ReadAction","target":[["https:\/\/www.sestogrado.it\/en\/come-la-carenza-di-materie-prime-impatta-il-mercato-delloutdoor\/"]]}]},{"@type":"ImageObject","inLanguage":"en-US","@id":"https:\/\/www.sestogrado.it\/en\/come-la-carenza-di-materie-prime-impatta-il-mercato-delloutdoor\/#primaryimage","url":"https:\/\/www.sestogrado.it\/wp-content\/uploads\/2021\/12\/cop-1.jpg","contentUrl":"https:\/\/www.sestogrado.it\/wp-content\/uploads\/2021\/12\/cop-1.jpg","width":1200,"height":900,"caption":"materie prime"},{"@type":"BreadcrumbList","@id":"https:\/\/www.sestogrado.it\/en\/come-la-carenza-di-materie-prime-impatta-il-mercato-delloutdoor\/#breadcrumb","itemListElement":[{"@type":"ListItem","position":1,"name":"Home","item":"https:\/\/www.sestogrado.it\/en\/"},{"@type":"ListItem","position":2,"name":"Come la carenza di materie prime impatta il mercato dell&#8217;outdoor"}]},{"@type":"WebSite","@id":"https:\/\/www.sestogrado.it\/en\/#website","url":"https:\/\/www.sestogrado.it\/en\/","name":"Sestogrado","description":"yes we climb","publisher":{"@id":"https:\/\/www.sestogrado.it\/en\/#organization"},"potentialAction":[{"@type":"SearchAction","target":{"@type":"EntryPoint","urlTemplate":"https:\/\/www.sestogrado.it\/en\/?s={search_term_string}"},"query-input":{"@type":"PropertyValueSpecification","valueRequired":true,"valueName":"search_term_string"}}],"inLanguage":"en-US"},{"@type":"Organization","@id":"https:\/\/www.sestogrado.it\/en\/#organization","name":"Sestogrado","url":"https:\/\/www.sestogrado.it\/en\/","logo":{"@type":"ImageObject","inLanguage":"en-US","@id":"https:\/\/www.sestogrado.it\/en\/#\/schema\/logo\/image\/","url":"https:\/\/www.sestogrado.it\/wp-content\/uploads\/2015\/03\/sestogrado-favicon.png","contentUrl":"https:\/\/www.sestogrado.it\/wp-content\/uploads\/2015\/03\/sestogrado-favicon.png","width":260,"height":260,"caption":"Sestogrado"},"image":{"@id":"https:\/\/www.sestogrado.it\/en\/#\/schema\/logo\/image\/"},"sameAs":["https:\/\/www.facebook.com\/pages\/Sestogrado\/1542635979353017?ref=bookmarks","https:\/\/www.youtube.com\/channel\/UC847kAfTkaJsWpc1jtQwr3Q"],"hasMerchantReturnPolicy":{"@type":"MerchantReturnPolicy","merchantReturnLink":"https:\/\/www.sestogrado.it\/en\/termini-e-condizioni\/"}},{"@type":"Person","@id":"https:\/\/www.sestogrado.it\/en\/#\/schema\/person\/87f2f398301094837f98f7dac608b6e6","name":"Marketing One"}]}},"_links":{"self":[{"href":"https:\/\/www.sestogrado.it\/en\/wp-json\/wp\/v2\/posts\/90156","targetHints":{"allow":["GET"]}}],"collection":[{"href":"https:\/\/www.sestogrado.it\/en\/wp-json\/wp\/v2\/posts"}],"about":[{"href":"https:\/\/www.sestogrado.it\/en\/wp-json\/wp\/v2\/types\/post"}],"author":[{"embeddable":true,"href":"https:\/\/www.sestogrado.it\/en\/wp-json\/wp\/v2\/users\/8325"}],"replies":[{"embeddable":true,"href":"https:\/\/www.sestogrado.it\/en\/wp-json\/wp\/v2\/comments?post=90156"}],"version-history":[{"count":0,"href":"https:\/\/www.sestogrado.it\/en\/wp-json\/wp\/v2\/posts\/90156\/revisions"}],"wp:featuredmedia":[{"embeddable":true,"href":"https:\/\/www.sestogrado.it\/en\/wp-json\/wp\/v2\/media\/90177"}],"wp:attachment":[{"href":"https:\/\/www.sestogrado.it\/en\/wp-json\/wp\/v2\/media?parent=90156"}],"wp:term":[{"taxonomy":"category","embeddable":true,"href":"https:\/\/www.sestogrado.it\/en\/wp-json\/wp\/v2\/categories?post=90156"},{"taxonomy":"post_tag","embeddable":true,"href":"https:\/\/www.sestogrado.it\/en\/wp-json\/wp\/v2\/tags?post=90156"}],"curies":[{"name":"wp","href":"https:\/\/api.w.org\/{rel}","templated":true}]}}