{"id":65211,"date":"2021-08-20T09:11:49","date_gmt":"2021-08-20T07:11:49","guid":{"rendered":"https:\/\/www.sestogrado.it\/?p=65211"},"modified":"2021-08-20T09:12:42","modified_gmt":"2021-08-20T07:12:42","slug":"film-da-vedere-the-alpinist","status":"publish","type":"post","link":"https:\/\/www.sestogrado.it\/en\/film-da-vedere-the-alpinist\/","title":{"rendered":"Film da vedere: The Alpinist"},"content":{"rendered":"<p class=\"qtranxs-available-languages-message qtranxs-available-languages-message-en\">Sorry, this entry is only available in <a href=\"https:\/\/www.sestogrado.it\/it\/wp-json\/wp\/v2\/posts\/65211\" class=\"qtranxs-available-language-link qtranxs-available-language-link-it\" title=\"Italiano\">Italiano<\/a>.<\/p>","protected":false},"excerpt":{"rendered":"<p class=\"qtranxs-available-languages-message qtranxs-available-languages-message-en\">Sorry, this entry is only available in <a href=\"https:\/\/www.sestogrado.it\/it\/wp-json\/wp\/v2\/posts\/65211\" class=\"qtranxs-available-language-link qtranxs-available-language-link-it\" title=\"Italiano\">Italiano<\/a>.<\/p>\n","protected":false},"author":1,"featured_media":65212,"comment_status":"open","ping_status":"open","sticky":false,"template":"","format":"standard","meta":{"_acf_changed":false,"footnotes":""},"categories":[79],"tags":[],"class_list":["post-65211","post","type-post","status-publish","format-standard","has-post-thumbnail","hentry","category-libro-di-vetta"],"acf":[],"yoast_head":"<!-- This site is optimized with the Yoast SEO plugin v26.4 - https:\/\/yoast.com\/wordpress\/plugins\/seo\/ -->\n<title>Film da vedere: The Alpinist - Sestogrado<\/title>\n<meta name=\"description\" content=\"un&#039;avventura storica in Patagonia che ridefinir\u00e0 ci\u00f2 che \u00e8 possibile nell&#039;arrampicata in solitaria. Marc-Andr\u00e9 Leclerc \u00e8 un free soloist su ghiaccio e misto. Scala da solo, lontano dai riflettori. Su remote pareti alpine, il 23enne canadese dallo spirito libero compie alcune delle salite in solitaria pi\u00f9 audaci della storia. Tuttavia, attira scarsa attenzione. Senza telecamere, senza corda e senza margine di errore, l&#039;approccio di Leclerc \u00e8 l&#039;essenza dell&#039;avventura in solitario. Nomade e timido, non possiede un telefono o un&#039;auto, ed \u00e8 riluttante a far conoscere a una troupe cinematografica la sua pura visione dell&#039;arrampicata. Il regista veterano Peter Mortimer (THE DAWN WALL) si propone di realizzare un film su Leclerc, ma fatica a tenere il passo con il suo soggetto sfuggente. Leclerc intraprende un&#039;avventura storica in Patagonia che ridefinir\u00e0 ci\u00f2 che \u00e8 possibile nell&#039;arrampicata in solitaria.In uscita negli USA dal 10 di settembre 2021, a seguire in Europa, nelle sale ed in streaming.\" \/>\n<meta name=\"robots\" content=\"index, follow, max-snippet:-1, max-image-preview:large, max-video-preview:-1\" \/>\n<link rel=\"canonical\" href=\"https:\/\/www.sestogrado.it\/en\/film-da-vedere-the-alpinist\/\" \/>\n<meta property=\"og:locale\" content=\"en_US\" \/>\n<meta property=\"og:type\" content=\"article\" \/>\n<meta property=\"og:title\" content=\"Film da vedere: The Alpinist - Sestogrado\" \/>\n<meta property=\"og:description\" content=\"un&#039;avventura storica in Patagonia che ridefinir\u00e0 ci\u00f2 che \u00e8 possibile nell&#039;arrampicata in solitaria. Marc-Andr\u00e9 Leclerc \u00e8 un free soloist su ghiaccio e misto. Scala da solo, lontano dai riflettori. Su remote pareti alpine, il 23enne canadese dallo spirito libero compie alcune delle salite in solitaria pi\u00f9 audaci della storia. Tuttavia, attira scarsa attenzione. Senza telecamere, senza corda e senza margine di errore, l&#039;approccio di Leclerc \u00e8 l&#039;essenza dell&#039;avventura in solitario. Nomade e timido, non possiede un telefono o un&#039;auto, ed \u00e8 riluttante a far conoscere a una troupe cinematografica la sua pura visione dell&#039;arrampicata. Il regista veterano Peter Mortimer (THE DAWN WALL) si propone di realizzare un film su Leclerc, ma fatica a tenere il passo con il suo soggetto sfuggente. Leclerc intraprende un&#039;avventura storica in Patagonia che ridefinir\u00e0 ci\u00f2 che \u00e8 possibile nell&#039;arrampicata in solitaria.In uscita negli USA dal 10 di settembre 2021, a seguire in Europa, nelle sale ed in streaming.\" \/>\n<meta property=\"og:url\" content=\"https:\/\/www.sestogrado.it\/en\/film-da-vedere-the-alpinist\/\" \/>\n<meta property=\"og:site_name\" content=\"Sestogrado\" \/>\n<meta property=\"article:publisher\" content=\"https:\/\/www.facebook.com\/pages\/Sestogrado\/1542635979353017?ref=bookmarks\" \/>\n<meta property=\"article:published_time\" content=\"2021-08-20T07:11:49+00:00\" \/>\n<meta property=\"article:modified_time\" content=\"2021-08-20T07:12:42+00:00\" \/>\n<meta property=\"og:image\" content=\"https:\/\/www.sestogrado.it\/wp-content\/uploads\/2021\/08\/01.jpg\" \/>\n\t<meta property=\"og:image:width\" content=\"1400\" \/>\n\t<meta property=\"og:image:height\" content=\"1051\" \/>\n\t<meta property=\"og:image:type\" content=\"image\/jpeg\" \/>\n<meta name=\"author\" content=\"admin\" \/>\n<meta name=\"twitter:label1\" content=\"Written by\" \/>\n\t<meta name=\"twitter:data1\" content=\"admin\" \/>\n\t<meta name=\"twitter:label2\" content=\"Est. reading time\" \/>\n\t<meta name=\"twitter:data2\" content=\"1 minute\" \/>\n<script type=\"application\/ld+json\" class=\"yoast-schema-graph\">{\"@context\":\"https:\/\/schema.org\",\"@graph\":[{\"@type\":\"Article\",\"@id\":\"https:\/\/www.sestogrado.it\/film-da-vedere-the-alpinist\/#article\",\"isPartOf\":{\"@id\":\"https:\/\/www.sestogrado.it\/film-da-vedere-the-alpinist\/\"},\"author\":{\"name\":\"admin\",\"@id\":\"https:\/\/www.sestogrado.it\/en\/#\/schema\/person\/79f414dc6904c7d2eef9d047c045f445\"},\"headline\":\"Film da vedere: The Alpinist\",\"datePublished\":\"2021-08-20T07:11:49+00:00\",\"dateModified\":\"2021-08-20T07:12:42+00:00\",\"mainEntityOfPage\":{\"@id\":\"https:\/\/www.sestogrado.it\/film-da-vedere-the-alpinist\/\"},\"wordCount\":149,\"commentCount\":0,\"publisher\":{\"@id\":\"https:\/\/www.sestogrado.it\/en\/#organization\"},\"image\":{\"@id\":\"https:\/\/www.sestogrado.it\/film-da-vedere-the-alpinist\/#primaryimage\"},\"thumbnailUrl\":\"https:\/\/www.sestogrado.it\/wp-content\/uploads\/2021\/08\/01.jpg\",\"articleSection\":[\"Libro di vetta\"],\"inLanguage\":\"en-US\",\"potentialAction\":[{\"@type\":\"CommentAction\",\"name\":\"Comment\",\"target\":[\"https:\/\/www.sestogrado.it\/film-da-vedere-the-alpinist\/#respond\"]}]},{\"@type\":\"WebPage\",\"@id\":\"https:\/\/www.sestogrado.it\/en\/film-da-vedere-the-alpinist\/\",\"url\":\"https:\/\/www.sestogrado.it\/en\/film-da-vedere-the-alpinist\/\",\"name\":\"Film da vedere: The Alpinist - Sestogrado\",\"isPartOf\":{\"@id\":\"https:\/\/www.sestogrado.it\/en\/#website\"},\"primaryImageOfPage\":{\"@id\":\"https:\/\/www.sestogrado.it\/en\/film-da-vedere-the-alpinist\/#primaryimage\"},\"image\":{\"@id\":\"https:\/\/www.sestogrado.it\/film-da-vedere-the-alpinist\/#primaryimage\"},\"thumbnailUrl\":\"https:\/\/www.sestogrado.it\/wp-content\/uploads\/2021\/08\/01.jpg\",\"datePublished\":\"2021-08-20T07:11:49+00:00\",\"dateModified\":\"2021-08-20T07:12:42+00:00\",\"description\":\"un'avventura storica in Patagonia che ridefinir\u00e0 ci\u00f2 che \u00e8 possibile nell'arrampicata in solitaria. Marc-Andr\u00e9 Leclerc \u00e8 un free soloist su ghiaccio e misto. Scala da solo, lontano dai riflettori. Su remote pareti alpine, il 23enne canadese dallo spirito libero compie alcune delle salite in solitaria pi\u00f9 audaci della storia. Tuttavia, attira scarsa attenzione. Senza telecamere, senza corda e senza margine di errore, l'approccio di Leclerc \u00e8 l'essenza dell'avventura in solitario. Nomade e timido, non possiede un telefono o un'auto, ed \u00e8 riluttante a far conoscere a una troupe cinematografica la sua pura visione dell'arrampicata. Il regista veterano Peter Mortimer (THE DAWN WALL) si propone di realizzare un film su Leclerc, ma fatica a tenere il passo con il suo soggetto sfuggente. Leclerc intraprende un'avventura storica in Patagonia che ridefinir\u00e0 ci\u00f2 che \u00e8 possibile nell'arrampicata in solitaria.In uscita negli USA dal 10 di settembre 2021, a seguire in Europa, nelle sale ed in streaming.\",\"breadcrumb\":{\"@id\":\"https:\/\/www.sestogrado.it\/en\/film-da-vedere-the-alpinist\/#breadcrumb\"},\"inLanguage\":\"en-US\",\"potentialAction\":[{\"@type\":\"ReadAction\",\"target\":[[\"https:\/\/www.sestogrado.it\/en\/film-da-vedere-the-alpinist\/\"]]}]},{\"@type\":\"ImageObject\",\"inLanguage\":\"en-US\",\"@id\":\"https:\/\/www.sestogrado.it\/en\/film-da-vedere-the-alpinist\/#primaryimage\",\"url\":\"https:\/\/www.sestogrado.it\/wp-content\/uploads\/2021\/08\/01.jpg\",\"contentUrl\":\"https:\/\/www.sestogrado.it\/wp-content\/uploads\/2021\/08\/01.jpg\",\"width\":1400,\"height\":1051,\"caption\":\"the alpinist\"},{\"@type\":\"BreadcrumbList\",\"@id\":\"https:\/\/www.sestogrado.it\/en\/film-da-vedere-the-alpinist\/#breadcrumb\",\"itemListElement\":[{\"@type\":\"ListItem\",\"position\":1,\"name\":\"Home\",\"item\":\"https:\/\/www.sestogrado.it\/en\/\"},{\"@type\":\"ListItem\",\"position\":2,\"name\":\"Film da vedere: The Alpinist\"}]},{\"@type\":\"WebSite\",\"@id\":\"https:\/\/www.sestogrado.it\/en\/#website\",\"url\":\"https:\/\/www.sestogrado.it\/en\/\",\"name\":\"Sestogrado\",\"description\":\"yes we climb\",\"publisher\":{\"@id\":\"https:\/\/www.sestogrado.it\/en\/#organization\"},\"potentialAction\":[{\"@type\":\"SearchAction\",\"target\":{\"@type\":\"EntryPoint\",\"urlTemplate\":\"https:\/\/www.sestogrado.it\/en\/?s={search_term_string}\"},\"query-input\":{\"@type\":\"PropertyValueSpecification\",\"valueRequired\":true,\"valueName\":\"search_term_string\"}}],\"inLanguage\":\"en-US\"},{\"@type\":\"Organization\",\"@id\":\"https:\/\/www.sestogrado.it\/en\/#organization\",\"name\":\"Sestogrado\",\"url\":\"https:\/\/www.sestogrado.it\/en\/\",\"logo\":{\"@type\":\"ImageObject\",\"inLanguage\":\"en-US\",\"@id\":\"https:\/\/www.sestogrado.it\/en\/#\/schema\/logo\/image\/\",\"url\":\"https:\/\/www.sestogrado.it\/wp-content\/uploads\/2015\/03\/sestogrado-favicon.png\",\"contentUrl\":\"https:\/\/www.sestogrado.it\/wp-content\/uploads\/2015\/03\/sestogrado-favicon.png\",\"width\":260,\"height\":260,\"caption\":\"Sestogrado\"},\"image\":{\"@id\":\"https:\/\/www.sestogrado.it\/en\/#\/schema\/logo\/image\/\"},\"sameAs\":[\"https:\/\/www.facebook.com\/pages\/Sestogrado\/1542635979353017?ref=bookmarks\",\"https:\/\/www.youtube.com\/channel\/UC847kAfTkaJsWpc1jtQwr3Q\"],\"hasMerchantReturnPolicy\":{\"@type\":\"MerchantReturnPolicy\",\"merchantReturnLink\":\"https:\/\/www.sestogrado.it\/en\/termini-e-condizioni\/\"}},{\"@type\":\"Person\",\"@id\":\"https:\/\/www.sestogrado.it\/en\/#\/schema\/person\/79f414dc6904c7d2eef9d047c045f445\",\"name\":\"admin\"}]}<\/script>\n<!-- \/ Yoast SEO plugin. -->","yoast_head_json":{"title":"Film da vedere: The Alpinist - Sestogrado","description":"un'avventura storica in Patagonia che ridefinir\u00e0 ci\u00f2 che \u00e8 possibile nell'arrampicata in solitaria. Marc-Andr\u00e9 Leclerc \u00e8 un free soloist su ghiaccio e misto. Scala da solo, lontano dai riflettori. Su remote pareti alpine, il 23enne canadese dallo spirito libero compie alcune delle salite in solitaria pi\u00f9 audaci della storia. Tuttavia, attira scarsa attenzione. Senza telecamere, senza corda e senza margine di errore, l'approccio di Leclerc \u00e8 l'essenza dell'avventura in solitario. Nomade e timido, non possiede un telefono o un'auto, ed \u00e8 riluttante a far conoscere a una troupe cinematografica la sua pura visione dell'arrampicata. Il regista veterano Peter Mortimer (THE DAWN WALL) si propone di realizzare un film su Leclerc, ma fatica a tenere il passo con il suo soggetto sfuggente. Leclerc intraprende un'avventura storica in Patagonia che ridefinir\u00e0 ci\u00f2 che \u00e8 possibile nell'arrampicata in solitaria.In uscita negli USA dal 10 di settembre 2021, a seguire in Europa, nelle sale ed in streaming.","robots":{"index":"index","follow":"follow","max-snippet":"max-snippet:-1","max-image-preview":"max-image-preview:large","max-video-preview":"max-video-preview:-1"},"canonical":"https:\/\/www.sestogrado.it\/en\/film-da-vedere-the-alpinist\/","og_locale":"en_US","og_type":"article","og_title":"Film da vedere: The Alpinist - Sestogrado","og_description":"un'avventura storica in Patagonia che ridefinir\u00e0 ci\u00f2 che \u00e8 possibile nell'arrampicata in solitaria. Marc-Andr\u00e9 Leclerc \u00e8 un free soloist su ghiaccio e misto. Scala da solo, lontano dai riflettori. Su remote pareti alpine, il 23enne canadese dallo spirito libero compie alcune delle salite in solitaria pi\u00f9 audaci della storia. Tuttavia, attira scarsa attenzione. Senza telecamere, senza corda e senza margine di errore, l'approccio di Leclerc \u00e8 l'essenza dell'avventura in solitario. Nomade e timido, non possiede un telefono o un'auto, ed \u00e8 riluttante a far conoscere a una troupe cinematografica la sua pura visione dell'arrampicata. Il regista veterano Peter Mortimer (THE DAWN WALL) si propone di realizzare un film su Leclerc, ma fatica a tenere il passo con il suo soggetto sfuggente. Leclerc intraprende un'avventura storica in Patagonia che ridefinir\u00e0 ci\u00f2 che \u00e8 possibile nell'arrampicata in solitaria.In uscita negli USA dal 10 di settembre 2021, a seguire in Europa, nelle sale ed in streaming.","og_url":"https:\/\/www.sestogrado.it\/en\/film-da-vedere-the-alpinist\/","og_site_name":"Sestogrado","article_publisher":"https:\/\/www.facebook.com\/pages\/Sestogrado\/1542635979353017?ref=bookmarks","article_published_time":"2021-08-20T07:11:49+00:00","article_modified_time":"2021-08-20T07:12:42+00:00","og_image":[{"width":1400,"height":1051,"url":"https:\/\/www.sestogrado.it\/wp-content\/uploads\/2021\/08\/01.jpg","type":"image\/jpeg"}],"author":"admin","twitter_misc":{"Written by":"admin","Est. reading time":"1 minute"},"schema":{"@context":"https:\/\/schema.org","@graph":[{"@type":"Article","@id":"https:\/\/www.sestogrado.it\/film-da-vedere-the-alpinist\/#article","isPartOf":{"@id":"https:\/\/www.sestogrado.it\/film-da-vedere-the-alpinist\/"},"author":{"name":"admin","@id":"https:\/\/www.sestogrado.it\/en\/#\/schema\/person\/79f414dc6904c7d2eef9d047c045f445"},"headline":"Film da vedere: The Alpinist","datePublished":"2021-08-20T07:11:49+00:00","dateModified":"2021-08-20T07:12:42+00:00","mainEntityOfPage":{"@id":"https:\/\/www.sestogrado.it\/film-da-vedere-the-alpinist\/"},"wordCount":149,"commentCount":0,"publisher":{"@id":"https:\/\/www.sestogrado.it\/en\/#organization"},"image":{"@id":"https:\/\/www.sestogrado.it\/film-da-vedere-the-alpinist\/#primaryimage"},"thumbnailUrl":"https:\/\/www.sestogrado.it\/wp-content\/uploads\/2021\/08\/01.jpg","articleSection":["Libro di vetta"],"inLanguage":"en-US","potentialAction":[{"@type":"CommentAction","name":"Comment","target":["https:\/\/www.sestogrado.it\/film-da-vedere-the-alpinist\/#respond"]}]},{"@type":"WebPage","@id":"https:\/\/www.sestogrado.it\/en\/film-da-vedere-the-alpinist\/","url":"https:\/\/www.sestogrado.it\/en\/film-da-vedere-the-alpinist\/","name":"Film da vedere: The Alpinist - Sestogrado","isPartOf":{"@id":"https:\/\/www.sestogrado.it\/en\/#website"},"primaryImageOfPage":{"@id":"https:\/\/www.sestogrado.it\/en\/film-da-vedere-the-alpinist\/#primaryimage"},"image":{"@id":"https:\/\/www.sestogrado.it\/film-da-vedere-the-alpinist\/#primaryimage"},"thumbnailUrl":"https:\/\/www.sestogrado.it\/wp-content\/uploads\/2021\/08\/01.jpg","datePublished":"2021-08-20T07:11:49+00:00","dateModified":"2021-08-20T07:12:42+00:00","description":"un'avventura storica in Patagonia che ridefinir\u00e0 ci\u00f2 che \u00e8 possibile nell'arrampicata in solitaria. Marc-Andr\u00e9 Leclerc \u00e8 un free soloist su ghiaccio e misto. Scala da solo, lontano dai riflettori. Su remote pareti alpine, il 23enne canadese dallo spirito libero compie alcune delle salite in solitaria pi\u00f9 audaci della storia. Tuttavia, attira scarsa attenzione. Senza telecamere, senza corda e senza margine di errore, l'approccio di Leclerc \u00e8 l'essenza dell'avventura in solitario. Nomade e timido, non possiede un telefono o un'auto, ed \u00e8 riluttante a far conoscere a una troupe cinematografica la sua pura visione dell'arrampicata. Il regista veterano Peter Mortimer (THE DAWN WALL) si propone di realizzare un film su Leclerc, ma fatica a tenere il passo con il suo soggetto sfuggente. Leclerc intraprende un'avventura storica in Patagonia che ridefinir\u00e0 ci\u00f2 che \u00e8 possibile nell'arrampicata in solitaria.In uscita negli USA dal 10 di settembre 2021, a seguire in Europa, nelle sale ed in streaming.","breadcrumb":{"@id":"https:\/\/www.sestogrado.it\/en\/film-da-vedere-the-alpinist\/#breadcrumb"},"inLanguage":"en-US","potentialAction":[{"@type":"ReadAction","target":[["https:\/\/www.sestogrado.it\/en\/film-da-vedere-the-alpinist\/"]]}]},{"@type":"ImageObject","inLanguage":"en-US","@id":"https:\/\/www.sestogrado.it\/en\/film-da-vedere-the-alpinist\/#primaryimage","url":"https:\/\/www.sestogrado.it\/wp-content\/uploads\/2021\/08\/01.jpg","contentUrl":"https:\/\/www.sestogrado.it\/wp-content\/uploads\/2021\/08\/01.jpg","width":1400,"height":1051,"caption":"the alpinist"},{"@type":"BreadcrumbList","@id":"https:\/\/www.sestogrado.it\/en\/film-da-vedere-the-alpinist\/#breadcrumb","itemListElement":[{"@type":"ListItem","position":1,"name":"Home","item":"https:\/\/www.sestogrado.it\/en\/"},{"@type":"ListItem","position":2,"name":"Film da vedere: The Alpinist"}]},{"@type":"WebSite","@id":"https:\/\/www.sestogrado.it\/en\/#website","url":"https:\/\/www.sestogrado.it\/en\/","name":"Sestogrado","description":"yes we climb","publisher":{"@id":"https:\/\/www.sestogrado.it\/en\/#organization"},"potentialAction":[{"@type":"SearchAction","target":{"@type":"EntryPoint","urlTemplate":"https:\/\/www.sestogrado.it\/en\/?s={search_term_string}"},"query-input":{"@type":"PropertyValueSpecification","valueRequired":true,"valueName":"search_term_string"}}],"inLanguage":"en-US"},{"@type":"Organization","@id":"https:\/\/www.sestogrado.it\/en\/#organization","name":"Sestogrado","url":"https:\/\/www.sestogrado.it\/en\/","logo":{"@type":"ImageObject","inLanguage":"en-US","@id":"https:\/\/www.sestogrado.it\/en\/#\/schema\/logo\/image\/","url":"https:\/\/www.sestogrado.it\/wp-content\/uploads\/2015\/03\/sestogrado-favicon.png","contentUrl":"https:\/\/www.sestogrado.it\/wp-content\/uploads\/2015\/03\/sestogrado-favicon.png","width":260,"height":260,"caption":"Sestogrado"},"image":{"@id":"https:\/\/www.sestogrado.it\/en\/#\/schema\/logo\/image\/"},"sameAs":["https:\/\/www.facebook.com\/pages\/Sestogrado\/1542635979353017?ref=bookmarks","https:\/\/www.youtube.com\/channel\/UC847kAfTkaJsWpc1jtQwr3Q"],"hasMerchantReturnPolicy":{"@type":"MerchantReturnPolicy","merchantReturnLink":"https:\/\/www.sestogrado.it\/en\/termini-e-condizioni\/"}},{"@type":"Person","@id":"https:\/\/www.sestogrado.it\/en\/#\/schema\/person\/79f414dc6904c7d2eef9d047c045f445","name":"admin"}]}},"_links":{"self":[{"href":"https:\/\/www.sestogrado.it\/en\/wp-json\/wp\/v2\/posts\/65211","targetHints":{"allow":["GET"]}}],"collection":[{"href":"https:\/\/www.sestogrado.it\/en\/wp-json\/wp\/v2\/posts"}],"about":[{"href":"https:\/\/www.sestogrado.it\/en\/wp-json\/wp\/v2\/types\/post"}],"author":[{"embeddable":true,"href":"https:\/\/www.sestogrado.it\/en\/wp-json\/wp\/v2\/users\/1"}],"replies":[{"embeddable":true,"href":"https:\/\/www.sestogrado.it\/en\/wp-json\/wp\/v2\/comments?post=65211"}],"version-history":[{"count":0,"href":"https:\/\/www.sestogrado.it\/en\/wp-json\/wp\/v2\/posts\/65211\/revisions"}],"wp:featuredmedia":[{"embeddable":true,"href":"https:\/\/www.sestogrado.it\/en\/wp-json\/wp\/v2\/media\/65212"}],"wp:attachment":[{"href":"https:\/\/www.sestogrado.it\/en\/wp-json\/wp\/v2\/media?parent=65211"}],"wp:term":[{"taxonomy":"category","embeddable":true,"href":"https:\/\/www.sestogrado.it\/en\/wp-json\/wp\/v2\/categories?post=65211"},{"taxonomy":"post_tag","embeddable":true,"href":"https:\/\/www.sestogrado.it\/en\/wp-json\/wp\/v2\/tags?post=65211"}],"curies":[{"name":"wp","href":"https:\/\/api.w.org\/{rel}","templated":true}]}}