{"id":41361,"date":"2025-09-26T07:00:14","date_gmt":"2025-09-26T05:00:14","guid":{"rendered":"https:\/\/www.sestogrado.it\/?p=41361"},"modified":"2025-09-26T09:57:40","modified_gmt":"2025-09-26T07:57:40","slug":"come-lavare-il-sacco-a-pelo","status":"publish","type":"post","link":"https:\/\/www.sestogrado.it\/en\/come-lavare-il-sacco-a-pelo\/","title":{"rendered":"Come lavare il sacco a pelo"},"content":{"rendered":"<p class=\"qtranxs-available-languages-message qtranxs-available-languages-message-en\">Sorry, this entry is only available in <a href=\"https:\/\/www.sestogrado.it\/it\/wp-json\/wp\/v2\/posts\/41361\" class=\"qtranxs-available-language-link qtranxs-available-language-link-it\" title=\"Italiano\">Italiano<\/a>.<\/p>","protected":false},"excerpt":{"rendered":"<p class=\"qtranxs-available-languages-message qtranxs-available-languages-message-en\">Sorry, this entry is only available in <a href=\"https:\/\/www.sestogrado.it\/it\/wp-json\/wp\/v2\/posts\/41361\" class=\"qtranxs-available-language-link qtranxs-available-language-link-it\" title=\"Italiano\">Italiano<\/a>.<\/p>\n","protected":false},"author":1,"featured_media":41728,"comment_status":"open","ping_status":"open","sticky":false,"template":"","format":"standard","meta":{"_acf_changed":false,"footnotes":""},"categories":[79],"tags":[],"class_list":["post-41361","post","type-post","status-publish","format-standard","has-post-thumbnail","hentry","category-libro-di-vetta"],"acf":[],"yoast_head":"<!-- This site is optimized with the Yoast SEO plugin v26.4 - https:\/\/yoast.com\/wordpress\/plugins\/seo\/ -->\n<title>Come lavare il sacco a pelo - Sestogrado<\/title>\n<meta name=\"description\" content=\"Il tuo sacco a pelo potrebbe averne viste delle belle, ecco come farlo tornare agli antichi splendori. Bivacchi all\u2019aperto, notti in tenda sotto la pioggia o passate sul pavimento di un qualche rifugio troppo affollato. Il tuo sacco a pelo potrebbe averne viste delle belle ed anche se non ti sembra che meriti la stessa cura della corda (da cui effettivamente dipende la tua vita!), prendersene cura lo far\u00e0 durare pi\u00f9 a lungo e manterr\u00e0 inalterata la sua capacit\u00e0 termica.Ecco come lavare il tuo sacco pelo e farlo tornare agli antichi splendori. La procedura cambia a seconda che il saccoletto sia in sintetico o piuma, vista la maggiore delicatezza di quest\u2019ultima.\" \/>\n<meta name=\"robots\" content=\"index, follow, max-snippet:-1, max-image-preview:large, max-video-preview:-1\" \/>\n<link rel=\"canonical\" href=\"https:\/\/www.sestogrado.it\/en\/come-lavare-il-sacco-a-pelo\/\" \/>\n<meta property=\"og:locale\" content=\"en_US\" \/>\n<meta property=\"og:type\" content=\"article\" \/>\n<meta property=\"og:title\" content=\"Come lavare il sacco a pelo - Sestogrado\" \/>\n<meta property=\"og:description\" content=\"Il tuo sacco a pelo potrebbe averne viste delle belle, ecco come farlo tornare agli antichi splendori. Bivacchi all\u2019aperto, notti in tenda sotto la pioggia o passate sul pavimento di un qualche rifugio troppo affollato. Il tuo sacco a pelo potrebbe averne viste delle belle ed anche se non ti sembra che meriti la stessa cura della corda (da cui effettivamente dipende la tua vita!), prendersene cura lo far\u00e0 durare pi\u00f9 a lungo e manterr\u00e0 inalterata la sua capacit\u00e0 termica.Ecco come lavare il tuo sacco pelo e farlo tornare agli antichi splendori. La procedura cambia a seconda che il saccoletto sia in sintetico o piuma, vista la maggiore delicatezza di quest\u2019ultima.\" \/>\n<meta property=\"og:url\" content=\"https:\/\/www.sestogrado.it\/en\/come-lavare-il-sacco-a-pelo\/\" \/>\n<meta property=\"og:site_name\" content=\"Sestogrado\" \/>\n<meta property=\"article:publisher\" content=\"https:\/\/www.facebook.com\/pages\/Sestogrado\/1542635979353017?ref=bookmarks\" \/>\n<meta property=\"article:published_time\" content=\"2025-09-26T05:00:14+00:00\" \/>\n<meta property=\"article:modified_time\" content=\"2025-09-26T07:57:40+00:00\" \/>\n<meta property=\"og:image\" content=\"https:\/\/www.sestogrado.it\/wp-content\/uploads\/2020\/09\/How-to-wash-a-sleeping-bag.jpg\" \/>\n\t<meta property=\"og:image:width\" content=\"760\" \/>\n\t<meta property=\"og:image:height\" content=\"460\" \/>\n\t<meta property=\"og:image:type\" content=\"image\/jpeg\" \/>\n<meta name=\"author\" content=\"admin\" \/>\n<meta name=\"twitter:label1\" content=\"Written by\" \/>\n\t<meta name=\"twitter:data1\" content=\"admin\" \/>\n\t<meta name=\"twitter:label2\" content=\"Est. reading time\" \/>\n\t<meta name=\"twitter:data2\" content=\"5 minutes\" \/>\n<script type=\"application\/ld+json\" class=\"yoast-schema-graph\">{\"@context\":\"https:\/\/schema.org\",\"@graph\":[{\"@type\":\"Article\",\"@id\":\"https:\/\/www.sestogrado.it\/come-lavare-il-sacco-a-pelo\/#article\",\"isPartOf\":{\"@id\":\"https:\/\/www.sestogrado.it\/come-lavare-il-sacco-a-pelo\/\"},\"author\":{\"name\":\"admin\",\"@id\":\"https:\/\/www.sestogrado.it\/en\/#\/schema\/person\/79f414dc6904c7d2eef9d047c045f445\"},\"headline\":\"Come lavare il sacco a pelo\",\"datePublished\":\"2025-09-26T05:00:14+00:00\",\"dateModified\":\"2025-09-26T07:57:40+00:00\",\"mainEntityOfPage\":{\"@id\":\"https:\/\/www.sestogrado.it\/come-lavare-il-sacco-a-pelo\/\"},\"wordCount\":754,\"commentCount\":0,\"publisher\":{\"@id\":\"https:\/\/www.sestogrado.it\/en\/#organization\"},\"image\":{\"@id\":\"https:\/\/www.sestogrado.it\/come-lavare-il-sacco-a-pelo\/#primaryimage\"},\"thumbnailUrl\":\"https:\/\/www.sestogrado.it\/wp-content\/uploads\/2020\/09\/How-to-wash-a-sleeping-bag.jpg\",\"articleSection\":[\"Libro di vetta\"],\"inLanguage\":\"en-US\",\"potentialAction\":[{\"@type\":\"CommentAction\",\"name\":\"Comment\",\"target\":[\"https:\/\/www.sestogrado.it\/come-lavare-il-sacco-a-pelo\/#respond\"]}]},{\"@type\":\"WebPage\",\"@id\":\"https:\/\/www.sestogrado.it\/en\/come-lavare-il-sacco-a-pelo\/\",\"url\":\"https:\/\/www.sestogrado.it\/en\/come-lavare-il-sacco-a-pelo\/\",\"name\":\"Come lavare il sacco a pelo - Sestogrado\",\"isPartOf\":{\"@id\":\"https:\/\/www.sestogrado.it\/en\/#website\"},\"primaryImageOfPage\":{\"@id\":\"https:\/\/www.sestogrado.it\/en\/come-lavare-il-sacco-a-pelo\/#primaryimage\"},\"image\":{\"@id\":\"https:\/\/www.sestogrado.it\/come-lavare-il-sacco-a-pelo\/#primaryimage\"},\"thumbnailUrl\":\"https:\/\/www.sestogrado.it\/wp-content\/uploads\/2020\/09\/How-to-wash-a-sleeping-bag.jpg\",\"datePublished\":\"2025-09-26T05:00:14+00:00\",\"dateModified\":\"2025-09-26T07:57:40+00:00\",\"description\":\"Il tuo sacco a pelo potrebbe averne viste delle belle, ecco come farlo tornare agli antichi splendori. Bivacchi all\u2019aperto, notti in tenda sotto la pioggia o passate sul pavimento di un qualche rifugio troppo affollato. Il tuo sacco a pelo potrebbe averne viste delle belle ed anche se non ti sembra che meriti la stessa cura della corda (da cui effettivamente dipende la tua vita!), prendersene cura lo far\u00e0 durare pi\u00f9 a lungo e manterr\u00e0 inalterata la sua capacit\u00e0 termica.Ecco come lavare il tuo sacco pelo e farlo tornare agli antichi splendori. La procedura cambia a seconda che il saccoletto sia in sintetico o piuma, vista la maggiore delicatezza di quest\u2019ultima.\",\"breadcrumb\":{\"@id\":\"https:\/\/www.sestogrado.it\/en\/come-lavare-il-sacco-a-pelo\/#breadcrumb\"},\"inLanguage\":\"en-US\",\"potentialAction\":[{\"@type\":\"ReadAction\",\"target\":[[\"https:\/\/www.sestogrado.it\/en\/come-lavare-il-sacco-a-pelo\/\"]]}]},{\"@type\":\"ImageObject\",\"inLanguage\":\"en-US\",\"@id\":\"https:\/\/www.sestogrado.it\/en\/come-lavare-il-sacco-a-pelo\/#primaryimage\",\"url\":\"https:\/\/www.sestogrado.it\/wp-content\/uploads\/2020\/09\/How-to-wash-a-sleeping-bag.jpg\",\"contentUrl\":\"https:\/\/www.sestogrado.it\/wp-content\/uploads\/2020\/09\/How-to-wash-a-sleeping-bag.jpg\",\"width\":760,\"height\":460,\"caption\":\"lavare saccoletto\"},{\"@type\":\"BreadcrumbList\",\"@id\":\"https:\/\/www.sestogrado.it\/en\/come-lavare-il-sacco-a-pelo\/#breadcrumb\",\"itemListElement\":[{\"@type\":\"ListItem\",\"position\":1,\"name\":\"Home\",\"item\":\"https:\/\/www.sestogrado.it\/en\/\"},{\"@type\":\"ListItem\",\"position\":2,\"name\":\"Come lavare il sacco a pelo\"}]},{\"@type\":\"WebSite\",\"@id\":\"https:\/\/www.sestogrado.it\/en\/#website\",\"url\":\"https:\/\/www.sestogrado.it\/en\/\",\"name\":\"Sestogrado\",\"description\":\"yes we climb\",\"publisher\":{\"@id\":\"https:\/\/www.sestogrado.it\/en\/#organization\"},\"potentialAction\":[{\"@type\":\"SearchAction\",\"target\":{\"@type\":\"EntryPoint\",\"urlTemplate\":\"https:\/\/www.sestogrado.it\/en\/?s={search_term_string}\"},\"query-input\":{\"@type\":\"PropertyValueSpecification\",\"valueRequired\":true,\"valueName\":\"search_term_string\"}}],\"inLanguage\":\"en-US\"},{\"@type\":\"Organization\",\"@id\":\"https:\/\/www.sestogrado.it\/en\/#organization\",\"name\":\"Sestogrado\",\"url\":\"https:\/\/www.sestogrado.it\/en\/\",\"logo\":{\"@type\":\"ImageObject\",\"inLanguage\":\"en-US\",\"@id\":\"https:\/\/www.sestogrado.it\/en\/#\/schema\/logo\/image\/\",\"url\":\"https:\/\/www.sestogrado.it\/wp-content\/uploads\/2015\/03\/sestogrado-favicon.png\",\"contentUrl\":\"https:\/\/www.sestogrado.it\/wp-content\/uploads\/2015\/03\/sestogrado-favicon.png\",\"width\":260,\"height\":260,\"caption\":\"Sestogrado\"},\"image\":{\"@id\":\"https:\/\/www.sestogrado.it\/en\/#\/schema\/logo\/image\/\"},\"sameAs\":[\"https:\/\/www.facebook.com\/pages\/Sestogrado\/1542635979353017?ref=bookmarks\",\"https:\/\/www.youtube.com\/channel\/UC847kAfTkaJsWpc1jtQwr3Q\"],\"hasMerchantReturnPolicy\":{\"@type\":\"MerchantReturnPolicy\",\"merchantReturnLink\":\"https:\/\/www.sestogrado.it\/en\/termini-e-condizioni\/\"}},{\"@type\":\"Person\",\"@id\":\"https:\/\/www.sestogrado.it\/en\/#\/schema\/person\/79f414dc6904c7d2eef9d047c045f445\",\"name\":\"admin\"}]}<\/script>\n<!-- \/ Yoast SEO plugin. -->","yoast_head_json":{"title":"Come lavare il sacco a pelo - Sestogrado","description":"Il tuo sacco a pelo potrebbe averne viste delle belle, ecco come farlo tornare agli antichi splendori. Bivacchi all\u2019aperto, notti in tenda sotto la pioggia o passate sul pavimento di un qualche rifugio troppo affollato. Il tuo sacco a pelo potrebbe averne viste delle belle ed anche se non ti sembra che meriti la stessa cura della corda (da cui effettivamente dipende la tua vita!), prendersene cura lo far\u00e0 durare pi\u00f9 a lungo e manterr\u00e0 inalterata la sua capacit\u00e0 termica.Ecco come lavare il tuo sacco pelo e farlo tornare agli antichi splendori. La procedura cambia a seconda che il saccoletto sia in sintetico o piuma, vista la maggiore delicatezza di quest\u2019ultima.","robots":{"index":"index","follow":"follow","max-snippet":"max-snippet:-1","max-image-preview":"max-image-preview:large","max-video-preview":"max-video-preview:-1"},"canonical":"https:\/\/www.sestogrado.it\/en\/come-lavare-il-sacco-a-pelo\/","og_locale":"en_US","og_type":"article","og_title":"Come lavare il sacco a pelo - Sestogrado","og_description":"Il tuo sacco a pelo potrebbe averne viste delle belle, ecco come farlo tornare agli antichi splendori. Bivacchi all\u2019aperto, notti in tenda sotto la pioggia o passate sul pavimento di un qualche rifugio troppo affollato. Il tuo sacco a pelo potrebbe averne viste delle belle ed anche se non ti sembra che meriti la stessa cura della corda (da cui effettivamente dipende la tua vita!), prendersene cura lo far\u00e0 durare pi\u00f9 a lungo e manterr\u00e0 inalterata la sua capacit\u00e0 termica.Ecco come lavare il tuo sacco pelo e farlo tornare agli antichi splendori. La procedura cambia a seconda che il saccoletto sia in sintetico o piuma, vista la maggiore delicatezza di quest\u2019ultima.","og_url":"https:\/\/www.sestogrado.it\/en\/come-lavare-il-sacco-a-pelo\/","og_site_name":"Sestogrado","article_publisher":"https:\/\/www.facebook.com\/pages\/Sestogrado\/1542635979353017?ref=bookmarks","article_published_time":"2025-09-26T05:00:14+00:00","article_modified_time":"2025-09-26T07:57:40+00:00","og_image":[{"width":760,"height":460,"url":"https:\/\/www.sestogrado.it\/wp-content\/uploads\/2020\/09\/How-to-wash-a-sleeping-bag.jpg","type":"image\/jpeg"}],"author":"admin","twitter_misc":{"Written by":"admin","Est. reading time":"5 minutes"},"schema":{"@context":"https:\/\/schema.org","@graph":[{"@type":"Article","@id":"https:\/\/www.sestogrado.it\/come-lavare-il-sacco-a-pelo\/#article","isPartOf":{"@id":"https:\/\/www.sestogrado.it\/come-lavare-il-sacco-a-pelo\/"},"author":{"name":"admin","@id":"https:\/\/www.sestogrado.it\/en\/#\/schema\/person\/79f414dc6904c7d2eef9d047c045f445"},"headline":"Come lavare il sacco a pelo","datePublished":"2025-09-26T05:00:14+00:00","dateModified":"2025-09-26T07:57:40+00:00","mainEntityOfPage":{"@id":"https:\/\/www.sestogrado.it\/come-lavare-il-sacco-a-pelo\/"},"wordCount":754,"commentCount":0,"publisher":{"@id":"https:\/\/www.sestogrado.it\/en\/#organization"},"image":{"@id":"https:\/\/www.sestogrado.it\/come-lavare-il-sacco-a-pelo\/#primaryimage"},"thumbnailUrl":"https:\/\/www.sestogrado.it\/wp-content\/uploads\/2020\/09\/How-to-wash-a-sleeping-bag.jpg","articleSection":["Libro di vetta"],"inLanguage":"en-US","potentialAction":[{"@type":"CommentAction","name":"Comment","target":["https:\/\/www.sestogrado.it\/come-lavare-il-sacco-a-pelo\/#respond"]}]},{"@type":"WebPage","@id":"https:\/\/www.sestogrado.it\/en\/come-lavare-il-sacco-a-pelo\/","url":"https:\/\/www.sestogrado.it\/en\/come-lavare-il-sacco-a-pelo\/","name":"Come lavare il sacco a pelo - Sestogrado","isPartOf":{"@id":"https:\/\/www.sestogrado.it\/en\/#website"},"primaryImageOfPage":{"@id":"https:\/\/www.sestogrado.it\/en\/come-lavare-il-sacco-a-pelo\/#primaryimage"},"image":{"@id":"https:\/\/www.sestogrado.it\/come-lavare-il-sacco-a-pelo\/#primaryimage"},"thumbnailUrl":"https:\/\/www.sestogrado.it\/wp-content\/uploads\/2020\/09\/How-to-wash-a-sleeping-bag.jpg","datePublished":"2025-09-26T05:00:14+00:00","dateModified":"2025-09-26T07:57:40+00:00","description":"Il tuo sacco a pelo potrebbe averne viste delle belle, ecco come farlo tornare agli antichi splendori. Bivacchi all\u2019aperto, notti in tenda sotto la pioggia o passate sul pavimento di un qualche rifugio troppo affollato. Il tuo sacco a pelo potrebbe averne viste delle belle ed anche se non ti sembra che meriti la stessa cura della corda (da cui effettivamente dipende la tua vita!), prendersene cura lo far\u00e0 durare pi\u00f9 a lungo e manterr\u00e0 inalterata la sua capacit\u00e0 termica.Ecco come lavare il tuo sacco pelo e farlo tornare agli antichi splendori. La procedura cambia a seconda che il saccoletto sia in sintetico o piuma, vista la maggiore delicatezza di quest\u2019ultima.","breadcrumb":{"@id":"https:\/\/www.sestogrado.it\/en\/come-lavare-il-sacco-a-pelo\/#breadcrumb"},"inLanguage":"en-US","potentialAction":[{"@type":"ReadAction","target":[["https:\/\/www.sestogrado.it\/en\/come-lavare-il-sacco-a-pelo\/"]]}]},{"@type":"ImageObject","inLanguage":"en-US","@id":"https:\/\/www.sestogrado.it\/en\/come-lavare-il-sacco-a-pelo\/#primaryimage","url":"https:\/\/www.sestogrado.it\/wp-content\/uploads\/2020\/09\/How-to-wash-a-sleeping-bag.jpg","contentUrl":"https:\/\/www.sestogrado.it\/wp-content\/uploads\/2020\/09\/How-to-wash-a-sleeping-bag.jpg","width":760,"height":460,"caption":"lavare saccoletto"},{"@type":"BreadcrumbList","@id":"https:\/\/www.sestogrado.it\/en\/come-lavare-il-sacco-a-pelo\/#breadcrumb","itemListElement":[{"@type":"ListItem","position":1,"name":"Home","item":"https:\/\/www.sestogrado.it\/en\/"},{"@type":"ListItem","position":2,"name":"Come lavare il sacco a pelo"}]},{"@type":"WebSite","@id":"https:\/\/www.sestogrado.it\/en\/#website","url":"https:\/\/www.sestogrado.it\/en\/","name":"Sestogrado","description":"yes we climb","publisher":{"@id":"https:\/\/www.sestogrado.it\/en\/#organization"},"potentialAction":[{"@type":"SearchAction","target":{"@type":"EntryPoint","urlTemplate":"https:\/\/www.sestogrado.it\/en\/?s={search_term_string}"},"query-input":{"@type":"PropertyValueSpecification","valueRequired":true,"valueName":"search_term_string"}}],"inLanguage":"en-US"},{"@type":"Organization","@id":"https:\/\/www.sestogrado.it\/en\/#organization","name":"Sestogrado","url":"https:\/\/www.sestogrado.it\/en\/","logo":{"@type":"ImageObject","inLanguage":"en-US","@id":"https:\/\/www.sestogrado.it\/en\/#\/schema\/logo\/image\/","url":"https:\/\/www.sestogrado.it\/wp-content\/uploads\/2015\/03\/sestogrado-favicon.png","contentUrl":"https:\/\/www.sestogrado.it\/wp-content\/uploads\/2015\/03\/sestogrado-favicon.png","width":260,"height":260,"caption":"Sestogrado"},"image":{"@id":"https:\/\/www.sestogrado.it\/en\/#\/schema\/logo\/image\/"},"sameAs":["https:\/\/www.facebook.com\/pages\/Sestogrado\/1542635979353017?ref=bookmarks","https:\/\/www.youtube.com\/channel\/UC847kAfTkaJsWpc1jtQwr3Q"],"hasMerchantReturnPolicy":{"@type":"MerchantReturnPolicy","merchantReturnLink":"https:\/\/www.sestogrado.it\/en\/termini-e-condizioni\/"}},{"@type":"Person","@id":"https:\/\/www.sestogrado.it\/en\/#\/schema\/person\/79f414dc6904c7d2eef9d047c045f445","name":"admin"}]}},"_links":{"self":[{"href":"https:\/\/www.sestogrado.it\/en\/wp-json\/wp\/v2\/posts\/41361","targetHints":{"allow":["GET"]}}],"collection":[{"href":"https:\/\/www.sestogrado.it\/en\/wp-json\/wp\/v2\/posts"}],"about":[{"href":"https:\/\/www.sestogrado.it\/en\/wp-json\/wp\/v2\/types\/post"}],"author":[{"embeddable":true,"href":"https:\/\/www.sestogrado.it\/en\/wp-json\/wp\/v2\/users\/1"}],"replies":[{"embeddable":true,"href":"https:\/\/www.sestogrado.it\/en\/wp-json\/wp\/v2\/comments?post=41361"}],"version-history":[{"count":1,"href":"https:\/\/www.sestogrado.it\/en\/wp-json\/wp\/v2\/posts\/41361\/revisions"}],"predecessor-version":[{"id":191833,"href":"https:\/\/www.sestogrado.it\/en\/wp-json\/wp\/v2\/posts\/41361\/revisions\/191833"}],"wp:featuredmedia":[{"embeddable":true,"href":"https:\/\/www.sestogrado.it\/en\/wp-json\/wp\/v2\/media\/41728"}],"wp:attachment":[{"href":"https:\/\/www.sestogrado.it\/en\/wp-json\/wp\/v2\/media?parent=41361"}],"wp:term":[{"taxonomy":"category","embeddable":true,"href":"https:\/\/www.sestogrado.it\/en\/wp-json\/wp\/v2\/categories?post=41361"},{"taxonomy":"post_tag","embeddable":true,"href":"https:\/\/www.sestogrado.it\/en\/wp-json\/wp\/v2\/tags?post=41361"}],"curies":[{"name":"wp","href":"https:\/\/api.w.org\/{rel}","templated":true}]}}