{"id":24737,"date":"2019-12-01T11:02:18","date_gmt":"2019-12-01T10:02:18","guid":{"rendered":"https:\/\/www.sestogrado.it\/?p=24737"},"modified":"2019-12-01T11:03:46","modified_gmt":"2019-12-01T10:03:46","slug":"olimpiadi-di-tokyo-si-a-laura-rogora-e-adam-ondra-no-per-il-momento-a-stefano-ghisolfi","status":"publish","type":"post","link":"https:\/\/www.sestogrado.it\/en\/olimpiadi-di-tokyo-si-a-laura-rogora-e-adam-ondra-no-per-il-momento-a-stefano-ghisolfi\/","title":{"rendered":"Olimpiadi di Tokyo: s\u00ec a Laura Rogora e Adam Ondra, no (per il momento) a Stefano Ghisolfi"},"content":{"rendered":"<p class=\"qtranxs-available-languages-message qtranxs-available-languages-message-en\">Sorry, this entry is only available in <a href=\"https:\/\/www.sestogrado.it\/it\/wp-json\/wp\/v2\/posts\/24737\" class=\"qtranxs-available-language-link qtranxs-available-language-link-it\" title=\"Italiano\">Italiano<\/a>.<\/p>","protected":false},"excerpt":{"rendered":"<p class=\"qtranxs-available-languages-message qtranxs-available-languages-message-en\">Sorry, this entry is only available in <a href=\"https:\/\/www.sestogrado.it\/it\/wp-json\/wp\/v2\/posts\/24737\" class=\"qtranxs-available-language-link qtranxs-available-language-link-it\" title=\"Italiano\">Italiano<\/a>.<\/p>\n","protected":false},"author":1,"featured_media":24742,"comment_status":"open","ping_status":"open","sticky":false,"template":"","format":"standard","meta":{"_acf_changed":false,"footnotes":""},"categories":[79],"tags":[],"class_list":["post-24737","post","type-post","status-publish","format-standard","has-post-thumbnail","hentry","category-libro-di-vetta"],"acf":[],"yoast_head":"<!-- This site is optimized with the Yoast SEO plugin v26.4 - https:\/\/yoast.com\/wordpress\/plugins\/seo\/ -->\n<title>Olimpiadi di Tokyo: s\u00ec a Laura Rogora e Adam Ondra, no (per il momento) a Stefano Ghisolfi - Sestogrado<\/title>\n<meta name=\"description\" content=\"Il campione ceco e la giovane azzurra hanno il pass per le Olimpiadi. E cos\u00ec Adam Ondra nelle sfide di combinata a Tolosa, in Francia, grazie ad un secondo posto nel Boulder e la prima posizione nell\u2019arrampicata lead, \u00e8 riuscito ad ottenere il pass per le Olimpiadi.Delusione per Stefano Ghisolfi che non \u00e8 riuscito a conquistare la qualificazione alle Olimpiadi tramite il torneo preolimpico di Tolosa. Il forte climber italiano ha concluso al dodicesimo posto con 840 punti complessivi e deve dire cos\u00ec addio alla chance di andare in Giappone anche se non definitivamente, perch\u00e9 avr\u00e0 un\u2019ultima occasione a marzo agli Europei di Mosca dove sar\u00e0 consegnato l\u2019ultimo pass per i Giochi.\" \/>\n<meta name=\"robots\" content=\"index, follow, max-snippet:-1, max-image-preview:large, max-video-preview:-1\" \/>\n<link rel=\"canonical\" href=\"https:\/\/www.sestogrado.it\/en\/olimpiadi-di-tokyo-si-a-laura-rogora-e-adam-ondra-no-per-il-momento-a-stefano-ghisolfi\/\" \/>\n<meta property=\"og:locale\" content=\"en_US\" \/>\n<meta property=\"og:type\" content=\"article\" \/>\n<meta property=\"og:title\" content=\"Olimpiadi di Tokyo: s\u00ec a Laura Rogora e Adam Ondra, no (per il momento) a Stefano Ghisolfi - Sestogrado\" \/>\n<meta property=\"og:description\" content=\"Il campione ceco e la giovane azzurra hanno il pass per le Olimpiadi. E cos\u00ec Adam Ondra nelle sfide di combinata a Tolosa, in Francia, grazie ad un secondo posto nel Boulder e la prima posizione nell\u2019arrampicata lead, \u00e8 riuscito ad ottenere il pass per le Olimpiadi.Delusione per Stefano Ghisolfi che non \u00e8 riuscito a conquistare la qualificazione alle Olimpiadi tramite il torneo preolimpico di Tolosa. Il forte climber italiano ha concluso al dodicesimo posto con 840 punti complessivi e deve dire cos\u00ec addio alla chance di andare in Giappone anche se non definitivamente, perch\u00e9 avr\u00e0 un\u2019ultima occasione a marzo agli Europei di Mosca dove sar\u00e0 consegnato l\u2019ultimo pass per i Giochi.\" \/>\n<meta property=\"og:url\" content=\"https:\/\/www.sestogrado.it\/en\/olimpiadi-di-tokyo-si-a-laura-rogora-e-adam-ondra-no-per-il-momento-a-stefano-ghisolfi\/\" \/>\n<meta property=\"og:site_name\" content=\"Sestogrado\" \/>\n<meta property=\"article:publisher\" content=\"https:\/\/www.facebook.com\/pages\/Sestogrado\/1542635979353017?ref=bookmarks\" \/>\n<meta property=\"article:published_time\" content=\"2019-12-01T10:02:18+00:00\" \/>\n<meta property=\"article:modified_time\" content=\"2019-12-01T10:03:46+00:00\" \/>\n<meta property=\"og:image\" content=\"https:\/\/www.sestogrado.it\/wp-content\/uploads\/2019\/12\/2f100dc0-9b43-43b0-9a24-b194d1f43164.jpg\" \/>\n\t<meta property=\"og:image:width\" content=\"1080\" \/>\n\t<meta property=\"og:image:height\" content=\"1350\" \/>\n\t<meta property=\"og:image:type\" content=\"image\/jpeg\" \/>\n<meta name=\"author\" content=\"admin\" \/>\n<meta name=\"twitter:label1\" content=\"Written by\" \/>\n\t<meta name=\"twitter:data1\" content=\"admin\" \/>\n\t<meta name=\"twitter:label2\" content=\"Est. reading time\" \/>\n\t<meta name=\"twitter:data2\" content=\"1 minute\" \/>\n<script type=\"application\/ld+json\" class=\"yoast-schema-graph\">{\"@context\":\"https:\/\/schema.org\",\"@graph\":[{\"@type\":\"Article\",\"@id\":\"https:\/\/www.sestogrado.it\/olimpiadi-di-tokyo-si-a-laura-rogora-e-adam-ondra-no-per-il-momento-a-stefano-ghisolfi\/#article\",\"isPartOf\":{\"@id\":\"https:\/\/www.sestogrado.it\/olimpiadi-di-tokyo-si-a-laura-rogora-e-adam-ondra-no-per-il-momento-a-stefano-ghisolfi\/\"},\"author\":{\"name\":\"admin\",\"@id\":\"https:\/\/www.sestogrado.it\/en\/#\/schema\/person\/79f414dc6904c7d2eef9d047c045f445\"},\"headline\":\"Olimpiadi di Tokyo: s\u00ec a Laura Rogora e Adam Ondra, no (per il momento) a Stefano Ghisolfi\",\"datePublished\":\"2019-12-01T10:02:18+00:00\",\"dateModified\":\"2019-12-01T10:03:46+00:00\",\"mainEntityOfPage\":{\"@id\":\"https:\/\/www.sestogrado.it\/olimpiadi-di-tokyo-si-a-laura-rogora-e-adam-ondra-no-per-il-momento-a-stefano-ghisolfi\/\"},\"wordCount\":313,\"commentCount\":0,\"publisher\":{\"@id\":\"https:\/\/www.sestogrado.it\/en\/#organization\"},\"image\":{\"@id\":\"https:\/\/www.sestogrado.it\/olimpiadi-di-tokyo-si-a-laura-rogora-e-adam-ondra-no-per-il-momento-a-stefano-ghisolfi\/#primaryimage\"},\"thumbnailUrl\":\"https:\/\/www.sestogrado.it\/wp-content\/uploads\/2019\/12\/2f100dc0-9b43-43b0-9a24-b194d1f43164.jpg\",\"articleSection\":[\"Libro di vetta\"],\"inLanguage\":\"en-US\",\"potentialAction\":[{\"@type\":\"CommentAction\",\"name\":\"Comment\",\"target\":[\"https:\/\/www.sestogrado.it\/olimpiadi-di-tokyo-si-a-laura-rogora-e-adam-ondra-no-per-il-momento-a-stefano-ghisolfi\/#respond\"]}]},{\"@type\":\"WebPage\",\"@id\":\"https:\/\/www.sestogrado.it\/en\/olimpiadi-di-tokyo-si-a-laura-rogora-e-adam-ondra-no-per-il-momento-a-stefano-ghisolfi\/\",\"url\":\"https:\/\/www.sestogrado.it\/en\/olimpiadi-di-tokyo-si-a-laura-rogora-e-adam-ondra-no-per-il-momento-a-stefano-ghisolfi\/\",\"name\":\"Olimpiadi di Tokyo: s\u00ec a Laura Rogora e Adam Ondra, no (per il momento) a Stefano Ghisolfi - Sestogrado\",\"isPartOf\":{\"@id\":\"https:\/\/www.sestogrado.it\/en\/#website\"},\"primaryImageOfPage\":{\"@id\":\"https:\/\/www.sestogrado.it\/en\/olimpiadi-di-tokyo-si-a-laura-rogora-e-adam-ondra-no-per-il-momento-a-stefano-ghisolfi\/#primaryimage\"},\"image\":{\"@id\":\"https:\/\/www.sestogrado.it\/olimpiadi-di-tokyo-si-a-laura-rogora-e-adam-ondra-no-per-il-momento-a-stefano-ghisolfi\/#primaryimage\"},\"thumbnailUrl\":\"https:\/\/www.sestogrado.it\/wp-content\/uploads\/2019\/12\/2f100dc0-9b43-43b0-9a24-b194d1f43164.jpg\",\"datePublished\":\"2019-12-01T10:02:18+00:00\",\"dateModified\":\"2019-12-01T10:03:46+00:00\",\"description\":\"Il campione ceco e la giovane azzurra hanno il pass per le Olimpiadi. E cos\u00ec Adam Ondra nelle sfide di combinata a Tolosa, in Francia, grazie ad un secondo posto nel Boulder e la prima posizione nell\u2019arrampicata lead, \u00e8 riuscito ad ottenere il pass per le Olimpiadi.Delusione per Stefano Ghisolfi che non \u00e8 riuscito a conquistare la qualificazione alle Olimpiadi tramite il torneo preolimpico di Tolosa. Il forte climber italiano ha concluso al dodicesimo posto con 840 punti complessivi e deve dire cos\u00ec addio alla chance di andare in Giappone anche se non definitivamente, perch\u00e9 avr\u00e0 un\u2019ultima occasione a marzo agli Europei di Mosca dove sar\u00e0 consegnato l\u2019ultimo pass per i Giochi.\",\"breadcrumb\":{\"@id\":\"https:\/\/www.sestogrado.it\/en\/olimpiadi-di-tokyo-si-a-laura-rogora-e-adam-ondra-no-per-il-momento-a-stefano-ghisolfi\/#breadcrumb\"},\"inLanguage\":\"en-US\",\"potentialAction\":[{\"@type\":\"ReadAction\",\"target\":[[\"https:\/\/www.sestogrado.it\/en\/olimpiadi-di-tokyo-si-a-laura-rogora-e-adam-ondra-no-per-il-momento-a-stefano-ghisolfi\/\"]]}]},{\"@type\":\"ImageObject\",\"inLanguage\":\"en-US\",\"@id\":\"https:\/\/www.sestogrado.it\/en\/olimpiadi-di-tokyo-si-a-laura-rogora-e-adam-ondra-no-per-il-momento-a-stefano-ghisolfi\/#primaryimage\",\"url\":\"https:\/\/www.sestogrado.it\/wp-content\/uploads\/2019\/12\/2f100dc0-9b43-43b0-9a24-b194d1f43164.jpg\",\"contentUrl\":\"https:\/\/www.sestogrado.it\/wp-content\/uploads\/2019\/12\/2f100dc0-9b43-43b0-9a24-b194d1f43164.jpg\",\"width\":1080,\"height\":1350,\"caption\":\"ondra\"},{\"@type\":\"BreadcrumbList\",\"@id\":\"https:\/\/www.sestogrado.it\/en\/olimpiadi-di-tokyo-si-a-laura-rogora-e-adam-ondra-no-per-il-momento-a-stefano-ghisolfi\/#breadcrumb\",\"itemListElement\":[{\"@type\":\"ListItem\",\"position\":1,\"name\":\"Home\",\"item\":\"https:\/\/www.sestogrado.it\/en\/\"},{\"@type\":\"ListItem\",\"position\":2,\"name\":\"Olimpiadi di Tokyo: s\u00ec a Laura Rogora e Adam Ondra, no (per il momento) a Stefano Ghisolfi\"}]},{\"@type\":\"WebSite\",\"@id\":\"https:\/\/www.sestogrado.it\/en\/#website\",\"url\":\"https:\/\/www.sestogrado.it\/en\/\",\"name\":\"Sestogrado\",\"description\":\"yes we climb\",\"publisher\":{\"@id\":\"https:\/\/www.sestogrado.it\/en\/#organization\"},\"potentialAction\":[{\"@type\":\"SearchAction\",\"target\":{\"@type\":\"EntryPoint\",\"urlTemplate\":\"https:\/\/www.sestogrado.it\/en\/?s={search_term_string}\"},\"query-input\":{\"@type\":\"PropertyValueSpecification\",\"valueRequired\":true,\"valueName\":\"search_term_string\"}}],\"inLanguage\":\"en-US\"},{\"@type\":\"Organization\",\"@id\":\"https:\/\/www.sestogrado.it\/en\/#organization\",\"name\":\"Sestogrado\",\"url\":\"https:\/\/www.sestogrado.it\/en\/\",\"logo\":{\"@type\":\"ImageObject\",\"inLanguage\":\"en-US\",\"@id\":\"https:\/\/www.sestogrado.it\/en\/#\/schema\/logo\/image\/\",\"url\":\"https:\/\/www.sestogrado.it\/wp-content\/uploads\/2015\/03\/sestogrado-favicon.png\",\"contentUrl\":\"https:\/\/www.sestogrado.it\/wp-content\/uploads\/2015\/03\/sestogrado-favicon.png\",\"width\":260,\"height\":260,\"caption\":\"Sestogrado\"},\"image\":{\"@id\":\"https:\/\/www.sestogrado.it\/en\/#\/schema\/logo\/image\/\"},\"sameAs\":[\"https:\/\/www.facebook.com\/pages\/Sestogrado\/1542635979353017?ref=bookmarks\",\"https:\/\/www.youtube.com\/channel\/UC847kAfTkaJsWpc1jtQwr3Q\"],\"hasMerchantReturnPolicy\":{\"@type\":\"MerchantReturnPolicy\",\"merchantReturnLink\":\"https:\/\/www.sestogrado.it\/en\/termini-e-condizioni\/\"}},{\"@type\":\"Person\",\"@id\":\"https:\/\/www.sestogrado.it\/en\/#\/schema\/person\/79f414dc6904c7d2eef9d047c045f445\",\"name\":\"admin\"}]}<\/script>\n<!-- \/ Yoast SEO plugin. -->","yoast_head_json":{"title":"Olimpiadi di Tokyo: s\u00ec a Laura Rogora e Adam Ondra, no (per il momento) a Stefano Ghisolfi - Sestogrado","description":"Il campione ceco e la giovane azzurra hanno il pass per le Olimpiadi. E cos\u00ec Adam Ondra nelle sfide di combinata a Tolosa, in Francia, grazie ad un secondo posto nel Boulder e la prima posizione nell\u2019arrampicata lead, \u00e8 riuscito ad ottenere il pass per le Olimpiadi.Delusione per Stefano Ghisolfi che non \u00e8 riuscito a conquistare la qualificazione alle Olimpiadi tramite il torneo preolimpico di Tolosa. Il forte climber italiano ha concluso al dodicesimo posto con 840 punti complessivi e deve dire cos\u00ec addio alla chance di andare in Giappone anche se non definitivamente, perch\u00e9 avr\u00e0 un\u2019ultima occasione a marzo agli Europei di Mosca dove sar\u00e0 consegnato l\u2019ultimo pass per i Giochi.","robots":{"index":"index","follow":"follow","max-snippet":"max-snippet:-1","max-image-preview":"max-image-preview:large","max-video-preview":"max-video-preview:-1"},"canonical":"https:\/\/www.sestogrado.it\/en\/olimpiadi-di-tokyo-si-a-laura-rogora-e-adam-ondra-no-per-il-momento-a-stefano-ghisolfi\/","og_locale":"en_US","og_type":"article","og_title":"Olimpiadi di Tokyo: s\u00ec a Laura Rogora e Adam Ondra, no (per il momento) a Stefano Ghisolfi - Sestogrado","og_description":"Il campione ceco e la giovane azzurra hanno il pass per le Olimpiadi. E cos\u00ec Adam Ondra nelle sfide di combinata a Tolosa, in Francia, grazie ad un secondo posto nel Boulder e la prima posizione nell\u2019arrampicata lead, \u00e8 riuscito ad ottenere il pass per le Olimpiadi.Delusione per Stefano Ghisolfi che non \u00e8 riuscito a conquistare la qualificazione alle Olimpiadi tramite il torneo preolimpico di Tolosa. Il forte climber italiano ha concluso al dodicesimo posto con 840 punti complessivi e deve dire cos\u00ec addio alla chance di andare in Giappone anche se non definitivamente, perch\u00e9 avr\u00e0 un\u2019ultima occasione a marzo agli Europei di Mosca dove sar\u00e0 consegnato l\u2019ultimo pass per i Giochi.","og_url":"https:\/\/www.sestogrado.it\/en\/olimpiadi-di-tokyo-si-a-laura-rogora-e-adam-ondra-no-per-il-momento-a-stefano-ghisolfi\/","og_site_name":"Sestogrado","article_publisher":"https:\/\/www.facebook.com\/pages\/Sestogrado\/1542635979353017?ref=bookmarks","article_published_time":"2019-12-01T10:02:18+00:00","article_modified_time":"2019-12-01T10:03:46+00:00","og_image":[{"width":1080,"height":1350,"url":"https:\/\/www.sestogrado.it\/wp-content\/uploads\/2019\/12\/2f100dc0-9b43-43b0-9a24-b194d1f43164.jpg","type":"image\/jpeg"}],"author":"admin","twitter_misc":{"Written by":"admin","Est. reading time":"1 minute"},"schema":{"@context":"https:\/\/schema.org","@graph":[{"@type":"Article","@id":"https:\/\/www.sestogrado.it\/olimpiadi-di-tokyo-si-a-laura-rogora-e-adam-ondra-no-per-il-momento-a-stefano-ghisolfi\/#article","isPartOf":{"@id":"https:\/\/www.sestogrado.it\/olimpiadi-di-tokyo-si-a-laura-rogora-e-adam-ondra-no-per-il-momento-a-stefano-ghisolfi\/"},"author":{"name":"admin","@id":"https:\/\/www.sestogrado.it\/en\/#\/schema\/person\/79f414dc6904c7d2eef9d047c045f445"},"headline":"Olimpiadi di Tokyo: s\u00ec a Laura Rogora e Adam Ondra, no (per il momento) a Stefano Ghisolfi","datePublished":"2019-12-01T10:02:18+00:00","dateModified":"2019-12-01T10:03:46+00:00","mainEntityOfPage":{"@id":"https:\/\/www.sestogrado.it\/olimpiadi-di-tokyo-si-a-laura-rogora-e-adam-ondra-no-per-il-momento-a-stefano-ghisolfi\/"},"wordCount":313,"commentCount":0,"publisher":{"@id":"https:\/\/www.sestogrado.it\/en\/#organization"},"image":{"@id":"https:\/\/www.sestogrado.it\/olimpiadi-di-tokyo-si-a-laura-rogora-e-adam-ondra-no-per-il-momento-a-stefano-ghisolfi\/#primaryimage"},"thumbnailUrl":"https:\/\/www.sestogrado.it\/wp-content\/uploads\/2019\/12\/2f100dc0-9b43-43b0-9a24-b194d1f43164.jpg","articleSection":["Libro di vetta"],"inLanguage":"en-US","potentialAction":[{"@type":"CommentAction","name":"Comment","target":["https:\/\/www.sestogrado.it\/olimpiadi-di-tokyo-si-a-laura-rogora-e-adam-ondra-no-per-il-momento-a-stefano-ghisolfi\/#respond"]}]},{"@type":"WebPage","@id":"https:\/\/www.sestogrado.it\/en\/olimpiadi-di-tokyo-si-a-laura-rogora-e-adam-ondra-no-per-il-momento-a-stefano-ghisolfi\/","url":"https:\/\/www.sestogrado.it\/en\/olimpiadi-di-tokyo-si-a-laura-rogora-e-adam-ondra-no-per-il-momento-a-stefano-ghisolfi\/","name":"Olimpiadi di Tokyo: s\u00ec a Laura Rogora e Adam Ondra, no (per il momento) a Stefano Ghisolfi - Sestogrado","isPartOf":{"@id":"https:\/\/www.sestogrado.it\/en\/#website"},"primaryImageOfPage":{"@id":"https:\/\/www.sestogrado.it\/en\/olimpiadi-di-tokyo-si-a-laura-rogora-e-adam-ondra-no-per-il-momento-a-stefano-ghisolfi\/#primaryimage"},"image":{"@id":"https:\/\/www.sestogrado.it\/olimpiadi-di-tokyo-si-a-laura-rogora-e-adam-ondra-no-per-il-momento-a-stefano-ghisolfi\/#primaryimage"},"thumbnailUrl":"https:\/\/www.sestogrado.it\/wp-content\/uploads\/2019\/12\/2f100dc0-9b43-43b0-9a24-b194d1f43164.jpg","datePublished":"2019-12-01T10:02:18+00:00","dateModified":"2019-12-01T10:03:46+00:00","description":"Il campione ceco e la giovane azzurra hanno il pass per le Olimpiadi. E cos\u00ec Adam Ondra nelle sfide di combinata a Tolosa, in Francia, grazie ad un secondo posto nel Boulder e la prima posizione nell\u2019arrampicata lead, \u00e8 riuscito ad ottenere il pass per le Olimpiadi.Delusione per Stefano Ghisolfi che non \u00e8 riuscito a conquistare la qualificazione alle Olimpiadi tramite il torneo preolimpico di Tolosa. Il forte climber italiano ha concluso al dodicesimo posto con 840 punti complessivi e deve dire cos\u00ec addio alla chance di andare in Giappone anche se non definitivamente, perch\u00e9 avr\u00e0 un\u2019ultima occasione a marzo agli Europei di Mosca dove sar\u00e0 consegnato l\u2019ultimo pass per i Giochi.","breadcrumb":{"@id":"https:\/\/www.sestogrado.it\/en\/olimpiadi-di-tokyo-si-a-laura-rogora-e-adam-ondra-no-per-il-momento-a-stefano-ghisolfi\/#breadcrumb"},"inLanguage":"en-US","potentialAction":[{"@type":"ReadAction","target":[["https:\/\/www.sestogrado.it\/en\/olimpiadi-di-tokyo-si-a-laura-rogora-e-adam-ondra-no-per-il-momento-a-stefano-ghisolfi\/"]]}]},{"@type":"ImageObject","inLanguage":"en-US","@id":"https:\/\/www.sestogrado.it\/en\/olimpiadi-di-tokyo-si-a-laura-rogora-e-adam-ondra-no-per-il-momento-a-stefano-ghisolfi\/#primaryimage","url":"https:\/\/www.sestogrado.it\/wp-content\/uploads\/2019\/12\/2f100dc0-9b43-43b0-9a24-b194d1f43164.jpg","contentUrl":"https:\/\/www.sestogrado.it\/wp-content\/uploads\/2019\/12\/2f100dc0-9b43-43b0-9a24-b194d1f43164.jpg","width":1080,"height":1350,"caption":"ondra"},{"@type":"BreadcrumbList","@id":"https:\/\/www.sestogrado.it\/en\/olimpiadi-di-tokyo-si-a-laura-rogora-e-adam-ondra-no-per-il-momento-a-stefano-ghisolfi\/#breadcrumb","itemListElement":[{"@type":"ListItem","position":1,"name":"Home","item":"https:\/\/www.sestogrado.it\/en\/"},{"@type":"ListItem","position":2,"name":"Olimpiadi di Tokyo: s\u00ec a Laura Rogora e Adam Ondra, no (per il momento) a Stefano Ghisolfi"}]},{"@type":"WebSite","@id":"https:\/\/www.sestogrado.it\/en\/#website","url":"https:\/\/www.sestogrado.it\/en\/","name":"Sestogrado","description":"yes we climb","publisher":{"@id":"https:\/\/www.sestogrado.it\/en\/#organization"},"potentialAction":[{"@type":"SearchAction","target":{"@type":"EntryPoint","urlTemplate":"https:\/\/www.sestogrado.it\/en\/?s={search_term_string}"},"query-input":{"@type":"PropertyValueSpecification","valueRequired":true,"valueName":"search_term_string"}}],"inLanguage":"en-US"},{"@type":"Organization","@id":"https:\/\/www.sestogrado.it\/en\/#organization","name":"Sestogrado","url":"https:\/\/www.sestogrado.it\/en\/","logo":{"@type":"ImageObject","inLanguage":"en-US","@id":"https:\/\/www.sestogrado.it\/en\/#\/schema\/logo\/image\/","url":"https:\/\/www.sestogrado.it\/wp-content\/uploads\/2015\/03\/sestogrado-favicon.png","contentUrl":"https:\/\/www.sestogrado.it\/wp-content\/uploads\/2015\/03\/sestogrado-favicon.png","width":260,"height":260,"caption":"Sestogrado"},"image":{"@id":"https:\/\/www.sestogrado.it\/en\/#\/schema\/logo\/image\/"},"sameAs":["https:\/\/www.facebook.com\/pages\/Sestogrado\/1542635979353017?ref=bookmarks","https:\/\/www.youtube.com\/channel\/UC847kAfTkaJsWpc1jtQwr3Q"],"hasMerchantReturnPolicy":{"@type":"MerchantReturnPolicy","merchantReturnLink":"https:\/\/www.sestogrado.it\/en\/termini-e-condizioni\/"}},{"@type":"Person","@id":"https:\/\/www.sestogrado.it\/en\/#\/schema\/person\/79f414dc6904c7d2eef9d047c045f445","name":"admin"}]}},"_links":{"self":[{"href":"https:\/\/www.sestogrado.it\/en\/wp-json\/wp\/v2\/posts\/24737","targetHints":{"allow":["GET"]}}],"collection":[{"href":"https:\/\/www.sestogrado.it\/en\/wp-json\/wp\/v2\/posts"}],"about":[{"href":"https:\/\/www.sestogrado.it\/en\/wp-json\/wp\/v2\/types\/post"}],"author":[{"embeddable":true,"href":"https:\/\/www.sestogrado.it\/en\/wp-json\/wp\/v2\/users\/1"}],"replies":[{"embeddable":true,"href":"https:\/\/www.sestogrado.it\/en\/wp-json\/wp\/v2\/comments?post=24737"}],"version-history":[{"count":0,"href":"https:\/\/www.sestogrado.it\/en\/wp-json\/wp\/v2\/posts\/24737\/revisions"}],"wp:featuredmedia":[{"embeddable":true,"href":"https:\/\/www.sestogrado.it\/en\/wp-json\/wp\/v2\/media\/24742"}],"wp:attachment":[{"href":"https:\/\/www.sestogrado.it\/en\/wp-json\/wp\/v2\/media?parent=24737"}],"wp:term":[{"taxonomy":"category","embeddable":true,"href":"https:\/\/www.sestogrado.it\/en\/wp-json\/wp\/v2\/categories?post=24737"},{"taxonomy":"post_tag","embeddable":true,"href":"https:\/\/www.sestogrado.it\/en\/wp-json\/wp\/v2\/tags?post=24737"}],"curies":[{"name":"wp","href":"https:\/\/api.w.org\/{rel}","templated":true}]}}