{"id":17906,"date":"2025-05-12T06:00:59","date_gmt":"2025-05-12T04:00:59","guid":{"rendered":"https:\/\/www.sestogrado.it\/?p=17906"},"modified":"2025-05-12T07:55:16","modified_gmt":"2025-05-12T05:55:16","slug":"la-scala-welzenbach-e-lequivoco-del-sesto-grado","status":"publish","type":"post","link":"https:\/\/www.sestogrado.it\/en\/la-scala-welzenbach-e-lequivoco-del-sesto-grado\/","title":{"rendered":"La scala Welzenbach e l&#8217;equivoco del sesto grado"},"content":{"rendered":"<p>Oggi chi arrampica impara subito (talvolta anche troppo presto, attribuendogli eccessiva importanza) che in arrampicata esistono dei gradi per attribuire la difficolt\u00e0 del tiro\/via che si vuole scalare.<\/p>\n<p>Cruccio di ogni climber, spartiacque tra \u201coggi sono una bomba\u201d e depressione da batosta su gradi in teoria a noi facili, il grado serve a dare un riferimento sul tipo di difficolt\u00e0 che dobbiamo aspettarci da un tiro, consentendoci di valutare se questo sia alla nostra portata o meno.<\/p>\n<p>Quello dello studio del grado prima di affrontare una via \u00e8 un approccio talvolta criticato, in quanto, tende a realizzare una visione \u201cautolimitante\u201d (se il mio limite \u00e8 il 6b, non provo tutto quello che ci sta sopra per paura di fallire), quando invece il grado non \u00e8 una regola scolpita nella pietra, ma solo un riferimento che si pu\u00f2 anche disattendere.<\/p>\n<p>L\u2019<strong>approccio \u201cmigliore\u201d<\/strong>, fatta salva la tutela della propria incolumit\u00e0 fisica e quindi della sicurezza, dovrebbe essere quello dei bambini, che del grado se ne freg\u2026, arrampicano e basta, si divertono e basta, vanno, provano, falliscono, ripetono, etc.<\/p>\n<p>Detto questo i gradi esistono ed effettivamente ci servono. Chi oggi pratica l\u2019arrampicata sportiva \u00e8 abituato a sentire gradi come 5a, 6b, 7a+, etc. i cos\u00ec detti gradi della scala francese che sono il punto di riferimento internazionale (in Europa, negli USA utilizzano un\u2019altra scala), per definire le difficolt\u00e0. E\u2019 una scala aperta, che non pone limite teorico verso l\u2019alto e che oggi, con <a href=\"https:\/\/www.sestogrado.it\/it\/adam-ondra-lultimo-degli-extraterrestri-ora\/\" target=\"_blank\" rel=\"noopener noreferrer\">Adam Ondra<\/a>, \u00e8 arrivata al massimo grado di 9c e ci fa domandare se mai si arriver\u00e0 al grado 10!<\/p>\n<p>Ma <strong>non \u00e8 sempre stato cos\u00ec<\/strong>, anzi non \u00e8 stato cos\u00ec per niente, perch\u00e9 fino al 1978 si era \u201cinternazionalmente convinti\u201d che il massimo grado possibile, raggiungibile, e quindi concepibile, fosse il <strong>VI grado<\/strong>, che per decenni \u00e8 stato il grado rappresentativo dell\u2019alpinismo ai massimi livelli, una sorta di spartiacque (ed ecco perch\u00e9 per il nostro store abbiamo scelto il nome <a href=\"https:\/\/www.sestogrado.it\/it\/\" target=\"_blank\" rel=\"noopener noreferrer\">Sestogrado<\/a>) tra l&#8217;alpinismo conosciuto e l&#8217;alpinismo che si spingeva nell&#8217;ignoto, destinato solo ai pi\u00f9 arditi.<\/p>\n<p>&nbsp;<\/p>\n<p><img decoding=\"async\" class=\"size-full wp-image-17911 aligncenter\" src=\"https:\/\/www.sestogrado.it\/wp-content\/uploads\/2018\/09\/equivoco.jpg\" alt=\"equivoco sesto grado\" width=\"900\" height=\"600\" srcset=\"https:\/\/www.sestogrado.it\/wp-content\/uploads\/2018\/09\/equivoco.jpg 900w, https:\/\/www.sestogrado.it\/wp-content\/uploads\/2018\/09\/equivoco-750x500.jpg 750w, https:\/\/www.sestogrado.it\/wp-content\/uploads\/2018\/09\/equivoco-300x200.jpg 300w, https:\/\/www.sestogrado.it\/wp-content\/uploads\/2018\/09\/equivoco-768x512.jpg 768w, https:\/\/www.sestogrado.it\/wp-content\/uploads\/2018\/09\/equivoco-635x423.jpg 635w, https:\/\/www.sestogrado.it\/wp-content\/uploads\/2018\/09\/equivoco-96x64.jpg 96w\" sizes=\"(max-width: 900px) 100vw, 900px\" \/><\/p>\n<p style=\"text-align: center;\"><em>Willo Welzenbach e la &#8220;sua&#8221; scala di difficolt\u00e0.<\/em><\/p>\n<p>L\u2019occasione per definire una scala rappresentativa delle difficolt\u00e0 alpinistiche si present\u00f2 nel 1925, quando Solleder e Lettenbauer superarono la storica via sulla parete Nord Ovest della Civetta e la valutarono di sesto grado. Dopo questo successo, al quale ne seguirono altri di ben noti alpinisti, si sanc\u00ec che il sesto grado era il livello massimo umanamente possibile e si costru\u00ec la scala delle difficolt\u00e0 con questo criterio. La scala prese il nome da <strong>Willo Welzenbach<\/strong>, colui che la present\u00f2 alla platea alpinistica nel 1926, ma era frutto dell\u2019elaborazione degli alpinisti di Monaco di Baviera e per questo fu anche chiamata la Scala di Monaco.<\/p>\n<p>Nel 1967 la Scala Welzenbach diventa la scala U.I.A.A. (Unione Internazionale Associazioni Alpinistiche) ed \u00e8 composta dai numeri romani dal I al VI seguiti dal segno \u201c+\u201d (pi\u00f9) o \u201c-\u201d (meno).<\/p>\n<p>La conseguenza di avere una scala chiusa \u00e8 che a mano a mano che gli alpinisti aprivano vie pi\u00f9 dure, a cui oggi vengono attribuiti gradi superiori, a queste vie veniva sempre e solo attribuito il VI grado, per cui se andavi in montagna a fare una via di VI, poteva capitare che invece era un VII o oltre.<\/p>\n<p><img decoding=\"async\" class=\"wp-image-17909 aligncenter\" src=\"https:\/\/www.sestogrado.it\/wp-content\/uploads\/2018\/09\/messner.jpeg\" alt=\"messner\" width=\"739\" height=\"554\" srcset=\"https:\/\/www.sestogrado.it\/wp-content\/uploads\/2018\/09\/messner.jpeg 800w, https:\/\/www.sestogrado.it\/wp-content\/uploads\/2018\/09\/messner-750x563.jpeg 750w, https:\/\/www.sestogrado.it\/wp-content\/uploads\/2018\/09\/messner-300x225.jpeg 300w, https:\/\/www.sestogrado.it\/wp-content\/uploads\/2018\/09\/messner-768x576.jpeg 768w, https:\/\/www.sestogrado.it\/wp-content\/uploads\/2018\/09\/messner-635x476.jpeg 635w, https:\/\/www.sestogrado.it\/wp-content\/uploads\/2018\/09\/messner-600x450.jpeg 600w, https:\/\/www.sestogrado.it\/wp-content\/uploads\/2018\/09\/messner-85x64.jpeg 85w\" sizes=\"(max-width: 739px) 100vw, 739px\" \/><\/p>\n<p style=\"text-align: center;\"><em>Reinhold Messner stravolse l&#8217;alpinismo della sua generazione non solo da un punto di vista tecnico e realizzativo ma anche culturale.<\/em><\/p>\n<p>Grande alpinista, forse il pi\u00f9 grande, precursore in ogni era, in grado di affrontare le pareti pi\u00f9 irte cos\u00ec come le polemiche pi\u00f9 spinose, fu il nostro <strong>Reinhold Messner<\/strong> nel 1972 a prendere di petto il problema con la pubblicazione del suo libro \u201cSettimo grado\u201d che sdoganava l\u2019apertura della scala verso l\u2019alto, attribuendo a numerose vie un grado superiore a quello fino a quel momento \u201cbloccato sul VI\u201d.<\/p>\n<p>Successivamente l\u2019UIAA riconoscer\u00e0 solo nel 1978 il VII grado e nel 1985 la scala finalmente sar\u00e0 aperta verso l\u2019alto. D\u2019altro canto i francesi, che di carattere tendono spesso ad andare per la loro strada, avevano gi\u00e0 iniziato da tempo ad applicare gradi con il suffisso delle lettere (a,b,c), mentre in California gli americani sono giunti ad un compromesso per cui si \u00e8 mantenuto il numero 6 come limite teorico assoluto e ci si avvicina a questo con una gradazione progressiva verso l\u2019infinito per cui si potrebbe raggiungere il 5,9 periodico con infiniti 9 dopo la virgola, ma mai il 6.<\/p>\n<p>Succede quindi che quello che in alpinismo classico \u00e8 un VI grado, in arrampicata sportiva \u00e8 un 6a e per un americano \u00e8 un 5.9<\/p>\n<p>Insomma avete capito, se per anni il VI grado \u00e8 stato lo spartiacque tra il mondo verticale conosciuto e le imprese pi\u00f9 estreme che venivano tutte catalogate come VI, oggi non \u00e8 pi\u00f9 cos\u00ec e siete finalmente liberi di aprire vie di 9c, 10c, 11b e anche oltre.<\/p>\n<p>&nbsp;<\/p>\n<p>Climb and fun<\/p>\n<p>&nbsp;<\/p>\n<p>Principali scale a confronto:<\/p>\n<div class=\"table-responsive\"><table class=\"table\" class=\"wikitable\" border=\"1\" cellspacing=\"0\" cellpadding=\"0\">\n<tbody>\n<tr>\n<th>UIAA<\/th>\n<th>USA (YDS)<\/th>\n<th>UK<\/th>\n<th>Francia<\/th>\n<th>Germania<\/th>\n<th>Australia<\/th>\n<\/tr>\n<tr>\n<td>I<\/td>\n<td>5.2<\/td>\n<td>difficolt\u00e0 moderata<\/td>\n<td>1<\/td>\n<td>I<\/td>\n<td><\/td>\n<\/tr>\n<tr>\n<td>II<\/td>\n<td>5.3<\/td>\n<td>difficile<\/td>\n<td>2<\/td>\n<td>II<\/td>\n<td>11<\/td>\n<\/tr>\n<tr>\n<td>III<\/td>\n<td>5.4<\/td>\n<td>molto difficile<\/td>\n<td>3<\/td>\n<td>III<\/td>\n<td>12<\/td>\n<\/tr>\n<tr>\n<td>IV<\/td>\n<td>5.5<\/td>\n<td>4a<\/td>\n<td>4<\/td>\n<td>IV<\/td>\n<td>12 &#8211; 13<\/td>\n<\/tr>\n<tr>\n<td>V-<\/td>\n<td>5.5<\/td>\n<td>4a<\/td>\n<td>5a<\/td>\n<td>V<\/td>\n<td>13<\/td>\n<\/tr>\n<tr>\n<td>V<\/td>\n<td>5.6<\/td>\n<td>4a &#8211; 4b<\/td>\n<td>5b<\/td>\n<td>V &#8211; VI<\/td>\n<td>13 &#8211; 14<\/td>\n<\/tr>\n<tr>\n<td>V+<\/td>\n<td>5.7<\/td>\n<td>4b &#8211; 4c<\/td>\n<td>5b &#8211; 5c<\/td>\n<td>VI<\/td>\n<td>14<\/td>\n<\/tr>\n<tr>\n<td>VI-<\/td>\n<td>5.8<\/td>\n<td>4c<\/td>\n<td>5c<\/td>\n<td>VIIa<\/td>\n<td>15<\/td>\n<\/tr>\n<tr>\n<td>VI<\/td>\n<td>5.9<\/td>\n<td>5a<\/td>\n<td>6a<\/td>\n<td>VIIb<\/td>\n<td>15 &#8211; 16<\/td>\n<\/tr>\n<tr>\n<td>VI+<\/td>\n<td>5.10a<\/td>\n<td>5a<\/td>\n<td>6a+<\/td>\n<td>VIIc<\/td>\n<td>16<\/td>\n<\/tr>\n<tr>\n<td>VII-<\/td>\n<td>5.10b<\/td>\n<td>5b<\/td>\n<td>6b<\/td>\n<td>VIIIa<\/td>\n<td>17<\/td>\n<\/tr>\n<tr>\n<td>VII<\/td>\n<td>5.10c<\/td>\n<td>5b &#8211; 5c<\/td>\n<td>6b+<\/td>\n<td>VIIIb<\/td>\n<td>18<\/td>\n<\/tr>\n<tr>\n<td>VII+<\/td>\n<td>5.10d<\/td>\n<td>5c<\/td>\n<td>6c<\/td>\n<td>VIIIc<\/td>\n<td>19<\/td>\n<\/tr>\n<tr>\n<td>VIII-<\/td>\n<td>5.11a &#8211; 5.11b<\/td>\n<td>6a<\/td>\n<td>6c+<\/td>\n<td>IXa<\/td>\n<td>20 &#8211; 21<\/td>\n<\/tr>\n<tr>\n<td>VIII<\/td>\n<td>5.11c &#8211; 5.11d<\/td>\n<td>6a &#8211; 6b<\/td>\n<td>7a<\/td>\n<td>IXb<\/td>\n<td>22 &#8211; 23<\/td>\n<\/tr>\n<tr>\n<td>VIII+<\/td>\n<td>5.12a<\/td>\n<td>6b<\/td>\n<td>7a+<\/td>\n<td>IXc<\/td>\n<td>24<\/td>\n<\/tr>\n<tr>\n<td>IX-<\/td>\n<td>5.12b &#8211; 5.12c<\/td>\n<td>6c<\/td>\n<td>7b &#8211; 7b+<\/td>\n<td>Xa<\/td>\n<td>25 &#8211; 26<\/td>\n<\/tr>\n<tr>\n<td>IX<\/td>\n<td>5.12d<\/td>\n<td>6c &#8211; 7a<\/td>\n<td>7b+ &#8211; 7c<\/td>\n<td>Xb<\/td>\n<td>26 &#8211; 27<\/td>\n<\/tr>\n<tr>\n<td>IX+<\/td>\n<td>5.13a<\/td>\n<td>7a<\/td>\n<td>7c+<\/td>\n<td>Xc<\/td>\n<td>28<\/td>\n<\/tr>\n<tr>\n<td>X-<\/td>\n<td>5.13b &#8211; 5.13c<\/td>\n<td>7b<\/td>\n<td>8a &#8211; 8a+<\/td>\n<td>XIa<\/td>\n<td>29 &#8211; 30<\/td>\n<\/tr>\n<tr>\n<td>X<\/td>\n<td>5.13c &#8211; 5.13d<\/td>\n<td>7b<\/td>\n<td>8b<\/td>\n<td>XIb<\/td>\n<td>30 &#8211; 31<\/td>\n<\/tr>\n<tr>\n<td>X+<\/td>\n<td>5.13d &#8211; 5.14a<\/td>\n<td><\/td>\n<td>8b &#8211; 8b+<\/td>\n<td><\/td>\n<td>31 &#8211; 32<\/td>\n<\/tr>\n<tr>\n<td>XI-<\/td>\n<td>5.14b &#8211; 5.14c<\/td>\n<td><\/td>\n<td>8c &#8211; 8c+<\/td>\n<td><\/td>\n<td>33 &#8211; 34<\/td>\n<\/tr>\n<tr>\n<td>XI<\/td>\n<td>5.14c &#8211; 5.14d<\/td>\n<td><\/td>\n<td>8c+ &#8211; 9a<\/td>\n<td><\/td>\n<td><\/td>\n<\/tr>\n<tr>\n<td>XII-<\/td>\n<td>5.15a<\/td>\n<td><\/td>\n<td>9a+<\/td>\n<td><\/td>\n<td><\/td>\n<\/tr>\n<tr>\n<td>XII<\/td>\n<td>5.15b &#8211; 5.15c<\/td>\n<td><\/td>\n<td>9b &#8211; 9b+<\/td>\n<td><\/td>\n<td><\/td>\n<\/tr>\n<tr>\n<td>XII+<\/td>\n<td>5.15d<\/td>\n<td><\/td>\n<td>9c<\/td>\n<td><\/td>\n<\/tr>\n<\/tbody>\n<\/table><\/div>\n","protected":false},"excerpt":{"rendered":"<p>Perch\u00e9 per anni non si \u00e8 andati oltre<\/p>\n","protected":false},"author":1,"featured_media":17911,"comment_status":"open","ping_status":"open","sticky":false,"template":"","format":"standard","meta":{"_acf_changed":false,"footnotes":""},"categories":[79],"tags":[518],"class_list":["post-17906","post","type-post","status-publish","format-standard","has-post-thumbnail","hentry","category-libro-di-vetta","tag-scala-difficolta-arrampicata"],"acf":[],"yoast_head":"<!-- This site is optimized with the Yoast SEO plugin v26.4 - https:\/\/yoast.com\/wordpress\/plugins\/seo\/ -->\n<title>La scala Welzenbach e l&#039;equivoco del sesto grado - Sestogrado<\/title>\n<meta name=\"description\" content=\"Perch\u00e9 per anni non si \u00e8 andati oltre. Per decenni a partire dal 1926 il massimo grado di difficolt\u00e0 raggiungibile era il sesto, secondo la scala Welzenbach.\" \/>\n<meta name=\"robots\" content=\"index, follow, max-snippet:-1, max-image-preview:large, max-video-preview:-1\" \/>\n<link rel=\"canonical\" href=\"https:\/\/www.sestogrado.it\/en\/la-scala-welzenbach-e-lequivoco-del-sesto-grado\/\" \/>\n<meta property=\"og:locale\" content=\"en_US\" \/>\n<meta property=\"og:type\" content=\"article\" \/>\n<meta property=\"og:title\" content=\"La scala Welzenbach e l&#039;equivoco del sesto grado - Sestogrado\" \/>\n<meta property=\"og:description\" content=\"Perch\u00e9 per anni non si \u00e8 andati oltre. Per decenni a partire dal 1926 il massimo grado di difficolt\u00e0 raggiungibile era il sesto, secondo la scala Welzenbach.\" \/>\n<meta property=\"og:url\" content=\"https:\/\/www.sestogrado.it\/en\/la-scala-welzenbach-e-lequivoco-del-sesto-grado\/\" \/>\n<meta property=\"og:site_name\" content=\"Sestogrado\" \/>\n<meta property=\"article:publisher\" content=\"https:\/\/www.facebook.com\/pages\/Sestogrado\/1542635979353017?ref=bookmarks\" \/>\n<meta property=\"article:published_time\" content=\"2025-05-12T04:00:59+00:00\" \/>\n<meta property=\"article:modified_time\" content=\"2025-05-12T05:55:16+00:00\" \/>\n<meta property=\"og:image\" content=\"https:\/\/www.sestogrado.it\/wp-content\/uploads\/2018\/09\/equivoco.jpg\" \/>\n\t<meta property=\"og:image:width\" content=\"900\" \/>\n\t<meta property=\"og:image:height\" content=\"600\" \/>\n\t<meta property=\"og:image:type\" content=\"image\/jpeg\" \/>\n<meta name=\"author\" content=\"admin\" \/>\n<meta name=\"twitter:label1\" content=\"Written by\" \/>\n\t<meta name=\"twitter:data1\" content=\"admin\" \/>\n\t<meta name=\"twitter:label2\" content=\"Est. reading time\" \/>\n\t<meta name=\"twitter:data2\" content=\"6 minutes\" \/>\n<script type=\"application\/ld+json\" class=\"yoast-schema-graph\">{\"@context\":\"https:\/\/schema.org\",\"@graph\":[{\"@type\":\"Article\",\"@id\":\"https:\/\/www.sestogrado.it\/la-scala-welzenbach-e-lequivoco-del-sesto-grado\/#article\",\"isPartOf\":{\"@id\":\"https:\/\/www.sestogrado.it\/la-scala-welzenbach-e-lequivoco-del-sesto-grado\/\"},\"author\":{\"name\":\"admin\",\"@id\":\"https:\/\/www.sestogrado.it\/en\/#\/schema\/person\/79f414dc6904c7d2eef9d047c045f445\"},\"headline\":\"La scala Welzenbach e l&#8217;equivoco del sesto grado\",\"datePublished\":\"2025-05-12T04:00:59+00:00\",\"dateModified\":\"2025-05-12T05:55:16+00:00\",\"mainEntityOfPage\":{\"@id\":\"https:\/\/www.sestogrado.it\/la-scala-welzenbach-e-lequivoco-del-sesto-grado\/\"},\"wordCount\":987,\"commentCount\":0,\"publisher\":{\"@id\":\"https:\/\/www.sestogrado.it\/en\/#organization\"},\"image\":{\"@id\":\"https:\/\/www.sestogrado.it\/la-scala-welzenbach-e-lequivoco-del-sesto-grado\/#primaryimage\"},\"thumbnailUrl\":\"https:\/\/www.sestogrado.it\/wp-content\/uploads\/2018\/09\/equivoco.jpg\",\"keywords\":[\"scala difficolt\u00e0 arrampicata\"],\"articleSection\":[\"Libro di vetta\"],\"inLanguage\":\"en-US\",\"potentialAction\":[{\"@type\":\"CommentAction\",\"name\":\"Comment\",\"target\":[\"https:\/\/www.sestogrado.it\/la-scala-welzenbach-e-lequivoco-del-sesto-grado\/#respond\"]}]},{\"@type\":\"WebPage\",\"@id\":\"https:\/\/www.sestogrado.it\/en\/la-scala-welzenbach-e-lequivoco-del-sesto-grado\/\",\"url\":\"https:\/\/www.sestogrado.it\/en\/la-scala-welzenbach-e-lequivoco-del-sesto-grado\/\",\"name\":\"La scala Welzenbach e l'equivoco del sesto grado - Sestogrado\",\"isPartOf\":{\"@id\":\"https:\/\/www.sestogrado.it\/en\/#website\"},\"primaryImageOfPage\":{\"@id\":\"https:\/\/www.sestogrado.it\/en\/la-scala-welzenbach-e-lequivoco-del-sesto-grado\/#primaryimage\"},\"image\":{\"@id\":\"https:\/\/www.sestogrado.it\/la-scala-welzenbach-e-lequivoco-del-sesto-grado\/#primaryimage\"},\"thumbnailUrl\":\"https:\/\/www.sestogrado.it\/wp-content\/uploads\/2018\/09\/equivoco.jpg\",\"datePublished\":\"2025-05-12T04:00:59+00:00\",\"dateModified\":\"2025-05-12T05:55:16+00:00\",\"description\":\"Perch\u00e9 per anni non si \u00e8 andati oltre. Per decenni a partire dal 1926 il massimo grado di difficolt\u00e0 raggiungibile era il sesto, secondo la scala Welzenbach.\",\"breadcrumb\":{\"@id\":\"https:\/\/www.sestogrado.it\/en\/la-scala-welzenbach-e-lequivoco-del-sesto-grado\/#breadcrumb\"},\"inLanguage\":\"en-US\",\"potentialAction\":[{\"@type\":\"ReadAction\",\"target\":[[\"https:\/\/www.sestogrado.it\/en\/la-scala-welzenbach-e-lequivoco-del-sesto-grado\/\"]]}]},{\"@type\":\"ImageObject\",\"inLanguage\":\"en-US\",\"@id\":\"https:\/\/www.sestogrado.it\/en\/la-scala-welzenbach-e-lequivoco-del-sesto-grado\/#primaryimage\",\"url\":\"https:\/\/www.sestogrado.it\/wp-content\/uploads\/2018\/09\/equivoco.jpg\",\"contentUrl\":\"https:\/\/www.sestogrado.it\/wp-content\/uploads\/2018\/09\/equivoco.jpg\",\"width\":900,\"height\":600,\"caption\":\"equivoco sesto grado\"},{\"@type\":\"BreadcrumbList\",\"@id\":\"https:\/\/www.sestogrado.it\/en\/la-scala-welzenbach-e-lequivoco-del-sesto-grado\/#breadcrumb\",\"itemListElement\":[{\"@type\":\"ListItem\",\"position\":1,\"name\":\"Home\",\"item\":\"https:\/\/www.sestogrado.it\/en\/\"},{\"@type\":\"ListItem\",\"position\":2,\"name\":\"La scala Welzenbach e l&#8217;equivoco del sesto grado\"}]},{\"@type\":\"WebSite\",\"@id\":\"https:\/\/www.sestogrado.it\/en\/#website\",\"url\":\"https:\/\/www.sestogrado.it\/en\/\",\"name\":\"Sestogrado\",\"description\":\"yes we climb\",\"publisher\":{\"@id\":\"https:\/\/www.sestogrado.it\/en\/#organization\"},\"potentialAction\":[{\"@type\":\"SearchAction\",\"target\":{\"@type\":\"EntryPoint\",\"urlTemplate\":\"https:\/\/www.sestogrado.it\/en\/?s={search_term_string}\"},\"query-input\":{\"@type\":\"PropertyValueSpecification\",\"valueRequired\":true,\"valueName\":\"search_term_string\"}}],\"inLanguage\":\"en-US\"},{\"@type\":\"Organization\",\"@id\":\"https:\/\/www.sestogrado.it\/en\/#organization\",\"name\":\"Sestogrado\",\"url\":\"https:\/\/www.sestogrado.it\/en\/\",\"logo\":{\"@type\":\"ImageObject\",\"inLanguage\":\"en-US\",\"@id\":\"https:\/\/www.sestogrado.it\/en\/#\/schema\/logo\/image\/\",\"url\":\"https:\/\/www.sestogrado.it\/wp-content\/uploads\/2015\/03\/sestogrado-favicon.png\",\"contentUrl\":\"https:\/\/www.sestogrado.it\/wp-content\/uploads\/2015\/03\/sestogrado-favicon.png\",\"width\":260,\"height\":260,\"caption\":\"Sestogrado\"},\"image\":{\"@id\":\"https:\/\/www.sestogrado.it\/en\/#\/schema\/logo\/image\/\"},\"sameAs\":[\"https:\/\/www.facebook.com\/pages\/Sestogrado\/1542635979353017?ref=bookmarks\",\"https:\/\/www.youtube.com\/channel\/UC847kAfTkaJsWpc1jtQwr3Q\"],\"hasMerchantReturnPolicy\":{\"@type\":\"MerchantReturnPolicy\",\"merchantReturnLink\":\"https:\/\/www.sestogrado.it\/en\/termini-e-condizioni\/\"}},{\"@type\":\"Person\",\"@id\":\"https:\/\/www.sestogrado.it\/en\/#\/schema\/person\/79f414dc6904c7d2eef9d047c045f445\",\"name\":\"admin\"}]}<\/script>\n<!-- \/ Yoast SEO plugin. -->","yoast_head_json":{"title":"La scala Welzenbach e l'equivoco del sesto grado - Sestogrado","description":"Perch\u00e9 per anni non si \u00e8 andati oltre. Per decenni a partire dal 1926 il massimo grado di difficolt\u00e0 raggiungibile era il sesto, secondo la scala Welzenbach.","robots":{"index":"index","follow":"follow","max-snippet":"max-snippet:-1","max-image-preview":"max-image-preview:large","max-video-preview":"max-video-preview:-1"},"canonical":"https:\/\/www.sestogrado.it\/en\/la-scala-welzenbach-e-lequivoco-del-sesto-grado\/","og_locale":"en_US","og_type":"article","og_title":"La scala Welzenbach e l'equivoco del sesto grado - Sestogrado","og_description":"Perch\u00e9 per anni non si \u00e8 andati oltre. Per decenni a partire dal 1926 il massimo grado di difficolt\u00e0 raggiungibile era il sesto, secondo la scala Welzenbach.","og_url":"https:\/\/www.sestogrado.it\/en\/la-scala-welzenbach-e-lequivoco-del-sesto-grado\/","og_site_name":"Sestogrado","article_publisher":"https:\/\/www.facebook.com\/pages\/Sestogrado\/1542635979353017?ref=bookmarks","article_published_time":"2025-05-12T04:00:59+00:00","article_modified_time":"2025-05-12T05:55:16+00:00","og_image":[{"width":900,"height":600,"url":"https:\/\/www.sestogrado.it\/wp-content\/uploads\/2018\/09\/equivoco.jpg","type":"image\/jpeg"}],"author":"admin","twitter_misc":{"Written by":"admin","Est. reading time":"6 minutes"},"schema":{"@context":"https:\/\/schema.org","@graph":[{"@type":"Article","@id":"https:\/\/www.sestogrado.it\/la-scala-welzenbach-e-lequivoco-del-sesto-grado\/#article","isPartOf":{"@id":"https:\/\/www.sestogrado.it\/la-scala-welzenbach-e-lequivoco-del-sesto-grado\/"},"author":{"name":"admin","@id":"https:\/\/www.sestogrado.it\/en\/#\/schema\/person\/79f414dc6904c7d2eef9d047c045f445"},"headline":"La scala Welzenbach e l&#8217;equivoco del sesto grado","datePublished":"2025-05-12T04:00:59+00:00","dateModified":"2025-05-12T05:55:16+00:00","mainEntityOfPage":{"@id":"https:\/\/www.sestogrado.it\/la-scala-welzenbach-e-lequivoco-del-sesto-grado\/"},"wordCount":987,"commentCount":0,"publisher":{"@id":"https:\/\/www.sestogrado.it\/en\/#organization"},"image":{"@id":"https:\/\/www.sestogrado.it\/la-scala-welzenbach-e-lequivoco-del-sesto-grado\/#primaryimage"},"thumbnailUrl":"https:\/\/www.sestogrado.it\/wp-content\/uploads\/2018\/09\/equivoco.jpg","keywords":["scala difficolt\u00e0 arrampicata"],"articleSection":["Libro di vetta"],"inLanguage":"en-US","potentialAction":[{"@type":"CommentAction","name":"Comment","target":["https:\/\/www.sestogrado.it\/la-scala-welzenbach-e-lequivoco-del-sesto-grado\/#respond"]}]},{"@type":"WebPage","@id":"https:\/\/www.sestogrado.it\/en\/la-scala-welzenbach-e-lequivoco-del-sesto-grado\/","url":"https:\/\/www.sestogrado.it\/en\/la-scala-welzenbach-e-lequivoco-del-sesto-grado\/","name":"La scala Welzenbach e l'equivoco del sesto grado - Sestogrado","isPartOf":{"@id":"https:\/\/www.sestogrado.it\/en\/#website"},"primaryImageOfPage":{"@id":"https:\/\/www.sestogrado.it\/en\/la-scala-welzenbach-e-lequivoco-del-sesto-grado\/#primaryimage"},"image":{"@id":"https:\/\/www.sestogrado.it\/la-scala-welzenbach-e-lequivoco-del-sesto-grado\/#primaryimage"},"thumbnailUrl":"https:\/\/www.sestogrado.it\/wp-content\/uploads\/2018\/09\/equivoco.jpg","datePublished":"2025-05-12T04:00:59+00:00","dateModified":"2025-05-12T05:55:16+00:00","description":"Perch\u00e9 per anni non si \u00e8 andati oltre. Per decenni a partire dal 1926 il massimo grado di difficolt\u00e0 raggiungibile era il sesto, secondo la scala Welzenbach.","breadcrumb":{"@id":"https:\/\/www.sestogrado.it\/en\/la-scala-welzenbach-e-lequivoco-del-sesto-grado\/#breadcrumb"},"inLanguage":"en-US","potentialAction":[{"@type":"ReadAction","target":[["https:\/\/www.sestogrado.it\/en\/la-scala-welzenbach-e-lequivoco-del-sesto-grado\/"]]}]},{"@type":"ImageObject","inLanguage":"en-US","@id":"https:\/\/www.sestogrado.it\/en\/la-scala-welzenbach-e-lequivoco-del-sesto-grado\/#primaryimage","url":"https:\/\/www.sestogrado.it\/wp-content\/uploads\/2018\/09\/equivoco.jpg","contentUrl":"https:\/\/www.sestogrado.it\/wp-content\/uploads\/2018\/09\/equivoco.jpg","width":900,"height":600,"caption":"equivoco sesto grado"},{"@type":"BreadcrumbList","@id":"https:\/\/www.sestogrado.it\/en\/la-scala-welzenbach-e-lequivoco-del-sesto-grado\/#breadcrumb","itemListElement":[{"@type":"ListItem","position":1,"name":"Home","item":"https:\/\/www.sestogrado.it\/en\/"},{"@type":"ListItem","position":2,"name":"La scala Welzenbach e l&#8217;equivoco del sesto grado"}]},{"@type":"WebSite","@id":"https:\/\/www.sestogrado.it\/en\/#website","url":"https:\/\/www.sestogrado.it\/en\/","name":"Sestogrado","description":"yes we climb","publisher":{"@id":"https:\/\/www.sestogrado.it\/en\/#organization"},"potentialAction":[{"@type":"SearchAction","target":{"@type":"EntryPoint","urlTemplate":"https:\/\/www.sestogrado.it\/en\/?s={search_term_string}"},"query-input":{"@type":"PropertyValueSpecification","valueRequired":true,"valueName":"search_term_string"}}],"inLanguage":"en-US"},{"@type":"Organization","@id":"https:\/\/www.sestogrado.it\/en\/#organization","name":"Sestogrado","url":"https:\/\/www.sestogrado.it\/en\/","logo":{"@type":"ImageObject","inLanguage":"en-US","@id":"https:\/\/www.sestogrado.it\/en\/#\/schema\/logo\/image\/","url":"https:\/\/www.sestogrado.it\/wp-content\/uploads\/2015\/03\/sestogrado-favicon.png","contentUrl":"https:\/\/www.sestogrado.it\/wp-content\/uploads\/2015\/03\/sestogrado-favicon.png","width":260,"height":260,"caption":"Sestogrado"},"image":{"@id":"https:\/\/www.sestogrado.it\/en\/#\/schema\/logo\/image\/"},"sameAs":["https:\/\/www.facebook.com\/pages\/Sestogrado\/1542635979353017?ref=bookmarks","https:\/\/www.youtube.com\/channel\/UC847kAfTkaJsWpc1jtQwr3Q"],"hasMerchantReturnPolicy":{"@type":"MerchantReturnPolicy","merchantReturnLink":"https:\/\/www.sestogrado.it\/en\/termini-e-condizioni\/"}},{"@type":"Person","@id":"https:\/\/www.sestogrado.it\/en\/#\/schema\/person\/79f414dc6904c7d2eef9d047c045f445","name":"admin"}]}},"_links":{"self":[{"href":"https:\/\/www.sestogrado.it\/en\/wp-json\/wp\/v2\/posts\/17906","targetHints":{"allow":["GET"]}}],"collection":[{"href":"https:\/\/www.sestogrado.it\/en\/wp-json\/wp\/v2\/posts"}],"about":[{"href":"https:\/\/www.sestogrado.it\/en\/wp-json\/wp\/v2\/types\/post"}],"author":[{"embeddable":true,"href":"https:\/\/www.sestogrado.it\/en\/wp-json\/wp\/v2\/users\/1"}],"replies":[{"embeddable":true,"href":"https:\/\/www.sestogrado.it\/en\/wp-json\/wp\/v2\/comments?post=17906"}],"version-history":[{"count":1,"href":"https:\/\/www.sestogrado.it\/en\/wp-json\/wp\/v2\/posts\/17906\/revisions"}],"predecessor-version":[{"id":191262,"href":"https:\/\/www.sestogrado.it\/en\/wp-json\/wp\/v2\/posts\/17906\/revisions\/191262"}],"wp:featuredmedia":[{"embeddable":true,"href":"https:\/\/www.sestogrado.it\/en\/wp-json\/wp\/v2\/media\/17911"}],"wp:attachment":[{"href":"https:\/\/www.sestogrado.it\/en\/wp-json\/wp\/v2\/media?parent=17906"}],"wp:term":[{"taxonomy":"category","embeddable":true,"href":"https:\/\/www.sestogrado.it\/en\/wp-json\/wp\/v2\/categories?post=17906"},{"taxonomy":"post_tag","embeddable":true,"href":"https:\/\/www.sestogrado.it\/en\/wp-json\/wp\/v2\/tags?post=17906"}],"curies":[{"name":"wp","href":"https:\/\/api.w.org\/{rel}","templated":true}]}}