{"id":162738,"date":"2026-03-09T07:00:08","date_gmt":"2026-03-09T06:00:08","guid":{"rendered":"https:\/\/www.sestogrado.it\/?p=162738"},"modified":"2026-03-09T09:03:19","modified_gmt":"2026-03-09T08:03:19","slug":"perche-cosi-tanti-climber-non-indossano-il-casco","status":"publish","type":"post","link":"https:\/\/www.sestogrado.it\/en\/perche-cosi-tanti-climber-non-indossano-il-casco\/","title":{"rendered":"Perch\u00e9 cos\u00ec tanti climber non indossano il casco?"},"content":{"rendered":"<p class=\"qtranxs-available-languages-message qtranxs-available-languages-message-en\">Sorry, this entry is only available in <a href=\"https:\/\/www.sestogrado.it\/it\/wp-json\/wp\/v2\/posts\/162738\" class=\"qtranxs-available-language-link qtranxs-available-language-link-it\" title=\"Italiano\">Italiano<\/a>.<\/p>","protected":false},"excerpt":{"rendered":"<p class=\"qtranxs-available-languages-message qtranxs-available-languages-message-en\">Sorry, this entry is only available in <a href=\"https:\/\/www.sestogrado.it\/it\/wp-json\/wp\/v2\/posts\/162738\" class=\"qtranxs-available-language-link qtranxs-available-language-link-it\" title=\"Italiano\">Italiano<\/a>.<\/p>\n","protected":false},"author":1,"featured_media":162749,"comment_status":"open","ping_status":"open","sticky":false,"template":"","format":"standard","meta":{"_acf_changed":false,"footnotes":""},"categories":[79],"tags":[],"class_list":["post-162738","post","type-post","status-publish","format-standard","has-post-thumbnail","hentry","category-libro-di-vetta"],"acf":[],"yoast_head":"<!-- This site is optimized with the Yoast SEO plugin v26.4 - https:\/\/yoast.com\/wordpress\/plugins\/seo\/ -->\n<title>Perch\u00e9 cos\u00ec tanti climber non indossano il casco? - Sestogrado<\/title>\n<meta name=\"description\" content=\"Quando si tratta di caschi e scalatori, l\u2019incoerenza \u00e8 ovunque. I traumi da impatto alla testa sono i pi\u00f9 pericolosi in arrampicata, allora perch\u00e9 si fa cos\u00ec fatica a vedere un climber che indossa un casco in falesia?La maggior parte degli scalatori su ghiaccio e degli alpinisti in montagna indossa il casco, ma sono molti meno i climber che lo indossano in falesia. Una via sportiva in falesia, ovviamente, \u00e8 molto pi\u00f9 sicura di una via trad in montagna. Non hai colate, frane, smottamenti, difficilmente ci saranno animali che smuovono la terra sopra di te, i crolli in generale sono rari, ma gli impatti contro la roccia quando voli non sono cos\u00ec infrequenti.\" \/>\n<meta name=\"robots\" content=\"index, follow, max-snippet:-1, max-image-preview:large, max-video-preview:-1\" \/>\n<link rel=\"canonical\" href=\"https:\/\/www.sestogrado.it\/en\/perche-cosi-tanti-climber-non-indossano-il-casco\/\" \/>\n<meta property=\"og:locale\" content=\"en_US\" \/>\n<meta property=\"og:type\" content=\"article\" \/>\n<meta property=\"og:title\" content=\"Perch\u00e9 cos\u00ec tanti climber non indossano il casco? - Sestogrado\" \/>\n<meta property=\"og:description\" content=\"Quando si tratta di caschi e scalatori, l\u2019incoerenza \u00e8 ovunque. I traumi da impatto alla testa sono i pi\u00f9 pericolosi in arrampicata, allora perch\u00e9 si fa cos\u00ec fatica a vedere un climber che indossa un casco in falesia?La maggior parte degli scalatori su ghiaccio e degli alpinisti in montagna indossa il casco, ma sono molti meno i climber che lo indossano in falesia. Una via sportiva in falesia, ovviamente, \u00e8 molto pi\u00f9 sicura di una via trad in montagna. Non hai colate, frane, smottamenti, difficilmente ci saranno animali che smuovono la terra sopra di te, i crolli in generale sono rari, ma gli impatti contro la roccia quando voli non sono cos\u00ec infrequenti.\" \/>\n<meta property=\"og:url\" content=\"https:\/\/www.sestogrado.it\/en\/perche-cosi-tanti-climber-non-indossano-il-casco\/\" \/>\n<meta property=\"og:site_name\" content=\"Sestogrado\" \/>\n<meta property=\"article:publisher\" content=\"https:\/\/www.facebook.com\/pages\/Sestogrado\/1542635979353017?ref=bookmarks\" \/>\n<meta property=\"article:published_time\" content=\"2026-03-09T06:00:08+00:00\" \/>\n<meta property=\"article:modified_time\" content=\"2026-03-09T08:03:19+00:00\" \/>\n<meta property=\"og:image\" content=\"https:\/\/www.sestogrado.it\/wp-content\/uploads\/2024\/05\/01-5.jpg\" \/>\n\t<meta property=\"og:image:width\" content=\"1024\" \/>\n\t<meta property=\"og:image:height\" content=\"685\" \/>\n\t<meta property=\"og:image:type\" content=\"image\/jpeg\" \/>\n<meta name=\"author\" content=\"admin\" \/>\n<meta name=\"twitter:label1\" content=\"Written by\" \/>\n\t<meta name=\"twitter:data1\" content=\"admin\" \/>\n\t<meta name=\"twitter:label2\" content=\"Est. reading time\" \/>\n\t<meta name=\"twitter:data2\" content=\"6 minutes\" \/>\n<script type=\"application\/ld+json\" class=\"yoast-schema-graph\">{\"@context\":\"https:\/\/schema.org\",\"@graph\":[{\"@type\":\"Article\",\"@id\":\"https:\/\/www.sestogrado.it\/perche-cosi-tanti-climber-non-indossano-il-casco\/#article\",\"isPartOf\":{\"@id\":\"https:\/\/www.sestogrado.it\/perche-cosi-tanti-climber-non-indossano-il-casco\/\"},\"author\":{\"name\":\"admin\",\"@id\":\"https:\/\/www.sestogrado.it\/en\/#\/schema\/person\/79f414dc6904c7d2eef9d047c045f445\"},\"headline\":\"Perch\u00e9 cos\u00ec tanti climber non indossano il casco?\",\"datePublished\":\"2026-03-09T06:00:08+00:00\",\"dateModified\":\"2026-03-09T08:03:19+00:00\",\"mainEntityOfPage\":{\"@id\":\"https:\/\/www.sestogrado.it\/perche-cosi-tanti-climber-non-indossano-il-casco\/\"},\"wordCount\":797,\"commentCount\":0,\"publisher\":{\"@id\":\"https:\/\/www.sestogrado.it\/en\/#organization\"},\"image\":{\"@id\":\"https:\/\/www.sestogrado.it\/perche-cosi-tanti-climber-non-indossano-il-casco\/#primaryimage\"},\"thumbnailUrl\":\"https:\/\/www.sestogrado.it\/wp-content\/uploads\/2024\/05\/01-5.jpg\",\"articleSection\":[\"Libro di vetta\"],\"inLanguage\":\"en-US\",\"potentialAction\":[{\"@type\":\"CommentAction\",\"name\":\"Comment\",\"target\":[\"https:\/\/www.sestogrado.it\/perche-cosi-tanti-climber-non-indossano-il-casco\/#respond\"]}]},{\"@type\":\"WebPage\",\"@id\":\"https:\/\/www.sestogrado.it\/en\/perche-cosi-tanti-climber-non-indossano-il-casco\/\",\"url\":\"https:\/\/www.sestogrado.it\/en\/perche-cosi-tanti-climber-non-indossano-il-casco\/\",\"name\":\"Perch\u00e9 cos\u00ec tanti climber non indossano il casco? - Sestogrado\",\"isPartOf\":{\"@id\":\"https:\/\/www.sestogrado.it\/en\/#website\"},\"primaryImageOfPage\":{\"@id\":\"https:\/\/www.sestogrado.it\/en\/perche-cosi-tanti-climber-non-indossano-il-casco\/#primaryimage\"},\"image\":{\"@id\":\"https:\/\/www.sestogrado.it\/perche-cosi-tanti-climber-non-indossano-il-casco\/#primaryimage\"},\"thumbnailUrl\":\"https:\/\/www.sestogrado.it\/wp-content\/uploads\/2024\/05\/01-5.jpg\",\"datePublished\":\"2026-03-09T06:00:08+00:00\",\"dateModified\":\"2026-03-09T08:03:19+00:00\",\"description\":\"Quando si tratta di caschi e scalatori, l\u2019incoerenza \u00e8 ovunque. I traumi da impatto alla testa sono i pi\u00f9 pericolosi in arrampicata, allora perch\u00e9 si fa cos\u00ec fatica a vedere un climber che indossa un casco in falesia?La maggior parte degli scalatori su ghiaccio e degli alpinisti in montagna indossa il casco, ma sono molti meno i climber che lo indossano in falesia. Una via sportiva in falesia, ovviamente, \u00e8 molto pi\u00f9 sicura di una via trad in montagna. Non hai colate, frane, smottamenti, difficilmente ci saranno animali che smuovono la terra sopra di te, i crolli in generale sono rari, ma gli impatti contro la roccia quando voli non sono cos\u00ec infrequenti.\",\"breadcrumb\":{\"@id\":\"https:\/\/www.sestogrado.it\/en\/perche-cosi-tanti-climber-non-indossano-il-casco\/#breadcrumb\"},\"inLanguage\":\"en-US\",\"potentialAction\":[{\"@type\":\"ReadAction\",\"target\":[[\"https:\/\/www.sestogrado.it\/en\/perche-cosi-tanti-climber-non-indossano-il-casco\/\"]]}]},{\"@type\":\"ImageObject\",\"inLanguage\":\"en-US\",\"@id\":\"https:\/\/www.sestogrado.it\/en\/perche-cosi-tanti-climber-non-indossano-il-casco\/#primaryimage\",\"url\":\"https:\/\/www.sestogrado.it\/wp-content\/uploads\/2024\/05\/01-5.jpg\",\"contentUrl\":\"https:\/\/www.sestogrado.it\/wp-content\/uploads\/2024\/05\/01-5.jpg\",\"width\":1024,\"height\":685,\"caption\":\"casco\"},{\"@type\":\"BreadcrumbList\",\"@id\":\"https:\/\/www.sestogrado.it\/en\/perche-cosi-tanti-climber-non-indossano-il-casco\/#breadcrumb\",\"itemListElement\":[{\"@type\":\"ListItem\",\"position\":1,\"name\":\"Home\",\"item\":\"https:\/\/www.sestogrado.it\/en\/\"},{\"@type\":\"ListItem\",\"position\":2,\"name\":\"Perch\u00e9 cos\u00ec tanti climber non indossano il casco?\"}]},{\"@type\":\"WebSite\",\"@id\":\"https:\/\/www.sestogrado.it\/en\/#website\",\"url\":\"https:\/\/www.sestogrado.it\/en\/\",\"name\":\"Sestogrado\",\"description\":\"yes we climb\",\"publisher\":{\"@id\":\"https:\/\/www.sestogrado.it\/en\/#organization\"},\"potentialAction\":[{\"@type\":\"SearchAction\",\"target\":{\"@type\":\"EntryPoint\",\"urlTemplate\":\"https:\/\/www.sestogrado.it\/en\/?s={search_term_string}\"},\"query-input\":{\"@type\":\"PropertyValueSpecification\",\"valueRequired\":true,\"valueName\":\"search_term_string\"}}],\"inLanguage\":\"en-US\"},{\"@type\":\"Organization\",\"@id\":\"https:\/\/www.sestogrado.it\/en\/#organization\",\"name\":\"Sestogrado\",\"url\":\"https:\/\/www.sestogrado.it\/en\/\",\"logo\":{\"@type\":\"ImageObject\",\"inLanguage\":\"en-US\",\"@id\":\"https:\/\/www.sestogrado.it\/en\/#\/schema\/logo\/image\/\",\"url\":\"https:\/\/www.sestogrado.it\/wp-content\/uploads\/2015\/03\/sestogrado-favicon.png\",\"contentUrl\":\"https:\/\/www.sestogrado.it\/wp-content\/uploads\/2015\/03\/sestogrado-favicon.png\",\"width\":260,\"height\":260,\"caption\":\"Sestogrado\"},\"image\":{\"@id\":\"https:\/\/www.sestogrado.it\/en\/#\/schema\/logo\/image\/\"},\"sameAs\":[\"https:\/\/www.facebook.com\/pages\/Sestogrado\/1542635979353017?ref=bookmarks\",\"https:\/\/www.youtube.com\/channel\/UC847kAfTkaJsWpc1jtQwr3Q\"],\"hasMerchantReturnPolicy\":{\"@type\":\"MerchantReturnPolicy\",\"merchantReturnLink\":\"https:\/\/www.sestogrado.it\/en\/termini-e-condizioni\/\"}},{\"@type\":\"Person\",\"@id\":\"https:\/\/www.sestogrado.it\/en\/#\/schema\/person\/79f414dc6904c7d2eef9d047c045f445\",\"name\":\"admin\"}]}<\/script>\n<!-- \/ Yoast SEO plugin. -->","yoast_head_json":{"title":"Perch\u00e9 cos\u00ec tanti climber non indossano il casco? - Sestogrado","description":"Quando si tratta di caschi e scalatori, l\u2019incoerenza \u00e8 ovunque. I traumi da impatto alla testa sono i pi\u00f9 pericolosi in arrampicata, allora perch\u00e9 si fa cos\u00ec fatica a vedere un climber che indossa un casco in falesia?La maggior parte degli scalatori su ghiaccio e degli alpinisti in montagna indossa il casco, ma sono molti meno i climber che lo indossano in falesia. Una via sportiva in falesia, ovviamente, \u00e8 molto pi\u00f9 sicura di una via trad in montagna. Non hai colate, frane, smottamenti, difficilmente ci saranno animali che smuovono la terra sopra di te, i crolli in generale sono rari, ma gli impatti contro la roccia quando voli non sono cos\u00ec infrequenti.","robots":{"index":"index","follow":"follow","max-snippet":"max-snippet:-1","max-image-preview":"max-image-preview:large","max-video-preview":"max-video-preview:-1"},"canonical":"https:\/\/www.sestogrado.it\/en\/perche-cosi-tanti-climber-non-indossano-il-casco\/","og_locale":"en_US","og_type":"article","og_title":"Perch\u00e9 cos\u00ec tanti climber non indossano il casco? - Sestogrado","og_description":"Quando si tratta di caschi e scalatori, l\u2019incoerenza \u00e8 ovunque. I traumi da impatto alla testa sono i pi\u00f9 pericolosi in arrampicata, allora perch\u00e9 si fa cos\u00ec fatica a vedere un climber che indossa un casco in falesia?La maggior parte degli scalatori su ghiaccio e degli alpinisti in montagna indossa il casco, ma sono molti meno i climber che lo indossano in falesia. Una via sportiva in falesia, ovviamente, \u00e8 molto pi\u00f9 sicura di una via trad in montagna. Non hai colate, frane, smottamenti, difficilmente ci saranno animali che smuovono la terra sopra di te, i crolli in generale sono rari, ma gli impatti contro la roccia quando voli non sono cos\u00ec infrequenti.","og_url":"https:\/\/www.sestogrado.it\/en\/perche-cosi-tanti-climber-non-indossano-il-casco\/","og_site_name":"Sestogrado","article_publisher":"https:\/\/www.facebook.com\/pages\/Sestogrado\/1542635979353017?ref=bookmarks","article_published_time":"2026-03-09T06:00:08+00:00","article_modified_time":"2026-03-09T08:03:19+00:00","og_image":[{"width":1024,"height":685,"url":"https:\/\/www.sestogrado.it\/wp-content\/uploads\/2024\/05\/01-5.jpg","type":"image\/jpeg"}],"author":"admin","twitter_misc":{"Written by":"admin","Est. reading time":"6 minutes"},"schema":{"@context":"https:\/\/schema.org","@graph":[{"@type":"Article","@id":"https:\/\/www.sestogrado.it\/perche-cosi-tanti-climber-non-indossano-il-casco\/#article","isPartOf":{"@id":"https:\/\/www.sestogrado.it\/perche-cosi-tanti-climber-non-indossano-il-casco\/"},"author":{"name":"admin","@id":"https:\/\/www.sestogrado.it\/en\/#\/schema\/person\/79f414dc6904c7d2eef9d047c045f445"},"headline":"Perch\u00e9 cos\u00ec tanti climber non indossano il casco?","datePublished":"2026-03-09T06:00:08+00:00","dateModified":"2026-03-09T08:03:19+00:00","mainEntityOfPage":{"@id":"https:\/\/www.sestogrado.it\/perche-cosi-tanti-climber-non-indossano-il-casco\/"},"wordCount":797,"commentCount":0,"publisher":{"@id":"https:\/\/www.sestogrado.it\/en\/#organization"},"image":{"@id":"https:\/\/www.sestogrado.it\/perche-cosi-tanti-climber-non-indossano-il-casco\/#primaryimage"},"thumbnailUrl":"https:\/\/www.sestogrado.it\/wp-content\/uploads\/2024\/05\/01-5.jpg","articleSection":["Libro di vetta"],"inLanguage":"en-US","potentialAction":[{"@type":"CommentAction","name":"Comment","target":["https:\/\/www.sestogrado.it\/perche-cosi-tanti-climber-non-indossano-il-casco\/#respond"]}]},{"@type":"WebPage","@id":"https:\/\/www.sestogrado.it\/en\/perche-cosi-tanti-climber-non-indossano-il-casco\/","url":"https:\/\/www.sestogrado.it\/en\/perche-cosi-tanti-climber-non-indossano-il-casco\/","name":"Perch\u00e9 cos\u00ec tanti climber non indossano il casco? - Sestogrado","isPartOf":{"@id":"https:\/\/www.sestogrado.it\/en\/#website"},"primaryImageOfPage":{"@id":"https:\/\/www.sestogrado.it\/en\/perche-cosi-tanti-climber-non-indossano-il-casco\/#primaryimage"},"image":{"@id":"https:\/\/www.sestogrado.it\/perche-cosi-tanti-climber-non-indossano-il-casco\/#primaryimage"},"thumbnailUrl":"https:\/\/www.sestogrado.it\/wp-content\/uploads\/2024\/05\/01-5.jpg","datePublished":"2026-03-09T06:00:08+00:00","dateModified":"2026-03-09T08:03:19+00:00","description":"Quando si tratta di caschi e scalatori, l\u2019incoerenza \u00e8 ovunque. I traumi da impatto alla testa sono i pi\u00f9 pericolosi in arrampicata, allora perch\u00e9 si fa cos\u00ec fatica a vedere un climber che indossa un casco in falesia?La maggior parte degli scalatori su ghiaccio e degli alpinisti in montagna indossa il casco, ma sono molti meno i climber che lo indossano in falesia. Una via sportiva in falesia, ovviamente, \u00e8 molto pi\u00f9 sicura di una via trad in montagna. Non hai colate, frane, smottamenti, difficilmente ci saranno animali che smuovono la terra sopra di te, i crolli in generale sono rari, ma gli impatti contro la roccia quando voli non sono cos\u00ec infrequenti.","breadcrumb":{"@id":"https:\/\/www.sestogrado.it\/en\/perche-cosi-tanti-climber-non-indossano-il-casco\/#breadcrumb"},"inLanguage":"en-US","potentialAction":[{"@type":"ReadAction","target":[["https:\/\/www.sestogrado.it\/en\/perche-cosi-tanti-climber-non-indossano-il-casco\/"]]}]},{"@type":"ImageObject","inLanguage":"en-US","@id":"https:\/\/www.sestogrado.it\/en\/perche-cosi-tanti-climber-non-indossano-il-casco\/#primaryimage","url":"https:\/\/www.sestogrado.it\/wp-content\/uploads\/2024\/05\/01-5.jpg","contentUrl":"https:\/\/www.sestogrado.it\/wp-content\/uploads\/2024\/05\/01-5.jpg","width":1024,"height":685,"caption":"casco"},{"@type":"BreadcrumbList","@id":"https:\/\/www.sestogrado.it\/en\/perche-cosi-tanti-climber-non-indossano-il-casco\/#breadcrumb","itemListElement":[{"@type":"ListItem","position":1,"name":"Home","item":"https:\/\/www.sestogrado.it\/en\/"},{"@type":"ListItem","position":2,"name":"Perch\u00e9 cos\u00ec tanti climber non indossano il casco?"}]},{"@type":"WebSite","@id":"https:\/\/www.sestogrado.it\/en\/#website","url":"https:\/\/www.sestogrado.it\/en\/","name":"Sestogrado","description":"yes we climb","publisher":{"@id":"https:\/\/www.sestogrado.it\/en\/#organization"},"potentialAction":[{"@type":"SearchAction","target":{"@type":"EntryPoint","urlTemplate":"https:\/\/www.sestogrado.it\/en\/?s={search_term_string}"},"query-input":{"@type":"PropertyValueSpecification","valueRequired":true,"valueName":"search_term_string"}}],"inLanguage":"en-US"},{"@type":"Organization","@id":"https:\/\/www.sestogrado.it\/en\/#organization","name":"Sestogrado","url":"https:\/\/www.sestogrado.it\/en\/","logo":{"@type":"ImageObject","inLanguage":"en-US","@id":"https:\/\/www.sestogrado.it\/en\/#\/schema\/logo\/image\/","url":"https:\/\/www.sestogrado.it\/wp-content\/uploads\/2015\/03\/sestogrado-favicon.png","contentUrl":"https:\/\/www.sestogrado.it\/wp-content\/uploads\/2015\/03\/sestogrado-favicon.png","width":260,"height":260,"caption":"Sestogrado"},"image":{"@id":"https:\/\/www.sestogrado.it\/en\/#\/schema\/logo\/image\/"},"sameAs":["https:\/\/www.facebook.com\/pages\/Sestogrado\/1542635979353017?ref=bookmarks","https:\/\/www.youtube.com\/channel\/UC847kAfTkaJsWpc1jtQwr3Q"],"hasMerchantReturnPolicy":{"@type":"MerchantReturnPolicy","merchantReturnLink":"https:\/\/www.sestogrado.it\/en\/termini-e-condizioni\/"}},{"@type":"Person","@id":"https:\/\/www.sestogrado.it\/en\/#\/schema\/person\/79f414dc6904c7d2eef9d047c045f445","name":"admin"}]}},"_links":{"self":[{"href":"https:\/\/www.sestogrado.it\/en\/wp-json\/wp\/v2\/posts\/162738","targetHints":{"allow":["GET"]}}],"collection":[{"href":"https:\/\/www.sestogrado.it\/en\/wp-json\/wp\/v2\/posts"}],"about":[{"href":"https:\/\/www.sestogrado.it\/en\/wp-json\/wp\/v2\/types\/post"}],"author":[{"embeddable":true,"href":"https:\/\/www.sestogrado.it\/en\/wp-json\/wp\/v2\/users\/1"}],"replies":[{"embeddable":true,"href":"https:\/\/www.sestogrado.it\/en\/wp-json\/wp\/v2\/comments?post=162738"}],"version-history":[{"count":1,"href":"https:\/\/www.sestogrado.it\/en\/wp-json\/wp\/v2\/posts\/162738\/revisions"}],"predecessor-version":[{"id":189938,"href":"https:\/\/www.sestogrado.it\/en\/wp-json\/wp\/v2\/posts\/162738\/revisions\/189938"}],"wp:featuredmedia":[{"embeddable":true,"href":"https:\/\/www.sestogrado.it\/en\/wp-json\/wp\/v2\/media\/162749"}],"wp:attachment":[{"href":"https:\/\/www.sestogrado.it\/en\/wp-json\/wp\/v2\/media?parent=162738"}],"wp:term":[{"taxonomy":"category","embeddable":true,"href":"https:\/\/www.sestogrado.it\/en\/wp-json\/wp\/v2\/categories?post=162738"},{"taxonomy":"post_tag","embeddable":true,"href":"https:\/\/www.sestogrado.it\/en\/wp-json\/wp\/v2\/tags?post=162738"}],"curies":[{"name":"wp","href":"https:\/\/api.w.org\/{rel}","templated":true}]}}