{"id":1593,"date":"2019-09-05T09:00:17","date_gmt":"2019-09-05T07:00:17","guid":{"rendered":"http:\/\/www.sestogrado.it\/?p=1593"},"modified":"2019-09-05T09:49:12","modified_gmt":"2019-09-05T07:49:12","slug":"sportivi-trad-o-alpinistici","status":"publish","type":"post","link":"https:\/\/www.sestogrado.it\/en\/sportivi-trad-o-alpinistici\/","title":{"rendered":"Sportivi, trad o alpinistici?"},"content":{"rendered":"<p>Sei alla scelta del tuo primo imbrago? vuoi capire quale tipo di imbrago pu\u00f2 fare di pi\u00f9 al caso tuo? Ecco alcune indicazioni che speriamo possano esserti utili:<\/p>\n<ul>\n<li><strong>Imbrago sportivo<\/strong>: pi\u00f9 leggero e pi\u00f9 snello di un imbrago trad, che pu\u00f2 avere pi\u00f9 porta materiali ed essere pi\u00f9 imbottito. Sempre pi\u00f9 spesso oggi sono realizzati in materiale termoformato che conferisce traspirabilit\u00e0 e maggior leggerezza (es <a href=\"https:\/\/www.sestogrado.it\/prodotto\/imbraghi\/petzl-sama-imbrago-arrampicata\/\" target=\"_blank\" rel=\"noopener noreferrer\">Sama<\/a>, <a href=\"https:\/\/www.sestogrado.it\/prodotto\/imbraghi\/camp-energy-imbrago-arrampicata\/\" target=\"_blank\" rel=\"noopener noreferrer\">Energy<\/a>, <a href=\"https:\/\/www.sestogrado.it\/prodotto\/black-diamond-solution-imbrago-arrampicata\/\" target=\"_blank\" rel=\"noopener noreferrer\">BD Solution<\/a>).<\/li>\n<li><strong>Imbragature trad<\/strong>: sono progettate per un utilizzo a tutto tondo, dalla falesia, al big wall, alla palestra indoor. Hanno cintura e cosciali imbottiti per stare comodi mentre si \u00e8 appesi. Hanno almeno 4, ma sempre pi\u00f9 spesso 6 o 8, portamateriali ai lati per poter appendere rinvii ed altre protezioni. Nel corso degli anni anche le imbragature trad sono diventate pi\u00f9 leggere e performanti (es <a href=\"https:\/\/www.sestogrado.it\/prodotto\/imbraghi\/ct-climbing-technology-ascent-imbrago-arrampicata\/\" target=\"_blank\" rel=\"noopener noreferrer\">Ascent<\/a>, <a href=\"https:\/\/www.sestogrado.it\/prodotto\/ct-climbing-technology-wall-imbrago-arrampicata\/\" target=\"_blank\" rel=\"noopener noreferrer\">Wall<\/a>).<\/li>\n<li><strong>Imbragature alpinistiche<\/strong>: sono progettate per lunghe giornate in montagna. Hanno portamateriali piccoli e sono interamente regolabili per adattarsi al vestiario. Normalmente vengono usati anche per le vie ferrate (es <a href=\"https:\/\/www.sestogrado.it\/prodotto\/imbraghi\/petzl-adjama-imbrago-arrampicata\/\" target=\"_blank\" rel=\"noopener noreferrer\">Adjama<\/a>, <a href=\"https:\/\/www.sestogrado.it\/prodotto\/imbraghi\/petzl-corax-imbrago-arrampicata\/\" target=\"_blank\" rel=\"noopener noreferrer\">Corax<\/a>, <a href=\"https:\/\/www.sestogrado.it\/prodotto\/camp-jasper-cr-4-imbrago-arrampicata\/\" target=\"_blank\" rel=\"noopener noreferrer\">Jasper CR4<\/a>).<\/li>\n<\/ul>\n<p>&nbsp;<\/p>\n<p><strong>PESO<\/strong><\/p>\n<p>Pi\u00f9 un imbrago \u00e8 pesante e pi\u00f9 significa che \u00e8 imbottito e quindi comodo per lunghe soste. Imbraghi sportivi tendono ad avere cinture e cosciali in materiali leggeri.<\/p>\n<p><strong>COSCIALI REGOLABILI O NO?<\/strong><\/p>\n<p>Tradizionalmente i cosciali regolabili erano considerati un punto di forza per gli imbraghi (che infatti costavano di pi\u00f9). I cosciali elastici se non della misura perfetta per la gamba rischiavano di essere fastidiosi. Oggi \u00e8 il contrario, se si arrampica sempre in condizioni climatiche simili si tende a preferire gli imbraghi con i cosciali elastici perch\u00e9 meno imgombranti e pi\u00f9 aderenti. I produttori oggi realizzano cosciali elastici meno \u201chard\u201d di una volta che si adattano pi\u00f9 facilmente a taglie diverse. Nel dubbio tuttavia un imbrago con cosciali regolabili, grazie alla sua polivalenza, si presta a molteplici situazioni (pantalone corto, lungo, imbottito, etc.)<\/p>\n<p><strong>FIBBIA SINGOLA O DOPPIA?<\/strong><\/p>\n<p>La fibbia singola \u00e8 caratteristica degli imbraghi sportivi sempre per un discorso di riduzione di peso ed ingombro. La fibbia doppia in vita garantisce migliore regolabilit\u00e0 a seconda del vestiario che si ha addosso. Gli imbraghi monofibbia devono essere scelti accuratamente e\u00a0la taglia deve essere perfetta, altrimenti l\u2019imbrago veste\u00a0\u201cscentrato\u201d e ci si trova\u00a0i portamateriali in posizione sfalsata rispetto al centro del bacino.<\/p>\n<p><strong>ANELLO DI SICUREZZA<\/strong><\/p>\n<p>L\u2019anello di sicurezza unisce la parte in vita alla parte dei cosciali dell\u2019imbrago. Averlo di buone dimensioni ti\u00a0agevola nelle manovre di corda ma averlo troppo grande pu\u00f2 essere di intralcio nei passaggi con il bacino appoggiato alla parete. Normalmente imbraghi alpinistici\/trad tendono ad averlo grande ed imbraghi sportivi piccolo.<\/p>\n<p><strong>ASOLE PORTAMATERIALI<\/strong><\/p>\n<p>Ormai tutti gli imbraghi hanno 4 asole. Gli imbraghi trad e alpinistici possono arrivare anche a otto asole.<\/p>\n<p><strong>ASOLA POSTERIORE<\/strong><\/p>\n<p>L\u2019asolina posteriore pu\u00f2 essere utile per attaccare le scarpe di avvicinamento, qualche materiale extra o una maglia rapida.<\/p>","protected":false},"excerpt":{"rendered":"<p>Come scegliere l\u2019imbrago<\/p>\n","protected":false},"author":1,"featured_media":1594,"comment_status":"open","ping_status":"open","sticky":false,"template":"","format":"standard","meta":{"_acf_changed":false,"footnotes":""},"categories":[79],"tags":[],"class_list":["post-1593","post","type-post","status-publish","format-standard","has-post-thumbnail","hentry","category-libro-di-vetta"],"acf":[],"yoast_head":"<!-- This site is optimized with the Yoast SEO plugin v26.4 - https:\/\/yoast.com\/wordpress\/plugins\/seo\/ -->\n<title>Sportivi, trad o alpinistici? - Sestogrado<\/title>\n<meta name=\"description\" content=\"Come scegliere l&#039;imbrago da arrampicata. Sportivo, alpinistico o trad. Districarsi tra i numerosi modelli.\" \/>\n<meta name=\"robots\" content=\"index, follow, max-snippet:-1, max-image-preview:large, max-video-preview:-1\" \/>\n<link rel=\"canonical\" href=\"https:\/\/www.sestogrado.it\/en\/sportivi-trad-o-alpinistici\/\" \/>\n<meta property=\"og:locale\" content=\"en_US\" \/>\n<meta property=\"og:type\" content=\"article\" \/>\n<meta property=\"og:title\" content=\"Sportivi, trad o alpinistici? - Sestogrado\" \/>\n<meta property=\"og:description\" content=\"Come scegliere l&#039;imbrago da arrampicata. Sportivo, alpinistico o trad. Districarsi tra i numerosi modelli.\" \/>\n<meta property=\"og:url\" content=\"https:\/\/www.sestogrado.it\/en\/sportivi-trad-o-alpinistici\/\" \/>\n<meta property=\"og:site_name\" content=\"Sestogrado\" \/>\n<meta property=\"article:publisher\" content=\"https:\/\/www.facebook.com\/pages\/Sestogrado\/1542635979353017?ref=bookmarks\" \/>\n<meta property=\"article:published_time\" content=\"2019-09-05T07:00:17+00:00\" \/>\n<meta property=\"article:modified_time\" content=\"2019-09-05T07:49:12+00:00\" \/>\n<meta property=\"og:image\" content=\"https:\/\/www.sestogrado.it\/wp-content\/uploads\/2015\/06\/imbrago.jpg\" \/>\n\t<meta property=\"og:image:width\" content=\"988\" \/>\n\t<meta property=\"og:image:height\" content=\"658\" \/>\n\t<meta property=\"og:image:type\" content=\"image\/jpeg\" \/>\n<meta name=\"author\" content=\"admin\" \/>\n<meta name=\"twitter:label1\" content=\"Written by\" \/>\n\t<meta name=\"twitter:data1\" content=\"admin\" \/>\n\t<meta name=\"twitter:label2\" content=\"Est. reading time\" \/>\n\t<meta name=\"twitter:data2\" content=\"5 minutes\" \/>\n<script type=\"application\/ld+json\" class=\"yoast-schema-graph\">{\"@context\":\"https:\/\/schema.org\",\"@graph\":[{\"@type\":\"Article\",\"@id\":\"https:\/\/www.sestogrado.it\/sportivi-trad-o-alpinistici\/#article\",\"isPartOf\":{\"@id\":\"https:\/\/www.sestogrado.it\/sportivi-trad-o-alpinistici\/\"},\"author\":{\"name\":\"admin\",\"@id\":\"https:\/\/www.sestogrado.it\/en\/#\/schema\/person\/79f414dc6904c7d2eef9d047c045f445\"},\"headline\":\"Sportivi, trad o alpinistici?\",\"datePublished\":\"2019-09-05T07:00:17+00:00\",\"dateModified\":\"2019-09-05T07:49:12+00:00\",\"mainEntityOfPage\":{\"@id\":\"https:\/\/www.sestogrado.it\/sportivi-trad-o-alpinistici\/\"},\"wordCount\":1067,\"commentCount\":0,\"publisher\":{\"@id\":\"https:\/\/www.sestogrado.it\/en\/#organization\"},\"image\":{\"@id\":\"https:\/\/www.sestogrado.it\/sportivi-trad-o-alpinistici\/#primaryimage\"},\"thumbnailUrl\":\"https:\/\/www.sestogrado.it\/wp-content\/uploads\/2015\/06\/imbrago.jpg\",\"articleSection\":[\"Libro di vetta\"],\"inLanguage\":\"en-US\",\"potentialAction\":[{\"@type\":\"CommentAction\",\"name\":\"Comment\",\"target\":[\"https:\/\/www.sestogrado.it\/sportivi-trad-o-alpinistici\/#respond\"]}]},{\"@type\":\"WebPage\",\"@id\":\"https:\/\/www.sestogrado.it\/en\/sportivi-trad-o-alpinistici\/\",\"url\":\"https:\/\/www.sestogrado.it\/en\/sportivi-trad-o-alpinistici\/\",\"name\":\"Sportivi, trad o alpinistici? - Sestogrado\",\"isPartOf\":{\"@id\":\"https:\/\/www.sestogrado.it\/en\/#website\"},\"primaryImageOfPage\":{\"@id\":\"https:\/\/www.sestogrado.it\/en\/sportivi-trad-o-alpinistici\/#primaryimage\"},\"image\":{\"@id\":\"https:\/\/www.sestogrado.it\/sportivi-trad-o-alpinistici\/#primaryimage\"},\"thumbnailUrl\":\"https:\/\/www.sestogrado.it\/wp-content\/uploads\/2015\/06\/imbrago.jpg\",\"datePublished\":\"2019-09-05T07:00:17+00:00\",\"dateModified\":\"2019-09-05T07:49:12+00:00\",\"description\":\"Come scegliere l'imbrago da arrampicata. Sportivo, alpinistico o trad. Districarsi tra i numerosi modelli.\",\"breadcrumb\":{\"@id\":\"https:\/\/www.sestogrado.it\/en\/sportivi-trad-o-alpinistici\/#breadcrumb\"},\"inLanguage\":\"en-US\",\"potentialAction\":[{\"@type\":\"ReadAction\",\"target\":[[\"https:\/\/www.sestogrado.it\/en\/sportivi-trad-o-alpinistici\/\"]]}]},{\"@type\":\"ImageObject\",\"inLanguage\":\"en-US\",\"@id\":\"https:\/\/www.sestogrado.it\/en\/sportivi-trad-o-alpinistici\/#primaryimage\",\"url\":\"https:\/\/www.sestogrado.it\/wp-content\/uploads\/2015\/06\/imbrago.jpg\",\"contentUrl\":\"https:\/\/www.sestogrado.it\/wp-content\/uploads\/2015\/06\/imbrago.jpg\",\"width\":988,\"height\":658,\"caption\":\"imbrago\"},{\"@type\":\"BreadcrumbList\",\"@id\":\"https:\/\/www.sestogrado.it\/en\/sportivi-trad-o-alpinistici\/#breadcrumb\",\"itemListElement\":[{\"@type\":\"ListItem\",\"position\":1,\"name\":\"Home\",\"item\":\"https:\/\/www.sestogrado.it\/en\/\"},{\"@type\":\"ListItem\",\"position\":2,\"name\":\"Sportivi, trad o alpinistici?\"}]},{\"@type\":\"WebSite\",\"@id\":\"https:\/\/www.sestogrado.it\/en\/#website\",\"url\":\"https:\/\/www.sestogrado.it\/en\/\",\"name\":\"Sestogrado\",\"description\":\"yes we climb\",\"publisher\":{\"@id\":\"https:\/\/www.sestogrado.it\/en\/#organization\"},\"potentialAction\":[{\"@type\":\"SearchAction\",\"target\":{\"@type\":\"EntryPoint\",\"urlTemplate\":\"https:\/\/www.sestogrado.it\/en\/?s={search_term_string}\"},\"query-input\":{\"@type\":\"PropertyValueSpecification\",\"valueRequired\":true,\"valueName\":\"search_term_string\"}}],\"inLanguage\":\"en-US\"},{\"@type\":\"Organization\",\"@id\":\"https:\/\/www.sestogrado.it\/en\/#organization\",\"name\":\"Sestogrado\",\"url\":\"https:\/\/www.sestogrado.it\/en\/\",\"logo\":{\"@type\":\"ImageObject\",\"inLanguage\":\"en-US\",\"@id\":\"https:\/\/www.sestogrado.it\/en\/#\/schema\/logo\/image\/\",\"url\":\"https:\/\/www.sestogrado.it\/wp-content\/uploads\/2015\/03\/sestogrado-favicon.png\",\"contentUrl\":\"https:\/\/www.sestogrado.it\/wp-content\/uploads\/2015\/03\/sestogrado-favicon.png\",\"width\":260,\"height\":260,\"caption\":\"Sestogrado\"},\"image\":{\"@id\":\"https:\/\/www.sestogrado.it\/en\/#\/schema\/logo\/image\/\"},\"sameAs\":[\"https:\/\/www.facebook.com\/pages\/Sestogrado\/1542635979353017?ref=bookmarks\",\"https:\/\/www.youtube.com\/channel\/UC847kAfTkaJsWpc1jtQwr3Q\"],\"hasMerchantReturnPolicy\":{\"@type\":\"MerchantReturnPolicy\",\"merchantReturnLink\":\"https:\/\/www.sestogrado.it\/en\/termini-e-condizioni\/\"}},{\"@type\":\"Person\",\"@id\":\"https:\/\/www.sestogrado.it\/en\/#\/schema\/person\/79f414dc6904c7d2eef9d047c045f445\",\"name\":\"admin\"}]}<\/script>\n<!-- \/ Yoast SEO plugin. -->","yoast_head_json":{"title":"Sportivi, trad o alpinistici? - Sestogrado","description":"Come scegliere l'imbrago da arrampicata. Sportivo, alpinistico o trad. Districarsi tra i numerosi modelli.","robots":{"index":"index","follow":"follow","max-snippet":"max-snippet:-1","max-image-preview":"max-image-preview:large","max-video-preview":"max-video-preview:-1"},"canonical":"https:\/\/www.sestogrado.it\/en\/sportivi-trad-o-alpinistici\/","og_locale":"en_US","og_type":"article","og_title":"Sportivi, trad o alpinistici? - Sestogrado","og_description":"Come scegliere l'imbrago da arrampicata. Sportivo, alpinistico o trad. Districarsi tra i numerosi modelli.","og_url":"https:\/\/www.sestogrado.it\/en\/sportivi-trad-o-alpinistici\/","og_site_name":"Sestogrado","article_publisher":"https:\/\/www.facebook.com\/pages\/Sestogrado\/1542635979353017?ref=bookmarks","article_published_time":"2019-09-05T07:00:17+00:00","article_modified_time":"2019-09-05T07:49:12+00:00","og_image":[{"width":988,"height":658,"url":"https:\/\/www.sestogrado.it\/wp-content\/uploads\/2015\/06\/imbrago.jpg","type":"image\/jpeg"}],"author":"admin","twitter_misc":{"Written by":"admin","Est. reading time":"5 minutes"},"schema":{"@context":"https:\/\/schema.org","@graph":[{"@type":"Article","@id":"https:\/\/www.sestogrado.it\/sportivi-trad-o-alpinistici\/#article","isPartOf":{"@id":"https:\/\/www.sestogrado.it\/sportivi-trad-o-alpinistici\/"},"author":{"name":"admin","@id":"https:\/\/www.sestogrado.it\/en\/#\/schema\/person\/79f414dc6904c7d2eef9d047c045f445"},"headline":"Sportivi, trad o alpinistici?","datePublished":"2019-09-05T07:00:17+00:00","dateModified":"2019-09-05T07:49:12+00:00","mainEntityOfPage":{"@id":"https:\/\/www.sestogrado.it\/sportivi-trad-o-alpinistici\/"},"wordCount":1067,"commentCount":0,"publisher":{"@id":"https:\/\/www.sestogrado.it\/en\/#organization"},"image":{"@id":"https:\/\/www.sestogrado.it\/sportivi-trad-o-alpinistici\/#primaryimage"},"thumbnailUrl":"https:\/\/www.sestogrado.it\/wp-content\/uploads\/2015\/06\/imbrago.jpg","articleSection":["Libro di vetta"],"inLanguage":"en-US","potentialAction":[{"@type":"CommentAction","name":"Comment","target":["https:\/\/www.sestogrado.it\/sportivi-trad-o-alpinistici\/#respond"]}]},{"@type":"WebPage","@id":"https:\/\/www.sestogrado.it\/en\/sportivi-trad-o-alpinistici\/","url":"https:\/\/www.sestogrado.it\/en\/sportivi-trad-o-alpinistici\/","name":"Sportivi, trad o alpinistici? - Sestogrado","isPartOf":{"@id":"https:\/\/www.sestogrado.it\/en\/#website"},"primaryImageOfPage":{"@id":"https:\/\/www.sestogrado.it\/en\/sportivi-trad-o-alpinistici\/#primaryimage"},"image":{"@id":"https:\/\/www.sestogrado.it\/sportivi-trad-o-alpinistici\/#primaryimage"},"thumbnailUrl":"https:\/\/www.sestogrado.it\/wp-content\/uploads\/2015\/06\/imbrago.jpg","datePublished":"2019-09-05T07:00:17+00:00","dateModified":"2019-09-05T07:49:12+00:00","description":"Come scegliere l'imbrago da arrampicata. Sportivo, alpinistico o trad. Districarsi tra i numerosi modelli.","breadcrumb":{"@id":"https:\/\/www.sestogrado.it\/en\/sportivi-trad-o-alpinistici\/#breadcrumb"},"inLanguage":"en-US","potentialAction":[{"@type":"ReadAction","target":[["https:\/\/www.sestogrado.it\/en\/sportivi-trad-o-alpinistici\/"]]}]},{"@type":"ImageObject","inLanguage":"en-US","@id":"https:\/\/www.sestogrado.it\/en\/sportivi-trad-o-alpinistici\/#primaryimage","url":"https:\/\/www.sestogrado.it\/wp-content\/uploads\/2015\/06\/imbrago.jpg","contentUrl":"https:\/\/www.sestogrado.it\/wp-content\/uploads\/2015\/06\/imbrago.jpg","width":988,"height":658,"caption":"imbrago"},{"@type":"BreadcrumbList","@id":"https:\/\/www.sestogrado.it\/en\/sportivi-trad-o-alpinistici\/#breadcrumb","itemListElement":[{"@type":"ListItem","position":1,"name":"Home","item":"https:\/\/www.sestogrado.it\/en\/"},{"@type":"ListItem","position":2,"name":"Sportivi, trad o alpinistici?"}]},{"@type":"WebSite","@id":"https:\/\/www.sestogrado.it\/en\/#website","url":"https:\/\/www.sestogrado.it\/en\/","name":"Sestogrado","description":"yes we climb","publisher":{"@id":"https:\/\/www.sestogrado.it\/en\/#organization"},"potentialAction":[{"@type":"SearchAction","target":{"@type":"EntryPoint","urlTemplate":"https:\/\/www.sestogrado.it\/en\/?s={search_term_string}"},"query-input":{"@type":"PropertyValueSpecification","valueRequired":true,"valueName":"search_term_string"}}],"inLanguage":"en-US"},{"@type":"Organization","@id":"https:\/\/www.sestogrado.it\/en\/#organization","name":"Sestogrado","url":"https:\/\/www.sestogrado.it\/en\/","logo":{"@type":"ImageObject","inLanguage":"en-US","@id":"https:\/\/www.sestogrado.it\/en\/#\/schema\/logo\/image\/","url":"https:\/\/www.sestogrado.it\/wp-content\/uploads\/2015\/03\/sestogrado-favicon.png","contentUrl":"https:\/\/www.sestogrado.it\/wp-content\/uploads\/2015\/03\/sestogrado-favicon.png","width":260,"height":260,"caption":"Sestogrado"},"image":{"@id":"https:\/\/www.sestogrado.it\/en\/#\/schema\/logo\/image\/"},"sameAs":["https:\/\/www.facebook.com\/pages\/Sestogrado\/1542635979353017?ref=bookmarks","https:\/\/www.youtube.com\/channel\/UC847kAfTkaJsWpc1jtQwr3Q"],"hasMerchantReturnPolicy":{"@type":"MerchantReturnPolicy","merchantReturnLink":"https:\/\/www.sestogrado.it\/en\/termini-e-condizioni\/"}},{"@type":"Person","@id":"https:\/\/www.sestogrado.it\/en\/#\/schema\/person\/79f414dc6904c7d2eef9d047c045f445","name":"admin"}]}},"_links":{"self":[{"href":"https:\/\/www.sestogrado.it\/en\/wp-json\/wp\/v2\/posts\/1593","targetHints":{"allow":["GET"]}}],"collection":[{"href":"https:\/\/www.sestogrado.it\/en\/wp-json\/wp\/v2\/posts"}],"about":[{"href":"https:\/\/www.sestogrado.it\/en\/wp-json\/wp\/v2\/types\/post"}],"author":[{"embeddable":true,"href":"https:\/\/www.sestogrado.it\/en\/wp-json\/wp\/v2\/users\/1"}],"replies":[{"embeddable":true,"href":"https:\/\/www.sestogrado.it\/en\/wp-json\/wp\/v2\/comments?post=1593"}],"version-history":[{"count":0,"href":"https:\/\/www.sestogrado.it\/en\/wp-json\/wp\/v2\/posts\/1593\/revisions"}],"wp:featuredmedia":[{"embeddable":true,"href":"https:\/\/www.sestogrado.it\/en\/wp-json\/wp\/v2\/media\/1594"}],"wp:attachment":[{"href":"https:\/\/www.sestogrado.it\/en\/wp-json\/wp\/v2\/media?parent=1593"}],"wp:term":[{"taxonomy":"category","embeddable":true,"href":"https:\/\/www.sestogrado.it\/en\/wp-json\/wp\/v2\/categories?post=1593"},{"taxonomy":"post_tag","embeddable":true,"href":"https:\/\/www.sestogrado.it\/en\/wp-json\/wp\/v2\/tags?post=1593"}],"curies":[{"name":"wp","href":"https:\/\/api.w.org\/{rel}","templated":true}]}}