{"id":139951,"date":"2025-07-02T07:33:14","date_gmt":"2025-07-02T05:33:14","guid":{"rendered":"https:\/\/www.sestogrado.it\/?p=139951"},"modified":"2025-07-02T08:41:31","modified_gmt":"2025-07-02T06:41:31","slug":"quanto-dura-la-corda-e-quando-mandarla-in-pensione","status":"publish","type":"post","link":"https:\/\/www.sestogrado.it\/en\/quanto-dura-la-corda-e-quando-mandarla-in-pensione\/","title":{"rendered":"Quanto dura la corda e quando mandarla in pensione"},"content":{"rendered":"<p class=\"qtranxs-available-languages-message qtranxs-available-languages-message-en\">Sorry, this entry is only available in <a href=\"https:\/\/www.sestogrado.it\/it\/wp-json\/wp\/v2\/posts\/139951\" class=\"qtranxs-available-language-link qtranxs-available-language-link-it\" title=\"Italiano\">Italiano<\/a>.<\/p>","protected":false},"excerpt":{"rendered":"<p class=\"qtranxs-available-languages-message qtranxs-available-languages-message-en\">Sorry, this entry is only available in <a href=\"https:\/\/www.sestogrado.it\/it\/wp-json\/wp\/v2\/posts\/139951\" class=\"qtranxs-available-language-link qtranxs-available-language-link-it\" title=\"Italiano\">Italiano<\/a>.<\/p>\n","protected":false},"author":1,"featured_media":139957,"comment_status":"open","ping_status":"open","sticky":false,"template":"","format":"standard","meta":{"_acf_changed":false,"footnotes":""},"categories":[79],"tags":[],"class_list":["post-139951","post","type-post","status-publish","format-standard","has-post-thumbnail","hentry","category-libro-di-vetta"],"acf":[],"yoast_head":"<!-- This site is optimized with the Yoast SEO plugin v26.4 - https:\/\/yoast.com\/wordpress\/plugins\/seo\/ -->\n<title>Quanto dura la corda e quando mandarla in pensione - Sestogrado<\/title>\n<meta name=\"description\" content=\"Durata ed utilizzo della corda da arrampicata. La durata di vita dell\u2019attrezzatura da arrampicata non \u00e8 una scienza esatta. L\u2019UIAA ha stabilito delle linee guida per la durata dei materiali che si riferiscono solo ad un arco di tempo raccomandato di utilizzo. Per le corde da arrampicata questo fa riferimento a 10 anni a partire dal primo utilizzo (bada bene, primo utilizzo e non data di produzione). Avendo a che fare con climber di tutto il mondo che scalano in modo e frequenza diversa, l\u2019UIAA ha posto uno standard di buon senso ma che non pu\u00f2 corrispondere ai singoli casi concreti. Una guida alpina, che scala tutti i giorni e con i clienti, in media \u201cfa fuori\u201d una corda all\u2019anno. Uno scalatore occasionale, che scala un paio di volte al mese, se conservata bene, vedr\u00e0 durare la sua corda degli anni. La corda, conservata correttamente non degrada e mantiene inalterate le sue propriet\u00e0, ci\u00f2 che le fa accorciare la vita \u00e8 l\u2019utilizzo. (Qui uno studio del CAI che ha tenuto nell\u2019armadio alcune corde per 10 anni, le ha tirate fuori ed ha effettuato le prove dinamiche, rilevando che le corde erano pari al nuovo).\" \/>\n<meta name=\"robots\" content=\"index, follow, max-snippet:-1, max-image-preview:large, max-video-preview:-1\" \/>\n<link rel=\"canonical\" href=\"https:\/\/www.sestogrado.it\/en\/quanto-dura-la-corda-e-quando-mandarla-in-pensione\/\" \/>\n<meta property=\"og:locale\" content=\"en_US\" \/>\n<meta property=\"og:type\" content=\"article\" \/>\n<meta property=\"og:title\" content=\"Quanto dura la corda e quando mandarla in pensione - Sestogrado\" \/>\n<meta property=\"og:description\" content=\"Durata ed utilizzo della corda da arrampicata. La durata di vita dell\u2019attrezzatura da arrampicata non \u00e8 una scienza esatta. L\u2019UIAA ha stabilito delle linee guida per la durata dei materiali che si riferiscono solo ad un arco di tempo raccomandato di utilizzo. Per le corde da arrampicata questo fa riferimento a 10 anni a partire dal primo utilizzo (bada bene, primo utilizzo e non data di produzione). Avendo a che fare con climber di tutto il mondo che scalano in modo e frequenza diversa, l\u2019UIAA ha posto uno standard di buon senso ma che non pu\u00f2 corrispondere ai singoli casi concreti. Una guida alpina, che scala tutti i giorni e con i clienti, in media \u201cfa fuori\u201d una corda all\u2019anno. Uno scalatore occasionale, che scala un paio di volte al mese, se conservata bene, vedr\u00e0 durare la sua corda degli anni. La corda, conservata correttamente non degrada e mantiene inalterate le sue propriet\u00e0, ci\u00f2 che le fa accorciare la vita \u00e8 l\u2019utilizzo. (Qui uno studio del CAI che ha tenuto nell\u2019armadio alcune corde per 10 anni, le ha tirate fuori ed ha effettuato le prove dinamiche, rilevando che le corde erano pari al nuovo).\" \/>\n<meta property=\"og:url\" content=\"https:\/\/www.sestogrado.it\/en\/quanto-dura-la-corda-e-quando-mandarla-in-pensione\/\" \/>\n<meta property=\"og:site_name\" content=\"Sestogrado\" \/>\n<meta property=\"article:publisher\" content=\"https:\/\/www.facebook.com\/pages\/Sestogrado\/1542635979353017?ref=bookmarks\" \/>\n<meta property=\"article:published_time\" content=\"2025-07-02T05:33:14+00:00\" \/>\n<meta property=\"article:modified_time\" content=\"2025-07-02T06:41:31+00:00\" \/>\n<meta property=\"og:image\" content=\"https:\/\/www.sestogrado.it\/wp-content\/uploads\/2023\/08\/cop.jpg\" \/>\n\t<meta property=\"og:image:width\" content=\"1200\" \/>\n\t<meta property=\"og:image:height\" content=\"900\" \/>\n\t<meta property=\"og:image:type\" content=\"image\/jpeg\" \/>\n<meta name=\"author\" content=\"admin\" \/>\n<meta name=\"twitter:label1\" content=\"Written by\" \/>\n\t<meta name=\"twitter:data1\" content=\"admin\" \/>\n\t<meta name=\"twitter:label2\" content=\"Est. reading time\" \/>\n\t<meta name=\"twitter:data2\" content=\"4 minutes\" \/>\n<script type=\"application\/ld+json\" class=\"yoast-schema-graph\">{\"@context\":\"https:\/\/schema.org\",\"@graph\":[{\"@type\":\"Article\",\"@id\":\"https:\/\/www.sestogrado.it\/quanto-dura-la-corda-e-quando-mandarla-in-pensione\/#article\",\"isPartOf\":{\"@id\":\"https:\/\/www.sestogrado.it\/quanto-dura-la-corda-e-quando-mandarla-in-pensione\/\"},\"author\":{\"name\":\"admin\",\"@id\":\"https:\/\/www.sestogrado.it\/en\/#\/schema\/person\/79f414dc6904c7d2eef9d047c045f445\"},\"headline\":\"Quanto dura la corda e quando mandarla in pensione\",\"datePublished\":\"2025-07-02T05:33:14+00:00\",\"dateModified\":\"2025-07-02T06:41:31+00:00\",\"mainEntityOfPage\":{\"@id\":\"https:\/\/www.sestogrado.it\/quanto-dura-la-corda-e-quando-mandarla-in-pensione\/\"},\"wordCount\":579,\"commentCount\":0,\"publisher\":{\"@id\":\"https:\/\/www.sestogrado.it\/en\/#organization\"},\"image\":{\"@id\":\"https:\/\/www.sestogrado.it\/quanto-dura-la-corda-e-quando-mandarla-in-pensione\/#primaryimage\"},\"thumbnailUrl\":\"https:\/\/www.sestogrado.it\/wp-content\/uploads\/2023\/08\/cop.jpg\",\"articleSection\":[\"Libro di vetta\"],\"inLanguage\":\"en-US\",\"potentialAction\":[{\"@type\":\"CommentAction\",\"name\":\"Comment\",\"target\":[\"https:\/\/www.sestogrado.it\/quanto-dura-la-corda-e-quando-mandarla-in-pensione\/#respond\"]}]},{\"@type\":\"WebPage\",\"@id\":\"https:\/\/www.sestogrado.it\/en\/quanto-dura-la-corda-e-quando-mandarla-in-pensione\/\",\"url\":\"https:\/\/www.sestogrado.it\/en\/quanto-dura-la-corda-e-quando-mandarla-in-pensione\/\",\"name\":\"Quanto dura la corda e quando mandarla in pensione - Sestogrado\",\"isPartOf\":{\"@id\":\"https:\/\/www.sestogrado.it\/en\/#website\"},\"primaryImageOfPage\":{\"@id\":\"https:\/\/www.sestogrado.it\/en\/quanto-dura-la-corda-e-quando-mandarla-in-pensione\/#primaryimage\"},\"image\":{\"@id\":\"https:\/\/www.sestogrado.it\/quanto-dura-la-corda-e-quando-mandarla-in-pensione\/#primaryimage\"},\"thumbnailUrl\":\"https:\/\/www.sestogrado.it\/wp-content\/uploads\/2023\/08\/cop.jpg\",\"datePublished\":\"2025-07-02T05:33:14+00:00\",\"dateModified\":\"2025-07-02T06:41:31+00:00\",\"description\":\"Durata ed utilizzo della corda da arrampicata. La durata di vita dell\u2019attrezzatura da arrampicata non \u00e8 una scienza esatta. L\u2019UIAA ha stabilito delle linee guida per la durata dei materiali che si riferiscono solo ad un arco di tempo raccomandato di utilizzo. Per le corde da arrampicata questo fa riferimento a 10 anni a partire dal primo utilizzo (bada bene, primo utilizzo e non data di produzione). Avendo a che fare con climber di tutto il mondo che scalano in modo e frequenza diversa, l\u2019UIAA ha posto uno standard di buon senso ma che non pu\u00f2 corrispondere ai singoli casi concreti. Una guida alpina, che scala tutti i giorni e con i clienti, in media \u201cfa fuori\u201d una corda all\u2019anno. Uno scalatore occasionale, che scala un paio di volte al mese, se conservata bene, vedr\u00e0 durare la sua corda degli anni. La corda, conservata correttamente non degrada e mantiene inalterate le sue propriet\u00e0, ci\u00f2 che le fa accorciare la vita \u00e8 l\u2019utilizzo. (Qui uno studio del CAI che ha tenuto nell\u2019armadio alcune corde per 10 anni, le ha tirate fuori ed ha effettuato le prove dinamiche, rilevando che le corde erano pari al nuovo).\",\"breadcrumb\":{\"@id\":\"https:\/\/www.sestogrado.it\/en\/quanto-dura-la-corda-e-quando-mandarla-in-pensione\/#breadcrumb\"},\"inLanguage\":\"en-US\",\"potentialAction\":[{\"@type\":\"ReadAction\",\"target\":[[\"https:\/\/www.sestogrado.it\/en\/quanto-dura-la-corda-e-quando-mandarla-in-pensione\/\"]]}]},{\"@type\":\"ImageObject\",\"inLanguage\":\"en-US\",\"@id\":\"https:\/\/www.sestogrado.it\/en\/quanto-dura-la-corda-e-quando-mandarla-in-pensione\/#primaryimage\",\"url\":\"https:\/\/www.sestogrado.it\/wp-content\/uploads\/2023\/08\/cop.jpg\",\"contentUrl\":\"https:\/\/www.sestogrado.it\/wp-content\/uploads\/2023\/08\/cop.jpg\",\"width\":1200,\"height\":900,\"caption\":\"durata corda\"},{\"@type\":\"BreadcrumbList\",\"@id\":\"https:\/\/www.sestogrado.it\/en\/quanto-dura-la-corda-e-quando-mandarla-in-pensione\/#breadcrumb\",\"itemListElement\":[{\"@type\":\"ListItem\",\"position\":1,\"name\":\"Home\",\"item\":\"https:\/\/www.sestogrado.it\/en\/\"},{\"@type\":\"ListItem\",\"position\":2,\"name\":\"Quanto dura la corda e quando mandarla in pensione\"}]},{\"@type\":\"WebSite\",\"@id\":\"https:\/\/www.sestogrado.it\/en\/#website\",\"url\":\"https:\/\/www.sestogrado.it\/en\/\",\"name\":\"Sestogrado\",\"description\":\"yes we climb\",\"publisher\":{\"@id\":\"https:\/\/www.sestogrado.it\/en\/#organization\"},\"potentialAction\":[{\"@type\":\"SearchAction\",\"target\":{\"@type\":\"EntryPoint\",\"urlTemplate\":\"https:\/\/www.sestogrado.it\/en\/?s={search_term_string}\"},\"query-input\":{\"@type\":\"PropertyValueSpecification\",\"valueRequired\":true,\"valueName\":\"search_term_string\"}}],\"inLanguage\":\"en-US\"},{\"@type\":\"Organization\",\"@id\":\"https:\/\/www.sestogrado.it\/en\/#organization\",\"name\":\"Sestogrado\",\"url\":\"https:\/\/www.sestogrado.it\/en\/\",\"logo\":{\"@type\":\"ImageObject\",\"inLanguage\":\"en-US\",\"@id\":\"https:\/\/www.sestogrado.it\/en\/#\/schema\/logo\/image\/\",\"url\":\"https:\/\/www.sestogrado.it\/wp-content\/uploads\/2015\/03\/sestogrado-favicon.png\",\"contentUrl\":\"https:\/\/www.sestogrado.it\/wp-content\/uploads\/2015\/03\/sestogrado-favicon.png\",\"width\":260,\"height\":260,\"caption\":\"Sestogrado\"},\"image\":{\"@id\":\"https:\/\/www.sestogrado.it\/en\/#\/schema\/logo\/image\/\"},\"sameAs\":[\"https:\/\/www.facebook.com\/pages\/Sestogrado\/1542635979353017?ref=bookmarks\",\"https:\/\/www.youtube.com\/channel\/UC847kAfTkaJsWpc1jtQwr3Q\"],\"hasMerchantReturnPolicy\":{\"@type\":\"MerchantReturnPolicy\",\"merchantReturnLink\":\"https:\/\/www.sestogrado.it\/en\/termini-e-condizioni\/\"}},{\"@type\":\"Person\",\"@id\":\"https:\/\/www.sestogrado.it\/en\/#\/schema\/person\/79f414dc6904c7d2eef9d047c045f445\",\"name\":\"admin\"}]}<\/script>\n<!-- \/ Yoast SEO plugin. -->","yoast_head_json":{"title":"Quanto dura la corda e quando mandarla in pensione - Sestogrado","description":"Durata ed utilizzo della corda da arrampicata. La durata di vita dell\u2019attrezzatura da arrampicata non \u00e8 una scienza esatta. L\u2019UIAA ha stabilito delle linee guida per la durata dei materiali che si riferiscono solo ad un arco di tempo raccomandato di utilizzo. Per le corde da arrampicata questo fa riferimento a 10 anni a partire dal primo utilizzo (bada bene, primo utilizzo e non data di produzione). Avendo a che fare con climber di tutto il mondo che scalano in modo e frequenza diversa, l\u2019UIAA ha posto uno standard di buon senso ma che non pu\u00f2 corrispondere ai singoli casi concreti. Una guida alpina, che scala tutti i giorni e con i clienti, in media \u201cfa fuori\u201d una corda all\u2019anno. Uno scalatore occasionale, che scala un paio di volte al mese, se conservata bene, vedr\u00e0 durare la sua corda degli anni. La corda, conservata correttamente non degrada e mantiene inalterate le sue propriet\u00e0, ci\u00f2 che le fa accorciare la vita \u00e8 l\u2019utilizzo. (Qui uno studio del CAI che ha tenuto nell\u2019armadio alcune corde per 10 anni, le ha tirate fuori ed ha effettuato le prove dinamiche, rilevando che le corde erano pari al nuovo).","robots":{"index":"index","follow":"follow","max-snippet":"max-snippet:-1","max-image-preview":"max-image-preview:large","max-video-preview":"max-video-preview:-1"},"canonical":"https:\/\/www.sestogrado.it\/en\/quanto-dura-la-corda-e-quando-mandarla-in-pensione\/","og_locale":"en_US","og_type":"article","og_title":"Quanto dura la corda e quando mandarla in pensione - Sestogrado","og_description":"Durata ed utilizzo della corda da arrampicata. La durata di vita dell\u2019attrezzatura da arrampicata non \u00e8 una scienza esatta. L\u2019UIAA ha stabilito delle linee guida per la durata dei materiali che si riferiscono solo ad un arco di tempo raccomandato di utilizzo. Per le corde da arrampicata questo fa riferimento a 10 anni a partire dal primo utilizzo (bada bene, primo utilizzo e non data di produzione). Avendo a che fare con climber di tutto il mondo che scalano in modo e frequenza diversa, l\u2019UIAA ha posto uno standard di buon senso ma che non pu\u00f2 corrispondere ai singoli casi concreti. Una guida alpina, che scala tutti i giorni e con i clienti, in media \u201cfa fuori\u201d una corda all\u2019anno. Uno scalatore occasionale, che scala un paio di volte al mese, se conservata bene, vedr\u00e0 durare la sua corda degli anni. La corda, conservata correttamente non degrada e mantiene inalterate le sue propriet\u00e0, ci\u00f2 che le fa accorciare la vita \u00e8 l\u2019utilizzo. (Qui uno studio del CAI che ha tenuto nell\u2019armadio alcune corde per 10 anni, le ha tirate fuori ed ha effettuato le prove dinamiche, rilevando che le corde erano pari al nuovo).","og_url":"https:\/\/www.sestogrado.it\/en\/quanto-dura-la-corda-e-quando-mandarla-in-pensione\/","og_site_name":"Sestogrado","article_publisher":"https:\/\/www.facebook.com\/pages\/Sestogrado\/1542635979353017?ref=bookmarks","article_published_time":"2025-07-02T05:33:14+00:00","article_modified_time":"2025-07-02T06:41:31+00:00","og_image":[{"width":1200,"height":900,"url":"https:\/\/www.sestogrado.it\/wp-content\/uploads\/2023\/08\/cop.jpg","type":"image\/jpeg"}],"author":"admin","twitter_misc":{"Written by":"admin","Est. reading time":"4 minutes"},"schema":{"@context":"https:\/\/schema.org","@graph":[{"@type":"Article","@id":"https:\/\/www.sestogrado.it\/quanto-dura-la-corda-e-quando-mandarla-in-pensione\/#article","isPartOf":{"@id":"https:\/\/www.sestogrado.it\/quanto-dura-la-corda-e-quando-mandarla-in-pensione\/"},"author":{"name":"admin","@id":"https:\/\/www.sestogrado.it\/en\/#\/schema\/person\/79f414dc6904c7d2eef9d047c045f445"},"headline":"Quanto dura la corda e quando mandarla in pensione","datePublished":"2025-07-02T05:33:14+00:00","dateModified":"2025-07-02T06:41:31+00:00","mainEntityOfPage":{"@id":"https:\/\/www.sestogrado.it\/quanto-dura-la-corda-e-quando-mandarla-in-pensione\/"},"wordCount":579,"commentCount":0,"publisher":{"@id":"https:\/\/www.sestogrado.it\/en\/#organization"},"image":{"@id":"https:\/\/www.sestogrado.it\/quanto-dura-la-corda-e-quando-mandarla-in-pensione\/#primaryimage"},"thumbnailUrl":"https:\/\/www.sestogrado.it\/wp-content\/uploads\/2023\/08\/cop.jpg","articleSection":["Libro di vetta"],"inLanguage":"en-US","potentialAction":[{"@type":"CommentAction","name":"Comment","target":["https:\/\/www.sestogrado.it\/quanto-dura-la-corda-e-quando-mandarla-in-pensione\/#respond"]}]},{"@type":"WebPage","@id":"https:\/\/www.sestogrado.it\/en\/quanto-dura-la-corda-e-quando-mandarla-in-pensione\/","url":"https:\/\/www.sestogrado.it\/en\/quanto-dura-la-corda-e-quando-mandarla-in-pensione\/","name":"Quanto dura la corda e quando mandarla in pensione - Sestogrado","isPartOf":{"@id":"https:\/\/www.sestogrado.it\/en\/#website"},"primaryImageOfPage":{"@id":"https:\/\/www.sestogrado.it\/en\/quanto-dura-la-corda-e-quando-mandarla-in-pensione\/#primaryimage"},"image":{"@id":"https:\/\/www.sestogrado.it\/quanto-dura-la-corda-e-quando-mandarla-in-pensione\/#primaryimage"},"thumbnailUrl":"https:\/\/www.sestogrado.it\/wp-content\/uploads\/2023\/08\/cop.jpg","datePublished":"2025-07-02T05:33:14+00:00","dateModified":"2025-07-02T06:41:31+00:00","description":"Durata ed utilizzo della corda da arrampicata. La durata di vita dell\u2019attrezzatura da arrampicata non \u00e8 una scienza esatta. L\u2019UIAA ha stabilito delle linee guida per la durata dei materiali che si riferiscono solo ad un arco di tempo raccomandato di utilizzo. Per le corde da arrampicata questo fa riferimento a 10 anni a partire dal primo utilizzo (bada bene, primo utilizzo e non data di produzione). Avendo a che fare con climber di tutto il mondo che scalano in modo e frequenza diversa, l\u2019UIAA ha posto uno standard di buon senso ma che non pu\u00f2 corrispondere ai singoli casi concreti. Una guida alpina, che scala tutti i giorni e con i clienti, in media \u201cfa fuori\u201d una corda all\u2019anno. Uno scalatore occasionale, che scala un paio di volte al mese, se conservata bene, vedr\u00e0 durare la sua corda degli anni. La corda, conservata correttamente non degrada e mantiene inalterate le sue propriet\u00e0, ci\u00f2 che le fa accorciare la vita \u00e8 l\u2019utilizzo. (Qui uno studio del CAI che ha tenuto nell\u2019armadio alcune corde per 10 anni, le ha tirate fuori ed ha effettuato le prove dinamiche, rilevando che le corde erano pari al nuovo).","breadcrumb":{"@id":"https:\/\/www.sestogrado.it\/en\/quanto-dura-la-corda-e-quando-mandarla-in-pensione\/#breadcrumb"},"inLanguage":"en-US","potentialAction":[{"@type":"ReadAction","target":[["https:\/\/www.sestogrado.it\/en\/quanto-dura-la-corda-e-quando-mandarla-in-pensione\/"]]}]},{"@type":"ImageObject","inLanguage":"en-US","@id":"https:\/\/www.sestogrado.it\/en\/quanto-dura-la-corda-e-quando-mandarla-in-pensione\/#primaryimage","url":"https:\/\/www.sestogrado.it\/wp-content\/uploads\/2023\/08\/cop.jpg","contentUrl":"https:\/\/www.sestogrado.it\/wp-content\/uploads\/2023\/08\/cop.jpg","width":1200,"height":900,"caption":"durata corda"},{"@type":"BreadcrumbList","@id":"https:\/\/www.sestogrado.it\/en\/quanto-dura-la-corda-e-quando-mandarla-in-pensione\/#breadcrumb","itemListElement":[{"@type":"ListItem","position":1,"name":"Home","item":"https:\/\/www.sestogrado.it\/en\/"},{"@type":"ListItem","position":2,"name":"Quanto dura la corda e quando mandarla in pensione"}]},{"@type":"WebSite","@id":"https:\/\/www.sestogrado.it\/en\/#website","url":"https:\/\/www.sestogrado.it\/en\/","name":"Sestogrado","description":"yes we climb","publisher":{"@id":"https:\/\/www.sestogrado.it\/en\/#organization"},"potentialAction":[{"@type":"SearchAction","target":{"@type":"EntryPoint","urlTemplate":"https:\/\/www.sestogrado.it\/en\/?s={search_term_string}"},"query-input":{"@type":"PropertyValueSpecification","valueRequired":true,"valueName":"search_term_string"}}],"inLanguage":"en-US"},{"@type":"Organization","@id":"https:\/\/www.sestogrado.it\/en\/#organization","name":"Sestogrado","url":"https:\/\/www.sestogrado.it\/en\/","logo":{"@type":"ImageObject","inLanguage":"en-US","@id":"https:\/\/www.sestogrado.it\/en\/#\/schema\/logo\/image\/","url":"https:\/\/www.sestogrado.it\/wp-content\/uploads\/2015\/03\/sestogrado-favicon.png","contentUrl":"https:\/\/www.sestogrado.it\/wp-content\/uploads\/2015\/03\/sestogrado-favicon.png","width":260,"height":260,"caption":"Sestogrado"},"image":{"@id":"https:\/\/www.sestogrado.it\/en\/#\/schema\/logo\/image\/"},"sameAs":["https:\/\/www.facebook.com\/pages\/Sestogrado\/1542635979353017?ref=bookmarks","https:\/\/www.youtube.com\/channel\/UC847kAfTkaJsWpc1jtQwr3Q"],"hasMerchantReturnPolicy":{"@type":"MerchantReturnPolicy","merchantReturnLink":"https:\/\/www.sestogrado.it\/en\/termini-e-condizioni\/"}},{"@type":"Person","@id":"https:\/\/www.sestogrado.it\/en\/#\/schema\/person\/79f414dc6904c7d2eef9d047c045f445","name":"admin"}]}},"_links":{"self":[{"href":"https:\/\/www.sestogrado.it\/en\/wp-json\/wp\/v2\/posts\/139951","targetHints":{"allow":["GET"]}}],"collection":[{"href":"https:\/\/www.sestogrado.it\/en\/wp-json\/wp\/v2\/posts"}],"about":[{"href":"https:\/\/www.sestogrado.it\/en\/wp-json\/wp\/v2\/types\/post"}],"author":[{"embeddable":true,"href":"https:\/\/www.sestogrado.it\/en\/wp-json\/wp\/v2\/users\/1"}],"replies":[{"embeddable":true,"href":"https:\/\/www.sestogrado.it\/en\/wp-json\/wp\/v2\/comments?post=139951"}],"version-history":[{"count":1,"href":"https:\/\/www.sestogrado.it\/en\/wp-json\/wp\/v2\/posts\/139951\/revisions"}],"predecessor-version":[{"id":195303,"href":"https:\/\/www.sestogrado.it\/en\/wp-json\/wp\/v2\/posts\/139951\/revisions\/195303"}],"wp:featuredmedia":[{"embeddable":true,"href":"https:\/\/www.sestogrado.it\/en\/wp-json\/wp\/v2\/media\/139957"}],"wp:attachment":[{"href":"https:\/\/www.sestogrado.it\/en\/wp-json\/wp\/v2\/media?parent=139951"}],"wp:term":[{"taxonomy":"category","embeddable":true,"href":"https:\/\/www.sestogrado.it\/en\/wp-json\/wp\/v2\/categories?post=139951"},{"taxonomy":"post_tag","embeddable":true,"href":"https:\/\/www.sestogrado.it\/en\/wp-json\/wp\/v2\/tags?post=139951"}],"curies":[{"name":"wp","href":"https:\/\/api.w.org\/{rel}","templated":true}]}}